{"id":106660,"date":"2023-11-29T16:16:48","date_gmt":"2023-11-29T16:16:48","guid":{"rendered":"https:\/\/quehacerpolitico.mx\/?p=106660"},"modified":"2023-11-29T16:16:51","modified_gmt":"2023-11-29T16:16:51","slug":"alarmante-crisis-en-materia-de-derechos-humanos-en-mexico-que-se-ha-profundizado-desde-2018","status":"publish","type":"post","link":"https:\/\/quehacerpolitico.mx\/?p=106660","title":{"rendered":"\u201calarmante crisis\u00a0en materia de\u00a0derechos humanos\u201d en\u00a0M\u00e9xico\u00a0\u201cque se ha\u00a0profundizado\u201d desde\u00a02018"},"content":{"rendered":"\n<p>Por Redacci\u00f3n QP<\/p>\n\n\n\n<p>Organizaciones presentaron recomendaciones de cara al 4to. examen peri\u00f3dico universal de M\u00e9xico ante el Consejo de Derechos Humanos de la ONU<\/p>\n\n\n\n<p>M\u00e1s de\u00a0<strong>300 organizaciones nacionales e internacionales<\/strong> emitieron este martes 18 informes con recomendaciones para revertir la \u201c<strong>alarmante crisis<\/strong>\u00a0en materia de\u00a0<strong>derechos humanos<\/strong>\u201d en\u00a0<strong>M\u00e9xico<\/strong>\u00a0que \u201cse ha\u00a0<strong>profundizado<\/strong>\u201d desde\u00a0<strong>2018<\/strong>, cuando asumi\u00f3 el presidente\u00a0<strong>Andr\u00e9s Manuel L\u00f3pez Obrador<\/strong>.<\/p>\n\n\n\n<p>Las organizaciones civiles, que conforman el\u00a0Colectivo EPUMX, presentaron estas recomendaciones de cara al cuarto examen peri\u00f3dico universal (<strong>EPU<\/strong>) de M\u00e9xico ante el\u00a0<strong>Consejo de Derechos Humanos de las Naciones Unidas<\/strong>\u00a0(<strong>ONU<\/strong>).<\/p>\n\n\n\n<p>Desde hace d\u00e9cadas, M\u00e9xico enfrenta una alarmante crisis en materia de derechos humanos que, lejos de atenuarse, se ha profundizado, particularmente desde el tercer ciclo del EPU, efectuado en noviembre de 2018, periodo que coincide con un cambio en la Administraci\u00f3n federal\u201d, destaca el reporte general.<\/p>\n\n\n\n<p>Los informes tem\u00e1ticos buscan revelar la situaci\u00f3n que aqueja a distintos sectores, como la violencia contra defensores de derechos humanos y periodistas, las mujeres, la migraci\u00f3n, el desplazamiento y desapariciones forzadas, la militarizaci\u00f3n, pueblos ind\u00edgenas, y la comunidad LGBTI+.<\/p>\n\n\n\n<p>Tambi\u00e9n exponen la situaci\u00f3n de personas privadas de la libertad, con discapacidad, la tortura, el seguimiento a recomendaciones internacionales, el sistema penal e impunidad, la ni\u00f1ez, adolescencias y juventudes, la protesta social, y poblaci\u00f3n afromexicana.<\/p>\n\n\n\n<p>\u201cConsideramos que es una oportunidad para analizar la situaci\u00f3n de derechos humanos en cada pa\u00eds y emitir recomendaciones que puedan revertir la situaci\u00f3n que actualmente persiste\u201d, indic\u00f3&nbsp;<strong>Mario Hurtado&nbsp;<\/strong>de<strong>&nbsp;Espacio OSC<\/strong>.<\/p>\n\n\n\n<p>Contrast\u00f3 que, pese a los esfuerzos, las violaciones a derechos humanos persisten y las pol\u00edticas p\u00fablicas que ha adoptado el&nbsp;<strong>Gobierno mexicano<\/strong>&nbsp;han sido insuficientes, por lo que \u201clastimosamente, muchas de esas problem\u00e1ticas (de derechos humanos) no se han logrado revertir\u201d.<\/p>\n\n\n\n<p><strong>Ang\u00e9lica de Anda<\/strong>, de\u00a0<strong>Amnist\u00eda Internacional<\/strong>, enfatiz\u00f3 que M\u00e9xico \u201cest\u00e1 enfrentando una crisis alarmante en materia de derechos humanos caracterizada por factores estructurales e hist\u00f3ricos como la desigualdad, la corrupci\u00f3n y la impunidad la violencia y el cierre del espacio c\u00edvico\u201d.<\/p>\n\n\n\n<h3 class=\"wp-block-heading\">M\u00e1s militarizaci\u00f3n<\/h3>\n\n\n\n<p>La activista detall\u00f3 que en los \u00faltimos cinco a\u00f1os, en el mandato de L\u00f3pez Obrador, se ha incrementado la estrategia de\u00a0<strong>militarizaci\u00f3n<\/strong>\u00a0de la seguridad p\u00fablica y las tareas de las\u00a0<strong>Fuerzas Armadas<\/strong>\u00a0en asuntos civiles, sin que se reduzcan las grandes cifras de homicidios ni las acusaciones contra los cuerpos castrenses.<\/p>\n\n\n\n<p>Esto ha implicado tambi\u00e9n un aumento del 163 por ciento de los recursos presupuestales (de las Fuerzas Armadas) en un contexto donde tristemente estas instancias contin\u00faan siendo opacas, no rinden cuentas, utilizan el fuero militar para investigar violaciones a derechos humanos\u201d, abund\u00f3.<\/p>\n\n\n\n<p>Adem\u00e1s, detall\u00f3 que la situaci\u00f3n de&nbsp;<strong>violencia<\/strong>&nbsp;generalizada en M\u00e9xico se agrava en zonas del pa\u00eds, as\u00ed como los niveles de corrupci\u00f3n y colusi\u00f3n que propician la impunidad.<\/p>\n\n\n\n<p>Por ello, el informe general, que se presentar\u00e1 para la cuarta EPU, plantea al Consejo de Derechos Humanos de la ONU, que iniciar\u00e1 su evaluaci\u00f3n en enero de 2024, que considere en su balance la persistencia y agudizaci\u00f3n de algunas de las cuestiones abordadas en las recomendaciones de los 18 informes elaborados por EPUMX.<\/p>\n\n\n\n<p>En el tercer EPU, de 2018, se emitieron 264 recomendaciones, de las que M\u00e9xico acept\u00f3 262, aunque muchas quedan pendientes y se sumar\u00e1n m\u00e1s, sostuvieron.<\/p>\n\n\n\n<p>Con informaci\u00f3n de EFE<\/p>\n","protected":false},"excerpt":{"rendered":"<p>Por Redacci\u00f3n QP Organizaciones presentaron recomendaciones de cara al 4to. examen peri\u00f3dico universal de M\u00e9xico&#8230;<\/p>\n","protected":false},"author":2,"featured_media":106661,"comment_status":"open","ping_status":"open","sticky":false,"template":"","format":"standard","meta":{"_monsterinsights_skip_tracking":false,"_monsterinsights_sitenote_active":false,"_monsterinsights_sitenote_note":"","_monsterinsights_sitenote_category":0,"footnotes":""},"categories":[2],"tags":[],"class_list":["post-106660","post","type-post","status-publish","format-standard","has-post-thumbnail","hentry","category-noticias"],"yoast_head":"<!-- This site is optimized with the Yoast SEO plugin v27.3 - https:\/\/yoast.com\/product\/yoast-seo-wordpress\/ -->\n<title>\u201calarmante crisis\u00a0en materia de\u00a0derechos humanos\u201d en\u00a0M\u00e9xico\u00a0\u201cque se ha\u00a0profundizado\u201d desde\u00a02018 -<\/title>\n<meta name=\"robots\" content=\"index, follow, max-snippet:-1, max-image-preview:large, max-video-preview:-1\" \/>\n<link rel=\"canonical\" href=\"https:\/\/quehacerpolitico.mx\/?p=106660\" \/>\n<meta property=\"og:locale\" content=\"es_MX\" \/>\n<meta property=\"og:type\" content=\"article\" \/>\n<meta property=\"og:title\" content=\"\u201calarmante crisis\u00a0en materia de\u00a0derechos humanos\u201d en\u00a0M\u00e9xico\u00a0\u201cque se ha\u00a0profundizado\u201d desde\u00a02018 -\" \/>\n<meta property=\"og:description\" content=\"Por Redacci\u00f3n QP Organizaciones presentaron recomendaciones de cara al 4to. examen peri\u00f3dico universal de M\u00e9xico...\" \/>\n<meta property=\"og:url\" content=\"https:\/\/quehacerpolitico.mx\/?p=106660\" \/>\n<meta property=\"article:published_time\" content=\"2023-11-29T16:16:48+00:00\" \/>\n<meta property=\"article:modified_time\" content=\"2023-11-29T16:16:51+00:00\" \/>\n<meta property=\"og:image\" content=\"https:\/\/quehacerpolitico.mx\/wp-content\/uploads\/2023\/11\/IMG_2280.jpeg\" \/>\n\t<meta property=\"og:image:width\" content=\"719\" \/>\n\t<meta property=\"og:image:height\" content=\"426\" \/>\n\t<meta property=\"og:image:type\" content=\"image\/jpeg\" \/>\n<meta name=\"author\" content=\"Redacci\u00f3n QP\" \/>\n<meta name=\"twitter:card\" content=\"summary_large_image\" \/>\n<meta name=\"twitter:label1\" content=\"Escrito por\" \/>\n\t<meta name=\"twitter:data1\" content=\"Redacci\u00f3n QP\" \/>\n\t<meta name=\"twitter:label2\" content=\"Tiempo de lectura\" \/>\n\t<meta name=\"twitter:data2\" content=\"3 minutos\" \/>\n<script type=\"application\/ld+json\" class=\"yoast-schema-graph\">{\"@context\":\"https:\\\/\\\/schema.org\",\"@graph\":[{\"@type\":\"Article\",\"@id\":\"https:\\\/\\\/quehacerpolitico.mx\\\/?p=106660#article\",\"isPartOf\":{\"@id\":\"https:\\\/\\\/quehacerpolitico.mx\\\/?p=106660\"},\"author\":{\"name\":\"Redacci\u00f3n QP\",\"@id\":\"https:\\\/\\\/quehacerpolitico.mx\\\/#\\\/schema\\\/person\\\/496d8ad2d1d3f8036101dca7ee39e585\"},\"headline\":\"\u201calarmante crisis\u00a0en materia de\u00a0derechos humanos\u201d en\u00a0M\u00e9xico\u00a0\u201cque se ha\u00a0profundizado\u201d desde\u00a02018\",\"datePublished\":\"2023-11-29T16:16:48+00:00\",\"dateModified\":\"2023-11-29T16:16:51+00:00\",\"mainEntityOfPage\":{\"@id\":\"https:\\\/\\\/quehacerpolitico.mx\\\/?p=106660\"},\"wordCount\":602,\"commentCount\":0,\"image\":{\"@id\":\"https:\\\/\\\/quehacerpolitico.mx\\\/?p=106660#primaryimage\"},\"thumbnailUrl\":\"https:\\\/\\\/quehacerpolitico.mx\\\/wp-content\\\/uploads\\\/2023\\\/11\\\/IMG_2280.jpeg\",\"articleSection\":[\"Noticias\"],\"inLanguage\":\"es\",\"potentialAction\":[{\"@type\":\"CommentAction\",\"name\":\"Comment\",\"target\":[\"https:\\\/\\\/quehacerpolitico.mx\\\/?p=106660#respond\"]}]},{\"@type\":\"WebPage\",\"@id\":\"https:\\\/\\\/quehacerpolitico.mx\\\/?p=106660\",\"url\":\"https:\\\/\\\/quehacerpolitico.mx\\\/?p=106660\",\"name\":\"\u201calarmante crisis\u00a0en materia de\u00a0derechos humanos\u201d en\u00a0M\u00e9xico\u00a0\u201cque se ha\u00a0profundizado\u201d desde\u00a02018 -\",\"isPartOf\":{\"@id\":\"https:\\\/\\\/quehacerpolitico.mx\\\/#website\"},\"primaryImageOfPage\":{\"@id\":\"https:\\\/\\\/quehacerpolitico.mx\\\/?p=106660#primaryimage\"},\"image\":{\"@id\":\"https:\\\/\\\/quehacerpolitico.mx\\\/?p=106660#primaryimage\"},\"thumbnailUrl\":\"https:\\\/\\\/quehacerpolitico.mx\\\/wp-content\\\/uploads\\\/2023\\\/11\\\/IMG_2280.jpeg\",\"datePublished\":\"2023-11-29T16:16:48+00:00\",\"dateModified\":\"2023-11-29T16:16:51+00:00\",\"author\":{\"@id\":\"https:\\\/\\\/quehacerpolitico.mx\\\/#\\\/schema\\\/person\\\/496d8ad2d1d3f8036101dca7ee39e585\"},\"breadcrumb\":{\"@id\":\"https:\\\/\\\/quehacerpolitico.mx\\\/?p=106660#breadcrumb\"},\"inLanguage\":\"es\",\"potentialAction\":[{\"@type\":\"ReadAction\",\"target\":[\"https:\\\/\\\/quehacerpolitico.mx\\\/?p=106660\"]}]},{\"@type\":\"ImageObject\",\"inLanguage\":\"es\",\"@id\":\"https:\\\/\\\/quehacerpolitico.mx\\\/?p=106660#primaryimage\",\"url\":\"https:\\\/\\\/quehacerpolitico.mx\\\/wp-content\\\/uploads\\\/2023\\\/11\\\/IMG_2280.jpeg\",\"contentUrl\":\"https:\\\/\\\/quehacerpolitico.mx\\\/wp-content\\\/uploads\\\/2023\\\/11\\\/IMG_2280.jpeg\",\"width\":719,\"height\":426},{\"@type\":\"BreadcrumbList\",\"@id\":\"https:\\\/\\\/quehacerpolitico.mx\\\/?p=106660#breadcrumb\",\"itemListElement\":[{\"@type\":\"ListItem\",\"position\":1,\"name\":\"Inicio\",\"item\":\"https:\\\/\\\/quehacerpolitico.mx\\\/\"},{\"@type\":\"ListItem\",\"position\":2,\"name\":\"\u201calarmante crisis\u00a0en materia de\u00a0derechos humanos\u201d en\u00a0M\u00e9xico\u00a0\u201cque se ha\u00a0profundizado\u201d desde\u00a02018\"}]},{\"@type\":\"WebSite\",\"@id\":\"https:\\\/\\\/quehacerpolitico.mx\\\/#website\",\"url\":\"https:\\\/\\\/quehacerpolitico.mx\\\/\",\"name\":\"\",\"description\":\"\",\"potentialAction\":[{\"@type\":\"SearchAction\",\"target\":{\"@type\":\"EntryPoint\",\"urlTemplate\":\"https:\\\/\\\/quehacerpolitico.mx\\\/?s={search_term_string}\"},\"query-input\":{\"@type\":\"PropertyValueSpecification\",\"valueRequired\":true,\"valueName\":\"search_term_string\"}}],\"inLanguage\":\"es\"},{\"@type\":\"Person\",\"@id\":\"https:\\\/\\\/quehacerpolitico.mx\\\/#\\\/schema\\\/person\\\/496d8ad2d1d3f8036101dca7ee39e585\",\"name\":\"Redacci\u00f3n QP\",\"image\":{\"@type\":\"ImageObject\",\"inLanguage\":\"es\",\"@id\":\"https:\\\/\\\/secure.gravatar.com\\\/avatar\\\/c7164ed6fdec453195284ad24a5ae5b6e1eed2b848477fa2a4787ba9adf39a41?s=96&d=mm&r=g\",\"url\":\"https:\\\/\\\/secure.gravatar.com\\\/avatar\\\/c7164ed6fdec453195284ad24a5ae5b6e1eed2b848477fa2a4787ba9adf39a41?s=96&d=mm&r=g\",\"contentUrl\":\"https:\\\/\\\/secure.gravatar.com\\\/avatar\\\/c7164ed6fdec453195284ad24a5ae5b6e1eed2b848477fa2a4787ba9adf39a41?s=96&d=mm&r=g\",\"caption\":\"Redacci\u00f3n QP\"},\"url\":\"https:\\\/\\\/quehacerpolitico.mx\\\/?author=2\"}]}<\/script>\n<!-- \/ Yoast SEO plugin. -->","yoast_head_json":{"title":"\u201calarmante crisis\u00a0en materia de\u00a0derechos humanos\u201d en\u00a0M\u00e9xico\u00a0\u201cque se ha\u00a0profundizado\u201d desde\u00a02018 -","robots":{"index":"index","follow":"follow","max-snippet":"max-snippet:-1","max-image-preview":"max-image-preview:large","max-video-preview":"max-video-preview:-1"},"canonical":"https:\/\/quehacerpolitico.mx\/?p=106660","og_locale":"es_MX","og_type":"article","og_title":"\u201calarmante crisis\u00a0en materia de\u00a0derechos humanos\u201d en\u00a0M\u00e9xico\u00a0\u201cque se ha\u00a0profundizado\u201d desde\u00a02018 -","og_description":"Por Redacci\u00f3n QP Organizaciones presentaron recomendaciones de cara al 4to. examen peri\u00f3dico universal de M\u00e9xico...","og_url":"https:\/\/quehacerpolitico.mx\/?p=106660","article_published_time":"2023-11-29T16:16:48+00:00","article_modified_time":"2023-11-29T16:16:51+00:00","og_image":[{"width":719,"height":426,"url":"https:\/\/quehacerpolitico.mx\/wp-content\/uploads\/2023\/11\/IMG_2280.jpeg","type":"image\/jpeg"}],"author":"Redacci\u00f3n QP","twitter_card":"summary_large_image","twitter_misc":{"Escrito por":"Redacci\u00f3n QP","Tiempo de lectura":"3 minutos"},"schema":{"@context":"https:\/\/schema.org","@graph":[{"@type":"Article","@id":"https:\/\/quehacerpolitico.mx\/?p=106660#article","isPartOf":{"@id":"https:\/\/quehacerpolitico.mx\/?p=106660"},"author":{"name":"Redacci\u00f3n QP","@id":"https:\/\/quehacerpolitico.mx\/#\/schema\/person\/496d8ad2d1d3f8036101dca7ee39e585"},"headline":"\u201calarmante crisis\u00a0en materia de\u00a0derechos humanos\u201d en\u00a0M\u00e9xico\u00a0\u201cque se ha\u00a0profundizado\u201d desde\u00a02018","datePublished":"2023-11-29T16:16:48+00:00","dateModified":"2023-11-29T16:16:51+00:00","mainEntityOfPage":{"@id":"https:\/\/quehacerpolitico.mx\/?p=106660"},"wordCount":602,"commentCount":0,"image":{"@id":"https:\/\/quehacerpolitico.mx\/?p=106660#primaryimage"},"thumbnailUrl":"https:\/\/quehacerpolitico.mx\/wp-content\/uploads\/2023\/11\/IMG_2280.jpeg","articleSection":["Noticias"],"inLanguage":"es","potentialAction":[{"@type":"CommentAction","name":"Comment","target":["https:\/\/quehacerpolitico.mx\/?p=106660#respond"]}]},{"@type":"WebPage","@id":"https:\/\/quehacerpolitico.mx\/?p=106660","url":"https:\/\/quehacerpolitico.mx\/?p=106660","name":"\u201calarmante crisis\u00a0en materia de\u00a0derechos humanos\u201d en\u00a0M\u00e9xico\u00a0\u201cque se ha\u00a0profundizado\u201d desde\u00a02018 -","isPartOf":{"@id":"https:\/\/quehacerpolitico.mx\/#website"},"primaryImageOfPage":{"@id":"https:\/\/quehacerpolitico.mx\/?p=106660#primaryimage"},"image":{"@id":"https:\/\/quehacerpolitico.mx\/?p=106660#primaryimage"},"thumbnailUrl":"https:\/\/quehacerpolitico.mx\/wp-content\/uploads\/2023\/11\/IMG_2280.jpeg","datePublished":"2023-11-29T16:16:48+00:00","dateModified":"2023-11-29T16:16:51+00:00","author":{"@id":"https:\/\/quehacerpolitico.mx\/#\/schema\/person\/496d8ad2d1d3f8036101dca7ee39e585"},"breadcrumb":{"@id":"https:\/\/quehacerpolitico.mx\/?p=106660#breadcrumb"},"inLanguage":"es","potentialAction":[{"@type":"ReadAction","target":["https:\/\/quehacerpolitico.mx\/?p=106660"]}]},{"@type":"ImageObject","inLanguage":"es","@id":"https:\/\/quehacerpolitico.mx\/?p=106660#primaryimage","url":"https:\/\/quehacerpolitico.mx\/wp-content\/uploads\/2023\/11\/IMG_2280.jpeg","contentUrl":"https:\/\/quehacerpolitico.mx\/wp-content\/uploads\/2023\/11\/IMG_2280.jpeg","width":719,"height":426},{"@type":"BreadcrumbList","@id":"https:\/\/quehacerpolitico.mx\/?p=106660#breadcrumb","itemListElement":[{"@type":"ListItem","position":1,"name":"Inicio","item":"https:\/\/quehacerpolitico.mx\/"},{"@type":"ListItem","position":2,"name":"\u201calarmante crisis\u00a0en materia de\u00a0derechos humanos\u201d en\u00a0M\u00e9xico\u00a0\u201cque se ha\u00a0profundizado\u201d desde\u00a02018"}]},{"@type":"WebSite","@id":"https:\/\/quehacerpolitico.mx\/#website","url":"https:\/\/quehacerpolitico.mx\/","name":"","description":"","potentialAction":[{"@type":"SearchAction","target":{"@type":"EntryPoint","urlTemplate":"https:\/\/quehacerpolitico.mx\/?s={search_term_string}"},"query-input":{"@type":"PropertyValueSpecification","valueRequired":true,"valueName":"search_term_string"}}],"inLanguage":"es"},{"@type":"Person","@id":"https:\/\/quehacerpolitico.mx\/#\/schema\/person\/496d8ad2d1d3f8036101dca7ee39e585","name":"Redacci\u00f3n QP","image":{"@type":"ImageObject","inLanguage":"es","@id":"https:\/\/secure.gravatar.com\/avatar\/c7164ed6fdec453195284ad24a5ae5b6e1eed2b848477fa2a4787ba9adf39a41?s=96&d=mm&r=g","url":"https:\/\/secure.gravatar.com\/avatar\/c7164ed6fdec453195284ad24a5ae5b6e1eed2b848477fa2a4787ba9adf39a41?s=96&d=mm&r=g","contentUrl":"https:\/\/secure.gravatar.com\/avatar\/c7164ed6fdec453195284ad24a5ae5b6e1eed2b848477fa2a4787ba9adf39a41?s=96&d=mm&r=g","caption":"Redacci\u00f3n QP"},"url":"https:\/\/quehacerpolitico.mx\/?author=2"}]}},"featured_image_urls":{"full":["https:\/\/quehacerpolitico.mx\/wp-content\/uploads\/2023\/11\/IMG_2280.jpeg",719,426,false],"thumbnail":["https:\/\/quehacerpolitico.mx\/wp-content\/uploads\/2023\/11\/IMG_2280-150x150.jpeg",150,150,true],"medium":["https:\/\/quehacerpolitico.mx\/wp-content\/uploads\/2023\/11\/IMG_2280-300x178.jpeg",300,178,true],"medium_large":["https:\/\/quehacerpolitico.mx\/wp-content\/uploads\/2023\/11\/IMG_2280.jpeg",640,379,false],"large":["https:\/\/quehacerpolitico.mx\/wp-content\/uploads\/2023\/11\/IMG_2280.jpeg",640,379,false],"1536x1536":["https:\/\/quehacerpolitico.mx\/wp-content\/uploads\/2023\/11\/IMG_2280.jpeg",719,426,false],"2048x2048":["https:\/\/quehacerpolitico.mx\/wp-content\/uploads\/2023\/11\/IMG_2280.jpeg",719,426,false],"covernews-featured":["https:\/\/quehacerpolitico.mx\/wp-content\/uploads\/2023\/11\/IMG_2280.jpeg",719,426,false],"covernews-medium":["https:\/\/quehacerpolitico.mx\/wp-content\/uploads\/2023\/11\/IMG_2280.jpeg",540,320,false]},"author_info":{"display_name":"Redacci\u00f3n QP","author_link":"https:\/\/quehacerpolitico.mx\/?author=2"},"category_info":"<a href=\"https:\/\/quehacerpolitico.mx\/?cat=2\" rel=\"category\">Noticias<\/a>","tag_info":"Noticias","comment_count":"0","_links":{"self":[{"href":"https:\/\/quehacerpolitico.mx\/index.php?rest_route=\/wp\/v2\/posts\/106660","targetHints":{"allow":["GET"]}}],"collection":[{"href":"https:\/\/quehacerpolitico.mx\/index.php?rest_route=\/wp\/v2\/posts"}],"about":[{"href":"https:\/\/quehacerpolitico.mx\/index.php?rest_route=\/wp\/v2\/types\/post"}],"author":[{"embeddable":true,"href":"https:\/\/quehacerpolitico.mx\/index.php?rest_route=\/wp\/v2\/users\/2"}],"replies":[{"embeddable":true,"href":"https:\/\/quehacerpolitico.mx\/index.php?rest_route=%2Fwp%2Fv2%2Fcomments&post=106660"}],"version-history":[{"count":1,"href":"https:\/\/quehacerpolitico.mx\/index.php?rest_route=\/wp\/v2\/posts\/106660\/revisions"}],"predecessor-version":[{"id":106662,"href":"https:\/\/quehacerpolitico.mx\/index.php?rest_route=\/wp\/v2\/posts\/106660\/revisions\/106662"}],"wp:featuredmedia":[{"embeddable":true,"href":"https:\/\/quehacerpolitico.mx\/index.php?rest_route=\/wp\/v2\/media\/106661"}],"wp:attachment":[{"href":"https:\/\/quehacerpolitico.mx\/index.php?rest_route=%2Fwp%2Fv2%2Fmedia&parent=106660"}],"wp:term":[{"taxonomy":"category","embeddable":true,"href":"https:\/\/quehacerpolitico.mx\/index.php?rest_route=%2Fwp%2Fv2%2Fcategories&post=106660"},{"taxonomy":"post_tag","embeddable":true,"href":"https:\/\/quehacerpolitico.mx\/index.php?rest_route=%2Fwp%2Fv2%2Ftags&post=106660"}],"curies":[{"name":"wp","href":"https:\/\/api.w.org\/{rel}","templated":true}]}}