{"id":106640,"date":"2023-11-28T17:43:24","date_gmt":"2023-11-28T17:43:24","guid":{"rendered":"https:\/\/quehacerpolitico.mx\/?p=106640"},"modified":"2023-11-28T17:43:29","modified_gmt":"2023-11-28T17:43:29","slug":"amlo-plantea-un-tribunal-para-juzgar-a-jueces-y-revocacion-de-mandato-como-parte-de-su-iniciativa-de-reforma-al-poder-judicial","status":"publish","type":"post","link":"https:\/\/quehacerpolitico.mx\/?p=106640","title":{"rendered":"AMLO plantea un tribunal para juzgar a jueces y revocaci\u00f3n de mandato, como parte de su iniciativa de reforma al Poder Judicial"},"content":{"rendered":"\n<p>Por Redacci\u00f3n QP<\/p>\n\n\n\n<p>El presidente de M\u00e9xico,&nbsp;<strong>Andr\u00e9s Manuel L\u00f3pez Obrador<\/strong>, se lanz\u00f3 nuevamente contra los integrantes del Poder Judicial de la Federaci\u00f3n (<strong>PJF<\/strong>) e inform\u00f3 que en la reforma que presentar\u00e1 antes de que concluya su sexenio incluir\u00e1 la creaci\u00f3n de un tribunal que se encargue de juzgar la actuaci\u00f3n de&nbsp;<strong>jueces<\/strong>&nbsp;y&nbsp;<strong>magistrados<\/strong>.&nbsp;<\/p>\n\n\n\n<p>\u201cLa reforma que voy a enviar, va a incluir tambi\u00e9n que exista un tribunal al interior del\u00a0<strong>Poder Judicial\u00a0<\/strong>que est\u00e9 pendiente. Pero no la Judicatura actual, que est\u00e1, con todo respeto,\u00a0<strong>pasmada<\/strong>,\u00a0<strong>congelada<\/strong>. \u00bfEsto que estamos planteando, no le corresponde a la Judicatura a revisarlo?\u201d, cuestion\u00f3 en su conferencia de prensa.<\/p>\n\n\n\n<figure class=\"wp-block-embed is-type-rich is-provider-twitter wp-block-embed-twitter\"><div class=\"wp-block-embed__wrapper\">\n<blockquote class=\"twitter-tweet\" data-width=\"550\" data-dnt=\"true\"><p lang=\"es\" dir=\"ltr\">AMLO plantea un tribunal para juzgar a jueces y revocaci\u00f3n de mandato, como parte de su iniciativa de reforma al Poder Judicial <a href=\"https:\/\/t.co\/0rEEu2QojN\">pic.twitter.com\/0rEEu2QojN<\/a><\/p>&mdash; Manuel Lopez San Martin (@MLopezSanMartin) <a href=\"https:\/\/twitter.com\/MLopezSanMartin\/status\/1729524695433642020?ref_src=twsrc%5Etfw\">November 28, 2023<\/a><\/blockquote><script async src=\"https:\/\/platform.twitter.com\/widgets.js\" charset=\"utf-8\"><\/script>\n<\/div><\/figure>\n\n\n\n<p>A pregunta de reporteros sobre la existencia de la actual&nbsp;<strong>Judicatura<\/strong>, la cual cumple dicha funci\u00f3n, el presidente dijo que se requiere un nuevo \u00f3rgano que lo regule, sin especificar si su plan es eliminar a la actual.<\/p>\n\n\n\n<p>\u201cS\u00ed, pero no la judicatura actual, que est\u00e1, con todo respeto,&nbsp;pasmada (\u2026) \u00bfConocen ustedes de alg\u00fan&nbsp;<strong>juez<\/strong>&nbsp;que est\u00e9 siendo procesado o en la c\u00e1rcel?&nbsp;Son fin\u00edsimas personas todos\u201d, dijo el presidente en tono sarc\u00e1stico.<\/p>\n\n\n\n<p>&nbsp;\u201c\u00bfEs el castillo de la pureza el&nbsp;<strong>Poder Judicial<\/strong>? Si se pone ese ejemplo, pues la gente va a estar pendiente y va a decir: no, este s\u00ed act\u00faa con apego a la legalidad y este no\u201d, continu\u00f3.<\/p>\n\n\n\n<p>El mandatario federal insisti\u00f3 en que, con una serie de requisitos, como los que existen en cualquier otra elecci\u00f3n, los&nbsp;<strong>ministros<\/strong>,&nbsp;<strong>magistrados<\/strong>&nbsp;y&nbsp;<strong>jueces<\/strong>, podr\u00edan ser electos por voto popular.&nbsp;<\/p>\n\n\n\n<p><strong>L\u00f3pez Obrador<\/strong>\u00a0dijo que tambi\u00e9n se contemplar\u00eda la figura de revocaci\u00f3n de mandato.<\/p>\n\n\n\n<p>\u201cAs\u00ed el juez, si se permite un periodo de reelecci\u00f3n o para mantenerse en el\u00a0<strong>cargo<\/strong>, porque se aplicar\u00eda tambi\u00e9n lo de la revocaci\u00f3n de mandato, porque no solo es la elecci\u00f3n del juez, magistrado o ministro\u201d, continu\u00f3<a href=\"http:\/\/lopezobrador_\/\">.<\/a><\/p>\n","protected":false},"excerpt":{"rendered":"<p>Por Redacci\u00f3n QP El presidente de M\u00e9xico,&nbsp;Andr\u00e9s Manuel L\u00f3pez Obrador, se lanz\u00f3 nuevamente contra los&#8230;<\/p>\n","protected":false},"author":2,"featured_media":106641,"comment_status":"open","ping_status":"open","sticky":false,"template":"","format":"standard","meta":{"_monsterinsights_skip_tracking":false,"_monsterinsights_sitenote_active":false,"_monsterinsights_sitenote_note":"","_monsterinsights_sitenote_category":0,"footnotes":""},"categories":[2],"tags":[],"class_list":["post-106640","post","type-post","status-publish","format-standard","has-post-thumbnail","hentry","category-noticias"],"yoast_head":"<!-- This site is optimized with the Yoast SEO plugin v27.3 - https:\/\/yoast.com\/product\/yoast-seo-wordpress\/ -->\n<title>AMLO plantea un tribunal para juzgar a jueces y revocaci\u00f3n de mandato, como parte de su iniciativa de reforma al Poder Judicial -<\/title>\n<meta name=\"robots\" content=\"index, follow, max-snippet:-1, max-image-preview:large, max-video-preview:-1\" \/>\n<link rel=\"canonical\" href=\"https:\/\/quehacerpolitico.mx\/?p=106640\" \/>\n<meta property=\"og:locale\" content=\"es_MX\" \/>\n<meta property=\"og:type\" content=\"article\" \/>\n<meta property=\"og:title\" content=\"AMLO plantea un tribunal para juzgar a jueces y revocaci\u00f3n de mandato, como parte de su iniciativa de reforma al Poder Judicial -\" \/>\n<meta property=\"og:description\" content=\"Por Redacci\u00f3n QP El presidente de M\u00e9xico,&nbsp;Andr\u00e9s Manuel L\u00f3pez Obrador, se lanz\u00f3 nuevamente contra los...\" \/>\n<meta property=\"og:url\" content=\"https:\/\/quehacerpolitico.mx\/?p=106640\" \/>\n<meta property=\"article:published_time\" content=\"2023-11-28T17:43:24+00:00\" \/>\n<meta property=\"article:modified_time\" content=\"2023-11-28T17:43:29+00:00\" \/>\n<meta property=\"og:image\" content=\"https:\/\/quehacerpolitico.mx\/wp-content\/uploads\/2023\/11\/IMG_2257.jpeg\" \/>\n\t<meta property=\"og:image:width\" content=\"1284\" \/>\n\t<meta property=\"og:image:height\" content=\"687\" \/>\n\t<meta property=\"og:image:type\" content=\"image\/jpeg\" \/>\n<meta name=\"author\" content=\"Redacci\u00f3n QP\" \/>\n<meta name=\"twitter:card\" content=\"summary_large_image\" \/>\n<meta name=\"twitter:label1\" content=\"Escrito por\" \/>\n\t<meta name=\"twitter:data1\" content=\"Redacci\u00f3n QP\" \/>\n\t<meta name=\"twitter:label2\" content=\"Tiempo de lectura\" \/>\n\t<meta name=\"twitter:data2\" content=\"2 minutos\" \/>\n<script type=\"application\/ld+json\" class=\"yoast-schema-graph\">{\"@context\":\"https:\\\/\\\/schema.org\",\"@graph\":[{\"@type\":\"Article\",\"@id\":\"https:\\\/\\\/quehacerpolitico.mx\\\/?p=106640#article\",\"isPartOf\":{\"@id\":\"https:\\\/\\\/quehacerpolitico.mx\\\/?p=106640\"},\"author\":{\"name\":\"Redacci\u00f3n QP\",\"@id\":\"https:\\\/\\\/quehacerpolitico.mx\\\/#\\\/schema\\\/person\\\/496d8ad2d1d3f8036101dca7ee39e585\"},\"headline\":\"AMLO plantea un tribunal para juzgar a jueces y revocaci\u00f3n de mandato, como parte de su iniciativa de reforma al Poder Judicial\",\"datePublished\":\"2023-11-28T17:43:24+00:00\",\"dateModified\":\"2023-11-28T17:43:29+00:00\",\"mainEntityOfPage\":{\"@id\":\"https:\\\/\\\/quehacerpolitico.mx\\\/?p=106640\"},\"wordCount\":375,\"commentCount\":0,\"image\":{\"@id\":\"https:\\\/\\\/quehacerpolitico.mx\\\/?p=106640#primaryimage\"},\"thumbnailUrl\":\"https:\\\/\\\/quehacerpolitico.mx\\\/wp-content\\\/uploads\\\/2023\\\/11\\\/IMG_2257.jpeg\",\"articleSection\":[\"Noticias\"],\"inLanguage\":\"es\",\"potentialAction\":[{\"@type\":\"CommentAction\",\"name\":\"Comment\",\"target\":[\"https:\\\/\\\/quehacerpolitico.mx\\\/?p=106640#respond\"]}]},{\"@type\":\"WebPage\",\"@id\":\"https:\\\/\\\/quehacerpolitico.mx\\\/?p=106640\",\"url\":\"https:\\\/\\\/quehacerpolitico.mx\\\/?p=106640\",\"name\":\"AMLO plantea un tribunal para juzgar a jueces y revocaci\u00f3n de mandato, como parte de su iniciativa de reforma al Poder Judicial -\",\"isPartOf\":{\"@id\":\"https:\\\/\\\/quehacerpolitico.mx\\\/#website\"},\"primaryImageOfPage\":{\"@id\":\"https:\\\/\\\/quehacerpolitico.mx\\\/?p=106640#primaryimage\"},\"image\":{\"@id\":\"https:\\\/\\\/quehacerpolitico.mx\\\/?p=106640#primaryimage\"},\"thumbnailUrl\":\"https:\\\/\\\/quehacerpolitico.mx\\\/wp-content\\\/uploads\\\/2023\\\/11\\\/IMG_2257.jpeg\",\"datePublished\":\"2023-11-28T17:43:24+00:00\",\"dateModified\":\"2023-11-28T17:43:29+00:00\",\"author\":{\"@id\":\"https:\\\/\\\/quehacerpolitico.mx\\\/#\\\/schema\\\/person\\\/496d8ad2d1d3f8036101dca7ee39e585\"},\"breadcrumb\":{\"@id\":\"https:\\\/\\\/quehacerpolitico.mx\\\/?p=106640#breadcrumb\"},\"inLanguage\":\"es\",\"potentialAction\":[{\"@type\":\"ReadAction\",\"target\":[\"https:\\\/\\\/quehacerpolitico.mx\\\/?p=106640\"]}]},{\"@type\":\"ImageObject\",\"inLanguage\":\"es\",\"@id\":\"https:\\\/\\\/quehacerpolitico.mx\\\/?p=106640#primaryimage\",\"url\":\"https:\\\/\\\/quehacerpolitico.mx\\\/wp-content\\\/uploads\\\/2023\\\/11\\\/IMG_2257.jpeg\",\"contentUrl\":\"https:\\\/\\\/quehacerpolitico.mx\\\/wp-content\\\/uploads\\\/2023\\\/11\\\/IMG_2257.jpeg\",\"width\":1284,\"height\":687},{\"@type\":\"BreadcrumbList\",\"@id\":\"https:\\\/\\\/quehacerpolitico.mx\\\/?p=106640#breadcrumb\",\"itemListElement\":[{\"@type\":\"ListItem\",\"position\":1,\"name\":\"Inicio\",\"item\":\"https:\\\/\\\/quehacerpolitico.mx\\\/\"},{\"@type\":\"ListItem\",\"position\":2,\"name\":\"AMLO plantea un tribunal para juzgar a jueces y revocaci\u00f3n de mandato, como parte de su iniciativa de reforma al Poder Judicial\"}]},{\"@type\":\"WebSite\",\"@id\":\"https:\\\/\\\/quehacerpolitico.mx\\\/#website\",\"url\":\"https:\\\/\\\/quehacerpolitico.mx\\\/\",\"name\":\"\",\"description\":\"\",\"potentialAction\":[{\"@type\":\"SearchAction\",\"target\":{\"@type\":\"EntryPoint\",\"urlTemplate\":\"https:\\\/\\\/quehacerpolitico.mx\\\/?s={search_term_string}\"},\"query-input\":{\"@type\":\"PropertyValueSpecification\",\"valueRequired\":true,\"valueName\":\"search_term_string\"}}],\"inLanguage\":\"es\"},{\"@type\":\"Person\",\"@id\":\"https:\\\/\\\/quehacerpolitico.mx\\\/#\\\/schema\\\/person\\\/496d8ad2d1d3f8036101dca7ee39e585\",\"name\":\"Redacci\u00f3n QP\",\"image\":{\"@type\":\"ImageObject\",\"inLanguage\":\"es\",\"@id\":\"https:\\\/\\\/secure.gravatar.com\\\/avatar\\\/c7164ed6fdec453195284ad24a5ae5b6e1eed2b848477fa2a4787ba9adf39a41?s=96&d=mm&r=g\",\"url\":\"https:\\\/\\\/secure.gravatar.com\\\/avatar\\\/c7164ed6fdec453195284ad24a5ae5b6e1eed2b848477fa2a4787ba9adf39a41?s=96&d=mm&r=g\",\"contentUrl\":\"https:\\\/\\\/secure.gravatar.com\\\/avatar\\\/c7164ed6fdec453195284ad24a5ae5b6e1eed2b848477fa2a4787ba9adf39a41?s=96&d=mm&r=g\",\"caption\":\"Redacci\u00f3n QP\"},\"url\":\"https:\\\/\\\/quehacerpolitico.mx\\\/?author=2\"}]}<\/script>\n<!-- \/ Yoast SEO plugin. -->","yoast_head_json":{"title":"AMLO plantea un tribunal para juzgar a jueces y revocaci\u00f3n de mandato, como parte de su iniciativa de reforma al Poder Judicial -","robots":{"index":"index","follow":"follow","max-snippet":"max-snippet:-1","max-image-preview":"max-image-preview:large","max-video-preview":"max-video-preview:-1"},"canonical":"https:\/\/quehacerpolitico.mx\/?p=106640","og_locale":"es_MX","og_type":"article","og_title":"AMLO plantea un tribunal para juzgar a jueces y revocaci\u00f3n de mandato, como parte de su iniciativa de reforma al Poder Judicial -","og_description":"Por Redacci\u00f3n QP El presidente de M\u00e9xico,&nbsp;Andr\u00e9s Manuel L\u00f3pez Obrador, se lanz\u00f3 nuevamente contra los...","og_url":"https:\/\/quehacerpolitico.mx\/?p=106640","article_published_time":"2023-11-28T17:43:24+00:00","article_modified_time":"2023-11-28T17:43:29+00:00","og_image":[{"width":1284,"height":687,"url":"https:\/\/quehacerpolitico.mx\/wp-content\/uploads\/2023\/11\/IMG_2257.jpeg","type":"image\/jpeg"}],"author":"Redacci\u00f3n QP","twitter_card":"summary_large_image","twitter_misc":{"Escrito por":"Redacci\u00f3n QP","Tiempo de lectura":"2 minutos"},"schema":{"@context":"https:\/\/schema.org","@graph":[{"@type":"Article","@id":"https:\/\/quehacerpolitico.mx\/?p=106640#article","isPartOf":{"@id":"https:\/\/quehacerpolitico.mx\/?p=106640"},"author":{"name":"Redacci\u00f3n QP","@id":"https:\/\/quehacerpolitico.mx\/#\/schema\/person\/496d8ad2d1d3f8036101dca7ee39e585"},"headline":"AMLO plantea un tribunal para juzgar a jueces y revocaci\u00f3n de mandato, como parte de su iniciativa de reforma al Poder Judicial","datePublished":"2023-11-28T17:43:24+00:00","dateModified":"2023-11-28T17:43:29+00:00","mainEntityOfPage":{"@id":"https:\/\/quehacerpolitico.mx\/?p=106640"},"wordCount":375,"commentCount":0,"image":{"@id":"https:\/\/quehacerpolitico.mx\/?p=106640#primaryimage"},"thumbnailUrl":"https:\/\/quehacerpolitico.mx\/wp-content\/uploads\/2023\/11\/IMG_2257.jpeg","articleSection":["Noticias"],"inLanguage":"es","potentialAction":[{"@type":"CommentAction","name":"Comment","target":["https:\/\/quehacerpolitico.mx\/?p=106640#respond"]}]},{"@type":"WebPage","@id":"https:\/\/quehacerpolitico.mx\/?p=106640","url":"https:\/\/quehacerpolitico.mx\/?p=106640","name":"AMLO plantea un tribunal para juzgar a jueces y revocaci\u00f3n de mandato, como parte de su iniciativa de reforma al Poder Judicial -","isPartOf":{"@id":"https:\/\/quehacerpolitico.mx\/#website"},"primaryImageOfPage":{"@id":"https:\/\/quehacerpolitico.mx\/?p=106640#primaryimage"},"image":{"@id":"https:\/\/quehacerpolitico.mx\/?p=106640#primaryimage"},"thumbnailUrl":"https:\/\/quehacerpolitico.mx\/wp-content\/uploads\/2023\/11\/IMG_2257.jpeg","datePublished":"2023-11-28T17:43:24+00:00","dateModified":"2023-11-28T17:43:29+00:00","author":{"@id":"https:\/\/quehacerpolitico.mx\/#\/schema\/person\/496d8ad2d1d3f8036101dca7ee39e585"},"breadcrumb":{"@id":"https:\/\/quehacerpolitico.mx\/?p=106640#breadcrumb"},"inLanguage":"es","potentialAction":[{"@type":"ReadAction","target":["https:\/\/quehacerpolitico.mx\/?p=106640"]}]},{"@type":"ImageObject","inLanguage":"es","@id":"https:\/\/quehacerpolitico.mx\/?p=106640#primaryimage","url":"https:\/\/quehacerpolitico.mx\/wp-content\/uploads\/2023\/11\/IMG_2257.jpeg","contentUrl":"https:\/\/quehacerpolitico.mx\/wp-content\/uploads\/2023\/11\/IMG_2257.jpeg","width":1284,"height":687},{"@type":"BreadcrumbList","@id":"https:\/\/quehacerpolitico.mx\/?p=106640#breadcrumb","itemListElement":[{"@type":"ListItem","position":1,"name":"Inicio","item":"https:\/\/quehacerpolitico.mx\/"},{"@type":"ListItem","position":2,"name":"AMLO plantea un tribunal para juzgar a jueces y revocaci\u00f3n de mandato, como parte de su iniciativa de reforma al Poder Judicial"}]},{"@type":"WebSite","@id":"https:\/\/quehacerpolitico.mx\/#website","url":"https:\/\/quehacerpolitico.mx\/","name":"","description":"","potentialAction":[{"@type":"SearchAction","target":{"@type":"EntryPoint","urlTemplate":"https:\/\/quehacerpolitico.mx\/?s={search_term_string}"},"query-input":{"@type":"PropertyValueSpecification","valueRequired":true,"valueName":"search_term_string"}}],"inLanguage":"es"},{"@type":"Person","@id":"https:\/\/quehacerpolitico.mx\/#\/schema\/person\/496d8ad2d1d3f8036101dca7ee39e585","name":"Redacci\u00f3n QP","image":{"@type":"ImageObject","inLanguage":"es","@id":"https:\/\/secure.gravatar.com\/avatar\/c7164ed6fdec453195284ad24a5ae5b6e1eed2b848477fa2a4787ba9adf39a41?s=96&d=mm&r=g","url":"https:\/\/secure.gravatar.com\/avatar\/c7164ed6fdec453195284ad24a5ae5b6e1eed2b848477fa2a4787ba9adf39a41?s=96&d=mm&r=g","contentUrl":"https:\/\/secure.gravatar.com\/avatar\/c7164ed6fdec453195284ad24a5ae5b6e1eed2b848477fa2a4787ba9adf39a41?s=96&d=mm&r=g","caption":"Redacci\u00f3n QP"},"url":"https:\/\/quehacerpolitico.mx\/?author=2"}]}},"featured_image_urls":{"full":["https:\/\/quehacerpolitico.mx\/wp-content\/uploads\/2023\/11\/IMG_2257.jpeg",1284,687,false],"thumbnail":["https:\/\/quehacerpolitico.mx\/wp-content\/uploads\/2023\/11\/IMG_2257-150x150.jpeg",150,150,true],"medium":["https:\/\/quehacerpolitico.mx\/wp-content\/uploads\/2023\/11\/IMG_2257-300x161.jpeg",300,161,true],"medium_large":["https:\/\/quehacerpolitico.mx\/wp-content\/uploads\/2023\/11\/IMG_2257-768x411.jpeg",640,343,true],"large":["https:\/\/quehacerpolitico.mx\/wp-content\/uploads\/2023\/11\/IMG_2257-1024x548.jpeg",640,343,true],"1536x1536":["https:\/\/quehacerpolitico.mx\/wp-content\/uploads\/2023\/11\/IMG_2257.jpeg",1284,687,false],"2048x2048":["https:\/\/quehacerpolitico.mx\/wp-content\/uploads\/2023\/11\/IMG_2257.jpeg",1284,687,false],"covernews-featured":["https:\/\/quehacerpolitico.mx\/wp-content\/uploads\/2023\/11\/IMG_2257.jpeg",1024,548,false],"covernews-medium":["https:\/\/quehacerpolitico.mx\/wp-content\/uploads\/2023\/11\/IMG_2257.jpeg",540,289,false]},"author_info":{"display_name":"Redacci\u00f3n QP","author_link":"https:\/\/quehacerpolitico.mx\/?author=2"},"category_info":"<a href=\"https:\/\/quehacerpolitico.mx\/?cat=2\" rel=\"category\">Noticias<\/a>","tag_info":"Noticias","comment_count":"0","_links":{"self":[{"href":"https:\/\/quehacerpolitico.mx\/index.php?rest_route=\/wp\/v2\/posts\/106640","targetHints":{"allow":["GET"]}}],"collection":[{"href":"https:\/\/quehacerpolitico.mx\/index.php?rest_route=\/wp\/v2\/posts"}],"about":[{"href":"https:\/\/quehacerpolitico.mx\/index.php?rest_route=\/wp\/v2\/types\/post"}],"author":[{"embeddable":true,"href":"https:\/\/quehacerpolitico.mx\/index.php?rest_route=\/wp\/v2\/users\/2"}],"replies":[{"embeddable":true,"href":"https:\/\/quehacerpolitico.mx\/index.php?rest_route=%2Fwp%2Fv2%2Fcomments&post=106640"}],"version-history":[{"count":1,"href":"https:\/\/quehacerpolitico.mx\/index.php?rest_route=\/wp\/v2\/posts\/106640\/revisions"}],"predecessor-version":[{"id":106642,"href":"https:\/\/quehacerpolitico.mx\/index.php?rest_route=\/wp\/v2\/posts\/106640\/revisions\/106642"}],"wp:featuredmedia":[{"embeddable":true,"href":"https:\/\/quehacerpolitico.mx\/index.php?rest_route=\/wp\/v2\/media\/106641"}],"wp:attachment":[{"href":"https:\/\/quehacerpolitico.mx\/index.php?rest_route=%2Fwp%2Fv2%2Fmedia&parent=106640"}],"wp:term":[{"taxonomy":"category","embeddable":true,"href":"https:\/\/quehacerpolitico.mx\/index.php?rest_route=%2Fwp%2Fv2%2Fcategories&post=106640"},{"taxonomy":"post_tag","embeddable":true,"href":"https:\/\/quehacerpolitico.mx\/index.php?rest_route=%2Fwp%2Fv2%2Ftags&post=106640"}],"curies":[{"name":"wp","href":"https:\/\/api.w.org\/{rel}","templated":true}]}}