{"id":106634,"date":"2023-11-28T15:34:10","date_gmt":"2023-11-28T15:34:10","guid":{"rendered":"https:\/\/quehacerpolitico.mx\/?p=106634"},"modified":"2023-11-28T15:34:12","modified_gmt":"2023-11-28T15:34:12","slug":"no-puede-haber-un-supremo-poder-conservador-responde-amlo-al-ministro-perez-dayan-tras-plantear-la-destitucion-de-senadores-por-incumplir-con-los-nombramientos-del-inai","status":"publish","type":"post","link":"https:\/\/quehacerpolitico.mx\/?p=106634","title":{"rendered":"&#8220;No puede haber un supremo poder conservador&#8221;, responde AMLO al ministro P\u00e9rez Day\u00e1n tras plantear la destituci\u00f3n de senadores por incumplir con los nombramientos del INAI"},"content":{"rendered":"\n<p>Por Redacci\u00f3n QP<\/p>\n\n\n\n<p>L\u00f3pez Obrador critic\u00f3 al Poder Judicial tras la propuesta del ministro P\u00e9rez Day\u00e1n de destituir legisladores si no acatan sentencias de la Corte<\/p>\n\n\n\n<p>El presidente\u00a0<strong>Andres Manuel\u00a0L\u00f3pez Obrador<\/strong>\u00a0se lanz\u00f3 contra el\u00a0<strong>Poder Judicial<\/strong>, tras la\u00a0propuesta\u00a0del\u00a0<strong>ministro<\/strong>\u00a0de la Suprema Corte de Justicia de la Naci\u00f3n (<strong>SCJN<\/strong>),\u00a0<strong>Alberto P\u00e9rez Day\u00e1n<\/strong>, de\u00a0<strong>destituir<\/strong>\u00a0a\u00a0<strong>legisladores<\/strong>\u00a0si no acatan resoluciones del M\u00e1ximo Tribunal del pa\u00eds.<\/p>\n\n\n\n<p>En la conferencia matutina de Palacio Nacional,\u00a0<strong>L\u00f3pez Obrador<\/strong>detall\u00f3 que ahora el\u00a0<strong>Poder Judicial<\/strong>\u00a0se quiere convertir en lo que denomin\u00f3 \u201cel\u00a0<strong>poder de los poderes<\/strong>\u201c, y calific\u00f3 dicha propuesta como algo \u201csin sentido\u201d por parte del ministro.<\/p>\n\n\n\n<figure class=\"wp-block-embed is-type-rich is-provider-twitter wp-block-embed-twitter\"><div class=\"wp-block-embed__wrapper\">\n<blockquote class=\"twitter-tweet\" data-width=\"550\" data-dnt=\"true\"><p lang=\"es\" dir=\"ltr\">&quot;No puede haber un supremo poder conservador&quot;, responde AMLO al ministro P\u00e9rez Day\u00e1n tras plantear la destituci\u00f3n de senadores por incumplir con los nombramientos del <a href=\"https:\/\/twitter.com\/INAImexico?ref_src=twsrc%5Etfw\">@INAImexico<\/a> <a href=\"https:\/\/t.co\/TooAeXudPt\">pic.twitter.com\/TooAeXudPt<\/a><\/p>&mdash; Manuel Lopez San Martin (@MLopezSanMartin) <a href=\"https:\/\/twitter.com\/MLopezSanMartin\/status\/1729518144803545469?ref_src=twsrc%5Etfw\">November 28, 2023<\/a><\/blockquote><script async src=\"https:\/\/platform.twitter.com\/widgets.js\" charset=\"utf-8\"><\/script>\n<\/div><\/figure>\n\n\n\n<p>\u201cEs eso, son poderes independientes, aut\u00f3nomos, no puede un poder situarse por encima de los dem\u00e1s. No puede haber un Supremo Poder Conservador, como quisieran algunos, ser\u00eda como el regreso del predominio del Poder Ejecutivo, as\u00ed era el r\u00e9gimen porfirista y tambi\u00e9n postrevolucionario, que no cambi\u00f3\u201d, declar\u00f3.<\/p>\n\n\n\n<p>Si ahora el Poder Judicial, que est\u00e1 pr\u00e1cticamente secuestrado, tomado, por la oligarqu\u00eda, se quiere convertir en el poder de los poderes, est\u00e1 un poco exagerado \u00bfno? Est\u00e1n levitando porque eso ni es constitucional, es antidemocr\u00e1tico, ni lo va a permitir el pueblo\u201d, subray\u00f3.<\/p>\n\n\n\n<p>\u201cNo tiene sentido eso, nada m\u00e1s porque lo preguntan ustedes, pero el pueblo de M\u00e9xico est\u00e1 muy empoderado, mucho ,m\u00e1s que estos \u00f3rganos de poder formal, \u00bfpor qu\u00e9 digo de poder formal? Porque a final de cuenta son instrumentos al servicio d grupos de intereses, est\u00e1n ah\u00ed para obedecer \u00f3rdenes y recibir consignas, jueces magistrados\u201d, recalc\u00f3.<\/p>\n\n\n\n<p>El ministro<strong>&nbsp;P\u00e9rez Day\u00e1n<\/strong>&nbsp;plante\u00f3 la&nbsp;<strong>destituci\u00f3n<\/strong>&nbsp;de&nbsp;<strong>senadores<\/strong>&nbsp;en caso de que no acaten las resoluciones que emite el Pleno del M\u00e1ximo Tribunal del pa\u00eds, como en el caso de los&nbsp;<strong>nombramientos<\/strong>&nbsp;de los&nbsp;<strong>comisionados<\/strong>&nbsp;en el<strong>&nbsp;Instituto Nacional de Transparencia, Acceso a la Informaci\u00f3n y Protecci\u00f3n de Datos Personales&nbsp;<\/strong>(<strong>INAI<\/strong>).<\/p>\n\n\n\n<p>\u201cLa responsabilidad pol\u00edtica de ese \u00f3rgano constitucional que es una c\u00e1mara del Congreso tiene que responder. Se nos dice \u2018me est\u00e1s obligando al consenso, son dos terceras partes, la oposici\u00f3n no quieren porque yo lleva a uno, ellos quieren a otro, \u00bfme vas a obligar a ponerme de acuerdo?\u2019 \u00a1S\u00ed!\u201d, subray\u00f3 durante un foro en la&nbsp;<strong>Feria Internacional del Libro<\/strong>&nbsp;(<strong>FIL<\/strong>) de&nbsp;<strong>Guadalajara<\/strong>.<\/p>\n\n\n\n<p>\u201cLa Constituci\u00f3n no est\u00e1 imaginando a ver si llegan a acordar. Hay que nombrar porque la figura ah\u00ed est\u00e1, garantiza derechos humanos y aunque no los garantiza la Constituci\u00f3n lo previene. \u00bfDestituyamos al presidente del Congreso o por lo menos al presidente de una C\u00e1mara?, yo dir\u00eda que s\u00ed\u201d, expres\u00f3.<\/p>\n","protected":false},"excerpt":{"rendered":"<p>Por Redacci\u00f3n QP L\u00f3pez Obrador critic\u00f3 al Poder Judicial tras la propuesta del ministro P\u00e9rez&#8230;<\/p>\n","protected":false},"author":2,"featured_media":106635,"comment_status":"open","ping_status":"open","sticky":false,"template":"","format":"standard","meta":{"_monsterinsights_skip_tracking":false,"_monsterinsights_sitenote_active":false,"_monsterinsights_sitenote_note":"","_monsterinsights_sitenote_category":0,"footnotes":""},"categories":[2],"tags":[],"class_list":["post-106634","post","type-post","status-publish","format-standard","has-post-thumbnail","hentry","category-noticias"],"yoast_head":"<!-- This site is optimized with the Yoast SEO plugin v27.3 - https:\/\/yoast.com\/product\/yoast-seo-wordpress\/ -->\n<title>&quot;No puede haber un supremo poder conservador&quot;, responde AMLO al ministro P\u00e9rez Day\u00e1n tras plantear la destituci\u00f3n de senadores por incumplir con los nombramientos del INAI -<\/title>\n<meta name=\"robots\" content=\"index, follow, max-snippet:-1, max-image-preview:large, max-video-preview:-1\" \/>\n<link rel=\"canonical\" href=\"https:\/\/quehacerpolitico.mx\/?p=106634\" \/>\n<meta property=\"og:locale\" content=\"es_MX\" \/>\n<meta property=\"og:type\" content=\"article\" \/>\n<meta property=\"og:title\" content=\"&quot;No puede haber un supremo poder conservador&quot;, responde AMLO al ministro P\u00e9rez Day\u00e1n tras plantear la destituci\u00f3n de senadores por incumplir con los nombramientos del INAI -\" \/>\n<meta property=\"og:description\" content=\"Por Redacci\u00f3n QP L\u00f3pez Obrador critic\u00f3 al Poder Judicial tras la propuesta del ministro P\u00e9rez...\" \/>\n<meta property=\"og:url\" content=\"https:\/\/quehacerpolitico.mx\/?p=106634\" \/>\n<meta property=\"article:published_time\" content=\"2023-11-28T15:34:10+00:00\" \/>\n<meta property=\"article:modified_time\" content=\"2023-11-28T15:34:12+00:00\" \/>\n<meta property=\"og:image\" content=\"https:\/\/quehacerpolitico.mx\/wp-content\/uploads\/2023\/11\/IMG_2253.jpeg\" \/>\n\t<meta property=\"og:image:width\" content=\"1236\" \/>\n\t<meta property=\"og:image:height\" content=\"700\" \/>\n\t<meta property=\"og:image:type\" content=\"image\/jpeg\" \/>\n<meta name=\"author\" content=\"Redacci\u00f3n QP\" \/>\n<meta name=\"twitter:card\" content=\"summary_large_image\" \/>\n<meta name=\"twitter:label1\" content=\"Escrito por\" \/>\n\t<meta name=\"twitter:data1\" content=\"Redacci\u00f3n QP\" \/>\n\t<meta name=\"twitter:label2\" content=\"Tiempo de lectura\" \/>\n\t<meta name=\"twitter:data2\" content=\"2 minutos\" \/>\n<script type=\"application\/ld+json\" class=\"yoast-schema-graph\">{\"@context\":\"https:\\\/\\\/schema.org\",\"@graph\":[{\"@type\":\"Article\",\"@id\":\"https:\\\/\\\/quehacerpolitico.mx\\\/?p=106634#article\",\"isPartOf\":{\"@id\":\"https:\\\/\\\/quehacerpolitico.mx\\\/?p=106634\"},\"author\":{\"name\":\"Redacci\u00f3n QP\",\"@id\":\"https:\\\/\\\/quehacerpolitico.mx\\\/#\\\/schema\\\/person\\\/496d8ad2d1d3f8036101dca7ee39e585\"},\"headline\":\"&#8220;No puede haber un supremo poder conservador&#8221;, responde AMLO al ministro P\u00e9rez Day\u00e1n tras plantear la destituci\u00f3n de senadores por incumplir con los nombramientos del INAI\",\"datePublished\":\"2023-11-28T15:34:10+00:00\",\"dateModified\":\"2023-11-28T15:34:12+00:00\",\"mainEntityOfPage\":{\"@id\":\"https:\\\/\\\/quehacerpolitico.mx\\\/?p=106634\"},\"wordCount\":513,\"commentCount\":0,\"image\":{\"@id\":\"https:\\\/\\\/quehacerpolitico.mx\\\/?p=106634#primaryimage\"},\"thumbnailUrl\":\"https:\\\/\\\/quehacerpolitico.mx\\\/wp-content\\\/uploads\\\/2023\\\/11\\\/IMG_2253.jpeg\",\"articleSection\":[\"Noticias\"],\"inLanguage\":\"es\",\"potentialAction\":[{\"@type\":\"CommentAction\",\"name\":\"Comment\",\"target\":[\"https:\\\/\\\/quehacerpolitico.mx\\\/?p=106634#respond\"]}]},{\"@type\":\"WebPage\",\"@id\":\"https:\\\/\\\/quehacerpolitico.mx\\\/?p=106634\",\"url\":\"https:\\\/\\\/quehacerpolitico.mx\\\/?p=106634\",\"name\":\"\\\"No puede haber un supremo poder conservador\\\", responde AMLO al ministro P\u00e9rez Day\u00e1n tras plantear la destituci\u00f3n de senadores por incumplir con los nombramientos del INAI -\",\"isPartOf\":{\"@id\":\"https:\\\/\\\/quehacerpolitico.mx\\\/#website\"},\"primaryImageOfPage\":{\"@id\":\"https:\\\/\\\/quehacerpolitico.mx\\\/?p=106634#primaryimage\"},\"image\":{\"@id\":\"https:\\\/\\\/quehacerpolitico.mx\\\/?p=106634#primaryimage\"},\"thumbnailUrl\":\"https:\\\/\\\/quehacerpolitico.mx\\\/wp-content\\\/uploads\\\/2023\\\/11\\\/IMG_2253.jpeg\",\"datePublished\":\"2023-11-28T15:34:10+00:00\",\"dateModified\":\"2023-11-28T15:34:12+00:00\",\"author\":{\"@id\":\"https:\\\/\\\/quehacerpolitico.mx\\\/#\\\/schema\\\/person\\\/496d8ad2d1d3f8036101dca7ee39e585\"},\"breadcrumb\":{\"@id\":\"https:\\\/\\\/quehacerpolitico.mx\\\/?p=106634#breadcrumb\"},\"inLanguage\":\"es\",\"potentialAction\":[{\"@type\":\"ReadAction\",\"target\":[\"https:\\\/\\\/quehacerpolitico.mx\\\/?p=106634\"]}]},{\"@type\":\"ImageObject\",\"inLanguage\":\"es\",\"@id\":\"https:\\\/\\\/quehacerpolitico.mx\\\/?p=106634#primaryimage\",\"url\":\"https:\\\/\\\/quehacerpolitico.mx\\\/wp-content\\\/uploads\\\/2023\\\/11\\\/IMG_2253.jpeg\",\"contentUrl\":\"https:\\\/\\\/quehacerpolitico.mx\\\/wp-content\\\/uploads\\\/2023\\\/11\\\/IMG_2253.jpeg\",\"width\":1236,\"height\":700},{\"@type\":\"BreadcrumbList\",\"@id\":\"https:\\\/\\\/quehacerpolitico.mx\\\/?p=106634#breadcrumb\",\"itemListElement\":[{\"@type\":\"ListItem\",\"position\":1,\"name\":\"Inicio\",\"item\":\"https:\\\/\\\/quehacerpolitico.mx\\\/\"},{\"@type\":\"ListItem\",\"position\":2,\"name\":\"&#8220;No puede haber un supremo poder conservador&#8221;, responde AMLO al ministro P\u00e9rez Day\u00e1n tras plantear la destituci\u00f3n de senadores por incumplir con los nombramientos del INAI\"}]},{\"@type\":\"WebSite\",\"@id\":\"https:\\\/\\\/quehacerpolitico.mx\\\/#website\",\"url\":\"https:\\\/\\\/quehacerpolitico.mx\\\/\",\"name\":\"\",\"description\":\"\",\"potentialAction\":[{\"@type\":\"SearchAction\",\"target\":{\"@type\":\"EntryPoint\",\"urlTemplate\":\"https:\\\/\\\/quehacerpolitico.mx\\\/?s={search_term_string}\"},\"query-input\":{\"@type\":\"PropertyValueSpecification\",\"valueRequired\":true,\"valueName\":\"search_term_string\"}}],\"inLanguage\":\"es\"},{\"@type\":\"Person\",\"@id\":\"https:\\\/\\\/quehacerpolitico.mx\\\/#\\\/schema\\\/person\\\/496d8ad2d1d3f8036101dca7ee39e585\",\"name\":\"Redacci\u00f3n QP\",\"image\":{\"@type\":\"ImageObject\",\"inLanguage\":\"es\",\"@id\":\"https:\\\/\\\/secure.gravatar.com\\\/avatar\\\/c7164ed6fdec453195284ad24a5ae5b6e1eed2b848477fa2a4787ba9adf39a41?s=96&d=mm&r=g\",\"url\":\"https:\\\/\\\/secure.gravatar.com\\\/avatar\\\/c7164ed6fdec453195284ad24a5ae5b6e1eed2b848477fa2a4787ba9adf39a41?s=96&d=mm&r=g\",\"contentUrl\":\"https:\\\/\\\/secure.gravatar.com\\\/avatar\\\/c7164ed6fdec453195284ad24a5ae5b6e1eed2b848477fa2a4787ba9adf39a41?s=96&d=mm&r=g\",\"caption\":\"Redacci\u00f3n QP\"},\"url\":\"https:\\\/\\\/quehacerpolitico.mx\\\/?author=2\"}]}<\/script>\n<!-- \/ Yoast SEO plugin. -->","yoast_head_json":{"title":"\"No puede haber un supremo poder conservador\", responde AMLO al ministro P\u00e9rez Day\u00e1n tras plantear la destituci\u00f3n de senadores por incumplir con los nombramientos del INAI -","robots":{"index":"index","follow":"follow","max-snippet":"max-snippet:-1","max-image-preview":"max-image-preview:large","max-video-preview":"max-video-preview:-1"},"canonical":"https:\/\/quehacerpolitico.mx\/?p=106634","og_locale":"es_MX","og_type":"article","og_title":"\"No puede haber un supremo poder conservador\", responde AMLO al ministro P\u00e9rez Day\u00e1n tras plantear la destituci\u00f3n de senadores por incumplir con los nombramientos del INAI -","og_description":"Por Redacci\u00f3n QP L\u00f3pez Obrador critic\u00f3 al Poder Judicial tras la propuesta del ministro P\u00e9rez...","og_url":"https:\/\/quehacerpolitico.mx\/?p=106634","article_published_time":"2023-11-28T15:34:10+00:00","article_modified_time":"2023-11-28T15:34:12+00:00","og_image":[{"width":1236,"height":700,"url":"https:\/\/quehacerpolitico.mx\/wp-content\/uploads\/2023\/11\/IMG_2253.jpeg","type":"image\/jpeg"}],"author":"Redacci\u00f3n QP","twitter_card":"summary_large_image","twitter_misc":{"Escrito por":"Redacci\u00f3n QP","Tiempo de lectura":"2 minutos"},"schema":{"@context":"https:\/\/schema.org","@graph":[{"@type":"Article","@id":"https:\/\/quehacerpolitico.mx\/?p=106634#article","isPartOf":{"@id":"https:\/\/quehacerpolitico.mx\/?p=106634"},"author":{"name":"Redacci\u00f3n QP","@id":"https:\/\/quehacerpolitico.mx\/#\/schema\/person\/496d8ad2d1d3f8036101dca7ee39e585"},"headline":"&#8220;No puede haber un supremo poder conservador&#8221;, responde AMLO al ministro P\u00e9rez Day\u00e1n tras plantear la destituci\u00f3n de senadores por incumplir con los nombramientos del INAI","datePublished":"2023-11-28T15:34:10+00:00","dateModified":"2023-11-28T15:34:12+00:00","mainEntityOfPage":{"@id":"https:\/\/quehacerpolitico.mx\/?p=106634"},"wordCount":513,"commentCount":0,"image":{"@id":"https:\/\/quehacerpolitico.mx\/?p=106634#primaryimage"},"thumbnailUrl":"https:\/\/quehacerpolitico.mx\/wp-content\/uploads\/2023\/11\/IMG_2253.jpeg","articleSection":["Noticias"],"inLanguage":"es","potentialAction":[{"@type":"CommentAction","name":"Comment","target":["https:\/\/quehacerpolitico.mx\/?p=106634#respond"]}]},{"@type":"WebPage","@id":"https:\/\/quehacerpolitico.mx\/?p=106634","url":"https:\/\/quehacerpolitico.mx\/?p=106634","name":"\"No puede haber un supremo poder conservador\", responde AMLO al ministro P\u00e9rez Day\u00e1n tras plantear la destituci\u00f3n de senadores por incumplir con los nombramientos del INAI -","isPartOf":{"@id":"https:\/\/quehacerpolitico.mx\/#website"},"primaryImageOfPage":{"@id":"https:\/\/quehacerpolitico.mx\/?p=106634#primaryimage"},"image":{"@id":"https:\/\/quehacerpolitico.mx\/?p=106634#primaryimage"},"thumbnailUrl":"https:\/\/quehacerpolitico.mx\/wp-content\/uploads\/2023\/11\/IMG_2253.jpeg","datePublished":"2023-11-28T15:34:10+00:00","dateModified":"2023-11-28T15:34:12+00:00","author":{"@id":"https:\/\/quehacerpolitico.mx\/#\/schema\/person\/496d8ad2d1d3f8036101dca7ee39e585"},"breadcrumb":{"@id":"https:\/\/quehacerpolitico.mx\/?p=106634#breadcrumb"},"inLanguage":"es","potentialAction":[{"@type":"ReadAction","target":["https:\/\/quehacerpolitico.mx\/?p=106634"]}]},{"@type":"ImageObject","inLanguage":"es","@id":"https:\/\/quehacerpolitico.mx\/?p=106634#primaryimage","url":"https:\/\/quehacerpolitico.mx\/wp-content\/uploads\/2023\/11\/IMG_2253.jpeg","contentUrl":"https:\/\/quehacerpolitico.mx\/wp-content\/uploads\/2023\/11\/IMG_2253.jpeg","width":1236,"height":700},{"@type":"BreadcrumbList","@id":"https:\/\/quehacerpolitico.mx\/?p=106634#breadcrumb","itemListElement":[{"@type":"ListItem","position":1,"name":"Inicio","item":"https:\/\/quehacerpolitico.mx\/"},{"@type":"ListItem","position":2,"name":"&#8220;No puede haber un supremo poder conservador&#8221;, responde AMLO al ministro P\u00e9rez Day\u00e1n tras plantear la destituci\u00f3n de senadores por incumplir con los nombramientos del INAI"}]},{"@type":"WebSite","@id":"https:\/\/quehacerpolitico.mx\/#website","url":"https:\/\/quehacerpolitico.mx\/","name":"","description":"","potentialAction":[{"@type":"SearchAction","target":{"@type":"EntryPoint","urlTemplate":"https:\/\/quehacerpolitico.mx\/?s={search_term_string}"},"query-input":{"@type":"PropertyValueSpecification","valueRequired":true,"valueName":"search_term_string"}}],"inLanguage":"es"},{"@type":"Person","@id":"https:\/\/quehacerpolitico.mx\/#\/schema\/person\/496d8ad2d1d3f8036101dca7ee39e585","name":"Redacci\u00f3n QP","image":{"@type":"ImageObject","inLanguage":"es","@id":"https:\/\/secure.gravatar.com\/avatar\/c7164ed6fdec453195284ad24a5ae5b6e1eed2b848477fa2a4787ba9adf39a41?s=96&d=mm&r=g","url":"https:\/\/secure.gravatar.com\/avatar\/c7164ed6fdec453195284ad24a5ae5b6e1eed2b848477fa2a4787ba9adf39a41?s=96&d=mm&r=g","contentUrl":"https:\/\/secure.gravatar.com\/avatar\/c7164ed6fdec453195284ad24a5ae5b6e1eed2b848477fa2a4787ba9adf39a41?s=96&d=mm&r=g","caption":"Redacci\u00f3n QP"},"url":"https:\/\/quehacerpolitico.mx\/?author=2"}]}},"featured_image_urls":{"full":["https:\/\/quehacerpolitico.mx\/wp-content\/uploads\/2023\/11\/IMG_2253.jpeg",1236,700,false],"thumbnail":["https:\/\/quehacerpolitico.mx\/wp-content\/uploads\/2023\/11\/IMG_2253-150x150.jpeg",150,150,true],"medium":["https:\/\/quehacerpolitico.mx\/wp-content\/uploads\/2023\/11\/IMG_2253-300x170.jpeg",300,170,true],"medium_large":["https:\/\/quehacerpolitico.mx\/wp-content\/uploads\/2023\/11\/IMG_2253-768x435.jpeg",640,363,true],"large":["https:\/\/quehacerpolitico.mx\/wp-content\/uploads\/2023\/11\/IMG_2253-1024x580.jpeg",640,363,true],"1536x1536":["https:\/\/quehacerpolitico.mx\/wp-content\/uploads\/2023\/11\/IMG_2253.jpeg",1236,700,false],"2048x2048":["https:\/\/quehacerpolitico.mx\/wp-content\/uploads\/2023\/11\/IMG_2253.jpeg",1236,700,false],"covernews-featured":["https:\/\/quehacerpolitico.mx\/wp-content\/uploads\/2023\/11\/IMG_2253.jpeg",1024,580,false],"covernews-medium":["https:\/\/quehacerpolitico.mx\/wp-content\/uploads\/2023\/11\/IMG_2253.jpeg",540,306,false]},"author_info":{"display_name":"Redacci\u00f3n QP","author_link":"https:\/\/quehacerpolitico.mx\/?author=2"},"category_info":"<a href=\"https:\/\/quehacerpolitico.mx\/?cat=2\" rel=\"category\">Noticias<\/a>","tag_info":"Noticias","comment_count":"0","_links":{"self":[{"href":"https:\/\/quehacerpolitico.mx\/index.php?rest_route=\/wp\/v2\/posts\/106634","targetHints":{"allow":["GET"]}}],"collection":[{"href":"https:\/\/quehacerpolitico.mx\/index.php?rest_route=\/wp\/v2\/posts"}],"about":[{"href":"https:\/\/quehacerpolitico.mx\/index.php?rest_route=\/wp\/v2\/types\/post"}],"author":[{"embeddable":true,"href":"https:\/\/quehacerpolitico.mx\/index.php?rest_route=\/wp\/v2\/users\/2"}],"replies":[{"embeddable":true,"href":"https:\/\/quehacerpolitico.mx\/index.php?rest_route=%2Fwp%2Fv2%2Fcomments&post=106634"}],"version-history":[{"count":1,"href":"https:\/\/quehacerpolitico.mx\/index.php?rest_route=\/wp\/v2\/posts\/106634\/revisions"}],"predecessor-version":[{"id":106636,"href":"https:\/\/quehacerpolitico.mx\/index.php?rest_route=\/wp\/v2\/posts\/106634\/revisions\/106636"}],"wp:featuredmedia":[{"embeddable":true,"href":"https:\/\/quehacerpolitico.mx\/index.php?rest_route=\/wp\/v2\/media\/106635"}],"wp:attachment":[{"href":"https:\/\/quehacerpolitico.mx\/index.php?rest_route=%2Fwp%2Fv2%2Fmedia&parent=106634"}],"wp:term":[{"taxonomy":"category","embeddable":true,"href":"https:\/\/quehacerpolitico.mx\/index.php?rest_route=%2Fwp%2Fv2%2Fcategories&post=106634"},{"taxonomy":"post_tag","embeddable":true,"href":"https:\/\/quehacerpolitico.mx\/index.php?rest_route=%2Fwp%2Fv2%2Ftags&post=106634"}],"curies":[{"name":"wp","href":"https:\/\/api.w.org\/{rel}","templated":true}]}}