{"id":106631,"date":"2023-11-28T15:12:42","date_gmt":"2023-11-28T15:12:42","guid":{"rendered":"https:\/\/quehacerpolitico.mx\/?p=106631"},"modified":"2023-11-28T15:12:46","modified_gmt":"2023-11-28T15:12:46","slug":"luis-rodriguez-bucio-subsecretario-de-seguridad-y-proteccion-ciudadana-sspc-senalo-a-una-jueza-por-beneficiar-a-nestor-isidro-perez-salas-alias-el-nini","status":"publish","type":"post","link":"https:\/\/quehacerpolitico.mx\/?p=106631","title":{"rendered":"Luis Rodr\u00edguez Bucio, subsecretario de Seguridad y Protecci\u00f3n Ciudadana (SSPC), se\u00f1al\u00f3 a una\u00a0jueza\u00a0por beneficiar a\u00a0N\u00e9stor Isidro P\u00e9rez Salas, alias\u00a0El Nini"},"content":{"rendered":"\n<p>Por Redacci\u00f3n QP<\/p>\n\n\n\n<p>Luis Rodr\u00edguez Bucio, subsecretario de SSPC, evidenci\u00f3 a la jueza Mar\u00eda del Carmen S\u00e1nchez por beneficiar a \u2018 El Nini \u2018<\/p>\n\n\n\n<p><strong>Luis Rodr\u00edguez Bucio<\/strong>, subsecretario de Seguridad y Protecci\u00f3n Ciudadana (SSPC), se\u00f1al\u00f3 a una\u00a0<strong>jueza<\/strong>\u00a0por beneficiar a\u00a0<strong>N\u00e9stor Isidro P\u00e9rez Salas<\/strong>, alias\u00a0<strong><em>El Nini<\/em><\/strong>, y se\u00f1alado por ser el jefe de seguridad de\u00a0<strong>Los Chapitos<\/strong>, por otorgarle una\u00a0<strong>suspensi\u00f3n<\/strong>\u00a0para evitar que fuera\u00a0extraditado a los\u00a0<strong>Estados Unidos<\/strong>.<\/p>\n\n\n\n<p>En la secci\u00f3n \u201cCero Impunidad\u201d, Rodr\u00edguez Bucio evidenci\u00f3 a\u00a0<strong>Mar\u00eda del Carmen S\u00e1nchez Cisneros<\/strong>, quien es jueza Cuarta de Distrito de Amparo en Materia Penal en la Ciudad de M\u00e9xico.<\/p>\n\n\n\n<figure class=\"wp-block-embed is-type-rich is-provider-twitter wp-block-embed-twitter\"><div class=\"wp-block-embed__wrapper\">\n<blockquote class=\"twitter-tweet\" data-width=\"550\" data-dnt=\"true\"><p lang=\"es\" dir=\"ltr\">N\u00e9stor Isidro &quot;el Nini&quot;, jefe de sicarios del C\u00e1rtel de Sinaloa, es requerido por las cortes de Columbia y Nueva York, Estados Unidos, por delitos de conspiraci\u00f3n y tr\u00e1fico de fentanilo. <a href=\"https:\/\/t.co\/e596wvaJ0c\">pic.twitter.com\/e596wvaJ0c<\/a><\/p>&mdash; Ruido en la Red (@RuidoEnLaRed) <a href=\"https:\/\/twitter.com\/RuidoEnLaRed\/status\/1729502251822006635?ref_src=twsrc%5Etfw\">November 28, 2023<\/a><\/blockquote><script async src=\"https:\/\/platform.twitter.com\/widgets.js\" charset=\"utf-8\"><\/script>\n<\/div><\/figure>\n\n\n\n<p>El caso de N\u00e9stor Isidro \u201cN\u201d, aqu\u00ed la jueza el mismo d\u00eda de la detenci\u00f3n el 22 de noviembre, de manera inmediata, le otorg\u00f3 una suspensi\u00f3n de plano en favor del detenido para evitar ser extraditado a EE.UU.\u201d, explic\u00f3.<\/p>\n\n\n\n<p>El subsecretario de Seguridad apunt\u00f3 que&nbsp;<em>El Nini<\/em>&nbsp;hab\u00eda manifestado actos de tortura e incomunicaci\u00f3n por parte de autoridades federales, sin embargo, se demostr\u00f3 que esto no fue as\u00ed.<\/p>\n\n\n\n<p>\u201cEl quejoso hab\u00eda manifestado en su amparo actos de tortura e incomunicaci\u00f3n, sin embargo el 22 de noviembre, el actuario de juzgado se cercior\u00f3 que el detenido se encontraba en buenas condiciones, no presentaba lesiones visibles, golpes o moretones y no hab\u00eda sufrido malos tratos\u201d, indic\u00f3.<\/p>\n\n\n\n<p>El jefe de seguridad de Los Chapitos, grupo de los cuatro hijos de&nbsp;<strong>Joaqu\u00edn&nbsp;<em>El Chapo&nbsp;<\/em>Guzm\u00e1n<\/strong>, y considerado uno de los criminales m\u00e1s buscados por EE.UU., est\u00e1 en detenci\u00f3n provisional en el&nbsp;<strong>Penal del Altiplano<\/strong>, en el Estado de M\u00e9xico, tras ser detenido el pasado mi\u00e9rcoles 22 de noviembre en la ciudad de Culiac\u00e1n, Sinaloa, en un operativo de las Fuerzas Armadas.<\/p>\n\n\n\n<p>Tras su detenci\u00f3n, el presidente estadounidense,&nbsp;<strong>Joe Biden<\/strong>, agradeci\u00f3 a su hom\u00f3logo mexicano&nbsp;<strong>Andr\u00e9s Manuel L\u00f3pez Obrador<\/strong>&nbsp;al recordar que durante casi tres a\u00f1os&nbsp;<em>El Nini<\/em>&nbsp;ha sido uno de los criminales m\u00e1s buscados por estar acusado de participar en el tr\u00e1fico il\u00edcito de&nbsp;<strong>fentanilo<\/strong>&nbsp;hacia Estados Unidos as\u00ed como de perpetrar acciones violentas.<\/p>\n\n\n\n<p>Pese a su aprehensi\u00f3n, su futuro jur\u00eddico es incierto porque el Juzgado Cuarto de Distrito en Materia Penal de la Ciudad de M\u00e9xico concedi\u00f3 el jueves un amparo para que ninguna autoridad \u201cejecute cualquier orden de extradici\u00f3n o deportaci\u00f3n de forma inmediata\u201d.<\/p>\n\n\n\n<p>La captura de P\u00e9rez trasciende porque ocurre despu\u00e9s de la extradici\u00f3n en septiembre a Estados Unidos de Ovidio Guzm\u00e1n, uno de los hijos del\u00a0<em>Chapo<\/em>\u00a0m\u00e1s buscados por Washington y detenido en enero pasado en Culiac\u00e1n.<\/p>\n","protected":false},"excerpt":{"rendered":"<p>Por Redacci\u00f3n QP Luis Rodr\u00edguez Bucio, subsecretario de SSPC, evidenci\u00f3 a la jueza Mar\u00eda del&#8230;<\/p>\n","protected":false},"author":2,"featured_media":106632,"comment_status":"open","ping_status":"open","sticky":false,"template":"","format":"standard","meta":{"_monsterinsights_skip_tracking":false,"_monsterinsights_sitenote_active":false,"_monsterinsights_sitenote_note":"","_monsterinsights_sitenote_category":0,"footnotes":""},"categories":[2],"tags":[],"class_list":["post-106631","post","type-post","status-publish","format-standard","has-post-thumbnail","hentry","category-noticias"],"yoast_head":"<!-- This site is optimized with the Yoast SEO plugin v27.3 - https:\/\/yoast.com\/product\/yoast-seo-wordpress\/ -->\n<title>Luis Rodr\u00edguez Bucio, subsecretario de Seguridad y Protecci\u00f3n Ciudadana (SSPC), se\u00f1al\u00f3 a una\u00a0jueza\u00a0por beneficiar a\u00a0N\u00e9stor Isidro P\u00e9rez Salas, alias\u00a0El Nini -<\/title>\n<meta name=\"robots\" content=\"index, follow, max-snippet:-1, max-image-preview:large, max-video-preview:-1\" \/>\n<link rel=\"canonical\" href=\"https:\/\/quehacerpolitico.mx\/?p=106631\" \/>\n<meta property=\"og:locale\" content=\"es_MX\" \/>\n<meta property=\"og:type\" content=\"article\" \/>\n<meta property=\"og:title\" content=\"Luis Rodr\u00edguez Bucio, subsecretario de Seguridad y Protecci\u00f3n Ciudadana (SSPC), se\u00f1al\u00f3 a una\u00a0jueza\u00a0por beneficiar a\u00a0N\u00e9stor Isidro P\u00e9rez Salas, alias\u00a0El Nini -\" \/>\n<meta property=\"og:description\" content=\"Por Redacci\u00f3n QP Luis Rodr\u00edguez Bucio, subsecretario de SSPC, evidenci\u00f3 a la jueza Mar\u00eda del...\" \/>\n<meta property=\"og:url\" content=\"https:\/\/quehacerpolitico.mx\/?p=106631\" \/>\n<meta property=\"article:published_time\" content=\"2023-11-28T15:12:42+00:00\" \/>\n<meta property=\"article:modified_time\" content=\"2023-11-28T15:12:46+00:00\" \/>\n<meta property=\"og:image\" content=\"https:\/\/quehacerpolitico.mx\/wp-content\/uploads\/2023\/11\/IMG_2252.jpeg\" \/>\n\t<meta property=\"og:image:width\" content=\"1002\" \/>\n\t<meta property=\"og:image:height\" content=\"561\" \/>\n\t<meta property=\"og:image:type\" content=\"image\/jpeg\" \/>\n<meta name=\"author\" content=\"Redacci\u00f3n QP\" \/>\n<meta name=\"twitter:card\" content=\"summary_large_image\" \/>\n<meta name=\"twitter:label1\" content=\"Escrito por\" \/>\n\t<meta name=\"twitter:data1\" content=\"Redacci\u00f3n QP\" \/>\n\t<meta name=\"twitter:label2\" content=\"Tiempo de lectura\" \/>\n\t<meta name=\"twitter:data2\" content=\"2 minutos\" \/>\n<script type=\"application\/ld+json\" class=\"yoast-schema-graph\">{\"@context\":\"https:\\\/\\\/schema.org\",\"@graph\":[{\"@type\":\"Article\",\"@id\":\"https:\\\/\\\/quehacerpolitico.mx\\\/?p=106631#article\",\"isPartOf\":{\"@id\":\"https:\\\/\\\/quehacerpolitico.mx\\\/?p=106631\"},\"author\":{\"name\":\"Redacci\u00f3n QP\",\"@id\":\"https:\\\/\\\/quehacerpolitico.mx\\\/#\\\/schema\\\/person\\\/496d8ad2d1d3f8036101dca7ee39e585\"},\"headline\":\"Luis Rodr\u00edguez Bucio, subsecretario de Seguridad y Protecci\u00f3n Ciudadana (SSPC), se\u00f1al\u00f3 a una\u00a0jueza\u00a0por beneficiar a\u00a0N\u00e9stor Isidro P\u00e9rez Salas, alias\u00a0El Nini\",\"datePublished\":\"2023-11-28T15:12:42+00:00\",\"dateModified\":\"2023-11-28T15:12:46+00:00\",\"mainEntityOfPage\":{\"@id\":\"https:\\\/\\\/quehacerpolitico.mx\\\/?p=106631\"},\"wordCount\":512,\"commentCount\":0,\"image\":{\"@id\":\"https:\\\/\\\/quehacerpolitico.mx\\\/?p=106631#primaryimage\"},\"thumbnailUrl\":\"https:\\\/\\\/quehacerpolitico.mx\\\/wp-content\\\/uploads\\\/2023\\\/11\\\/IMG_2252.jpeg\",\"articleSection\":[\"Noticias\"],\"inLanguage\":\"es\",\"potentialAction\":[{\"@type\":\"CommentAction\",\"name\":\"Comment\",\"target\":[\"https:\\\/\\\/quehacerpolitico.mx\\\/?p=106631#respond\"]}]},{\"@type\":\"WebPage\",\"@id\":\"https:\\\/\\\/quehacerpolitico.mx\\\/?p=106631\",\"url\":\"https:\\\/\\\/quehacerpolitico.mx\\\/?p=106631\",\"name\":\"Luis Rodr\u00edguez Bucio, subsecretario de Seguridad y Protecci\u00f3n Ciudadana (SSPC), se\u00f1al\u00f3 a una\u00a0jueza\u00a0por beneficiar a\u00a0N\u00e9stor Isidro P\u00e9rez Salas, alias\u00a0El Nini -\",\"isPartOf\":{\"@id\":\"https:\\\/\\\/quehacerpolitico.mx\\\/#website\"},\"primaryImageOfPage\":{\"@id\":\"https:\\\/\\\/quehacerpolitico.mx\\\/?p=106631#primaryimage\"},\"image\":{\"@id\":\"https:\\\/\\\/quehacerpolitico.mx\\\/?p=106631#primaryimage\"},\"thumbnailUrl\":\"https:\\\/\\\/quehacerpolitico.mx\\\/wp-content\\\/uploads\\\/2023\\\/11\\\/IMG_2252.jpeg\",\"datePublished\":\"2023-11-28T15:12:42+00:00\",\"dateModified\":\"2023-11-28T15:12:46+00:00\",\"author\":{\"@id\":\"https:\\\/\\\/quehacerpolitico.mx\\\/#\\\/schema\\\/person\\\/496d8ad2d1d3f8036101dca7ee39e585\"},\"breadcrumb\":{\"@id\":\"https:\\\/\\\/quehacerpolitico.mx\\\/?p=106631#breadcrumb\"},\"inLanguage\":\"es\",\"potentialAction\":[{\"@type\":\"ReadAction\",\"target\":[\"https:\\\/\\\/quehacerpolitico.mx\\\/?p=106631\"]}]},{\"@type\":\"ImageObject\",\"inLanguage\":\"es\",\"@id\":\"https:\\\/\\\/quehacerpolitico.mx\\\/?p=106631#primaryimage\",\"url\":\"https:\\\/\\\/quehacerpolitico.mx\\\/wp-content\\\/uploads\\\/2023\\\/11\\\/IMG_2252.jpeg\",\"contentUrl\":\"https:\\\/\\\/quehacerpolitico.mx\\\/wp-content\\\/uploads\\\/2023\\\/11\\\/IMG_2252.jpeg\",\"width\":1002,\"height\":561},{\"@type\":\"BreadcrumbList\",\"@id\":\"https:\\\/\\\/quehacerpolitico.mx\\\/?p=106631#breadcrumb\",\"itemListElement\":[{\"@type\":\"ListItem\",\"position\":1,\"name\":\"Inicio\",\"item\":\"https:\\\/\\\/quehacerpolitico.mx\\\/\"},{\"@type\":\"ListItem\",\"position\":2,\"name\":\"Luis Rodr\u00edguez Bucio, subsecretario de Seguridad y Protecci\u00f3n Ciudadana (SSPC), se\u00f1al\u00f3 a una\u00a0jueza\u00a0por beneficiar a\u00a0N\u00e9stor Isidro P\u00e9rez Salas, alias\u00a0El Nini\"}]},{\"@type\":\"WebSite\",\"@id\":\"https:\\\/\\\/quehacerpolitico.mx\\\/#website\",\"url\":\"https:\\\/\\\/quehacerpolitico.mx\\\/\",\"name\":\"\",\"description\":\"\",\"potentialAction\":[{\"@type\":\"SearchAction\",\"target\":{\"@type\":\"EntryPoint\",\"urlTemplate\":\"https:\\\/\\\/quehacerpolitico.mx\\\/?s={search_term_string}\"},\"query-input\":{\"@type\":\"PropertyValueSpecification\",\"valueRequired\":true,\"valueName\":\"search_term_string\"}}],\"inLanguage\":\"es\"},{\"@type\":\"Person\",\"@id\":\"https:\\\/\\\/quehacerpolitico.mx\\\/#\\\/schema\\\/person\\\/496d8ad2d1d3f8036101dca7ee39e585\",\"name\":\"Redacci\u00f3n QP\",\"image\":{\"@type\":\"ImageObject\",\"inLanguage\":\"es\",\"@id\":\"https:\\\/\\\/secure.gravatar.com\\\/avatar\\\/c7164ed6fdec453195284ad24a5ae5b6e1eed2b848477fa2a4787ba9adf39a41?s=96&d=mm&r=g\",\"url\":\"https:\\\/\\\/secure.gravatar.com\\\/avatar\\\/c7164ed6fdec453195284ad24a5ae5b6e1eed2b848477fa2a4787ba9adf39a41?s=96&d=mm&r=g\",\"contentUrl\":\"https:\\\/\\\/secure.gravatar.com\\\/avatar\\\/c7164ed6fdec453195284ad24a5ae5b6e1eed2b848477fa2a4787ba9adf39a41?s=96&d=mm&r=g\",\"caption\":\"Redacci\u00f3n QP\"},\"url\":\"https:\\\/\\\/quehacerpolitico.mx\\\/?author=2\"}]}<\/script>\n<!-- \/ Yoast SEO plugin. -->","yoast_head_json":{"title":"Luis Rodr\u00edguez Bucio, subsecretario de Seguridad y Protecci\u00f3n Ciudadana (SSPC), se\u00f1al\u00f3 a una\u00a0jueza\u00a0por beneficiar a\u00a0N\u00e9stor Isidro P\u00e9rez Salas, alias\u00a0El Nini -","robots":{"index":"index","follow":"follow","max-snippet":"max-snippet:-1","max-image-preview":"max-image-preview:large","max-video-preview":"max-video-preview:-1"},"canonical":"https:\/\/quehacerpolitico.mx\/?p=106631","og_locale":"es_MX","og_type":"article","og_title":"Luis Rodr\u00edguez Bucio, subsecretario de Seguridad y Protecci\u00f3n Ciudadana (SSPC), se\u00f1al\u00f3 a una\u00a0jueza\u00a0por beneficiar a\u00a0N\u00e9stor Isidro P\u00e9rez Salas, alias\u00a0El Nini -","og_description":"Por Redacci\u00f3n QP Luis Rodr\u00edguez Bucio, subsecretario de SSPC, evidenci\u00f3 a la jueza Mar\u00eda del...","og_url":"https:\/\/quehacerpolitico.mx\/?p=106631","article_published_time":"2023-11-28T15:12:42+00:00","article_modified_time":"2023-11-28T15:12:46+00:00","og_image":[{"width":1002,"height":561,"url":"https:\/\/quehacerpolitico.mx\/wp-content\/uploads\/2023\/11\/IMG_2252.jpeg","type":"image\/jpeg"}],"author":"Redacci\u00f3n QP","twitter_card":"summary_large_image","twitter_misc":{"Escrito por":"Redacci\u00f3n QP","Tiempo de lectura":"2 minutos"},"schema":{"@context":"https:\/\/schema.org","@graph":[{"@type":"Article","@id":"https:\/\/quehacerpolitico.mx\/?p=106631#article","isPartOf":{"@id":"https:\/\/quehacerpolitico.mx\/?p=106631"},"author":{"name":"Redacci\u00f3n QP","@id":"https:\/\/quehacerpolitico.mx\/#\/schema\/person\/496d8ad2d1d3f8036101dca7ee39e585"},"headline":"Luis Rodr\u00edguez Bucio, subsecretario de Seguridad y Protecci\u00f3n Ciudadana (SSPC), se\u00f1al\u00f3 a una\u00a0jueza\u00a0por beneficiar a\u00a0N\u00e9stor Isidro P\u00e9rez Salas, alias\u00a0El Nini","datePublished":"2023-11-28T15:12:42+00:00","dateModified":"2023-11-28T15:12:46+00:00","mainEntityOfPage":{"@id":"https:\/\/quehacerpolitico.mx\/?p=106631"},"wordCount":512,"commentCount":0,"image":{"@id":"https:\/\/quehacerpolitico.mx\/?p=106631#primaryimage"},"thumbnailUrl":"https:\/\/quehacerpolitico.mx\/wp-content\/uploads\/2023\/11\/IMG_2252.jpeg","articleSection":["Noticias"],"inLanguage":"es","potentialAction":[{"@type":"CommentAction","name":"Comment","target":["https:\/\/quehacerpolitico.mx\/?p=106631#respond"]}]},{"@type":"WebPage","@id":"https:\/\/quehacerpolitico.mx\/?p=106631","url":"https:\/\/quehacerpolitico.mx\/?p=106631","name":"Luis Rodr\u00edguez Bucio, subsecretario de Seguridad y Protecci\u00f3n Ciudadana (SSPC), se\u00f1al\u00f3 a una\u00a0jueza\u00a0por beneficiar a\u00a0N\u00e9stor Isidro P\u00e9rez Salas, alias\u00a0El Nini -","isPartOf":{"@id":"https:\/\/quehacerpolitico.mx\/#website"},"primaryImageOfPage":{"@id":"https:\/\/quehacerpolitico.mx\/?p=106631#primaryimage"},"image":{"@id":"https:\/\/quehacerpolitico.mx\/?p=106631#primaryimage"},"thumbnailUrl":"https:\/\/quehacerpolitico.mx\/wp-content\/uploads\/2023\/11\/IMG_2252.jpeg","datePublished":"2023-11-28T15:12:42+00:00","dateModified":"2023-11-28T15:12:46+00:00","author":{"@id":"https:\/\/quehacerpolitico.mx\/#\/schema\/person\/496d8ad2d1d3f8036101dca7ee39e585"},"breadcrumb":{"@id":"https:\/\/quehacerpolitico.mx\/?p=106631#breadcrumb"},"inLanguage":"es","potentialAction":[{"@type":"ReadAction","target":["https:\/\/quehacerpolitico.mx\/?p=106631"]}]},{"@type":"ImageObject","inLanguage":"es","@id":"https:\/\/quehacerpolitico.mx\/?p=106631#primaryimage","url":"https:\/\/quehacerpolitico.mx\/wp-content\/uploads\/2023\/11\/IMG_2252.jpeg","contentUrl":"https:\/\/quehacerpolitico.mx\/wp-content\/uploads\/2023\/11\/IMG_2252.jpeg","width":1002,"height":561},{"@type":"BreadcrumbList","@id":"https:\/\/quehacerpolitico.mx\/?p=106631#breadcrumb","itemListElement":[{"@type":"ListItem","position":1,"name":"Inicio","item":"https:\/\/quehacerpolitico.mx\/"},{"@type":"ListItem","position":2,"name":"Luis Rodr\u00edguez Bucio, subsecretario de Seguridad y Protecci\u00f3n Ciudadana (SSPC), se\u00f1al\u00f3 a una\u00a0jueza\u00a0por beneficiar a\u00a0N\u00e9stor Isidro P\u00e9rez Salas, alias\u00a0El Nini"}]},{"@type":"WebSite","@id":"https:\/\/quehacerpolitico.mx\/#website","url":"https:\/\/quehacerpolitico.mx\/","name":"","description":"","potentialAction":[{"@type":"SearchAction","target":{"@type":"EntryPoint","urlTemplate":"https:\/\/quehacerpolitico.mx\/?s={search_term_string}"},"query-input":{"@type":"PropertyValueSpecification","valueRequired":true,"valueName":"search_term_string"}}],"inLanguage":"es"},{"@type":"Person","@id":"https:\/\/quehacerpolitico.mx\/#\/schema\/person\/496d8ad2d1d3f8036101dca7ee39e585","name":"Redacci\u00f3n QP","image":{"@type":"ImageObject","inLanguage":"es","@id":"https:\/\/secure.gravatar.com\/avatar\/c7164ed6fdec453195284ad24a5ae5b6e1eed2b848477fa2a4787ba9adf39a41?s=96&d=mm&r=g","url":"https:\/\/secure.gravatar.com\/avatar\/c7164ed6fdec453195284ad24a5ae5b6e1eed2b848477fa2a4787ba9adf39a41?s=96&d=mm&r=g","contentUrl":"https:\/\/secure.gravatar.com\/avatar\/c7164ed6fdec453195284ad24a5ae5b6e1eed2b848477fa2a4787ba9adf39a41?s=96&d=mm&r=g","caption":"Redacci\u00f3n QP"},"url":"https:\/\/quehacerpolitico.mx\/?author=2"}]}},"featured_image_urls":{"full":["https:\/\/quehacerpolitico.mx\/wp-content\/uploads\/2023\/11\/IMG_2252.jpeg",1002,561,false],"thumbnail":["https:\/\/quehacerpolitico.mx\/wp-content\/uploads\/2023\/11\/IMG_2252-150x150.jpeg",150,150,true],"medium":["https:\/\/quehacerpolitico.mx\/wp-content\/uploads\/2023\/11\/IMG_2252-300x168.jpeg",300,168,true],"medium_large":["https:\/\/quehacerpolitico.mx\/wp-content\/uploads\/2023\/11\/IMG_2252-768x430.jpeg",640,358,true],"large":["https:\/\/quehacerpolitico.mx\/wp-content\/uploads\/2023\/11\/IMG_2252.jpeg",640,358,false],"1536x1536":["https:\/\/quehacerpolitico.mx\/wp-content\/uploads\/2023\/11\/IMG_2252.jpeg",1002,561,false],"2048x2048":["https:\/\/quehacerpolitico.mx\/wp-content\/uploads\/2023\/11\/IMG_2252.jpeg",1002,561,false],"covernews-featured":["https:\/\/quehacerpolitico.mx\/wp-content\/uploads\/2023\/11\/IMG_2252.jpeg",1002,561,false],"covernews-medium":["https:\/\/quehacerpolitico.mx\/wp-content\/uploads\/2023\/11\/IMG_2252.jpeg",540,302,false]},"author_info":{"display_name":"Redacci\u00f3n QP","author_link":"https:\/\/quehacerpolitico.mx\/?author=2"},"category_info":"<a href=\"https:\/\/quehacerpolitico.mx\/?cat=2\" rel=\"category\">Noticias<\/a>","tag_info":"Noticias","comment_count":"0","_links":{"self":[{"href":"https:\/\/quehacerpolitico.mx\/index.php?rest_route=\/wp\/v2\/posts\/106631","targetHints":{"allow":["GET"]}}],"collection":[{"href":"https:\/\/quehacerpolitico.mx\/index.php?rest_route=\/wp\/v2\/posts"}],"about":[{"href":"https:\/\/quehacerpolitico.mx\/index.php?rest_route=\/wp\/v2\/types\/post"}],"author":[{"embeddable":true,"href":"https:\/\/quehacerpolitico.mx\/index.php?rest_route=\/wp\/v2\/users\/2"}],"replies":[{"embeddable":true,"href":"https:\/\/quehacerpolitico.mx\/index.php?rest_route=%2Fwp%2Fv2%2Fcomments&post=106631"}],"version-history":[{"count":1,"href":"https:\/\/quehacerpolitico.mx\/index.php?rest_route=\/wp\/v2\/posts\/106631\/revisions"}],"predecessor-version":[{"id":106633,"href":"https:\/\/quehacerpolitico.mx\/index.php?rest_route=\/wp\/v2\/posts\/106631\/revisions\/106633"}],"wp:featuredmedia":[{"embeddable":true,"href":"https:\/\/quehacerpolitico.mx\/index.php?rest_route=\/wp\/v2\/media\/106632"}],"wp:attachment":[{"href":"https:\/\/quehacerpolitico.mx\/index.php?rest_route=%2Fwp%2Fv2%2Fmedia&parent=106631"}],"wp:term":[{"taxonomy":"category","embeddable":true,"href":"https:\/\/quehacerpolitico.mx\/index.php?rest_route=%2Fwp%2Fv2%2Fcategories&post=106631"},{"taxonomy":"post_tag","embeddable":true,"href":"https:\/\/quehacerpolitico.mx\/index.php?rest_route=%2Fwp%2Fv2%2Ftags&post=106631"}],"curies":[{"name":"wp","href":"https:\/\/api.w.org\/{rel}","templated":true}]}}