{"id":106617,"date":"2023-11-27T18:32:34","date_gmt":"2023-11-27T18:32:34","guid":{"rendered":"https:\/\/quehacerpolitico.mx\/?p=106617"},"modified":"2023-11-27T18:32:37","modified_gmt":"2023-11-27T18:32:37","slug":"amlo-revela-pago-de-2-mil-mdp-por-los-almacenes-para-la-superfarmacia","status":"publish","type":"post","link":"https:\/\/quehacerpolitico.mx\/?p=106617","title":{"rendered":"AMLO revela pago de 2 mil mdp por los almacenes para la &#8220;superfarmacia&#8221;"},"content":{"rendered":"\n<p>&#8220;Est\u00e1 vac\u00eda porque la acabamos de comprar&#8221;, dice<\/p>\n\n\n\n<p>Por Redacci\u00f3n QP<\/p>\n\n\n\n<p>El presidente L\u00f3pez Obrador indic\u00f3 que se compraron tres almacenes a una tienda departamental para tener lista la superfarmacia<\/p>\n\n\n\n<p><strong>Andres Manuel L\u00f3pez Obrador<\/strong>, presidente de M\u00e9xico, revel\u00f3 que pagaron unos\u00a0<strong>dos mil millones de pesos<\/strong>\u00a0por los almacenes en donde se ubicar\u00e1 la\u00a0<strong>superfarmacia<\/strong>\u00a0de\u00a0<strong>medicamentos<\/strong>.<\/p>\n\n\n\n<p>En la conferencia matutina de Palacio Nacional, L\u00f3pez Obrador indic\u00f3 que se compraron tres almacenes a una tienda departamental para tener lista la superfarmacia, que se espera sea inaugurada en diciembre pr\u00f3ximo.<\/p>\n\n\n\n<p>Que era un almac\u00e9n de Liverpool, pues s\u00ed, es un almac\u00e9n de Liverpool que se compr\u00f3 no solo un almac\u00e9n, son como dos o tres almacenes que se compraron como, no s\u00e9, alrededor de dos mil millones de pesos\u201d, se\u00f1al\u00f3.<\/p>\n\n\n\n<figure class=\"wp-block-embed is-type-rich is-provider-twitter wp-block-embed-twitter\"><div class=\"wp-block-embed__wrapper\">\n<blockquote class=\"twitter-tweet\" data-width=\"550\" data-dnt=\"true\"><p lang=\"es\" dir=\"ltr\">AMLO revela pago de 2 mil mdp \ud83d\udcb0 por los almacenes para la &quot;superfarmacia&quot;\ud83d\udc8a<br><br>&quot;Est\u00e1 vac\u00eda porque la acabamos de comprar&quot;, dice <a href=\"https:\/\/t.co\/1cphY21bVb\">pic.twitter.com\/1cphY21bVb<\/a><\/p>&mdash; Manuel Lopez San Martin (@MLopezSanMartin) <a href=\"https:\/\/twitter.com\/MLopezSanMartin\/status\/1729163964033151272?ref_src=twsrc%5Etfw\">November 27, 2023<\/a><\/blockquote><script async src=\"https:\/\/platform.twitter.com\/widgets.js\" charset=\"utf-8\"><\/script>\n<\/div><\/figure>\n\n\n\n<p>\u201cEstamos hablando de como cinco z\u00f3calos techados, imag\u00ednense, para tener todos los medicamentos\u201d, puntualiz\u00f3 en el Sal\u00f3n Tesoerer\u00eda.<\/p>\n\n\n\n<p>El mandatario mexicano detall\u00f3 que se entreg\u00f3 el 10 por ciento del anticipo a la em,presa y que las instalaciones ya est\u00e1n en poder del Gobierno federal.<\/p>\n\n\n\n<p>Se hizo un aval\u00fao porque as\u00ed tiene que ser de acuerdo a los procedimientos legales, y se lleg\u00f3 al acuerdo de adquirirlo, ya se entreg\u00f3 el 10%, ya se firm\u00f3 el convenio de compra-venta, ya nos entregaron las instalaciones, ya se acord\u00f3 que se paga totalmente en febrero\u201d, subray\u00f3.<\/p>\n\n\n\n<p>\u201cDesde ahora ya se est\u00e1 trabajando para adaptarlo y desde luego que ya tenemos medicinas en otros almacenes tanto del Seguro (IMSS) como del ISSSTE, como de la Secretar\u00eda de Salud y ya se est\u00e1n adquiriendo otros\u201d, manifest\u00f3.<\/p>\n\n\n\n<p>La semana pasada, el Gobierno federal inform\u00f3 que el\u00a0pr\u00f3ximo 30 de diciembre podr\u00eda ser\u00a0<strong>inaugurada<\/strong>\u00a0la la\u00a0<strong>superfarmacia<\/strong>, que abastecer\u00e1 de\u00a0<strong>medicamentos<\/strong>\u00a0a todos el pa\u00eds y que se encontrar\u00e1 en el\u00a0Estado de M\u00e9xico.<\/p>\n\n\n\n<p>Dicha instalaci\u00f3n estar\u00e1 ubicada en una zona de Huehuetoca, y que tendr\u00e1 un eficiente sistema de comunicaci\u00f3n y transporte para trasladarse a todo el pa\u00eds.<\/p>\n\n\n\n<p>\u201cEn diciembre vamos a inaugurar ya la gran farmacia, que va a contar con todos los medicamentos que se requieren, todos los medicamentos\u201d, dijo el mandatario mexicano.<\/p>\n\n\n\n<p>Ser\u00e1&nbsp;<strong>Laboratorios de Biol\u00f3gicos y Reactivos de M\u00e9xico<\/strong>&nbsp;(<strong>Birmex<\/strong>) la empresa que se va a encargar de esta farmacia, actualmente dirigida por el general&nbsp;<strong>Jens Pedro Lohmann<\/strong>.<\/p>\n","protected":false},"excerpt":{"rendered":"<p>&#8220;Est\u00e1 vac\u00eda porque la acabamos de comprar&#8221;, dice Por Redacci\u00f3n QP El presidente L\u00f3pez Obrador&#8230;<\/p>\n","protected":false},"author":2,"featured_media":106618,"comment_status":"open","ping_status":"open","sticky":false,"template":"","format":"standard","meta":{"_monsterinsights_skip_tracking":false,"_monsterinsights_sitenote_active":false,"_monsterinsights_sitenote_note":"","_monsterinsights_sitenote_category":0,"footnotes":""},"categories":[2],"tags":[],"class_list":["post-106617","post","type-post","status-publish","format-standard","has-post-thumbnail","hentry","category-noticias"],"yoast_head":"<!-- This site is optimized with the Yoast SEO plugin v27.3 - https:\/\/yoast.com\/product\/yoast-seo-wordpress\/ -->\n<title>AMLO revela pago de 2 mil mdp por los almacenes para la &quot;superfarmacia&quot; -<\/title>\n<meta name=\"robots\" content=\"index, follow, max-snippet:-1, max-image-preview:large, max-video-preview:-1\" \/>\n<link rel=\"canonical\" href=\"https:\/\/quehacerpolitico.mx\/?p=106617\" \/>\n<meta property=\"og:locale\" content=\"es_MX\" \/>\n<meta property=\"og:type\" content=\"article\" \/>\n<meta property=\"og:title\" content=\"AMLO revela pago de 2 mil mdp por los almacenes para la &quot;superfarmacia&quot; -\" \/>\n<meta property=\"og:description\" content=\"&#8220;Est\u00e1 vac\u00eda porque la acabamos de comprar&#8221;, dice Por Redacci\u00f3n QP El presidente L\u00f3pez Obrador...\" \/>\n<meta property=\"og:url\" content=\"https:\/\/quehacerpolitico.mx\/?p=106617\" \/>\n<meta property=\"article:published_time\" content=\"2023-11-27T18:32:34+00:00\" \/>\n<meta property=\"article:modified_time\" content=\"2023-11-27T18:32:37+00:00\" \/>\n<meta property=\"og:image\" content=\"https:\/\/quehacerpolitico.mx\/wp-content\/uploads\/2023\/11\/IMG_2235.jpeg\" \/>\n\t<meta property=\"og:image:width\" content=\"1284\" \/>\n\t<meta property=\"og:image:height\" content=\"704\" \/>\n\t<meta property=\"og:image:type\" content=\"image\/jpeg\" \/>\n<meta name=\"author\" content=\"Redacci\u00f3n QP\" \/>\n<meta name=\"twitter:card\" content=\"summary_large_image\" \/>\n<meta name=\"twitter:label1\" content=\"Escrito por\" \/>\n\t<meta name=\"twitter:data1\" content=\"Redacci\u00f3n QP\" \/>\n\t<meta name=\"twitter:label2\" content=\"Tiempo de lectura\" \/>\n\t<meta name=\"twitter:data2\" content=\"2 minutos\" \/>\n<script type=\"application\/ld+json\" class=\"yoast-schema-graph\">{\"@context\":\"https:\\\/\\\/schema.org\",\"@graph\":[{\"@type\":\"Article\",\"@id\":\"https:\\\/\\\/quehacerpolitico.mx\\\/?p=106617#article\",\"isPartOf\":{\"@id\":\"https:\\\/\\\/quehacerpolitico.mx\\\/?p=106617\"},\"author\":{\"name\":\"Redacci\u00f3n QP\",\"@id\":\"https:\\\/\\\/quehacerpolitico.mx\\\/#\\\/schema\\\/person\\\/496d8ad2d1d3f8036101dca7ee39e585\"},\"headline\":\"AMLO revela pago de 2 mil mdp por los almacenes para la &#8220;superfarmacia&#8221;\",\"datePublished\":\"2023-11-27T18:32:34+00:00\",\"dateModified\":\"2023-11-27T18:32:37+00:00\",\"mainEntityOfPage\":{\"@id\":\"https:\\\/\\\/quehacerpolitico.mx\\\/?p=106617\"},\"wordCount\":428,\"commentCount\":0,\"image\":{\"@id\":\"https:\\\/\\\/quehacerpolitico.mx\\\/?p=106617#primaryimage\"},\"thumbnailUrl\":\"https:\\\/\\\/quehacerpolitico.mx\\\/wp-content\\\/uploads\\\/2023\\\/11\\\/IMG_2235.jpeg\",\"articleSection\":[\"Noticias\"],\"inLanguage\":\"es\",\"potentialAction\":[{\"@type\":\"CommentAction\",\"name\":\"Comment\",\"target\":[\"https:\\\/\\\/quehacerpolitico.mx\\\/?p=106617#respond\"]}]},{\"@type\":\"WebPage\",\"@id\":\"https:\\\/\\\/quehacerpolitico.mx\\\/?p=106617\",\"url\":\"https:\\\/\\\/quehacerpolitico.mx\\\/?p=106617\",\"name\":\"AMLO revela pago de 2 mil mdp por los almacenes para la \\\"superfarmacia\\\" -\",\"isPartOf\":{\"@id\":\"https:\\\/\\\/quehacerpolitico.mx\\\/#website\"},\"primaryImageOfPage\":{\"@id\":\"https:\\\/\\\/quehacerpolitico.mx\\\/?p=106617#primaryimage\"},\"image\":{\"@id\":\"https:\\\/\\\/quehacerpolitico.mx\\\/?p=106617#primaryimage\"},\"thumbnailUrl\":\"https:\\\/\\\/quehacerpolitico.mx\\\/wp-content\\\/uploads\\\/2023\\\/11\\\/IMG_2235.jpeg\",\"datePublished\":\"2023-11-27T18:32:34+00:00\",\"dateModified\":\"2023-11-27T18:32:37+00:00\",\"author\":{\"@id\":\"https:\\\/\\\/quehacerpolitico.mx\\\/#\\\/schema\\\/person\\\/496d8ad2d1d3f8036101dca7ee39e585\"},\"breadcrumb\":{\"@id\":\"https:\\\/\\\/quehacerpolitico.mx\\\/?p=106617#breadcrumb\"},\"inLanguage\":\"es\",\"potentialAction\":[{\"@type\":\"ReadAction\",\"target\":[\"https:\\\/\\\/quehacerpolitico.mx\\\/?p=106617\"]}]},{\"@type\":\"ImageObject\",\"inLanguage\":\"es\",\"@id\":\"https:\\\/\\\/quehacerpolitico.mx\\\/?p=106617#primaryimage\",\"url\":\"https:\\\/\\\/quehacerpolitico.mx\\\/wp-content\\\/uploads\\\/2023\\\/11\\\/IMG_2235.jpeg\",\"contentUrl\":\"https:\\\/\\\/quehacerpolitico.mx\\\/wp-content\\\/uploads\\\/2023\\\/11\\\/IMG_2235.jpeg\",\"width\":1284,\"height\":704},{\"@type\":\"BreadcrumbList\",\"@id\":\"https:\\\/\\\/quehacerpolitico.mx\\\/?p=106617#breadcrumb\",\"itemListElement\":[{\"@type\":\"ListItem\",\"position\":1,\"name\":\"Inicio\",\"item\":\"https:\\\/\\\/quehacerpolitico.mx\\\/\"},{\"@type\":\"ListItem\",\"position\":2,\"name\":\"AMLO revela pago de 2 mil mdp por los almacenes para la &#8220;superfarmacia&#8221;\"}]},{\"@type\":\"WebSite\",\"@id\":\"https:\\\/\\\/quehacerpolitico.mx\\\/#website\",\"url\":\"https:\\\/\\\/quehacerpolitico.mx\\\/\",\"name\":\"\",\"description\":\"\",\"potentialAction\":[{\"@type\":\"SearchAction\",\"target\":{\"@type\":\"EntryPoint\",\"urlTemplate\":\"https:\\\/\\\/quehacerpolitico.mx\\\/?s={search_term_string}\"},\"query-input\":{\"@type\":\"PropertyValueSpecification\",\"valueRequired\":true,\"valueName\":\"search_term_string\"}}],\"inLanguage\":\"es\"},{\"@type\":\"Person\",\"@id\":\"https:\\\/\\\/quehacerpolitico.mx\\\/#\\\/schema\\\/person\\\/496d8ad2d1d3f8036101dca7ee39e585\",\"name\":\"Redacci\u00f3n QP\",\"image\":{\"@type\":\"ImageObject\",\"inLanguage\":\"es\",\"@id\":\"https:\\\/\\\/secure.gravatar.com\\\/avatar\\\/c7164ed6fdec453195284ad24a5ae5b6e1eed2b848477fa2a4787ba9adf39a41?s=96&d=mm&r=g\",\"url\":\"https:\\\/\\\/secure.gravatar.com\\\/avatar\\\/c7164ed6fdec453195284ad24a5ae5b6e1eed2b848477fa2a4787ba9adf39a41?s=96&d=mm&r=g\",\"contentUrl\":\"https:\\\/\\\/secure.gravatar.com\\\/avatar\\\/c7164ed6fdec453195284ad24a5ae5b6e1eed2b848477fa2a4787ba9adf39a41?s=96&d=mm&r=g\",\"caption\":\"Redacci\u00f3n QP\"},\"url\":\"https:\\\/\\\/quehacerpolitico.mx\\\/?author=2\"}]}<\/script>\n<!-- \/ Yoast SEO plugin. -->","yoast_head_json":{"title":"AMLO revela pago de 2 mil mdp por los almacenes para la \"superfarmacia\" -","robots":{"index":"index","follow":"follow","max-snippet":"max-snippet:-1","max-image-preview":"max-image-preview:large","max-video-preview":"max-video-preview:-1"},"canonical":"https:\/\/quehacerpolitico.mx\/?p=106617","og_locale":"es_MX","og_type":"article","og_title":"AMLO revela pago de 2 mil mdp por los almacenes para la \"superfarmacia\" -","og_description":"&#8220;Est\u00e1 vac\u00eda porque la acabamos de comprar&#8221;, dice Por Redacci\u00f3n QP El presidente L\u00f3pez Obrador...","og_url":"https:\/\/quehacerpolitico.mx\/?p=106617","article_published_time":"2023-11-27T18:32:34+00:00","article_modified_time":"2023-11-27T18:32:37+00:00","og_image":[{"width":1284,"height":704,"url":"https:\/\/quehacerpolitico.mx\/wp-content\/uploads\/2023\/11\/IMG_2235.jpeg","type":"image\/jpeg"}],"author":"Redacci\u00f3n QP","twitter_card":"summary_large_image","twitter_misc":{"Escrito por":"Redacci\u00f3n QP","Tiempo de lectura":"2 minutos"},"schema":{"@context":"https:\/\/schema.org","@graph":[{"@type":"Article","@id":"https:\/\/quehacerpolitico.mx\/?p=106617#article","isPartOf":{"@id":"https:\/\/quehacerpolitico.mx\/?p=106617"},"author":{"name":"Redacci\u00f3n QP","@id":"https:\/\/quehacerpolitico.mx\/#\/schema\/person\/496d8ad2d1d3f8036101dca7ee39e585"},"headline":"AMLO revela pago de 2 mil mdp por los almacenes para la &#8220;superfarmacia&#8221;","datePublished":"2023-11-27T18:32:34+00:00","dateModified":"2023-11-27T18:32:37+00:00","mainEntityOfPage":{"@id":"https:\/\/quehacerpolitico.mx\/?p=106617"},"wordCount":428,"commentCount":0,"image":{"@id":"https:\/\/quehacerpolitico.mx\/?p=106617#primaryimage"},"thumbnailUrl":"https:\/\/quehacerpolitico.mx\/wp-content\/uploads\/2023\/11\/IMG_2235.jpeg","articleSection":["Noticias"],"inLanguage":"es","potentialAction":[{"@type":"CommentAction","name":"Comment","target":["https:\/\/quehacerpolitico.mx\/?p=106617#respond"]}]},{"@type":"WebPage","@id":"https:\/\/quehacerpolitico.mx\/?p=106617","url":"https:\/\/quehacerpolitico.mx\/?p=106617","name":"AMLO revela pago de 2 mil mdp por los almacenes para la \"superfarmacia\" -","isPartOf":{"@id":"https:\/\/quehacerpolitico.mx\/#website"},"primaryImageOfPage":{"@id":"https:\/\/quehacerpolitico.mx\/?p=106617#primaryimage"},"image":{"@id":"https:\/\/quehacerpolitico.mx\/?p=106617#primaryimage"},"thumbnailUrl":"https:\/\/quehacerpolitico.mx\/wp-content\/uploads\/2023\/11\/IMG_2235.jpeg","datePublished":"2023-11-27T18:32:34+00:00","dateModified":"2023-11-27T18:32:37+00:00","author":{"@id":"https:\/\/quehacerpolitico.mx\/#\/schema\/person\/496d8ad2d1d3f8036101dca7ee39e585"},"breadcrumb":{"@id":"https:\/\/quehacerpolitico.mx\/?p=106617#breadcrumb"},"inLanguage":"es","potentialAction":[{"@type":"ReadAction","target":["https:\/\/quehacerpolitico.mx\/?p=106617"]}]},{"@type":"ImageObject","inLanguage":"es","@id":"https:\/\/quehacerpolitico.mx\/?p=106617#primaryimage","url":"https:\/\/quehacerpolitico.mx\/wp-content\/uploads\/2023\/11\/IMG_2235.jpeg","contentUrl":"https:\/\/quehacerpolitico.mx\/wp-content\/uploads\/2023\/11\/IMG_2235.jpeg","width":1284,"height":704},{"@type":"BreadcrumbList","@id":"https:\/\/quehacerpolitico.mx\/?p=106617#breadcrumb","itemListElement":[{"@type":"ListItem","position":1,"name":"Inicio","item":"https:\/\/quehacerpolitico.mx\/"},{"@type":"ListItem","position":2,"name":"AMLO revela pago de 2 mil mdp por los almacenes para la &#8220;superfarmacia&#8221;"}]},{"@type":"WebSite","@id":"https:\/\/quehacerpolitico.mx\/#website","url":"https:\/\/quehacerpolitico.mx\/","name":"","description":"","potentialAction":[{"@type":"SearchAction","target":{"@type":"EntryPoint","urlTemplate":"https:\/\/quehacerpolitico.mx\/?s={search_term_string}"},"query-input":{"@type":"PropertyValueSpecification","valueRequired":true,"valueName":"search_term_string"}}],"inLanguage":"es"},{"@type":"Person","@id":"https:\/\/quehacerpolitico.mx\/#\/schema\/person\/496d8ad2d1d3f8036101dca7ee39e585","name":"Redacci\u00f3n QP","image":{"@type":"ImageObject","inLanguage":"es","@id":"https:\/\/secure.gravatar.com\/avatar\/c7164ed6fdec453195284ad24a5ae5b6e1eed2b848477fa2a4787ba9adf39a41?s=96&d=mm&r=g","url":"https:\/\/secure.gravatar.com\/avatar\/c7164ed6fdec453195284ad24a5ae5b6e1eed2b848477fa2a4787ba9adf39a41?s=96&d=mm&r=g","contentUrl":"https:\/\/secure.gravatar.com\/avatar\/c7164ed6fdec453195284ad24a5ae5b6e1eed2b848477fa2a4787ba9adf39a41?s=96&d=mm&r=g","caption":"Redacci\u00f3n QP"},"url":"https:\/\/quehacerpolitico.mx\/?author=2"}]}},"featured_image_urls":{"full":["https:\/\/quehacerpolitico.mx\/wp-content\/uploads\/2023\/11\/IMG_2235.jpeg",1284,704,false],"thumbnail":["https:\/\/quehacerpolitico.mx\/wp-content\/uploads\/2023\/11\/IMG_2235-150x150.jpeg",150,150,true],"medium":["https:\/\/quehacerpolitico.mx\/wp-content\/uploads\/2023\/11\/IMG_2235-300x164.jpeg",300,164,true],"medium_large":["https:\/\/quehacerpolitico.mx\/wp-content\/uploads\/2023\/11\/IMG_2235-768x421.jpeg",640,351,true],"large":["https:\/\/quehacerpolitico.mx\/wp-content\/uploads\/2023\/11\/IMG_2235-1024x561.jpeg",640,351,true],"1536x1536":["https:\/\/quehacerpolitico.mx\/wp-content\/uploads\/2023\/11\/IMG_2235.jpeg",1284,704,false],"2048x2048":["https:\/\/quehacerpolitico.mx\/wp-content\/uploads\/2023\/11\/IMG_2235.jpeg",1284,704,false],"covernews-featured":["https:\/\/quehacerpolitico.mx\/wp-content\/uploads\/2023\/11\/IMG_2235.jpeg",1024,561,false],"covernews-medium":["https:\/\/quehacerpolitico.mx\/wp-content\/uploads\/2023\/11\/IMG_2235.jpeg",540,296,false]},"author_info":{"display_name":"Redacci\u00f3n QP","author_link":"https:\/\/quehacerpolitico.mx\/?author=2"},"category_info":"<a href=\"https:\/\/quehacerpolitico.mx\/?cat=2\" rel=\"category\">Noticias<\/a>","tag_info":"Noticias","comment_count":"0","_links":{"self":[{"href":"https:\/\/quehacerpolitico.mx\/index.php?rest_route=\/wp\/v2\/posts\/106617","targetHints":{"allow":["GET"]}}],"collection":[{"href":"https:\/\/quehacerpolitico.mx\/index.php?rest_route=\/wp\/v2\/posts"}],"about":[{"href":"https:\/\/quehacerpolitico.mx\/index.php?rest_route=\/wp\/v2\/types\/post"}],"author":[{"embeddable":true,"href":"https:\/\/quehacerpolitico.mx\/index.php?rest_route=\/wp\/v2\/users\/2"}],"replies":[{"embeddable":true,"href":"https:\/\/quehacerpolitico.mx\/index.php?rest_route=%2Fwp%2Fv2%2Fcomments&post=106617"}],"version-history":[{"count":1,"href":"https:\/\/quehacerpolitico.mx\/index.php?rest_route=\/wp\/v2\/posts\/106617\/revisions"}],"predecessor-version":[{"id":106619,"href":"https:\/\/quehacerpolitico.mx\/index.php?rest_route=\/wp\/v2\/posts\/106617\/revisions\/106619"}],"wp:featuredmedia":[{"embeddable":true,"href":"https:\/\/quehacerpolitico.mx\/index.php?rest_route=\/wp\/v2\/media\/106618"}],"wp:attachment":[{"href":"https:\/\/quehacerpolitico.mx\/index.php?rest_route=%2Fwp%2Fv2%2Fmedia&parent=106617"}],"wp:term":[{"taxonomy":"category","embeddable":true,"href":"https:\/\/quehacerpolitico.mx\/index.php?rest_route=%2Fwp%2Fv2%2Fcategories&post=106617"},{"taxonomy":"post_tag","embeddable":true,"href":"https:\/\/quehacerpolitico.mx\/index.php?rest_route=%2Fwp%2Fv2%2Ftags&post=106617"}],"curies":[{"name":"wp","href":"https:\/\/api.w.org\/{rel}","templated":true}]}}