{"id":106611,"date":"2023-11-27T18:06:36","date_gmt":"2023-11-27T18:06:36","guid":{"rendered":"https:\/\/quehacerpolitico.mx\/?p=106611"},"modified":"2023-11-27T18:06:39","modified_gmt":"2023-11-27T18:06:39","slug":"la-tasa-de-desempleo-en-mexico-se-situo-en-3-por-ciento-en-el-tercer-trimestre-de-2023-menor-a-la-de-3-4-por-ciento-del-mismo-lapso-de-2022","status":"publish","type":"post","link":"https:\/\/quehacerpolitico.mx\/?p=106611","title":{"rendered":"La\u00a0tasa de desempleo\u00a0en\u00a0M\u00e9xico\u00a0se situ\u00f3 en 3 por ciento en el tercer trimestre de 2023, menor a la de 3.4 por ciento del mismo lapso de 2022"},"content":{"rendered":"\n<p>Por Redacci\u00f3n QP<\/p>\n\n\n\n<p>El Inegi report\u00f3 que 1.8 millones de personas permanecieron desocupadas en M\u00e9xico durante el tercer trimestre del a\u00f1o<\/p>\n\n\n\n<p>La<strong>&nbsp;tasa de desempleo<\/strong>&nbsp;en&nbsp;<strong>M\u00e9xico<\/strong>&nbsp;se situ\u00f3 en 3 por ciento en el tercer trimestre de 2023, menor a la de 3.4 por ciento del mismo lapso de 2022, aunque por encima de la de 2.8 por ciento de abril a junio pasados, inform\u00f3 el Instituto Nacional de Estad\u00edstica y Geograf\u00eda (Inegi).<\/p>\n\n\n\n<p>\u201cUn total de 59.2 millones de personas se encontraban ocupadas: 1.7 millones m\u00e1s en relaci\u00f3n con el tercer trimestre de 2022\u201d, indic\u00f3 el organismo aut\u00f3nomo en su\u00a0reporte sobre la Encuesta nacional de ocupaci\u00f3n y empleo (ENOE).<\/p>\n\n\n\n<figure class=\"wp-block-embed is-type-rich is-provider-twitter wp-block-embed-twitter\"><div class=\"wp-block-embed__wrapper\">\n<blockquote class=\"twitter-tweet\" data-width=\"550\" data-dnt=\"true\"><p lang=\"es\" dir=\"ltr\">La Encuesta Nacional de Ocupaci\u00f3n y Empleo <a href=\"https:\/\/twitter.com\/hashtag\/ENOE?src=hash&amp;ref_src=twsrc%5Etfw\">#ENOE<\/a> ofrece informaci\u00f3n sobre el mercado laboral, con datos de la fuerza de trabajo, la ocupaci\u00f3n, la informalidad laboral, la subocupaci\u00f3n y la desocupaci\u00f3n. <br><br>\ud83d\udcc4 Consulta el comunicado de prensa: <a href=\"https:\/\/t.co\/jzjb8arBV4\">https:\/\/t.co\/jzjb8arBV4<\/a><br><br>(3\/3)<\/p>&mdash; INEGI INFORMA (@INEGI_INFORMA) <a href=\"https:\/\/twitter.com\/INEGI_INFORMA\/status\/1729108540843814996?ref_src=twsrc%5Etfw\">November 27, 2023<\/a><\/blockquote><script async src=\"https:\/\/platform.twitter.com\/widgets.js\" charset=\"utf-8\"><\/script>\n<\/div><\/figure>\n\n\n\n<p>La\u00a0<strong>poblaci\u00f3n econ\u00f3micamente activa<\/strong>\u00a0(PEA) totaliz\u00f3 61 millones de personas, un aumento de 1.5 millones frente al mismo lapso de 2022, cuando miles de personas a\u00fan estaban fuera del mercado laboral por el impacto de la pandemia.<\/p>\n\n\n\n<p>Los principales aumentos interanuales de empleos se concentraron en los servicios diversos, con una subida de 473 mil personas; en servicios financieros, profesionales y corporativos, con 333 mil, y en el comercio, con 308 mil.<\/p>\n\n\n\n<figure class=\"wp-block-embed is-type-rich is-provider-twitter wp-block-embed-twitter\"><div class=\"wp-block-embed__wrapper\">\n<blockquote class=\"twitter-tweet\" data-width=\"550\" data-dnt=\"true\"><p lang=\"es\" dir=\"ltr\">De acuerdo con la <a href=\"https:\/\/twitter.com\/hashtag\/ENOE?src=hash&amp;ref_src=twsrc%5Etfw\">#ENOE<\/a>, en el tercer trimestre de 2023:<br><br>\ud83d\udd39 La Poblaci\u00f3n Econ\u00f3micamente Activa <a href=\"https:\/\/twitter.com\/hashtag\/PEA?src=hash&amp;ref_src=twsrc%5Etfw\">#PEA<\/a> fue de 61 millones de personas (60.6% de la poblaci\u00f3n de 15 a\u00f1os y m\u00e1s):<br><br>\ud83d\udeb9 36.2 millones<br>\ud83d\udeba 24.8 millones<br><br>\ud83d\udd39Hab\u00eda de 59.2 millones de personas ocupadas <a href=\"https:\/\/twitter.com\/hashtag\/PO?src=hash&amp;ref_src=twsrc%5Etfw\">#PO<\/a>. <br><br>(1\/3) <a href=\"https:\/\/t.co\/Nf49LtUWmk\">pic.twitter.com\/Nf49LtUWmk<\/a><\/p>&mdash; INEGI INFORMA (@INEGI_INFORMA) <a href=\"https:\/\/twitter.com\/INEGI_INFORMA\/status\/1729108355484922283?ref_src=twsrc%5Etfw\">November 27, 2023<\/a><\/blockquote><script async src=\"https:\/\/platform.twitter.com\/widgets.js\" charset=\"utf-8\"><\/script>\n<\/div><\/figure>\n\n\n\n<p>A\u00fan as\u00ed, 1.8 millones de personas permanecieron desocupadas y 4.7 millones de personas estuvieron subocupadas, es decir, que reportaron tener la necesidad y voluntad de trabajar m\u00e1s horas.<\/p>\n\n\n\n<h3 class=\"wp-block-heading\">&nbsp;M\u00e1s informalidad<\/h3>\n\n\n\n<p>Asimismo, el instituto report\u00f3 un incremento interanual de 680 mil trabajadores en el sector informal, que concentr\u00f3 32.6 millones de personas.<\/p>\n\n\n\n<p>De esta manera, la\u00a0<strong>tasa de informalidad<\/strong>\u00a0qued\u00f3 en 55.1 por ciento de la fuerza laboral total.<\/p>\n\n\n\n<p>Por g\u00e9nero, el 76.1 por ciento de los hombres est\u00e1n en el mercado laboral, un incremento de 0.1 puntos porcentuales ante el mismo trimestre de 2022, y solo 46.4 por ciento de las mujeres est\u00e1n en la fuerza laboral, un aumento interanual de 1.3 puntos.<\/p>\n\n\n\n<p>Por sector, el instituto detall\u00f3 que 11.3 por ciento del total de trabajadores est\u00e1n en actividades primarias, el 24.9 por ciento en secundarias o industriales, y 63.1 por ciento est\u00e1n en terciarias o servicios.<\/p>\n\n\n\n<p>El restante 0.7 por ciento no especific\u00f3 su actividad econ\u00f3mica.<\/p>\n\n\n\n<p>Por regiones, las entidades que durante el tercer trimestre de 2023 tuvieron las<strong>&nbsp;tasas de desocupaci\u00f3n<\/strong>&nbsp;m\u00e1s altas fueron Ciudad de M\u00e9xico (4.1 por ciento), el Estado de M\u00e9xico (4 por ciento) y Tabasco (4 por ciento).<\/p>\n\n\n\n<p>Las cifras son un reflejo del comportamiento econ\u00f3mico de M\u00e9xico, que creci\u00f3 3.3 por ciento anual en el tercer trimestre de 2023 y un 1.1 por ciento trimestral, con lo que acumula una subida de 3.4 por ciento en lo que va del a\u00f1o, seg\u00fan los datos definitivos que el Inegi difundi\u00f3 el viernes pasado.<\/p>\n\n\n\n<p>Con informaci\u00f3n de EFE<\/p>\n","protected":false},"excerpt":{"rendered":"<p>Por Redacci\u00f3n QP El Inegi report\u00f3 que 1.8 millones de personas permanecieron desocupadas en M\u00e9xico&#8230;<\/p>\n","protected":false},"author":2,"featured_media":106612,"comment_status":"open","ping_status":"open","sticky":false,"template":"","format":"standard","meta":{"_monsterinsights_skip_tracking":false,"_monsterinsights_sitenote_active":false,"_monsterinsights_sitenote_note":"","_monsterinsights_sitenote_category":0,"footnotes":""},"categories":[56],"tags":[],"class_list":["post-106611","post","type-post","status-publish","format-standard","has-post-thumbnail","hentry","category-economia"],"yoast_head":"<!-- This site is optimized with the Yoast SEO plugin v27.3 - https:\/\/yoast.com\/product\/yoast-seo-wordpress\/ -->\n<title>La\u00a0tasa de desempleo\u00a0en\u00a0M\u00e9xico\u00a0se situ\u00f3 en 3 por ciento en el tercer trimestre de 2023, menor a la de 3.4 por ciento del mismo lapso de 2022 -<\/title>\n<meta name=\"robots\" content=\"index, follow, max-snippet:-1, max-image-preview:large, max-video-preview:-1\" \/>\n<link rel=\"canonical\" href=\"https:\/\/quehacerpolitico.mx\/?p=106611\" \/>\n<meta property=\"og:locale\" content=\"es_MX\" \/>\n<meta property=\"og:type\" content=\"article\" \/>\n<meta property=\"og:title\" content=\"La\u00a0tasa de desempleo\u00a0en\u00a0M\u00e9xico\u00a0se situ\u00f3 en 3 por ciento en el tercer trimestre de 2023, menor a la de 3.4 por ciento del mismo lapso de 2022 -\" \/>\n<meta property=\"og:description\" content=\"Por Redacci\u00f3n QP El Inegi report\u00f3 que 1.8 millones de personas permanecieron desocupadas en M\u00e9xico...\" \/>\n<meta property=\"og:url\" content=\"https:\/\/quehacerpolitico.mx\/?p=106611\" \/>\n<meta property=\"article:published_time\" content=\"2023-11-27T18:06:36+00:00\" \/>\n<meta property=\"article:modified_time\" content=\"2023-11-27T18:06:39+00:00\" \/>\n<meta property=\"og:image\" content=\"https:\/\/quehacerpolitico.mx\/wp-content\/uploads\/2023\/11\/IMG_2232.jpeg\" \/>\n\t<meta property=\"og:image:width\" content=\"701\" \/>\n\t<meta property=\"og:image:height\" content=\"438\" \/>\n\t<meta property=\"og:image:type\" content=\"image\/jpeg\" \/>\n<meta name=\"author\" content=\"Redacci\u00f3n QP\" \/>\n<meta name=\"twitter:card\" content=\"summary_large_image\" \/>\n<meta name=\"twitter:label1\" content=\"Escrito por\" \/>\n\t<meta name=\"twitter:data1\" content=\"Redacci\u00f3n QP\" \/>\n\t<meta name=\"twitter:label2\" content=\"Tiempo de lectura\" \/>\n\t<meta name=\"twitter:data2\" content=\"2 minutos\" \/>\n<script type=\"application\/ld+json\" class=\"yoast-schema-graph\">{\"@context\":\"https:\\\/\\\/schema.org\",\"@graph\":[{\"@type\":\"Article\",\"@id\":\"https:\\\/\\\/quehacerpolitico.mx\\\/?p=106611#article\",\"isPartOf\":{\"@id\":\"https:\\\/\\\/quehacerpolitico.mx\\\/?p=106611\"},\"author\":{\"name\":\"Redacci\u00f3n QP\",\"@id\":\"https:\\\/\\\/quehacerpolitico.mx\\\/#\\\/schema\\\/person\\\/496d8ad2d1d3f8036101dca7ee39e585\"},\"headline\":\"La\u00a0tasa de desempleo\u00a0en\u00a0M\u00e9xico\u00a0se situ\u00f3 en 3 por ciento en el tercer trimestre de 2023, menor a la de 3.4 por ciento del mismo lapso de 2022\",\"datePublished\":\"2023-11-27T18:06:36+00:00\",\"dateModified\":\"2023-11-27T18:06:39+00:00\",\"mainEntityOfPage\":{\"@id\":\"https:\\\/\\\/quehacerpolitico.mx\\\/?p=106611\"},\"wordCount\":488,\"commentCount\":0,\"image\":{\"@id\":\"https:\\\/\\\/quehacerpolitico.mx\\\/?p=106611#primaryimage\"},\"thumbnailUrl\":\"https:\\\/\\\/quehacerpolitico.mx\\\/wp-content\\\/uploads\\\/2023\\\/11\\\/IMG_2232.jpeg\",\"articleSection\":[\"Econom\u00eda\"],\"inLanguage\":\"es\",\"potentialAction\":[{\"@type\":\"CommentAction\",\"name\":\"Comment\",\"target\":[\"https:\\\/\\\/quehacerpolitico.mx\\\/?p=106611#respond\"]}]},{\"@type\":\"WebPage\",\"@id\":\"https:\\\/\\\/quehacerpolitico.mx\\\/?p=106611\",\"url\":\"https:\\\/\\\/quehacerpolitico.mx\\\/?p=106611\",\"name\":\"La\u00a0tasa de desempleo\u00a0en\u00a0M\u00e9xico\u00a0se situ\u00f3 en 3 por ciento en el tercer trimestre de 2023, menor a la de 3.4 por ciento del mismo lapso de 2022 -\",\"isPartOf\":{\"@id\":\"https:\\\/\\\/quehacerpolitico.mx\\\/#website\"},\"primaryImageOfPage\":{\"@id\":\"https:\\\/\\\/quehacerpolitico.mx\\\/?p=106611#primaryimage\"},\"image\":{\"@id\":\"https:\\\/\\\/quehacerpolitico.mx\\\/?p=106611#primaryimage\"},\"thumbnailUrl\":\"https:\\\/\\\/quehacerpolitico.mx\\\/wp-content\\\/uploads\\\/2023\\\/11\\\/IMG_2232.jpeg\",\"datePublished\":\"2023-11-27T18:06:36+00:00\",\"dateModified\":\"2023-11-27T18:06:39+00:00\",\"author\":{\"@id\":\"https:\\\/\\\/quehacerpolitico.mx\\\/#\\\/schema\\\/person\\\/496d8ad2d1d3f8036101dca7ee39e585\"},\"breadcrumb\":{\"@id\":\"https:\\\/\\\/quehacerpolitico.mx\\\/?p=106611#breadcrumb\"},\"inLanguage\":\"es\",\"potentialAction\":[{\"@type\":\"ReadAction\",\"target\":[\"https:\\\/\\\/quehacerpolitico.mx\\\/?p=106611\"]}]},{\"@type\":\"ImageObject\",\"inLanguage\":\"es\",\"@id\":\"https:\\\/\\\/quehacerpolitico.mx\\\/?p=106611#primaryimage\",\"url\":\"https:\\\/\\\/quehacerpolitico.mx\\\/wp-content\\\/uploads\\\/2023\\\/11\\\/IMG_2232.jpeg\",\"contentUrl\":\"https:\\\/\\\/quehacerpolitico.mx\\\/wp-content\\\/uploads\\\/2023\\\/11\\\/IMG_2232.jpeg\",\"width\":701,\"height\":438},{\"@type\":\"BreadcrumbList\",\"@id\":\"https:\\\/\\\/quehacerpolitico.mx\\\/?p=106611#breadcrumb\",\"itemListElement\":[{\"@type\":\"ListItem\",\"position\":1,\"name\":\"Inicio\",\"item\":\"https:\\\/\\\/quehacerpolitico.mx\\\/\"},{\"@type\":\"ListItem\",\"position\":2,\"name\":\"La\u00a0tasa de desempleo\u00a0en\u00a0M\u00e9xico\u00a0se situ\u00f3 en 3 por ciento en el tercer trimestre de 2023, menor a la de 3.4 por ciento del mismo lapso de 2022\"}]},{\"@type\":\"WebSite\",\"@id\":\"https:\\\/\\\/quehacerpolitico.mx\\\/#website\",\"url\":\"https:\\\/\\\/quehacerpolitico.mx\\\/\",\"name\":\"\",\"description\":\"\",\"potentialAction\":[{\"@type\":\"SearchAction\",\"target\":{\"@type\":\"EntryPoint\",\"urlTemplate\":\"https:\\\/\\\/quehacerpolitico.mx\\\/?s={search_term_string}\"},\"query-input\":{\"@type\":\"PropertyValueSpecification\",\"valueRequired\":true,\"valueName\":\"search_term_string\"}}],\"inLanguage\":\"es\"},{\"@type\":\"Person\",\"@id\":\"https:\\\/\\\/quehacerpolitico.mx\\\/#\\\/schema\\\/person\\\/496d8ad2d1d3f8036101dca7ee39e585\",\"name\":\"Redacci\u00f3n QP\",\"image\":{\"@type\":\"ImageObject\",\"inLanguage\":\"es\",\"@id\":\"https:\\\/\\\/secure.gravatar.com\\\/avatar\\\/c7164ed6fdec453195284ad24a5ae5b6e1eed2b848477fa2a4787ba9adf39a41?s=96&d=mm&r=g\",\"url\":\"https:\\\/\\\/secure.gravatar.com\\\/avatar\\\/c7164ed6fdec453195284ad24a5ae5b6e1eed2b848477fa2a4787ba9adf39a41?s=96&d=mm&r=g\",\"contentUrl\":\"https:\\\/\\\/secure.gravatar.com\\\/avatar\\\/c7164ed6fdec453195284ad24a5ae5b6e1eed2b848477fa2a4787ba9adf39a41?s=96&d=mm&r=g\",\"caption\":\"Redacci\u00f3n QP\"},\"url\":\"https:\\\/\\\/quehacerpolitico.mx\\\/?author=2\"}]}<\/script>\n<!-- \/ Yoast SEO plugin. -->","yoast_head_json":{"title":"La\u00a0tasa de desempleo\u00a0en\u00a0M\u00e9xico\u00a0se situ\u00f3 en 3 por ciento en el tercer trimestre de 2023, menor a la de 3.4 por ciento del mismo lapso de 2022 -","robots":{"index":"index","follow":"follow","max-snippet":"max-snippet:-1","max-image-preview":"max-image-preview:large","max-video-preview":"max-video-preview:-1"},"canonical":"https:\/\/quehacerpolitico.mx\/?p=106611","og_locale":"es_MX","og_type":"article","og_title":"La\u00a0tasa de desempleo\u00a0en\u00a0M\u00e9xico\u00a0se situ\u00f3 en 3 por ciento en el tercer trimestre de 2023, menor a la de 3.4 por ciento del mismo lapso de 2022 -","og_description":"Por Redacci\u00f3n QP El Inegi report\u00f3 que 1.8 millones de personas permanecieron desocupadas en M\u00e9xico...","og_url":"https:\/\/quehacerpolitico.mx\/?p=106611","article_published_time":"2023-11-27T18:06:36+00:00","article_modified_time":"2023-11-27T18:06:39+00:00","og_image":[{"width":701,"height":438,"url":"https:\/\/quehacerpolitico.mx\/wp-content\/uploads\/2023\/11\/IMG_2232.jpeg","type":"image\/jpeg"}],"author":"Redacci\u00f3n QP","twitter_card":"summary_large_image","twitter_misc":{"Escrito por":"Redacci\u00f3n QP","Tiempo de lectura":"2 minutos"},"schema":{"@context":"https:\/\/schema.org","@graph":[{"@type":"Article","@id":"https:\/\/quehacerpolitico.mx\/?p=106611#article","isPartOf":{"@id":"https:\/\/quehacerpolitico.mx\/?p=106611"},"author":{"name":"Redacci\u00f3n QP","@id":"https:\/\/quehacerpolitico.mx\/#\/schema\/person\/496d8ad2d1d3f8036101dca7ee39e585"},"headline":"La\u00a0tasa de desempleo\u00a0en\u00a0M\u00e9xico\u00a0se situ\u00f3 en 3 por ciento en el tercer trimestre de 2023, menor a la de 3.4 por ciento del mismo lapso de 2022","datePublished":"2023-11-27T18:06:36+00:00","dateModified":"2023-11-27T18:06:39+00:00","mainEntityOfPage":{"@id":"https:\/\/quehacerpolitico.mx\/?p=106611"},"wordCount":488,"commentCount":0,"image":{"@id":"https:\/\/quehacerpolitico.mx\/?p=106611#primaryimage"},"thumbnailUrl":"https:\/\/quehacerpolitico.mx\/wp-content\/uploads\/2023\/11\/IMG_2232.jpeg","articleSection":["Econom\u00eda"],"inLanguage":"es","potentialAction":[{"@type":"CommentAction","name":"Comment","target":["https:\/\/quehacerpolitico.mx\/?p=106611#respond"]}]},{"@type":"WebPage","@id":"https:\/\/quehacerpolitico.mx\/?p=106611","url":"https:\/\/quehacerpolitico.mx\/?p=106611","name":"La\u00a0tasa de desempleo\u00a0en\u00a0M\u00e9xico\u00a0se situ\u00f3 en 3 por ciento en el tercer trimestre de 2023, menor a la de 3.4 por ciento del mismo lapso de 2022 -","isPartOf":{"@id":"https:\/\/quehacerpolitico.mx\/#website"},"primaryImageOfPage":{"@id":"https:\/\/quehacerpolitico.mx\/?p=106611#primaryimage"},"image":{"@id":"https:\/\/quehacerpolitico.mx\/?p=106611#primaryimage"},"thumbnailUrl":"https:\/\/quehacerpolitico.mx\/wp-content\/uploads\/2023\/11\/IMG_2232.jpeg","datePublished":"2023-11-27T18:06:36+00:00","dateModified":"2023-11-27T18:06:39+00:00","author":{"@id":"https:\/\/quehacerpolitico.mx\/#\/schema\/person\/496d8ad2d1d3f8036101dca7ee39e585"},"breadcrumb":{"@id":"https:\/\/quehacerpolitico.mx\/?p=106611#breadcrumb"},"inLanguage":"es","potentialAction":[{"@type":"ReadAction","target":["https:\/\/quehacerpolitico.mx\/?p=106611"]}]},{"@type":"ImageObject","inLanguage":"es","@id":"https:\/\/quehacerpolitico.mx\/?p=106611#primaryimage","url":"https:\/\/quehacerpolitico.mx\/wp-content\/uploads\/2023\/11\/IMG_2232.jpeg","contentUrl":"https:\/\/quehacerpolitico.mx\/wp-content\/uploads\/2023\/11\/IMG_2232.jpeg","width":701,"height":438},{"@type":"BreadcrumbList","@id":"https:\/\/quehacerpolitico.mx\/?p=106611#breadcrumb","itemListElement":[{"@type":"ListItem","position":1,"name":"Inicio","item":"https:\/\/quehacerpolitico.mx\/"},{"@type":"ListItem","position":2,"name":"La\u00a0tasa de desempleo\u00a0en\u00a0M\u00e9xico\u00a0se situ\u00f3 en 3 por ciento en el tercer trimestre de 2023, menor a la de 3.4 por ciento del mismo lapso de 2022"}]},{"@type":"WebSite","@id":"https:\/\/quehacerpolitico.mx\/#website","url":"https:\/\/quehacerpolitico.mx\/","name":"","description":"","potentialAction":[{"@type":"SearchAction","target":{"@type":"EntryPoint","urlTemplate":"https:\/\/quehacerpolitico.mx\/?s={search_term_string}"},"query-input":{"@type":"PropertyValueSpecification","valueRequired":true,"valueName":"search_term_string"}}],"inLanguage":"es"},{"@type":"Person","@id":"https:\/\/quehacerpolitico.mx\/#\/schema\/person\/496d8ad2d1d3f8036101dca7ee39e585","name":"Redacci\u00f3n QP","image":{"@type":"ImageObject","inLanguage":"es","@id":"https:\/\/secure.gravatar.com\/avatar\/c7164ed6fdec453195284ad24a5ae5b6e1eed2b848477fa2a4787ba9adf39a41?s=96&d=mm&r=g","url":"https:\/\/secure.gravatar.com\/avatar\/c7164ed6fdec453195284ad24a5ae5b6e1eed2b848477fa2a4787ba9adf39a41?s=96&d=mm&r=g","contentUrl":"https:\/\/secure.gravatar.com\/avatar\/c7164ed6fdec453195284ad24a5ae5b6e1eed2b848477fa2a4787ba9adf39a41?s=96&d=mm&r=g","caption":"Redacci\u00f3n QP"},"url":"https:\/\/quehacerpolitico.mx\/?author=2"}]}},"featured_image_urls":{"full":["https:\/\/quehacerpolitico.mx\/wp-content\/uploads\/2023\/11\/IMG_2232.jpeg",701,438,false],"thumbnail":["https:\/\/quehacerpolitico.mx\/wp-content\/uploads\/2023\/11\/IMG_2232-150x150.jpeg",150,150,true],"medium":["https:\/\/quehacerpolitico.mx\/wp-content\/uploads\/2023\/11\/IMG_2232-300x187.jpeg",300,187,true],"medium_large":["https:\/\/quehacerpolitico.mx\/wp-content\/uploads\/2023\/11\/IMG_2232.jpeg",640,400,false],"large":["https:\/\/quehacerpolitico.mx\/wp-content\/uploads\/2023\/11\/IMG_2232.jpeg",640,400,false],"1536x1536":["https:\/\/quehacerpolitico.mx\/wp-content\/uploads\/2023\/11\/IMG_2232.jpeg",701,438,false],"2048x2048":["https:\/\/quehacerpolitico.mx\/wp-content\/uploads\/2023\/11\/IMG_2232.jpeg",701,438,false],"covernews-featured":["https:\/\/quehacerpolitico.mx\/wp-content\/uploads\/2023\/11\/IMG_2232.jpeg",701,438,false],"covernews-medium":["https:\/\/quehacerpolitico.mx\/wp-content\/uploads\/2023\/11\/IMG_2232.jpeg",540,337,false]},"author_info":{"display_name":"Redacci\u00f3n QP","author_link":"https:\/\/quehacerpolitico.mx\/?author=2"},"category_info":"<a href=\"https:\/\/quehacerpolitico.mx\/?cat=56\" rel=\"category\">Econom\u00eda<\/a>","tag_info":"Econom\u00eda","comment_count":"0","_links":{"self":[{"href":"https:\/\/quehacerpolitico.mx\/index.php?rest_route=\/wp\/v2\/posts\/106611","targetHints":{"allow":["GET"]}}],"collection":[{"href":"https:\/\/quehacerpolitico.mx\/index.php?rest_route=\/wp\/v2\/posts"}],"about":[{"href":"https:\/\/quehacerpolitico.mx\/index.php?rest_route=\/wp\/v2\/types\/post"}],"author":[{"embeddable":true,"href":"https:\/\/quehacerpolitico.mx\/index.php?rest_route=\/wp\/v2\/users\/2"}],"replies":[{"embeddable":true,"href":"https:\/\/quehacerpolitico.mx\/index.php?rest_route=%2Fwp%2Fv2%2Fcomments&post=106611"}],"version-history":[{"count":1,"href":"https:\/\/quehacerpolitico.mx\/index.php?rest_route=\/wp\/v2\/posts\/106611\/revisions"}],"predecessor-version":[{"id":106613,"href":"https:\/\/quehacerpolitico.mx\/index.php?rest_route=\/wp\/v2\/posts\/106611\/revisions\/106613"}],"wp:featuredmedia":[{"embeddable":true,"href":"https:\/\/quehacerpolitico.mx\/index.php?rest_route=\/wp\/v2\/media\/106612"}],"wp:attachment":[{"href":"https:\/\/quehacerpolitico.mx\/index.php?rest_route=%2Fwp%2Fv2%2Fmedia&parent=106611"}],"wp:term":[{"taxonomy":"category","embeddable":true,"href":"https:\/\/quehacerpolitico.mx\/index.php?rest_route=%2Fwp%2Fv2%2Fcategories&post=106611"},{"taxonomy":"post_tag","embeddable":true,"href":"https:\/\/quehacerpolitico.mx\/index.php?rest_route=%2Fwp%2Fv2%2Ftags&post=106611"}],"curies":[{"name":"wp","href":"https:\/\/api.w.org\/{rel}","templated":true}]}}