{"id":106608,"date":"2023-11-27T17:41:06","date_gmt":"2023-11-27T17:41:06","guid":{"rendered":"https:\/\/quehacerpolitico.mx\/?p=106608"},"modified":"2023-11-27T17:41:08","modified_gmt":"2023-11-27T17:41:08","slug":"como-no-se-va-a-poder-amlo-insiste-en-la-eleccion-de-ministros-por-voto-popular","status":"publish","type":"post","link":"https:\/\/quehacerpolitico.mx\/?p=106608","title":{"rendered":"&#8220;\u00bfC\u00f3mo no se va a poder?&#8221; AMLO insiste en la elecci\u00f3n de ministros por voto popular"},"content":{"rendered":"\n<p>Por Redacci\u00f3n QP<\/p>\n\n\n\n<p>El presidente L\u00f3pez Obrador respondi\u00f3 a los ministros de la Corte que han opinado que no pueden ser elegidos por voto popular<\/p>\n\n\n\n<p>El presidente\u00a0<strong>Andres Manuel L\u00f3pez Obrador<\/strong>\u00a0rechaz\u00f3 las\u00a0declaraciones de\u00a0<strong>ministros<\/strong>\u00a0de la\u00a0<strong>Suprema Corte de Justicia de la Naci\u00f3n<\/strong>\u00a0(<strong>SCJN<\/strong>), en el sentido de que los integrantes del\u00a0<strong>Poder Judicial<\/strong>\u00a0sean elegidos mediante\u00a0<strong>voto popular<\/strong>.<\/p>\n\n\n\n<p>En la conferencia matutina de Palacio Nacional, L\u00f3pez Obrador indic\u00f3 que \u201csi a esas vamos\u201d, el presidente de la Rep\u00fablica y otros cargos de elecci\u00f3n popular deben ser electos por un consejo de sabihondos o por la oligarqu\u00eda del pa\u00eds.<\/p>\n\n\n\n<p>\u201cSi a esas vamos, pues no se podr\u00eda elegir al presidente de M\u00e9xico, porque se requiere un perfil especial que llevar\u00eda a que fuese electo por una especie de consejo de sabihondos, un consejo supremo de eminencias y no el pueblo, o que lo eligieran los oligarcas ya de manera descarada y que no pens\u00e1ramos en la democracia, sino en la oligarqu\u00eda que es el Gobierno de las minor\u00edas y para las minor\u00edas y no la democracia que es el Gobierno del pueblo y para el pueblo\u201d, dijo.<\/p>\n\n\n\n<p>\u00bfC\u00f3mo no se va a poder elegir a jueces, magistrados y ministros?\u201d, puntualiz\u00f3.<\/p>\n\n\n\n<figure class=\"wp-block-embed is-type-rich is-provider-twitter wp-block-embed-twitter\"><div class=\"wp-block-embed__wrapper\">\n<blockquote class=\"twitter-tweet\" data-width=\"550\" data-dnt=\"true\"><p lang=\"es\" dir=\"ltr\">&quot;\u00bfC\u00f3mo no se va a poder?&quot;<br><br>AMLO insiste en la elecci\u00f3n de ministros por voto<br><br>El fin de semana en la FIL, las ministras Loretta Ortiz y Margarita R\u00edos-Farjat, as\u00ed como el ministro Alberto P\u00e9rez Day\u00e1n calificaron de &quot;inviable&quot; la propuesta <a href=\"https:\/\/t.co\/HnsOQvdTjw\">pic.twitter.com\/HnsOQvdTjw<\/a><\/p>&mdash; Manuel Lopez San Martin (@MLopezSanMartin) <a href=\"https:\/\/twitter.com\/MLopezSanMartin\/status\/1729151568883384479?ref_src=twsrc%5Etfw\">November 27, 2023<\/a><\/blockquote><script async src=\"https:\/\/platform.twitter.com\/widgets.js\" charset=\"utf-8\"><\/script>\n<\/div><\/figure>\n\n\n\n<p>El mandatario mexicano se refiri\u00f3 a las declaraciones que realizaron las ministras&nbsp;<strong>Loretta Ortiz, Margarita R\u00edos Farjat<\/strong>&nbsp;y el ministro&nbsp;<strong>Alberto P\u00e9rez Dayan<\/strong>&nbsp;durante el seminario de la Suprema corte que se llev\u00f3 a cabo en la Feria Internacional del Libro (<strong>FIL<\/strong>) de&nbsp;<strong>Guadalajara 2023.<\/strong><\/p>\n\n\n\n<p>L\u00f3pez Obrador indic\u00f3 que se debe tener un procedimiento para elegir a jueces, magistrados y ministros, tal y como sucede en los cargos que son elegidos mediante voto popular.<\/p>\n\n\n\n<p>\u201cHay un procedimiento en todos los casos para elegir presidente municipales, gobernadores, diputados, senadores, presidentes de la Rep\u00fablica, hay que reunir ciertos requisitos, hasta de edad. Es lo mismo: se establecen los requisitos; tiene que tener como profesi\u00f3n la abogac\u00eda, tiene que tener tantos a\u00f1os de haber egresado de una escuela de derecho, tiene que haber demostrado en su trabajo en el sector privado, en el sector p\u00fablico, haberse desempe\u00f1ado con honestidad, tener experiencia en cuanto a la impartici\u00f3n de justicia, en fin, se ponen todos esos requisitos\u201d, dijo.<\/p>\n\n\n\n<p>\u201cLos ministros tienen derecho, como todos a dar su punto de vista y eso es bueno, es muy interesante. Ya ellos deben saber en que hubo un tiempo en que se leeg\u00edan de manera directa a los ministros de la Corte, incluso lo que es ahora el fiscal general, entonces el procurador era electo durante mucho tiempo, en la Constituci\u00f3n de 1957\u201d, agreg\u00f3.<\/p>\n\n\n\n<p>\u201cNo hay ning\u00fan problema, lo que les cuesta mucho a ciertos sectores de nuestra sociedad es entender de que el pueblo es el soberano, es el que manda y que no puede haber un sistema pol\u00edtico dominado por una \u00e9lite, que adem\u00e1s el pueblo es sabio, muchas veces saben m\u00e1s que nosotros, tienen un juicio pr\u00e1ctico que funciona muy bien, un instinto certero que a veces no lo tienen. los de m\u00e1s nivel acad\u00e9mico, no tienen sensibilidad y sobre todo no tienen amor y respeto al pueblo\u201d, indic\u00f3.<\/p>\n","protected":false},"excerpt":{"rendered":"<p>Por Redacci\u00f3n QP El presidente L\u00f3pez Obrador respondi\u00f3 a los ministros de la Corte que&#8230;<\/p>\n","protected":false},"author":2,"featured_media":106609,"comment_status":"open","ping_status":"open","sticky":false,"template":"","format":"standard","meta":{"_monsterinsights_skip_tracking":false,"_monsterinsights_sitenote_active":false,"_monsterinsights_sitenote_note":"","_monsterinsights_sitenote_category":0,"footnotes":""},"categories":[2],"tags":[],"class_list":["post-106608","post","type-post","status-publish","format-standard","has-post-thumbnail","hentry","category-noticias"],"yoast_head":"<!-- This site is optimized with the Yoast SEO plugin v27.3 - https:\/\/yoast.com\/product\/yoast-seo-wordpress\/ -->\n<title>&quot;\u00bfC\u00f3mo no se va a poder?&quot; AMLO insiste en la elecci\u00f3n de ministros por voto popular -<\/title>\n<meta name=\"robots\" content=\"index, follow, max-snippet:-1, max-image-preview:large, max-video-preview:-1\" \/>\n<link rel=\"canonical\" href=\"https:\/\/quehacerpolitico.mx\/?p=106608\" \/>\n<meta property=\"og:locale\" content=\"es_MX\" \/>\n<meta property=\"og:type\" content=\"article\" \/>\n<meta property=\"og:title\" content=\"&quot;\u00bfC\u00f3mo no se va a poder?&quot; AMLO insiste en la elecci\u00f3n de ministros por voto popular -\" \/>\n<meta property=\"og:description\" content=\"Por Redacci\u00f3n QP El presidente L\u00f3pez Obrador respondi\u00f3 a los ministros de la Corte que...\" \/>\n<meta property=\"og:url\" content=\"https:\/\/quehacerpolitico.mx\/?p=106608\" \/>\n<meta property=\"article:published_time\" content=\"2023-11-27T17:41:06+00:00\" \/>\n<meta property=\"article:modified_time\" content=\"2023-11-27T17:41:08+00:00\" \/>\n<meta property=\"og:image\" content=\"https:\/\/quehacerpolitico.mx\/wp-content\/uploads\/2023\/11\/IMG_2230.jpeg\" \/>\n\t<meta property=\"og:image:width\" content=\"1284\" \/>\n\t<meta property=\"og:image:height\" content=\"702\" \/>\n\t<meta property=\"og:image:type\" content=\"image\/jpeg\" \/>\n<meta name=\"author\" content=\"Redacci\u00f3n QP\" \/>\n<meta name=\"twitter:card\" content=\"summary_large_image\" \/>\n<meta name=\"twitter:label1\" content=\"Escrito por\" \/>\n\t<meta name=\"twitter:data1\" content=\"Redacci\u00f3n QP\" \/>\n\t<meta name=\"twitter:label2\" content=\"Tiempo de lectura\" \/>\n\t<meta name=\"twitter:data2\" content=\"3 minutos\" \/>\n<script type=\"application\/ld+json\" class=\"yoast-schema-graph\">{\"@context\":\"https:\\\/\\\/schema.org\",\"@graph\":[{\"@type\":\"Article\",\"@id\":\"https:\\\/\\\/quehacerpolitico.mx\\\/?p=106608#article\",\"isPartOf\":{\"@id\":\"https:\\\/\\\/quehacerpolitico.mx\\\/?p=106608\"},\"author\":{\"name\":\"Redacci\u00f3n QP\",\"@id\":\"https:\\\/\\\/quehacerpolitico.mx\\\/#\\\/schema\\\/person\\\/496d8ad2d1d3f8036101dca7ee39e585\"},\"headline\":\"&#8220;\u00bfC\u00f3mo no se va a poder?&#8221; AMLO insiste en la elecci\u00f3n de ministros por voto popular\",\"datePublished\":\"2023-11-27T17:41:06+00:00\",\"dateModified\":\"2023-11-27T17:41:08+00:00\",\"mainEntityOfPage\":{\"@id\":\"https:\\\/\\\/quehacerpolitico.mx\\\/?p=106608\"},\"wordCount\":584,\"commentCount\":0,\"image\":{\"@id\":\"https:\\\/\\\/quehacerpolitico.mx\\\/?p=106608#primaryimage\"},\"thumbnailUrl\":\"https:\\\/\\\/quehacerpolitico.mx\\\/wp-content\\\/uploads\\\/2023\\\/11\\\/IMG_2230.jpeg\",\"articleSection\":[\"Noticias\"],\"inLanguage\":\"es\",\"potentialAction\":[{\"@type\":\"CommentAction\",\"name\":\"Comment\",\"target\":[\"https:\\\/\\\/quehacerpolitico.mx\\\/?p=106608#respond\"]}]},{\"@type\":\"WebPage\",\"@id\":\"https:\\\/\\\/quehacerpolitico.mx\\\/?p=106608\",\"url\":\"https:\\\/\\\/quehacerpolitico.mx\\\/?p=106608\",\"name\":\"\\\"\u00bfC\u00f3mo no se va a poder?\\\" AMLO insiste en la elecci\u00f3n de ministros por voto popular -\",\"isPartOf\":{\"@id\":\"https:\\\/\\\/quehacerpolitico.mx\\\/#website\"},\"primaryImageOfPage\":{\"@id\":\"https:\\\/\\\/quehacerpolitico.mx\\\/?p=106608#primaryimage\"},\"image\":{\"@id\":\"https:\\\/\\\/quehacerpolitico.mx\\\/?p=106608#primaryimage\"},\"thumbnailUrl\":\"https:\\\/\\\/quehacerpolitico.mx\\\/wp-content\\\/uploads\\\/2023\\\/11\\\/IMG_2230.jpeg\",\"datePublished\":\"2023-11-27T17:41:06+00:00\",\"dateModified\":\"2023-11-27T17:41:08+00:00\",\"author\":{\"@id\":\"https:\\\/\\\/quehacerpolitico.mx\\\/#\\\/schema\\\/person\\\/496d8ad2d1d3f8036101dca7ee39e585\"},\"breadcrumb\":{\"@id\":\"https:\\\/\\\/quehacerpolitico.mx\\\/?p=106608#breadcrumb\"},\"inLanguage\":\"es\",\"potentialAction\":[{\"@type\":\"ReadAction\",\"target\":[\"https:\\\/\\\/quehacerpolitico.mx\\\/?p=106608\"]}]},{\"@type\":\"ImageObject\",\"inLanguage\":\"es\",\"@id\":\"https:\\\/\\\/quehacerpolitico.mx\\\/?p=106608#primaryimage\",\"url\":\"https:\\\/\\\/quehacerpolitico.mx\\\/wp-content\\\/uploads\\\/2023\\\/11\\\/IMG_2230.jpeg\",\"contentUrl\":\"https:\\\/\\\/quehacerpolitico.mx\\\/wp-content\\\/uploads\\\/2023\\\/11\\\/IMG_2230.jpeg\",\"width\":1284,\"height\":702},{\"@type\":\"BreadcrumbList\",\"@id\":\"https:\\\/\\\/quehacerpolitico.mx\\\/?p=106608#breadcrumb\",\"itemListElement\":[{\"@type\":\"ListItem\",\"position\":1,\"name\":\"Inicio\",\"item\":\"https:\\\/\\\/quehacerpolitico.mx\\\/\"},{\"@type\":\"ListItem\",\"position\":2,\"name\":\"&#8220;\u00bfC\u00f3mo no se va a poder?&#8221; AMLO insiste en la elecci\u00f3n de ministros por voto popular\"}]},{\"@type\":\"WebSite\",\"@id\":\"https:\\\/\\\/quehacerpolitico.mx\\\/#website\",\"url\":\"https:\\\/\\\/quehacerpolitico.mx\\\/\",\"name\":\"\",\"description\":\"\",\"potentialAction\":[{\"@type\":\"SearchAction\",\"target\":{\"@type\":\"EntryPoint\",\"urlTemplate\":\"https:\\\/\\\/quehacerpolitico.mx\\\/?s={search_term_string}\"},\"query-input\":{\"@type\":\"PropertyValueSpecification\",\"valueRequired\":true,\"valueName\":\"search_term_string\"}}],\"inLanguage\":\"es\"},{\"@type\":\"Person\",\"@id\":\"https:\\\/\\\/quehacerpolitico.mx\\\/#\\\/schema\\\/person\\\/496d8ad2d1d3f8036101dca7ee39e585\",\"name\":\"Redacci\u00f3n QP\",\"image\":{\"@type\":\"ImageObject\",\"inLanguage\":\"es\",\"@id\":\"https:\\\/\\\/secure.gravatar.com\\\/avatar\\\/c7164ed6fdec453195284ad24a5ae5b6e1eed2b848477fa2a4787ba9adf39a41?s=96&d=mm&r=g\",\"url\":\"https:\\\/\\\/secure.gravatar.com\\\/avatar\\\/c7164ed6fdec453195284ad24a5ae5b6e1eed2b848477fa2a4787ba9adf39a41?s=96&d=mm&r=g\",\"contentUrl\":\"https:\\\/\\\/secure.gravatar.com\\\/avatar\\\/c7164ed6fdec453195284ad24a5ae5b6e1eed2b848477fa2a4787ba9adf39a41?s=96&d=mm&r=g\",\"caption\":\"Redacci\u00f3n QP\"},\"url\":\"https:\\\/\\\/quehacerpolitico.mx\\\/?author=2\"}]}<\/script>\n<!-- \/ Yoast SEO plugin. -->","yoast_head_json":{"title":"\"\u00bfC\u00f3mo no se va a poder?\" AMLO insiste en la elecci\u00f3n de ministros por voto popular -","robots":{"index":"index","follow":"follow","max-snippet":"max-snippet:-1","max-image-preview":"max-image-preview:large","max-video-preview":"max-video-preview:-1"},"canonical":"https:\/\/quehacerpolitico.mx\/?p=106608","og_locale":"es_MX","og_type":"article","og_title":"\"\u00bfC\u00f3mo no se va a poder?\" AMLO insiste en la elecci\u00f3n de ministros por voto popular -","og_description":"Por Redacci\u00f3n QP El presidente L\u00f3pez Obrador respondi\u00f3 a los ministros de la Corte que...","og_url":"https:\/\/quehacerpolitico.mx\/?p=106608","article_published_time":"2023-11-27T17:41:06+00:00","article_modified_time":"2023-11-27T17:41:08+00:00","og_image":[{"width":1284,"height":702,"url":"https:\/\/quehacerpolitico.mx\/wp-content\/uploads\/2023\/11\/IMG_2230.jpeg","type":"image\/jpeg"}],"author":"Redacci\u00f3n QP","twitter_card":"summary_large_image","twitter_misc":{"Escrito por":"Redacci\u00f3n QP","Tiempo de lectura":"3 minutos"},"schema":{"@context":"https:\/\/schema.org","@graph":[{"@type":"Article","@id":"https:\/\/quehacerpolitico.mx\/?p=106608#article","isPartOf":{"@id":"https:\/\/quehacerpolitico.mx\/?p=106608"},"author":{"name":"Redacci\u00f3n QP","@id":"https:\/\/quehacerpolitico.mx\/#\/schema\/person\/496d8ad2d1d3f8036101dca7ee39e585"},"headline":"&#8220;\u00bfC\u00f3mo no se va a poder?&#8221; AMLO insiste en la elecci\u00f3n de ministros por voto popular","datePublished":"2023-11-27T17:41:06+00:00","dateModified":"2023-11-27T17:41:08+00:00","mainEntityOfPage":{"@id":"https:\/\/quehacerpolitico.mx\/?p=106608"},"wordCount":584,"commentCount":0,"image":{"@id":"https:\/\/quehacerpolitico.mx\/?p=106608#primaryimage"},"thumbnailUrl":"https:\/\/quehacerpolitico.mx\/wp-content\/uploads\/2023\/11\/IMG_2230.jpeg","articleSection":["Noticias"],"inLanguage":"es","potentialAction":[{"@type":"CommentAction","name":"Comment","target":["https:\/\/quehacerpolitico.mx\/?p=106608#respond"]}]},{"@type":"WebPage","@id":"https:\/\/quehacerpolitico.mx\/?p=106608","url":"https:\/\/quehacerpolitico.mx\/?p=106608","name":"\"\u00bfC\u00f3mo no se va a poder?\" AMLO insiste en la elecci\u00f3n de ministros por voto popular -","isPartOf":{"@id":"https:\/\/quehacerpolitico.mx\/#website"},"primaryImageOfPage":{"@id":"https:\/\/quehacerpolitico.mx\/?p=106608#primaryimage"},"image":{"@id":"https:\/\/quehacerpolitico.mx\/?p=106608#primaryimage"},"thumbnailUrl":"https:\/\/quehacerpolitico.mx\/wp-content\/uploads\/2023\/11\/IMG_2230.jpeg","datePublished":"2023-11-27T17:41:06+00:00","dateModified":"2023-11-27T17:41:08+00:00","author":{"@id":"https:\/\/quehacerpolitico.mx\/#\/schema\/person\/496d8ad2d1d3f8036101dca7ee39e585"},"breadcrumb":{"@id":"https:\/\/quehacerpolitico.mx\/?p=106608#breadcrumb"},"inLanguage":"es","potentialAction":[{"@type":"ReadAction","target":["https:\/\/quehacerpolitico.mx\/?p=106608"]}]},{"@type":"ImageObject","inLanguage":"es","@id":"https:\/\/quehacerpolitico.mx\/?p=106608#primaryimage","url":"https:\/\/quehacerpolitico.mx\/wp-content\/uploads\/2023\/11\/IMG_2230.jpeg","contentUrl":"https:\/\/quehacerpolitico.mx\/wp-content\/uploads\/2023\/11\/IMG_2230.jpeg","width":1284,"height":702},{"@type":"BreadcrumbList","@id":"https:\/\/quehacerpolitico.mx\/?p=106608#breadcrumb","itemListElement":[{"@type":"ListItem","position":1,"name":"Inicio","item":"https:\/\/quehacerpolitico.mx\/"},{"@type":"ListItem","position":2,"name":"&#8220;\u00bfC\u00f3mo no se va a poder?&#8221; AMLO insiste en la elecci\u00f3n de ministros por voto popular"}]},{"@type":"WebSite","@id":"https:\/\/quehacerpolitico.mx\/#website","url":"https:\/\/quehacerpolitico.mx\/","name":"","description":"","potentialAction":[{"@type":"SearchAction","target":{"@type":"EntryPoint","urlTemplate":"https:\/\/quehacerpolitico.mx\/?s={search_term_string}"},"query-input":{"@type":"PropertyValueSpecification","valueRequired":true,"valueName":"search_term_string"}}],"inLanguage":"es"},{"@type":"Person","@id":"https:\/\/quehacerpolitico.mx\/#\/schema\/person\/496d8ad2d1d3f8036101dca7ee39e585","name":"Redacci\u00f3n QP","image":{"@type":"ImageObject","inLanguage":"es","@id":"https:\/\/secure.gravatar.com\/avatar\/c7164ed6fdec453195284ad24a5ae5b6e1eed2b848477fa2a4787ba9adf39a41?s=96&d=mm&r=g","url":"https:\/\/secure.gravatar.com\/avatar\/c7164ed6fdec453195284ad24a5ae5b6e1eed2b848477fa2a4787ba9adf39a41?s=96&d=mm&r=g","contentUrl":"https:\/\/secure.gravatar.com\/avatar\/c7164ed6fdec453195284ad24a5ae5b6e1eed2b848477fa2a4787ba9adf39a41?s=96&d=mm&r=g","caption":"Redacci\u00f3n QP"},"url":"https:\/\/quehacerpolitico.mx\/?author=2"}]}},"featured_image_urls":{"full":["https:\/\/quehacerpolitico.mx\/wp-content\/uploads\/2023\/11\/IMG_2230.jpeg",1284,702,false],"thumbnail":["https:\/\/quehacerpolitico.mx\/wp-content\/uploads\/2023\/11\/IMG_2230-150x150.jpeg",150,150,true],"medium":["https:\/\/quehacerpolitico.mx\/wp-content\/uploads\/2023\/11\/IMG_2230-300x164.jpeg",300,164,true],"medium_large":["https:\/\/quehacerpolitico.mx\/wp-content\/uploads\/2023\/11\/IMG_2230-768x420.jpeg",640,350,true],"large":["https:\/\/quehacerpolitico.mx\/wp-content\/uploads\/2023\/11\/IMG_2230-1024x560.jpeg",640,350,true],"1536x1536":["https:\/\/quehacerpolitico.mx\/wp-content\/uploads\/2023\/11\/IMG_2230.jpeg",1284,702,false],"2048x2048":["https:\/\/quehacerpolitico.mx\/wp-content\/uploads\/2023\/11\/IMG_2230.jpeg",1284,702,false],"covernews-featured":["https:\/\/quehacerpolitico.mx\/wp-content\/uploads\/2023\/11\/IMG_2230.jpeg",1024,560,false],"covernews-medium":["https:\/\/quehacerpolitico.mx\/wp-content\/uploads\/2023\/11\/IMG_2230.jpeg",540,295,false]},"author_info":{"display_name":"Redacci\u00f3n QP","author_link":"https:\/\/quehacerpolitico.mx\/?author=2"},"category_info":"<a href=\"https:\/\/quehacerpolitico.mx\/?cat=2\" rel=\"category\">Noticias<\/a>","tag_info":"Noticias","comment_count":"0","_links":{"self":[{"href":"https:\/\/quehacerpolitico.mx\/index.php?rest_route=\/wp\/v2\/posts\/106608","targetHints":{"allow":["GET"]}}],"collection":[{"href":"https:\/\/quehacerpolitico.mx\/index.php?rest_route=\/wp\/v2\/posts"}],"about":[{"href":"https:\/\/quehacerpolitico.mx\/index.php?rest_route=\/wp\/v2\/types\/post"}],"author":[{"embeddable":true,"href":"https:\/\/quehacerpolitico.mx\/index.php?rest_route=\/wp\/v2\/users\/2"}],"replies":[{"embeddable":true,"href":"https:\/\/quehacerpolitico.mx\/index.php?rest_route=%2Fwp%2Fv2%2Fcomments&post=106608"}],"version-history":[{"count":1,"href":"https:\/\/quehacerpolitico.mx\/index.php?rest_route=\/wp\/v2\/posts\/106608\/revisions"}],"predecessor-version":[{"id":106610,"href":"https:\/\/quehacerpolitico.mx\/index.php?rest_route=\/wp\/v2\/posts\/106608\/revisions\/106610"}],"wp:featuredmedia":[{"embeddable":true,"href":"https:\/\/quehacerpolitico.mx\/index.php?rest_route=\/wp\/v2\/media\/106609"}],"wp:attachment":[{"href":"https:\/\/quehacerpolitico.mx\/index.php?rest_route=%2Fwp%2Fv2%2Fmedia&parent=106608"}],"wp:term":[{"taxonomy":"category","embeddable":true,"href":"https:\/\/quehacerpolitico.mx\/index.php?rest_route=%2Fwp%2Fv2%2Fcategories&post=106608"},{"taxonomy":"post_tag","embeddable":true,"href":"https:\/\/quehacerpolitico.mx\/index.php?rest_route=%2Fwp%2Fv2%2Ftags&post=106608"}],"curies":[{"name":"wp","href":"https:\/\/api.w.org\/{rel}","templated":true}]}}