{"id":106601,"date":"2023-11-27T14:08:43","date_gmt":"2023-11-27T14:08:43","guid":{"rendered":"https:\/\/quehacerpolitico.mx\/?p=106601"},"modified":"2023-11-27T14:08:46","modified_gmt":"2023-11-27T14:08:46","slug":"desentranando-los-movimientos-del-mercado-pedro-tiburcio-cuervo-un-viaje-por-los-altibajos-del-mercado-tequilero","status":"publish","type":"post","link":"https:\/\/quehacerpolitico.mx\/?p=106601","title":{"rendered":"Desentra\u00f1ando los movimientos del mercado\/\/\/Pedro Tiburcio\/\/\/Cuervo: Un Viaje por los Altibajos del Mercado Tequilero"},"content":{"rendered":"\n<p>Por Pedro Tiburcio<\/p>\n\n\n\n<p>Analista Financiero<\/p>\n\n\n\n<p>Hoy, queridos lectores, los invito a sumergirse en el apasionante mundo de los mercados financieros, donde incluso el Tequila, esa joya l\u00edquida que tanto disfrutamos en las celebraciones, tiene su propia historia burs\u00e1til.<\/p>\n\n\n\n<p>Imaginen por un momento que todo lo que les rodea tiene su propia cotizaci\u00f3n en La Bolsa de Valores. S\u00ed, todo, desde las Materias Primas hasta los productos finales que adornan nuestros hogares. Y en esta traves\u00eda, descubrimos una acci\u00f3n&nbsp;peculiar&nbsp;en la Bolsa Mexicana de Valores:&nbsp;Becle&nbsp;SAB de CV, conocida por el sugerente ticker &#8220;CUERVO.&#8221;<\/p>\n\n\n\n<p>Becle, due\u00f1a de los prestigiosos tequilas Jos\u00e9 Cuervo, es mucho m\u00e1s que solo un productor de tequila. Sus filiales incluyen marcas reconocidas como Tequila 1800, Gran Centenario Tequila, Maestro&nbsp;Dobel, y hasta destilados como&nbsp;Bushmills&nbsp;y&nbsp;Stranahan&#8217;s&nbsp;Whiskey. \u00bfQui\u00e9n pensar\u00eda que detr\u00e1s de nuestra copa de tequila favorita se encuentra un mundo tan diverso?<\/p>\n\n\n\n<p>La historia de CUERVO en los mercados es fascinante. A pesar de ser una empresa mayoritariamente familiar, el 15% de sus acciones comenzaron a cotizar en bolsa el 9 de febrero de 2017. Desde su debut a 34 pesos por acci\u00f3n, CUERVO alcanz\u00f3 su punto m\u00e1s alto el 10 de enero de 2022, llegando a 55.99 pesos por acci\u00f3n,&nbsp;dando&nbsp;a los inversores un atractivo 63% de rendimiento en cinco a\u00f1os. \u00bfInteresante,&nbsp;verdad?<\/p>\n\n\n\n<p>Pero, como bien sabemos en el emocionante juego de los mercados, no todo es un ascenso constante. Recordamos que los mercados son c\u00edclicos, y CUERVO no es una excepci\u00f3n. Una casa de bolsa mexicana, An\u00e1lisis GBM, destac\u00f3 las virtudes fundamentales de CUERVO en medio de un auge tequilero. Sin embargo, el precio de la acci\u00f3n, al cierre de esta columna, se encuentra en 29.91 pesos, una ca\u00edda significativa del 46% desde su m\u00e1ximo hist\u00f3rico.<\/p>\n\n\n\n<p>Este viaje de CUERVO tiene varios personajes. Est\u00e1n aquellos que compraron en la Oferta P\u00fablica Inicial (OPI) y ahora enfrentan la p\u00e9rdida de tiempo y la minusval\u00eda. Otros se aventuraron en la euforia de los m\u00e1ximos hist\u00f3ricos, solo para encontrarse con una amarga ca\u00edda del 46%. Incluso quienes confiaron en el an\u00e1lisis fundamental y las recomendaciones expertas no escaparon de una ca\u00edda del 30%.<\/p>\n\n\n\n<p>Y t\u00fa, estimado lector, quiz\u00e1s tengas la suerte de contemplar el precio de CUERVO retrocediendo en el tiempo, ofreciendo una ventana \u00fanica para entrar en este mercado. Nuestro an\u00e1lisis sugiere que la acci\u00f3n se encuentra en una zona clave, donde los compradores podr\u00edan encontrar inter\u00e9scomo se muestra en la gr\u00e1fica que acompa\u00f1a a esta columna. Aunque esperamos la confirmaci\u00f3n de&nbsp;nuestro&nbsp;sistema, te invitamos a evaluar si esta es una oportunidad que encaje con tu estrategia.<\/p>\n\n\n\n<p>Por \u00faltimo, recordemos que nada de lo compartido aqu\u00ed es una recomendaci\u00f3n de compra o venta. Invertir siempre conlleva riesgos.&nbsp;Me&nbsp;despido, hasta la pr\u00f3xima, y nos vemos en los mercados. \u00a1Salud y buenos&nbsp;trades!<\/p>\n\n\n\n<p>Pedro Tiburcio<\/p>\n\n\n\n<p>Analista Senior de Elliott Wave&nbsp;M\u00e9xico<\/p>\n\n\n\n<p>@ptiburon\u00a0twitter\/X<\/p>\n\n\n\n<figure class=\"wp-block-image size-full\"><img loading=\"lazy\" decoding=\"async\" width=\"916\" height=\"522\" src=\"https:\/\/quehacerpolitico.mx\/wp-content\/uploads\/2023\/11\/image-40.jpeg\" alt=\"\" class=\"wp-image-106602\" srcset=\"https:\/\/quehacerpolitico.mx\/wp-content\/uploads\/2023\/11\/image-40.jpeg 916w, https:\/\/quehacerpolitico.mx\/wp-content\/uploads\/2023\/11\/image-40-300x171.jpeg 300w, https:\/\/quehacerpolitico.mx\/wp-content\/uploads\/2023\/11\/image-40-768x438.jpeg 768w, https:\/\/quehacerpolitico.mx\/wp-content\/uploads\/2023\/11\/image-40-256x146.jpeg 256w, https:\/\/quehacerpolitico.mx\/wp-content\/uploads\/2023\/11\/image-40-50x28.jpeg 50w, https:\/\/quehacerpolitico.mx\/wp-content\/uploads\/2023\/11\/image-40-132x75.jpeg 132w\" sizes=\"auto, (max-width: 916px) 100vw, 916px\" \/><\/figure>\n\n\n\n<p>Link&nbsp;de gr\u00e1fico, cortes\u00eda de&nbsp;Tradingview<\/p>\n\n\n\n<p><a href=\"https:\/\/www.tradingview.com\/x\/M1y3LNrB\/\">https:\/\/www.tradingview.com\/x\/M1y3LNrB\/<\/a><\/p>\n","protected":false},"excerpt":{"rendered":"<p>Por Pedro Tiburcio Analista Financiero Hoy, queridos lectores, los invito a sumergirse en el apasionante&#8230;<\/p>\n","protected":false},"author":2,"featured_media":106603,"comment_status":"open","ping_status":"open","sticky":false,"template":"","format":"standard","meta":{"_monsterinsights_skip_tracking":false,"_monsterinsights_sitenote_active":false,"_monsterinsights_sitenote_note":"","_monsterinsights_sitenote_category":0,"footnotes":""},"categories":[56],"tags":[],"class_list":["post-106601","post","type-post","status-publish","format-standard","has-post-thumbnail","hentry","category-economia"],"yoast_head":"<!-- This site is optimized with the Yoast SEO plugin v27.3 - https:\/\/yoast.com\/product\/yoast-seo-wordpress\/ -->\n<title>Desentra\u00f1ando los movimientos del mercado\/\/\/Pedro Tiburcio\/\/\/Cuervo: Un Viaje por los Altibajos del Mercado Tequilero -<\/title>\n<meta name=\"robots\" content=\"index, follow, max-snippet:-1, max-image-preview:large, max-video-preview:-1\" \/>\n<link rel=\"canonical\" href=\"https:\/\/quehacerpolitico.mx\/?p=106601\" \/>\n<meta property=\"og:locale\" content=\"es_MX\" \/>\n<meta property=\"og:type\" content=\"article\" \/>\n<meta property=\"og:title\" content=\"Desentra\u00f1ando los movimientos del mercado\/\/\/Pedro Tiburcio\/\/\/Cuervo: Un Viaje por los Altibajos del Mercado Tequilero -\" \/>\n<meta property=\"og:description\" content=\"Por Pedro Tiburcio Analista Financiero Hoy, queridos lectores, los invito a sumergirse en el apasionante...\" \/>\n<meta property=\"og:url\" content=\"https:\/\/quehacerpolitico.mx\/?p=106601\" \/>\n<meta property=\"article:published_time\" content=\"2023-11-27T14:08:43+00:00\" \/>\n<meta property=\"article:modified_time\" content=\"2023-11-27T14:08:46+00:00\" \/>\n<meta property=\"og:image\" content=\"https:\/\/quehacerpolitico.mx\/wp-content\/uploads\/2023\/11\/e2e0cf02-67c2-4e5f-9620-1b62b9e58699-2.jpeg\" \/>\n\t<meta property=\"og:image:width\" content=\"963\" \/>\n\t<meta property=\"og:image:height\" content=\"493\" \/>\n\t<meta property=\"og:image:type\" content=\"image\/jpeg\" \/>\n<meta name=\"author\" content=\"Redacci\u00f3n QP\" \/>\n<meta name=\"twitter:card\" content=\"summary_large_image\" \/>\n<meta name=\"twitter:label1\" content=\"Escrito por\" \/>\n\t<meta name=\"twitter:data1\" content=\"Redacci\u00f3n QP\" \/>\n\t<meta name=\"twitter:label2\" content=\"Tiempo de lectura\" \/>\n\t<meta name=\"twitter:data2\" content=\"3 minutos\" \/>\n<script type=\"application\/ld+json\" class=\"yoast-schema-graph\">{\"@context\":\"https:\\\/\\\/schema.org\",\"@graph\":[{\"@type\":\"Article\",\"@id\":\"https:\\\/\\\/quehacerpolitico.mx\\\/?p=106601#article\",\"isPartOf\":{\"@id\":\"https:\\\/\\\/quehacerpolitico.mx\\\/?p=106601\"},\"author\":{\"name\":\"Redacci\u00f3n QP\",\"@id\":\"https:\\\/\\\/quehacerpolitico.mx\\\/#\\\/schema\\\/person\\\/496d8ad2d1d3f8036101dca7ee39e585\"},\"headline\":\"Desentra\u00f1ando los movimientos del mercado\\\/\\\/\\\/Pedro Tiburcio\\\/\\\/\\\/Cuervo: Un Viaje por los Altibajos del Mercado Tequilero\",\"datePublished\":\"2023-11-27T14:08:43+00:00\",\"dateModified\":\"2023-11-27T14:08:46+00:00\",\"mainEntityOfPage\":{\"@id\":\"https:\\\/\\\/quehacerpolitico.mx\\\/?p=106601\"},\"wordCount\":564,\"commentCount\":0,\"image\":{\"@id\":\"https:\\\/\\\/quehacerpolitico.mx\\\/?p=106601#primaryimage\"},\"thumbnailUrl\":\"https:\\\/\\\/quehacerpolitico.mx\\\/wp-content\\\/uploads\\\/2023\\\/11\\\/e2e0cf02-67c2-4e5f-9620-1b62b9e58699-2.jpeg\",\"articleSection\":[\"Econom\u00eda\"],\"inLanguage\":\"es\",\"potentialAction\":[{\"@type\":\"CommentAction\",\"name\":\"Comment\",\"target\":[\"https:\\\/\\\/quehacerpolitico.mx\\\/?p=106601#respond\"]}]},{\"@type\":\"WebPage\",\"@id\":\"https:\\\/\\\/quehacerpolitico.mx\\\/?p=106601\",\"url\":\"https:\\\/\\\/quehacerpolitico.mx\\\/?p=106601\",\"name\":\"Desentra\u00f1ando los movimientos del mercado\\\/\\\/\\\/Pedro Tiburcio\\\/\\\/\\\/Cuervo: Un Viaje por los Altibajos del Mercado Tequilero -\",\"isPartOf\":{\"@id\":\"https:\\\/\\\/quehacerpolitico.mx\\\/#website\"},\"primaryImageOfPage\":{\"@id\":\"https:\\\/\\\/quehacerpolitico.mx\\\/?p=106601#primaryimage\"},\"image\":{\"@id\":\"https:\\\/\\\/quehacerpolitico.mx\\\/?p=106601#primaryimage\"},\"thumbnailUrl\":\"https:\\\/\\\/quehacerpolitico.mx\\\/wp-content\\\/uploads\\\/2023\\\/11\\\/e2e0cf02-67c2-4e5f-9620-1b62b9e58699-2.jpeg\",\"datePublished\":\"2023-11-27T14:08:43+00:00\",\"dateModified\":\"2023-11-27T14:08:46+00:00\",\"author\":{\"@id\":\"https:\\\/\\\/quehacerpolitico.mx\\\/#\\\/schema\\\/person\\\/496d8ad2d1d3f8036101dca7ee39e585\"},\"breadcrumb\":{\"@id\":\"https:\\\/\\\/quehacerpolitico.mx\\\/?p=106601#breadcrumb\"},\"inLanguage\":\"es\",\"potentialAction\":[{\"@type\":\"ReadAction\",\"target\":[\"https:\\\/\\\/quehacerpolitico.mx\\\/?p=106601\"]}]},{\"@type\":\"ImageObject\",\"inLanguage\":\"es\",\"@id\":\"https:\\\/\\\/quehacerpolitico.mx\\\/?p=106601#primaryimage\",\"url\":\"https:\\\/\\\/quehacerpolitico.mx\\\/wp-content\\\/uploads\\\/2023\\\/11\\\/e2e0cf02-67c2-4e5f-9620-1b62b9e58699-2.jpeg\",\"contentUrl\":\"https:\\\/\\\/quehacerpolitico.mx\\\/wp-content\\\/uploads\\\/2023\\\/11\\\/e2e0cf02-67c2-4e5f-9620-1b62b9e58699-2.jpeg\",\"width\":963,\"height\":493},{\"@type\":\"BreadcrumbList\",\"@id\":\"https:\\\/\\\/quehacerpolitico.mx\\\/?p=106601#breadcrumb\",\"itemListElement\":[{\"@type\":\"ListItem\",\"position\":1,\"name\":\"Inicio\",\"item\":\"https:\\\/\\\/quehacerpolitico.mx\\\/\"},{\"@type\":\"ListItem\",\"position\":2,\"name\":\"Desentra\u00f1ando los movimientos del mercado\\\/\\\/\\\/Pedro Tiburcio\\\/\\\/\\\/Cuervo: Un Viaje por los Altibajos del Mercado Tequilero\"}]},{\"@type\":\"WebSite\",\"@id\":\"https:\\\/\\\/quehacerpolitico.mx\\\/#website\",\"url\":\"https:\\\/\\\/quehacerpolitico.mx\\\/\",\"name\":\"\",\"description\":\"\",\"potentialAction\":[{\"@type\":\"SearchAction\",\"target\":{\"@type\":\"EntryPoint\",\"urlTemplate\":\"https:\\\/\\\/quehacerpolitico.mx\\\/?s={search_term_string}\"},\"query-input\":{\"@type\":\"PropertyValueSpecification\",\"valueRequired\":true,\"valueName\":\"search_term_string\"}}],\"inLanguage\":\"es\"},{\"@type\":\"Person\",\"@id\":\"https:\\\/\\\/quehacerpolitico.mx\\\/#\\\/schema\\\/person\\\/496d8ad2d1d3f8036101dca7ee39e585\",\"name\":\"Redacci\u00f3n QP\",\"image\":{\"@type\":\"ImageObject\",\"inLanguage\":\"es\",\"@id\":\"https:\\\/\\\/secure.gravatar.com\\\/avatar\\\/c7164ed6fdec453195284ad24a5ae5b6e1eed2b848477fa2a4787ba9adf39a41?s=96&d=mm&r=g\",\"url\":\"https:\\\/\\\/secure.gravatar.com\\\/avatar\\\/c7164ed6fdec453195284ad24a5ae5b6e1eed2b848477fa2a4787ba9adf39a41?s=96&d=mm&r=g\",\"contentUrl\":\"https:\\\/\\\/secure.gravatar.com\\\/avatar\\\/c7164ed6fdec453195284ad24a5ae5b6e1eed2b848477fa2a4787ba9adf39a41?s=96&d=mm&r=g\",\"caption\":\"Redacci\u00f3n QP\"},\"url\":\"https:\\\/\\\/quehacerpolitico.mx\\\/?author=2\"}]}<\/script>\n<!-- \/ Yoast SEO plugin. -->","yoast_head_json":{"title":"Desentra\u00f1ando los movimientos del mercado\/\/\/Pedro Tiburcio\/\/\/Cuervo: Un Viaje por los Altibajos del Mercado Tequilero -","robots":{"index":"index","follow":"follow","max-snippet":"max-snippet:-1","max-image-preview":"max-image-preview:large","max-video-preview":"max-video-preview:-1"},"canonical":"https:\/\/quehacerpolitico.mx\/?p=106601","og_locale":"es_MX","og_type":"article","og_title":"Desentra\u00f1ando los movimientos del mercado\/\/\/Pedro Tiburcio\/\/\/Cuervo: Un Viaje por los Altibajos del Mercado Tequilero -","og_description":"Por Pedro Tiburcio Analista Financiero Hoy, queridos lectores, los invito a sumergirse en el apasionante...","og_url":"https:\/\/quehacerpolitico.mx\/?p=106601","article_published_time":"2023-11-27T14:08:43+00:00","article_modified_time":"2023-11-27T14:08:46+00:00","og_image":[{"width":963,"height":493,"url":"https:\/\/quehacerpolitico.mx\/wp-content\/uploads\/2023\/11\/e2e0cf02-67c2-4e5f-9620-1b62b9e58699-2.jpeg","type":"image\/jpeg"}],"author":"Redacci\u00f3n QP","twitter_card":"summary_large_image","twitter_misc":{"Escrito por":"Redacci\u00f3n QP","Tiempo de lectura":"3 minutos"},"schema":{"@context":"https:\/\/schema.org","@graph":[{"@type":"Article","@id":"https:\/\/quehacerpolitico.mx\/?p=106601#article","isPartOf":{"@id":"https:\/\/quehacerpolitico.mx\/?p=106601"},"author":{"name":"Redacci\u00f3n QP","@id":"https:\/\/quehacerpolitico.mx\/#\/schema\/person\/496d8ad2d1d3f8036101dca7ee39e585"},"headline":"Desentra\u00f1ando los movimientos del mercado\/\/\/Pedro Tiburcio\/\/\/Cuervo: Un Viaje por los Altibajos del Mercado Tequilero","datePublished":"2023-11-27T14:08:43+00:00","dateModified":"2023-11-27T14:08:46+00:00","mainEntityOfPage":{"@id":"https:\/\/quehacerpolitico.mx\/?p=106601"},"wordCount":564,"commentCount":0,"image":{"@id":"https:\/\/quehacerpolitico.mx\/?p=106601#primaryimage"},"thumbnailUrl":"https:\/\/quehacerpolitico.mx\/wp-content\/uploads\/2023\/11\/e2e0cf02-67c2-4e5f-9620-1b62b9e58699-2.jpeg","articleSection":["Econom\u00eda"],"inLanguage":"es","potentialAction":[{"@type":"CommentAction","name":"Comment","target":["https:\/\/quehacerpolitico.mx\/?p=106601#respond"]}]},{"@type":"WebPage","@id":"https:\/\/quehacerpolitico.mx\/?p=106601","url":"https:\/\/quehacerpolitico.mx\/?p=106601","name":"Desentra\u00f1ando los movimientos del mercado\/\/\/Pedro Tiburcio\/\/\/Cuervo: Un Viaje por los Altibajos del Mercado Tequilero -","isPartOf":{"@id":"https:\/\/quehacerpolitico.mx\/#website"},"primaryImageOfPage":{"@id":"https:\/\/quehacerpolitico.mx\/?p=106601#primaryimage"},"image":{"@id":"https:\/\/quehacerpolitico.mx\/?p=106601#primaryimage"},"thumbnailUrl":"https:\/\/quehacerpolitico.mx\/wp-content\/uploads\/2023\/11\/e2e0cf02-67c2-4e5f-9620-1b62b9e58699-2.jpeg","datePublished":"2023-11-27T14:08:43+00:00","dateModified":"2023-11-27T14:08:46+00:00","author":{"@id":"https:\/\/quehacerpolitico.mx\/#\/schema\/person\/496d8ad2d1d3f8036101dca7ee39e585"},"breadcrumb":{"@id":"https:\/\/quehacerpolitico.mx\/?p=106601#breadcrumb"},"inLanguage":"es","potentialAction":[{"@type":"ReadAction","target":["https:\/\/quehacerpolitico.mx\/?p=106601"]}]},{"@type":"ImageObject","inLanguage":"es","@id":"https:\/\/quehacerpolitico.mx\/?p=106601#primaryimage","url":"https:\/\/quehacerpolitico.mx\/wp-content\/uploads\/2023\/11\/e2e0cf02-67c2-4e5f-9620-1b62b9e58699-2.jpeg","contentUrl":"https:\/\/quehacerpolitico.mx\/wp-content\/uploads\/2023\/11\/e2e0cf02-67c2-4e5f-9620-1b62b9e58699-2.jpeg","width":963,"height":493},{"@type":"BreadcrumbList","@id":"https:\/\/quehacerpolitico.mx\/?p=106601#breadcrumb","itemListElement":[{"@type":"ListItem","position":1,"name":"Inicio","item":"https:\/\/quehacerpolitico.mx\/"},{"@type":"ListItem","position":2,"name":"Desentra\u00f1ando los movimientos del mercado\/\/\/Pedro Tiburcio\/\/\/Cuervo: Un Viaje por los Altibajos del Mercado Tequilero"}]},{"@type":"WebSite","@id":"https:\/\/quehacerpolitico.mx\/#website","url":"https:\/\/quehacerpolitico.mx\/","name":"","description":"","potentialAction":[{"@type":"SearchAction","target":{"@type":"EntryPoint","urlTemplate":"https:\/\/quehacerpolitico.mx\/?s={search_term_string}"},"query-input":{"@type":"PropertyValueSpecification","valueRequired":true,"valueName":"search_term_string"}}],"inLanguage":"es"},{"@type":"Person","@id":"https:\/\/quehacerpolitico.mx\/#\/schema\/person\/496d8ad2d1d3f8036101dca7ee39e585","name":"Redacci\u00f3n QP","image":{"@type":"ImageObject","inLanguage":"es","@id":"https:\/\/secure.gravatar.com\/avatar\/c7164ed6fdec453195284ad24a5ae5b6e1eed2b848477fa2a4787ba9adf39a41?s=96&d=mm&r=g","url":"https:\/\/secure.gravatar.com\/avatar\/c7164ed6fdec453195284ad24a5ae5b6e1eed2b848477fa2a4787ba9adf39a41?s=96&d=mm&r=g","contentUrl":"https:\/\/secure.gravatar.com\/avatar\/c7164ed6fdec453195284ad24a5ae5b6e1eed2b848477fa2a4787ba9adf39a41?s=96&d=mm&r=g","caption":"Redacci\u00f3n QP"},"url":"https:\/\/quehacerpolitico.mx\/?author=2"}]}},"featured_image_urls":{"full":["https:\/\/quehacerpolitico.mx\/wp-content\/uploads\/2023\/11\/e2e0cf02-67c2-4e5f-9620-1b62b9e58699-2.jpeg",963,493,false],"thumbnail":["https:\/\/quehacerpolitico.mx\/wp-content\/uploads\/2023\/11\/e2e0cf02-67c2-4e5f-9620-1b62b9e58699-2-150x150.jpeg",150,150,true],"medium":["https:\/\/quehacerpolitico.mx\/wp-content\/uploads\/2023\/11\/e2e0cf02-67c2-4e5f-9620-1b62b9e58699-2-300x154.jpeg",300,154,true],"medium_large":["https:\/\/quehacerpolitico.mx\/wp-content\/uploads\/2023\/11\/e2e0cf02-67c2-4e5f-9620-1b62b9e58699-2-768x393.jpeg",640,328,true],"large":["https:\/\/quehacerpolitico.mx\/wp-content\/uploads\/2023\/11\/e2e0cf02-67c2-4e5f-9620-1b62b9e58699-2.jpeg",640,328,false],"1536x1536":["https:\/\/quehacerpolitico.mx\/wp-content\/uploads\/2023\/11\/e2e0cf02-67c2-4e5f-9620-1b62b9e58699-2.jpeg",963,493,false],"2048x2048":["https:\/\/quehacerpolitico.mx\/wp-content\/uploads\/2023\/11\/e2e0cf02-67c2-4e5f-9620-1b62b9e58699-2.jpeg",963,493,false],"covernews-featured":["https:\/\/quehacerpolitico.mx\/wp-content\/uploads\/2023\/11\/e2e0cf02-67c2-4e5f-9620-1b62b9e58699-2.jpeg",963,493,false],"covernews-medium":["https:\/\/quehacerpolitico.mx\/wp-content\/uploads\/2023\/11\/e2e0cf02-67c2-4e5f-9620-1b62b9e58699-2.jpeg",540,276,false]},"author_info":{"display_name":"Redacci\u00f3n QP","author_link":"https:\/\/quehacerpolitico.mx\/?author=2"},"category_info":"<a href=\"https:\/\/quehacerpolitico.mx\/?cat=56\" rel=\"category\">Econom\u00eda<\/a>","tag_info":"Econom\u00eda","comment_count":"0","_links":{"self":[{"href":"https:\/\/quehacerpolitico.mx\/index.php?rest_route=\/wp\/v2\/posts\/106601","targetHints":{"allow":["GET"]}}],"collection":[{"href":"https:\/\/quehacerpolitico.mx\/index.php?rest_route=\/wp\/v2\/posts"}],"about":[{"href":"https:\/\/quehacerpolitico.mx\/index.php?rest_route=\/wp\/v2\/types\/post"}],"author":[{"embeddable":true,"href":"https:\/\/quehacerpolitico.mx\/index.php?rest_route=\/wp\/v2\/users\/2"}],"replies":[{"embeddable":true,"href":"https:\/\/quehacerpolitico.mx\/index.php?rest_route=%2Fwp%2Fv2%2Fcomments&post=106601"}],"version-history":[{"count":1,"href":"https:\/\/quehacerpolitico.mx\/index.php?rest_route=\/wp\/v2\/posts\/106601\/revisions"}],"predecessor-version":[{"id":106604,"href":"https:\/\/quehacerpolitico.mx\/index.php?rest_route=\/wp\/v2\/posts\/106601\/revisions\/106604"}],"wp:featuredmedia":[{"embeddable":true,"href":"https:\/\/quehacerpolitico.mx\/index.php?rest_route=\/wp\/v2\/media\/106603"}],"wp:attachment":[{"href":"https:\/\/quehacerpolitico.mx\/index.php?rest_route=%2Fwp%2Fv2%2Fmedia&parent=106601"}],"wp:term":[{"taxonomy":"category","embeddable":true,"href":"https:\/\/quehacerpolitico.mx\/index.php?rest_route=%2Fwp%2Fv2%2Fcategories&post=106601"},{"taxonomy":"post_tag","embeddable":true,"href":"https:\/\/quehacerpolitico.mx\/index.php?rest_route=%2Fwp%2Fv2%2Ftags&post=106601"}],"curies":[{"name":"wp","href":"https:\/\/api.w.org\/{rel}","templated":true}]}}