{"id":106586,"date":"2023-11-24T17:47:09","date_gmt":"2023-11-24T17:47:09","guid":{"rendered":"https:\/\/quehacerpolitico.mx\/?p=106586"},"modified":"2023-11-24T17:47:12","modified_gmt":"2023-11-24T17:47:12","slug":"internacionales-carolina-alonso-romei-hamas-libera-a-25-rehenes-israelies-y-tailandeses-en-las-primeras-horas-de-la-tregua-con-israel","status":"publish","type":"post","link":"https:\/\/quehacerpolitico.mx\/?p=106586","title":{"rendered":"Internacionales\/\/\/Carolina Alonso Romei\/\/\/Ham\u00e1s libera a 25 rehenes israel\u00edes y tailandeses en las primeras horas de la tregua con Israel"},"content":{"rendered":"\n<p>Por Carolina Alonso Romei<\/p>\n\n\n\n<p>Internacionalista <\/p>\n\n\n\n<p>Este viernes, el grupo islamista Ham\u00e1s liber\u00f3 a los primeros 25 rehenes, 13 de ellos israel\u00edes y 12 tailandeses, fueron entregados a la<strong>&nbsp;Cruz Roja&nbsp;<\/strong>y ser\u00e1n trasladados hacia&nbsp;<strong>Egipto<\/strong>, inform\u00f3 la radio oficial del Ej\u00e9rcito israel\u00ed citando a fuentes gubernamentales.<\/p>\n\n\n\n<p>Los secuestrados saldr\u00e1n por el cruce de\u00a0<strong>Rafah<\/strong> como parte de un acuerdo para la liberaci\u00f3n de 50 rehenes israel\u00edes a cambio de la excarcelaci\u00f3n de\u00a0<strong>150 presos palestinos\u00a0<\/strong>y una tregua en\u00a0<strong>Gaza<\/strong>\u00a0de cuatro d\u00edas.<\/p>\n\n\n\n<p>Por su parte, el primer ministro de Tailandia,<strong>Srettha Thavisin,<\/strong>\u00a0tambi\u00e9n confirm\u00f3 que 12 de los 26 rehenes tailandeses que estaban retenidos por el\u00a0<strong>grupo islamista Ham\u00e1s<\/strong>\u00a0han sido\u00a0<strong>liberados<\/strong>\u00a0en el marco del acuerdo de la tregua con\u00a0<strong>Israel<\/strong>.<\/p>\n\n\n\n<figure class=\"wp-block-embed is-type-video is-provider-youtube wp-block-embed-youtube wp-embed-aspect-16-9 wp-has-aspect-ratio\"><div class=\"wp-block-embed__wrapper\">\n<iframe loading=\"lazy\" title=\"DIRECTO | Intercambio de rehenes y prisioneros entre Ham\u00e1s e Israel | EL PA\u00cdS\" width=\"640\" height=\"360\" src=\"https:\/\/www.youtube.com\/embed\/zBQQNRNLcFc?feature=oembed\" frameborder=\"0\" allow=\"accelerometer; autoplay; clipboard-write; encrypted-media; gyroscope; picture-in-picture; web-share\" referrerpolicy=\"strict-origin-when-cross-origin\" allowfullscreen><\/iframe>\n<\/div><\/figure>\n\n\n\n<p><strong>Srettha<\/strong>&nbsp;afirm\u00f3 en la red social X, antes&nbsp;<strong>Twitter<\/strong>, que los 12 rehenes ya han sido puestos en&nbsp;<strong>libertad<\/strong>&nbsp;e indic\u00f3 que dar\u00e1 detalles sobre sus&nbsp;<strong>identidades<\/strong>&nbsp;en las pr\u00f3ximas horas.<\/p>\n\n\n\n<p>Los liberados forman parte de los 26 tailandeses retenidos entre las m\u00e1s de 240 personas secuestradas por el brazo armado de&nbsp;<strong>Ham\u00e1s<\/strong>&nbsp;durante su ataque a&nbsp;<strong>Israel<\/strong>&nbsp;el 7 de octubre, el cual dej\u00f3 un saldo de unos mil 200 fallecidos, entre ellos 39 tailandeses.<\/p>\n\n\n\n<p>Desde el inicio de la guerra entre&nbsp;<strong>Israel<\/strong>&nbsp;y&nbsp;<strong>Ham\u00e1s<\/strong>,&nbsp;<strong>Tailandia<\/strong>&nbsp;ha buscado diferentes v\u00edas para lograr la liberaci\u00f3n de los cautivos, entre ellas un viaje encabezado por el jefe de la diplomacia tailandesa a&nbsp;<strong>Egipto y Qatar<\/strong>&nbsp;y reuniones en Ir\u00e1n de representantes del gobierno tailand\u00e9s con miembros del grupo islamista.<\/p>\n\n\n\n<p>Este viernes entr\u00f3 en vigor la primera\u00a0<strong>tregua<\/strong> entre\u00a0<strong>Israel y Ham\u00e1s\u00a0<\/strong>a las 7:00 hora local, tras m\u00e1s de mes y medio de\u00a0<strong>guerra<\/strong>, como parte de un acuerdo para la liberaci\u00f3n de 50 rehenes a cambio de\u00a0<strong>150 presos palestinos.<\/strong><\/p>\n\n\n\n<p>El alto el fuego, que durar\u00e1 cuatro d\u00edas y se podr\u00e1 extender hasta diez si\u00a0<strong>Ham\u00e1s<\/strong>\u00a0entrega a m\u00e1s secuestrados, servir\u00e1 tambi\u00e9n para la entrada de\u00a0<strong>ayuda humanitaria<\/strong>\u00a0al enclave<\/p>\n\n\n\n<p>Con informaci\u00f3n de EFE<\/p>\n","protected":false},"excerpt":{"rendered":"<p>Por Carolina Alonso Romei Internacionalista Este viernes, el grupo islamista Ham\u00e1s liber\u00f3 a los primeros&#8230;<\/p>\n","protected":false},"author":2,"featured_media":106587,"comment_status":"open","ping_status":"open","sticky":false,"template":"","format":"standard","meta":{"_monsterinsights_skip_tracking":false,"_monsterinsights_sitenote_active":false,"_monsterinsights_sitenote_note":"","_monsterinsights_sitenote_category":0,"footnotes":""},"categories":[1],"tags":[],"class_list":["post-106586","post","type-post","status-publish","format-standard","has-post-thumbnail","hentry","category-sin-categoria"],"yoast_head":"<!-- This site is optimized with the Yoast SEO plugin v27.3 - https:\/\/yoast.com\/product\/yoast-seo-wordpress\/ -->\n<title>Internacionales\/\/\/Carolina Alonso Romei\/\/\/Ham\u00e1s libera a 25 rehenes israel\u00edes y tailandeses en las primeras horas de la tregua con Israel -<\/title>\n<meta name=\"robots\" content=\"index, follow, max-snippet:-1, max-image-preview:large, max-video-preview:-1\" \/>\n<link rel=\"canonical\" href=\"https:\/\/quehacerpolitico.mx\/?p=106586\" \/>\n<meta property=\"og:locale\" content=\"es_MX\" \/>\n<meta property=\"og:type\" content=\"article\" \/>\n<meta property=\"og:title\" content=\"Internacionales\/\/\/Carolina Alonso Romei\/\/\/Ham\u00e1s libera a 25 rehenes israel\u00edes y tailandeses en las primeras horas de la tregua con Israel -\" \/>\n<meta property=\"og:description\" content=\"Por Carolina Alonso Romei Internacionalista Este viernes, el grupo islamista Ham\u00e1s liber\u00f3 a los primeros...\" \/>\n<meta property=\"og:url\" content=\"https:\/\/quehacerpolitico.mx\/?p=106586\" \/>\n<meta property=\"article:published_time\" content=\"2023-11-24T17:47:09+00:00\" \/>\n<meta property=\"article:modified_time\" content=\"2023-11-24T17:47:12+00:00\" \/>\n<meta property=\"og:image\" content=\"https:\/\/quehacerpolitico.mx\/wp-content\/uploads\/2023\/11\/IMG_2190.jpeg\" \/>\n\t<meta property=\"og:image:width\" content=\"739\" \/>\n\t<meta property=\"og:image:height\" content=\"415\" \/>\n\t<meta property=\"og:image:type\" content=\"image\/jpeg\" \/>\n<meta name=\"author\" content=\"Redacci\u00f3n QP\" \/>\n<meta name=\"twitter:card\" content=\"summary_large_image\" \/>\n<meta name=\"twitter:label1\" content=\"Escrito por\" \/>\n\t<meta name=\"twitter:data1\" content=\"Redacci\u00f3n QP\" \/>\n\t<meta name=\"twitter:label2\" content=\"Tiempo de lectura\" \/>\n\t<meta name=\"twitter:data2\" content=\"2 minutos\" \/>\n<script type=\"application\/ld+json\" class=\"yoast-schema-graph\">{\"@context\":\"https:\\\/\\\/schema.org\",\"@graph\":[{\"@type\":\"Article\",\"@id\":\"https:\\\/\\\/quehacerpolitico.mx\\\/?p=106586#article\",\"isPartOf\":{\"@id\":\"https:\\\/\\\/quehacerpolitico.mx\\\/?p=106586\"},\"author\":{\"name\":\"Redacci\u00f3n QP\",\"@id\":\"https:\\\/\\\/quehacerpolitico.mx\\\/#\\\/schema\\\/person\\\/496d8ad2d1d3f8036101dca7ee39e585\"},\"headline\":\"Internacionales\\\/\\\/\\\/Carolina Alonso Romei\\\/\\\/\\\/Ham\u00e1s libera a 25 rehenes israel\u00edes y tailandeses en las primeras horas de la tregua con Israel\",\"datePublished\":\"2023-11-24T17:47:09+00:00\",\"dateModified\":\"2023-11-24T17:47:12+00:00\",\"mainEntityOfPage\":{\"@id\":\"https:\\\/\\\/quehacerpolitico.mx\\\/?p=106586\"},\"wordCount\":389,\"commentCount\":0,\"image\":{\"@id\":\"https:\\\/\\\/quehacerpolitico.mx\\\/?p=106586#primaryimage\"},\"thumbnailUrl\":\"https:\\\/\\\/quehacerpolitico.mx\\\/wp-content\\\/uploads\\\/2023\\\/11\\\/IMG_2190.jpeg\",\"articleSection\":[\"Internacionales\"],\"inLanguage\":\"es\",\"potentialAction\":[{\"@type\":\"CommentAction\",\"name\":\"Comment\",\"target\":[\"https:\\\/\\\/quehacerpolitico.mx\\\/?p=106586#respond\"]}]},{\"@type\":\"WebPage\",\"@id\":\"https:\\\/\\\/quehacerpolitico.mx\\\/?p=106586\",\"url\":\"https:\\\/\\\/quehacerpolitico.mx\\\/?p=106586\",\"name\":\"Internacionales\\\/\\\/\\\/Carolina Alonso Romei\\\/\\\/\\\/Ham\u00e1s libera a 25 rehenes israel\u00edes y tailandeses en las primeras horas de la tregua con Israel -\",\"isPartOf\":{\"@id\":\"https:\\\/\\\/quehacerpolitico.mx\\\/#website\"},\"primaryImageOfPage\":{\"@id\":\"https:\\\/\\\/quehacerpolitico.mx\\\/?p=106586#primaryimage\"},\"image\":{\"@id\":\"https:\\\/\\\/quehacerpolitico.mx\\\/?p=106586#primaryimage\"},\"thumbnailUrl\":\"https:\\\/\\\/quehacerpolitico.mx\\\/wp-content\\\/uploads\\\/2023\\\/11\\\/IMG_2190.jpeg\",\"datePublished\":\"2023-11-24T17:47:09+00:00\",\"dateModified\":\"2023-11-24T17:47:12+00:00\",\"author\":{\"@id\":\"https:\\\/\\\/quehacerpolitico.mx\\\/#\\\/schema\\\/person\\\/496d8ad2d1d3f8036101dca7ee39e585\"},\"breadcrumb\":{\"@id\":\"https:\\\/\\\/quehacerpolitico.mx\\\/?p=106586#breadcrumb\"},\"inLanguage\":\"es\",\"potentialAction\":[{\"@type\":\"ReadAction\",\"target\":[\"https:\\\/\\\/quehacerpolitico.mx\\\/?p=106586\"]}]},{\"@type\":\"ImageObject\",\"inLanguage\":\"es\",\"@id\":\"https:\\\/\\\/quehacerpolitico.mx\\\/?p=106586#primaryimage\",\"url\":\"https:\\\/\\\/quehacerpolitico.mx\\\/wp-content\\\/uploads\\\/2023\\\/11\\\/IMG_2190.jpeg\",\"contentUrl\":\"https:\\\/\\\/quehacerpolitico.mx\\\/wp-content\\\/uploads\\\/2023\\\/11\\\/IMG_2190.jpeg\",\"width\":739,\"height\":415},{\"@type\":\"BreadcrumbList\",\"@id\":\"https:\\\/\\\/quehacerpolitico.mx\\\/?p=106586#breadcrumb\",\"itemListElement\":[{\"@type\":\"ListItem\",\"position\":1,\"name\":\"Inicio\",\"item\":\"https:\\\/\\\/quehacerpolitico.mx\\\/\"},{\"@type\":\"ListItem\",\"position\":2,\"name\":\"Internacionales\\\/\\\/\\\/Carolina Alonso Romei\\\/\\\/\\\/Ham\u00e1s libera a 25 rehenes israel\u00edes y tailandeses en las primeras horas de la tregua con Israel\"}]},{\"@type\":\"WebSite\",\"@id\":\"https:\\\/\\\/quehacerpolitico.mx\\\/#website\",\"url\":\"https:\\\/\\\/quehacerpolitico.mx\\\/\",\"name\":\"\",\"description\":\"\",\"potentialAction\":[{\"@type\":\"SearchAction\",\"target\":{\"@type\":\"EntryPoint\",\"urlTemplate\":\"https:\\\/\\\/quehacerpolitico.mx\\\/?s={search_term_string}\"},\"query-input\":{\"@type\":\"PropertyValueSpecification\",\"valueRequired\":true,\"valueName\":\"search_term_string\"}}],\"inLanguage\":\"es\"},{\"@type\":\"Person\",\"@id\":\"https:\\\/\\\/quehacerpolitico.mx\\\/#\\\/schema\\\/person\\\/496d8ad2d1d3f8036101dca7ee39e585\",\"name\":\"Redacci\u00f3n QP\",\"image\":{\"@type\":\"ImageObject\",\"inLanguage\":\"es\",\"@id\":\"https:\\\/\\\/secure.gravatar.com\\\/avatar\\\/c7164ed6fdec453195284ad24a5ae5b6e1eed2b848477fa2a4787ba9adf39a41?s=96&d=mm&r=g\",\"url\":\"https:\\\/\\\/secure.gravatar.com\\\/avatar\\\/c7164ed6fdec453195284ad24a5ae5b6e1eed2b848477fa2a4787ba9adf39a41?s=96&d=mm&r=g\",\"contentUrl\":\"https:\\\/\\\/secure.gravatar.com\\\/avatar\\\/c7164ed6fdec453195284ad24a5ae5b6e1eed2b848477fa2a4787ba9adf39a41?s=96&d=mm&r=g\",\"caption\":\"Redacci\u00f3n QP\"},\"url\":\"https:\\\/\\\/quehacerpolitico.mx\\\/?author=2\"}]}<\/script>\n<!-- \/ Yoast SEO plugin. -->","yoast_head_json":{"title":"Internacionales\/\/\/Carolina Alonso Romei\/\/\/Ham\u00e1s libera a 25 rehenes israel\u00edes y tailandeses en las primeras horas de la tregua con Israel -","robots":{"index":"index","follow":"follow","max-snippet":"max-snippet:-1","max-image-preview":"max-image-preview:large","max-video-preview":"max-video-preview:-1"},"canonical":"https:\/\/quehacerpolitico.mx\/?p=106586","og_locale":"es_MX","og_type":"article","og_title":"Internacionales\/\/\/Carolina Alonso Romei\/\/\/Ham\u00e1s libera a 25 rehenes israel\u00edes y tailandeses en las primeras horas de la tregua con Israel -","og_description":"Por Carolina Alonso Romei Internacionalista Este viernes, el grupo islamista Ham\u00e1s liber\u00f3 a los primeros...","og_url":"https:\/\/quehacerpolitico.mx\/?p=106586","article_published_time":"2023-11-24T17:47:09+00:00","article_modified_time":"2023-11-24T17:47:12+00:00","og_image":[{"width":739,"height":415,"url":"https:\/\/quehacerpolitico.mx\/wp-content\/uploads\/2023\/11\/IMG_2190.jpeg","type":"image\/jpeg"}],"author":"Redacci\u00f3n QP","twitter_card":"summary_large_image","twitter_misc":{"Escrito por":"Redacci\u00f3n QP","Tiempo de lectura":"2 minutos"},"schema":{"@context":"https:\/\/schema.org","@graph":[{"@type":"Article","@id":"https:\/\/quehacerpolitico.mx\/?p=106586#article","isPartOf":{"@id":"https:\/\/quehacerpolitico.mx\/?p=106586"},"author":{"name":"Redacci\u00f3n QP","@id":"https:\/\/quehacerpolitico.mx\/#\/schema\/person\/496d8ad2d1d3f8036101dca7ee39e585"},"headline":"Internacionales\/\/\/Carolina Alonso Romei\/\/\/Ham\u00e1s libera a 25 rehenes israel\u00edes y tailandeses en las primeras horas de la tregua con Israel","datePublished":"2023-11-24T17:47:09+00:00","dateModified":"2023-11-24T17:47:12+00:00","mainEntityOfPage":{"@id":"https:\/\/quehacerpolitico.mx\/?p=106586"},"wordCount":389,"commentCount":0,"image":{"@id":"https:\/\/quehacerpolitico.mx\/?p=106586#primaryimage"},"thumbnailUrl":"https:\/\/quehacerpolitico.mx\/wp-content\/uploads\/2023\/11\/IMG_2190.jpeg","articleSection":["Internacionales"],"inLanguage":"es","potentialAction":[{"@type":"CommentAction","name":"Comment","target":["https:\/\/quehacerpolitico.mx\/?p=106586#respond"]}]},{"@type":"WebPage","@id":"https:\/\/quehacerpolitico.mx\/?p=106586","url":"https:\/\/quehacerpolitico.mx\/?p=106586","name":"Internacionales\/\/\/Carolina Alonso Romei\/\/\/Ham\u00e1s libera a 25 rehenes israel\u00edes y tailandeses en las primeras horas de la tregua con Israel -","isPartOf":{"@id":"https:\/\/quehacerpolitico.mx\/#website"},"primaryImageOfPage":{"@id":"https:\/\/quehacerpolitico.mx\/?p=106586#primaryimage"},"image":{"@id":"https:\/\/quehacerpolitico.mx\/?p=106586#primaryimage"},"thumbnailUrl":"https:\/\/quehacerpolitico.mx\/wp-content\/uploads\/2023\/11\/IMG_2190.jpeg","datePublished":"2023-11-24T17:47:09+00:00","dateModified":"2023-11-24T17:47:12+00:00","author":{"@id":"https:\/\/quehacerpolitico.mx\/#\/schema\/person\/496d8ad2d1d3f8036101dca7ee39e585"},"breadcrumb":{"@id":"https:\/\/quehacerpolitico.mx\/?p=106586#breadcrumb"},"inLanguage":"es","potentialAction":[{"@type":"ReadAction","target":["https:\/\/quehacerpolitico.mx\/?p=106586"]}]},{"@type":"ImageObject","inLanguage":"es","@id":"https:\/\/quehacerpolitico.mx\/?p=106586#primaryimage","url":"https:\/\/quehacerpolitico.mx\/wp-content\/uploads\/2023\/11\/IMG_2190.jpeg","contentUrl":"https:\/\/quehacerpolitico.mx\/wp-content\/uploads\/2023\/11\/IMG_2190.jpeg","width":739,"height":415},{"@type":"BreadcrumbList","@id":"https:\/\/quehacerpolitico.mx\/?p=106586#breadcrumb","itemListElement":[{"@type":"ListItem","position":1,"name":"Inicio","item":"https:\/\/quehacerpolitico.mx\/"},{"@type":"ListItem","position":2,"name":"Internacionales\/\/\/Carolina Alonso Romei\/\/\/Ham\u00e1s libera a 25 rehenes israel\u00edes y tailandeses en las primeras horas de la tregua con Israel"}]},{"@type":"WebSite","@id":"https:\/\/quehacerpolitico.mx\/#website","url":"https:\/\/quehacerpolitico.mx\/","name":"","description":"","potentialAction":[{"@type":"SearchAction","target":{"@type":"EntryPoint","urlTemplate":"https:\/\/quehacerpolitico.mx\/?s={search_term_string}"},"query-input":{"@type":"PropertyValueSpecification","valueRequired":true,"valueName":"search_term_string"}}],"inLanguage":"es"},{"@type":"Person","@id":"https:\/\/quehacerpolitico.mx\/#\/schema\/person\/496d8ad2d1d3f8036101dca7ee39e585","name":"Redacci\u00f3n QP","image":{"@type":"ImageObject","inLanguage":"es","@id":"https:\/\/secure.gravatar.com\/avatar\/c7164ed6fdec453195284ad24a5ae5b6e1eed2b848477fa2a4787ba9adf39a41?s=96&d=mm&r=g","url":"https:\/\/secure.gravatar.com\/avatar\/c7164ed6fdec453195284ad24a5ae5b6e1eed2b848477fa2a4787ba9adf39a41?s=96&d=mm&r=g","contentUrl":"https:\/\/secure.gravatar.com\/avatar\/c7164ed6fdec453195284ad24a5ae5b6e1eed2b848477fa2a4787ba9adf39a41?s=96&d=mm&r=g","caption":"Redacci\u00f3n QP"},"url":"https:\/\/quehacerpolitico.mx\/?author=2"}]}},"featured_image_urls":{"full":["https:\/\/quehacerpolitico.mx\/wp-content\/uploads\/2023\/11\/IMG_2190.jpeg",739,415,false],"thumbnail":["https:\/\/quehacerpolitico.mx\/wp-content\/uploads\/2023\/11\/IMG_2190-150x150.jpeg",150,150,true],"medium":["https:\/\/quehacerpolitico.mx\/wp-content\/uploads\/2023\/11\/IMG_2190-300x168.jpeg",300,168,true],"medium_large":["https:\/\/quehacerpolitico.mx\/wp-content\/uploads\/2023\/11\/IMG_2190.jpeg",640,359,false],"large":["https:\/\/quehacerpolitico.mx\/wp-content\/uploads\/2023\/11\/IMG_2190.jpeg",640,359,false],"1536x1536":["https:\/\/quehacerpolitico.mx\/wp-content\/uploads\/2023\/11\/IMG_2190.jpeg",739,415,false],"2048x2048":["https:\/\/quehacerpolitico.mx\/wp-content\/uploads\/2023\/11\/IMG_2190.jpeg",739,415,false],"covernews-featured":["https:\/\/quehacerpolitico.mx\/wp-content\/uploads\/2023\/11\/IMG_2190.jpeg",739,415,false],"covernews-medium":["https:\/\/quehacerpolitico.mx\/wp-content\/uploads\/2023\/11\/IMG_2190.jpeg",540,303,false]},"author_info":{"display_name":"Redacci\u00f3n QP","author_link":"https:\/\/quehacerpolitico.mx\/?author=2"},"category_info":"<a href=\"https:\/\/quehacerpolitico.mx\/?cat=1\" rel=\"category\">Internacionales<\/a>","tag_info":"Internacionales","comment_count":"0","_links":{"self":[{"href":"https:\/\/quehacerpolitico.mx\/index.php?rest_route=\/wp\/v2\/posts\/106586","targetHints":{"allow":["GET"]}}],"collection":[{"href":"https:\/\/quehacerpolitico.mx\/index.php?rest_route=\/wp\/v2\/posts"}],"about":[{"href":"https:\/\/quehacerpolitico.mx\/index.php?rest_route=\/wp\/v2\/types\/post"}],"author":[{"embeddable":true,"href":"https:\/\/quehacerpolitico.mx\/index.php?rest_route=\/wp\/v2\/users\/2"}],"replies":[{"embeddable":true,"href":"https:\/\/quehacerpolitico.mx\/index.php?rest_route=%2Fwp%2Fv2%2Fcomments&post=106586"}],"version-history":[{"count":1,"href":"https:\/\/quehacerpolitico.mx\/index.php?rest_route=\/wp\/v2\/posts\/106586\/revisions"}],"predecessor-version":[{"id":106588,"href":"https:\/\/quehacerpolitico.mx\/index.php?rest_route=\/wp\/v2\/posts\/106586\/revisions\/106588"}],"wp:featuredmedia":[{"embeddable":true,"href":"https:\/\/quehacerpolitico.mx\/index.php?rest_route=\/wp\/v2\/media\/106587"}],"wp:attachment":[{"href":"https:\/\/quehacerpolitico.mx\/index.php?rest_route=%2Fwp%2Fv2%2Fmedia&parent=106586"}],"wp:term":[{"taxonomy":"category","embeddable":true,"href":"https:\/\/quehacerpolitico.mx\/index.php?rest_route=%2Fwp%2Fv2%2Fcategories&post=106586"},{"taxonomy":"post_tag","embeddable":true,"href":"https:\/\/quehacerpolitico.mx\/index.php?rest_route=%2Fwp%2Fv2%2Ftags&post=106586"}],"curies":[{"name":"wp","href":"https:\/\/api.w.org\/{rel}","templated":true}]}}