{"id":106577,"date":"2023-11-24T15:16:57","date_gmt":"2023-11-24T15:16:57","guid":{"rendered":"https:\/\/quehacerpolitico.mx\/?p=106577"},"modified":"2023-11-24T15:17:00","modified_gmt":"2023-11-24T15:17:00","slug":"las-marchas-para-este-viernes-24-de-noviembre-en-la-cdmx","status":"publish","type":"post","link":"https:\/\/quehacerpolitico.mx\/?p=106577","title":{"rendered":"Las Marchas para este viernes 24 de noviembre en la CDMX"},"content":{"rendered":"\n<p>Por Redacci\u00f3n QP<\/p>\n\n\n\n<p>La Secretar\u00eda de Seguridad Ciudadana no tiene previstas marchas, pero si otro tipo de movilizaciones. Aqu\u00ed te damos m\u00e1s detalles.<\/p>\n\n\n\n<p>El Centro de Comando, Control, C\u00f3mputo, Comunicaciones y Contacto Ciudadano de la Ciudad de M\u00e9xico (C5) de la\u00a0Secretar\u00eda de Seguridad Ciudadana (SSC CdMx)\u00a0<strong>no tiene previstas marchas este viernes 24 de noviembre.<\/strong><\/p>\n\n\n\n<p>Sin embargo, se tienen registrados otros eventos y movilizaciones, as\u00ed como la llegada de peregrinos a la\u00a0<strong>Bas\u00edlica de Guadalupe<\/strong>, por esto que antes de salir, toma precauciones para que no se te haga tarde y puedas planear tus trayectos; aqu\u00ed te contamos cuales son las movilizaciones que se esperan para hoy.<\/p>\n\n\n\n<figure class=\"wp-block-embed is-type-rich is-provider-twitter wp-block-embed-twitter\"><div class=\"wp-block-embed__wrapper\">\n<blockquote class=\"twitter-tweet\" data-width=\"550\" data-dnt=\"true\"><p lang=\"es\" dir=\"ltr\">07:00 <a href=\"https:\/\/twitter.com\/hashtag\/Precauci%C3%B3nVial?src=hash&amp;ref_src=twsrc%5Etfw\">#Precauci\u00f3nVial<\/a> | A las 13:00 horas se prev\u00e9 concentraci\u00f3n de manifestantes en Av. Insurgentes Sur no. 3000, Circuito Escolar s\/n., Ciudad Universitaria, alcald\u00eda Coyoac\u00e1n.<\/p>&mdash; OVIAL_SSCCDMX (@OVIALCDMX) <a href=\"https:\/\/twitter.com\/OVIALCDMX\/status\/1728035608604418506?ref_src=twsrc%5Etfw\">November 24, 2023<\/a><\/blockquote><script async src=\"https:\/\/platform.twitter.com\/widgets.js\" charset=\"utf-8\"><\/script>\n<\/div><\/figure>\n\n\n\n<h2 class=\"wp-block-heading\"><strong>Rodadas motociclistas<\/strong><\/h2>\n\n\n\n<p><strong>Iztacalco<\/strong><\/p>\n\n\n\n<p>Durante el d\u00eda, Raiders Stunt Hora saldr\u00e1 del Anillo Perif\u00e9rico (Calle 7) y Av. Xochimilco s\/n., Col. Agr\u00edcola Pantitl\u00e1n, a lugar por definir para realizar la &#8216;Rodada de Convivencia&#8217;. No se descarta la afectaci\u00f3n de vialidades durante el desarrollo de sus actividades.<\/p>\n\n\n\n<p><strong>Iztapalapa<\/strong><\/p>\n\n\n\n<p>Durante el d\u00eda: Raiders Stunt saldr\u00e1 del Avi\u00f3n Biblioteca &#8216;Volando a la Utop\u00eda&#8217; (Av. Guelatao y Av. Fuerte de Loreto s\/n., Col. \u00c1lvaro Obreg\u00f3n) a lugar por definir.<\/p>\n\n\n\n<h2 class=\"wp-block-heading\">Concentraciones en CdMx<\/h2>\n\n\n\n<p><strong>Cuauht\u00e9moc<\/strong><\/p>\n\n\n\n<p>A las 18:00 horas, el grupo BiciReportera acudir\u00e1 a Av. Chapultepec y Enrico Mart\u00ednez para realizar un homenaje a la joven ciclista, que fue atropellada por un autob\u00fas del transporte p\u00fablico en calles de la Ciudad de M\u00e9xico.<\/p>\n\n\n\n<p>A las 18:00 horas, la Asamblea de Coordinaci\u00f3n de las Secciones 10 y 11 de la Coordinadora Nacional de Trabajadores de la Educaci\u00f3n (CNTE) acudir\u00e1 al local de Regional Azcapotzalco Belisario Dom\u00ednguez No. 32 (Segundo Piso), para realizar una asamblea informativa para tratar diversos temas sindicales y laborales.<\/p>\n\n\n\n<p>A las 14:00 horas, el Laboratorio de Resiliencia Digital Comunal se concentrar\u00e1 en la Casa Cualquiera Jos\u00e9 Mar\u00eda Roa B\u00e1rcenas No. 134, Col. Obrera, para realizar un conversatorio &#8216;C\u00e1maras y Calles&#8217;, en el que se hablar\u00e1 sobre temas de trabajo sexual desde la perspectiva no binaria y transmasculina.<\/p>\n\n\n\n<p>A las 11:00 horas, el Comit\u00e9 Ejecutivo de la Secci\u00f3n XII de Oaxaca del Sindicato y la Coordinadora Nacional de Trabajadores de la Educaci\u00f3n (SNTE-CNTE) acudir\u00e1 a la Secretar\u00eda de Gobernaci\u00f3n, en Abraham Gonz\u00e1lez No. 48, Col. Ju\u00e1rez, para sostener una mesa de trabajo con autoridades del gobierno federal, para tratar con respecto al cumplimiento de sus demandas (educaci\u00f3n p\u00fablica de calidad, dotaci\u00f3n de uniformes y \u00fatiles para estudiantes de m\u00e1s de 11 mil escuelas, libertad de los presos pol\u00edticos, en contra de las reformas neoliberales y un alto a la criminalizaci\u00f3n de la protesta).<\/p>\n\n\n\n<p><strong>Coyoac\u00e1n<\/strong><\/p>\n\n\n\n<p>A las 13:00 horas, el Sindicato de Trabajadores de la Universidad Nacional Aut\u00f3noma de M\u00e9xico (STUNAM) se concentrar\u00e1 en Relaciones Laborales de la Universidad en Av. Insurgentes Sur No. 3000, Circuito Escolar s\/n., Ciudad Universitaria, para realizar una Mesa de trabajo sobre la problem\u00e1tica del sector acad\u00e9mico afiliado al Sindicato de Trabajadores de la Universidad Nacional Aut\u00f3noma de M\u00e9xico (STUNAM).<\/p>\n\n\n\n<p>A las 13:00 horas, Colectiva Feminista de la Universidad Nacional Aut\u00f3noma de M\u00e9xico (UNAM) acudir\u00e1 a la Facultad de Ciencias Pol\u00edticas y Sociales, en Mario de la Cueva s\/n, Ciudad Universitaria, para protestar en contra de los ataques en contra de los estudiantes de la Facultad de Contadur\u00eda y Administraci\u00f3n, por parte de grupos porriles.<\/p>\n\n\n\n<p><strong>Iztapalapa<\/strong><\/p>\n\n\n\n<p>A las 09:30 horas: integrantes del Espacio Aut\u00f3nomo de Trabajo Autogestivo &#8216;Okupa Che&#8217; acudir\u00e1 al Reclusorio Preventivo Varonil Oriente Av. Reforma No. 100, Col. Lomas de San Lorenzo, para realizar un mitin para exigir la libertad del integrante del Espacio Aut\u00f3nomo de Trabajo Autogestivo &#8216;Okupa Che&#8217;, detenido el 08 de diciembre de 2022, en las inmediaciones de Ciudad Universitaria, acusado presuntamente de narcomenudeo.<\/p>\n\n\n\n<p>A las 14:00 horas, el Colectivo Estudiantil de la Unidad Iztapalapa de la Universidad Aut\u00f3noma Metropolitana (UAM) se reunir\u00e1 en la Unidad Iztapalapa de la Universidad Aut\u00f3noma Metropolitana (UAM), en Av. San Rafael Atlixco No. 186, Col. Leyes de Reforma 1\u00aa. Secci\u00f3n, para realizar un evento &#8216;Contra la Violencia Machista&#8217;, en el que realizar\u00e1n diversas actividades art\u00edstico culturales, lo anterior en el marco de la conmemoraci\u00f3n del D\u00eda Internacional para la Eliminaci\u00f3n de la Violencia contra las Mujeres.<\/p>\n\n\n\n<p><strong>Iztacalco<\/strong><\/p>\n\n\n\n<p>A las 09:00 horas, personal de la alcald\u00eda Iztacalco realizar\u00e1 en Av. R\u00edo Churubusco y Av. T\u00e9, Col. Granjas M\u00e9xico, una cadena humana, en contra de la violencia hacia las mujeres y ni\u00f1as.<\/p>\n\n\n\n<p><strong>Hoy no circula 24 de noviembre<\/strong><\/p>\n\n\n\n<p>El programa Hoy No Circula se mantiene operando de manera normal en las 16 delegaciones de la Ciudad de M\u00e9xico y los 18 municipios del Estado de M\u00e9xico.&nbsp;<\/p>\n\n\n\n<p>El programa Hoy No Circula determina que este viernes 24 de noviembre no podr\u00e1n circular en las 16 alcald\u00edas de la Ciudad de M\u00e9xico los autos que cuenten con el&nbsp;<strong>engomado azul, que la terminaci\u00f3n de su placa termine en 9 y 0,&nbsp;<\/strong>y que cuenten con el&nbsp;<strong>holograma 1 y 2&nbsp;<\/strong>de verificaci\u00f3n, esto con la finalidad de reducir la emisi\u00f3n de part\u00edculas contaminantes en la capital del pa\u00eds.<\/p>\n","protected":false},"excerpt":{"rendered":"<p>Por Redacci\u00f3n QP La Secretar\u00eda de Seguridad Ciudadana no tiene previstas marchas, pero si otro&#8230;<\/p>\n","protected":false},"author":2,"featured_media":106578,"comment_status":"open","ping_status":"open","sticky":false,"template":"","format":"standard","meta":{"_monsterinsights_skip_tracking":false,"_monsterinsights_sitenote_active":false,"_monsterinsights_sitenote_note":"","_monsterinsights_sitenote_category":0,"footnotes":""},"categories":[55],"tags":[],"class_list":["post-106577","post","type-post","status-publish","format-standard","has-post-thumbnail","hentry","category-cdmx"],"yoast_head":"<!-- This site is optimized with the Yoast SEO plugin v27.3 - https:\/\/yoast.com\/product\/yoast-seo-wordpress\/ -->\n<title>Las Marchas para este viernes 24 de noviembre en la CDMX -<\/title>\n<meta name=\"robots\" content=\"index, follow, max-snippet:-1, max-image-preview:large, max-video-preview:-1\" \/>\n<link rel=\"canonical\" href=\"https:\/\/quehacerpolitico.mx\/?p=106577\" \/>\n<meta property=\"og:locale\" content=\"es_MX\" \/>\n<meta property=\"og:type\" content=\"article\" \/>\n<meta property=\"og:title\" content=\"Las Marchas para este viernes 24 de noviembre en la CDMX -\" \/>\n<meta property=\"og:description\" content=\"Por Redacci\u00f3n QP La Secretar\u00eda de Seguridad Ciudadana no tiene previstas marchas, pero si otro...\" \/>\n<meta property=\"og:url\" content=\"https:\/\/quehacerpolitico.mx\/?p=106577\" \/>\n<meta property=\"article:published_time\" content=\"2023-11-24T15:16:57+00:00\" \/>\n<meta property=\"article:modified_time\" content=\"2023-11-24T15:17:00+00:00\" \/>\n<meta property=\"og:image\" content=\"https:\/\/quehacerpolitico.mx\/wp-content\/uploads\/2023\/11\/IMG_2185.jpeg\" \/>\n\t<meta property=\"og:image:width\" content=\"739\" \/>\n\t<meta property=\"og:image:height\" content=\"415\" \/>\n\t<meta property=\"og:image:type\" content=\"image\/jpeg\" \/>\n<meta name=\"author\" content=\"Redacci\u00f3n QP\" \/>\n<meta name=\"twitter:card\" content=\"summary_large_image\" \/>\n<meta name=\"twitter:label1\" content=\"Escrito por\" \/>\n\t<meta name=\"twitter:data1\" content=\"Redacci\u00f3n QP\" \/>\n\t<meta name=\"twitter:label2\" content=\"Tiempo de lectura\" \/>\n\t<meta name=\"twitter:data2\" content=\"4 minutos\" \/>\n<script type=\"application\/ld+json\" class=\"yoast-schema-graph\">{\"@context\":\"https:\\\/\\\/schema.org\",\"@graph\":[{\"@type\":\"Article\",\"@id\":\"https:\\\/\\\/quehacerpolitico.mx\\\/?p=106577#article\",\"isPartOf\":{\"@id\":\"https:\\\/\\\/quehacerpolitico.mx\\\/?p=106577\"},\"author\":{\"name\":\"Redacci\u00f3n QP\",\"@id\":\"https:\\\/\\\/quehacerpolitico.mx\\\/#\\\/schema\\\/person\\\/496d8ad2d1d3f8036101dca7ee39e585\"},\"headline\":\"Las Marchas para este viernes 24 de noviembre en la CDMX\",\"datePublished\":\"2023-11-24T15:16:57+00:00\",\"dateModified\":\"2023-11-24T15:17:00+00:00\",\"mainEntityOfPage\":{\"@id\":\"https:\\\/\\\/quehacerpolitico.mx\\\/?p=106577\"},\"wordCount\":884,\"commentCount\":0,\"image\":{\"@id\":\"https:\\\/\\\/quehacerpolitico.mx\\\/?p=106577#primaryimage\"},\"thumbnailUrl\":\"https:\\\/\\\/quehacerpolitico.mx\\\/wp-content\\\/uploads\\\/2023\\\/11\\\/IMG_2185.jpeg\",\"articleSection\":[\"CDMX\"],\"inLanguage\":\"es\",\"potentialAction\":[{\"@type\":\"CommentAction\",\"name\":\"Comment\",\"target\":[\"https:\\\/\\\/quehacerpolitico.mx\\\/?p=106577#respond\"]}]},{\"@type\":\"WebPage\",\"@id\":\"https:\\\/\\\/quehacerpolitico.mx\\\/?p=106577\",\"url\":\"https:\\\/\\\/quehacerpolitico.mx\\\/?p=106577\",\"name\":\"Las Marchas para este viernes 24 de noviembre en la CDMX -\",\"isPartOf\":{\"@id\":\"https:\\\/\\\/quehacerpolitico.mx\\\/#website\"},\"primaryImageOfPage\":{\"@id\":\"https:\\\/\\\/quehacerpolitico.mx\\\/?p=106577#primaryimage\"},\"image\":{\"@id\":\"https:\\\/\\\/quehacerpolitico.mx\\\/?p=106577#primaryimage\"},\"thumbnailUrl\":\"https:\\\/\\\/quehacerpolitico.mx\\\/wp-content\\\/uploads\\\/2023\\\/11\\\/IMG_2185.jpeg\",\"datePublished\":\"2023-11-24T15:16:57+00:00\",\"dateModified\":\"2023-11-24T15:17:00+00:00\",\"author\":{\"@id\":\"https:\\\/\\\/quehacerpolitico.mx\\\/#\\\/schema\\\/person\\\/496d8ad2d1d3f8036101dca7ee39e585\"},\"breadcrumb\":{\"@id\":\"https:\\\/\\\/quehacerpolitico.mx\\\/?p=106577#breadcrumb\"},\"inLanguage\":\"es\",\"potentialAction\":[{\"@type\":\"ReadAction\",\"target\":[\"https:\\\/\\\/quehacerpolitico.mx\\\/?p=106577\"]}]},{\"@type\":\"ImageObject\",\"inLanguage\":\"es\",\"@id\":\"https:\\\/\\\/quehacerpolitico.mx\\\/?p=106577#primaryimage\",\"url\":\"https:\\\/\\\/quehacerpolitico.mx\\\/wp-content\\\/uploads\\\/2023\\\/11\\\/IMG_2185.jpeg\",\"contentUrl\":\"https:\\\/\\\/quehacerpolitico.mx\\\/wp-content\\\/uploads\\\/2023\\\/11\\\/IMG_2185.jpeg\",\"width\":739,\"height\":415},{\"@type\":\"BreadcrumbList\",\"@id\":\"https:\\\/\\\/quehacerpolitico.mx\\\/?p=106577#breadcrumb\",\"itemListElement\":[{\"@type\":\"ListItem\",\"position\":1,\"name\":\"Inicio\",\"item\":\"https:\\\/\\\/quehacerpolitico.mx\\\/\"},{\"@type\":\"ListItem\",\"position\":2,\"name\":\"Las Marchas para este viernes 24 de noviembre en la CDMX\"}]},{\"@type\":\"WebSite\",\"@id\":\"https:\\\/\\\/quehacerpolitico.mx\\\/#website\",\"url\":\"https:\\\/\\\/quehacerpolitico.mx\\\/\",\"name\":\"\",\"description\":\"\",\"potentialAction\":[{\"@type\":\"SearchAction\",\"target\":{\"@type\":\"EntryPoint\",\"urlTemplate\":\"https:\\\/\\\/quehacerpolitico.mx\\\/?s={search_term_string}\"},\"query-input\":{\"@type\":\"PropertyValueSpecification\",\"valueRequired\":true,\"valueName\":\"search_term_string\"}}],\"inLanguage\":\"es\"},{\"@type\":\"Person\",\"@id\":\"https:\\\/\\\/quehacerpolitico.mx\\\/#\\\/schema\\\/person\\\/496d8ad2d1d3f8036101dca7ee39e585\",\"name\":\"Redacci\u00f3n QP\",\"image\":{\"@type\":\"ImageObject\",\"inLanguage\":\"es\",\"@id\":\"https:\\\/\\\/secure.gravatar.com\\\/avatar\\\/c7164ed6fdec453195284ad24a5ae5b6e1eed2b848477fa2a4787ba9adf39a41?s=96&d=mm&r=g\",\"url\":\"https:\\\/\\\/secure.gravatar.com\\\/avatar\\\/c7164ed6fdec453195284ad24a5ae5b6e1eed2b848477fa2a4787ba9adf39a41?s=96&d=mm&r=g\",\"contentUrl\":\"https:\\\/\\\/secure.gravatar.com\\\/avatar\\\/c7164ed6fdec453195284ad24a5ae5b6e1eed2b848477fa2a4787ba9adf39a41?s=96&d=mm&r=g\",\"caption\":\"Redacci\u00f3n QP\"},\"url\":\"https:\\\/\\\/quehacerpolitico.mx\\\/?author=2\"}]}<\/script>\n<!-- \/ Yoast SEO plugin. -->","yoast_head_json":{"title":"Las Marchas para este viernes 24 de noviembre en la CDMX -","robots":{"index":"index","follow":"follow","max-snippet":"max-snippet:-1","max-image-preview":"max-image-preview:large","max-video-preview":"max-video-preview:-1"},"canonical":"https:\/\/quehacerpolitico.mx\/?p=106577","og_locale":"es_MX","og_type":"article","og_title":"Las Marchas para este viernes 24 de noviembre en la CDMX -","og_description":"Por Redacci\u00f3n QP La Secretar\u00eda de Seguridad Ciudadana no tiene previstas marchas, pero si otro...","og_url":"https:\/\/quehacerpolitico.mx\/?p=106577","article_published_time":"2023-11-24T15:16:57+00:00","article_modified_time":"2023-11-24T15:17:00+00:00","og_image":[{"width":739,"height":415,"url":"https:\/\/quehacerpolitico.mx\/wp-content\/uploads\/2023\/11\/IMG_2185.jpeg","type":"image\/jpeg"}],"author":"Redacci\u00f3n QP","twitter_card":"summary_large_image","twitter_misc":{"Escrito por":"Redacci\u00f3n QP","Tiempo de lectura":"4 minutos"},"schema":{"@context":"https:\/\/schema.org","@graph":[{"@type":"Article","@id":"https:\/\/quehacerpolitico.mx\/?p=106577#article","isPartOf":{"@id":"https:\/\/quehacerpolitico.mx\/?p=106577"},"author":{"name":"Redacci\u00f3n QP","@id":"https:\/\/quehacerpolitico.mx\/#\/schema\/person\/496d8ad2d1d3f8036101dca7ee39e585"},"headline":"Las Marchas para este viernes 24 de noviembre en la CDMX","datePublished":"2023-11-24T15:16:57+00:00","dateModified":"2023-11-24T15:17:00+00:00","mainEntityOfPage":{"@id":"https:\/\/quehacerpolitico.mx\/?p=106577"},"wordCount":884,"commentCount":0,"image":{"@id":"https:\/\/quehacerpolitico.mx\/?p=106577#primaryimage"},"thumbnailUrl":"https:\/\/quehacerpolitico.mx\/wp-content\/uploads\/2023\/11\/IMG_2185.jpeg","articleSection":["CDMX"],"inLanguage":"es","potentialAction":[{"@type":"CommentAction","name":"Comment","target":["https:\/\/quehacerpolitico.mx\/?p=106577#respond"]}]},{"@type":"WebPage","@id":"https:\/\/quehacerpolitico.mx\/?p=106577","url":"https:\/\/quehacerpolitico.mx\/?p=106577","name":"Las Marchas para este viernes 24 de noviembre en la CDMX -","isPartOf":{"@id":"https:\/\/quehacerpolitico.mx\/#website"},"primaryImageOfPage":{"@id":"https:\/\/quehacerpolitico.mx\/?p=106577#primaryimage"},"image":{"@id":"https:\/\/quehacerpolitico.mx\/?p=106577#primaryimage"},"thumbnailUrl":"https:\/\/quehacerpolitico.mx\/wp-content\/uploads\/2023\/11\/IMG_2185.jpeg","datePublished":"2023-11-24T15:16:57+00:00","dateModified":"2023-11-24T15:17:00+00:00","author":{"@id":"https:\/\/quehacerpolitico.mx\/#\/schema\/person\/496d8ad2d1d3f8036101dca7ee39e585"},"breadcrumb":{"@id":"https:\/\/quehacerpolitico.mx\/?p=106577#breadcrumb"},"inLanguage":"es","potentialAction":[{"@type":"ReadAction","target":["https:\/\/quehacerpolitico.mx\/?p=106577"]}]},{"@type":"ImageObject","inLanguage":"es","@id":"https:\/\/quehacerpolitico.mx\/?p=106577#primaryimage","url":"https:\/\/quehacerpolitico.mx\/wp-content\/uploads\/2023\/11\/IMG_2185.jpeg","contentUrl":"https:\/\/quehacerpolitico.mx\/wp-content\/uploads\/2023\/11\/IMG_2185.jpeg","width":739,"height":415},{"@type":"BreadcrumbList","@id":"https:\/\/quehacerpolitico.mx\/?p=106577#breadcrumb","itemListElement":[{"@type":"ListItem","position":1,"name":"Inicio","item":"https:\/\/quehacerpolitico.mx\/"},{"@type":"ListItem","position":2,"name":"Las Marchas para este viernes 24 de noviembre en la CDMX"}]},{"@type":"WebSite","@id":"https:\/\/quehacerpolitico.mx\/#website","url":"https:\/\/quehacerpolitico.mx\/","name":"","description":"","potentialAction":[{"@type":"SearchAction","target":{"@type":"EntryPoint","urlTemplate":"https:\/\/quehacerpolitico.mx\/?s={search_term_string}"},"query-input":{"@type":"PropertyValueSpecification","valueRequired":true,"valueName":"search_term_string"}}],"inLanguage":"es"},{"@type":"Person","@id":"https:\/\/quehacerpolitico.mx\/#\/schema\/person\/496d8ad2d1d3f8036101dca7ee39e585","name":"Redacci\u00f3n QP","image":{"@type":"ImageObject","inLanguage":"es","@id":"https:\/\/secure.gravatar.com\/avatar\/c7164ed6fdec453195284ad24a5ae5b6e1eed2b848477fa2a4787ba9adf39a41?s=96&d=mm&r=g","url":"https:\/\/secure.gravatar.com\/avatar\/c7164ed6fdec453195284ad24a5ae5b6e1eed2b848477fa2a4787ba9adf39a41?s=96&d=mm&r=g","contentUrl":"https:\/\/secure.gravatar.com\/avatar\/c7164ed6fdec453195284ad24a5ae5b6e1eed2b848477fa2a4787ba9adf39a41?s=96&d=mm&r=g","caption":"Redacci\u00f3n QP"},"url":"https:\/\/quehacerpolitico.mx\/?author=2"}]}},"featured_image_urls":{"full":["https:\/\/quehacerpolitico.mx\/wp-content\/uploads\/2023\/11\/IMG_2185.jpeg",739,415,false],"thumbnail":["https:\/\/quehacerpolitico.mx\/wp-content\/uploads\/2023\/11\/IMG_2185-150x150.jpeg",150,150,true],"medium":["https:\/\/quehacerpolitico.mx\/wp-content\/uploads\/2023\/11\/IMG_2185-300x168.jpeg",300,168,true],"medium_large":["https:\/\/quehacerpolitico.mx\/wp-content\/uploads\/2023\/11\/IMG_2185.jpeg",640,359,false],"large":["https:\/\/quehacerpolitico.mx\/wp-content\/uploads\/2023\/11\/IMG_2185.jpeg",640,359,false],"1536x1536":["https:\/\/quehacerpolitico.mx\/wp-content\/uploads\/2023\/11\/IMG_2185.jpeg",739,415,false],"2048x2048":["https:\/\/quehacerpolitico.mx\/wp-content\/uploads\/2023\/11\/IMG_2185.jpeg",739,415,false],"covernews-featured":["https:\/\/quehacerpolitico.mx\/wp-content\/uploads\/2023\/11\/IMG_2185.jpeg",739,415,false],"covernews-medium":["https:\/\/quehacerpolitico.mx\/wp-content\/uploads\/2023\/11\/IMG_2185.jpeg",540,303,false]},"author_info":{"display_name":"Redacci\u00f3n QP","author_link":"https:\/\/quehacerpolitico.mx\/?author=2"},"category_info":"<a href=\"https:\/\/quehacerpolitico.mx\/?cat=55\" rel=\"category\">CDMX<\/a>","tag_info":"CDMX","comment_count":"0","_links":{"self":[{"href":"https:\/\/quehacerpolitico.mx\/index.php?rest_route=\/wp\/v2\/posts\/106577","targetHints":{"allow":["GET"]}}],"collection":[{"href":"https:\/\/quehacerpolitico.mx\/index.php?rest_route=\/wp\/v2\/posts"}],"about":[{"href":"https:\/\/quehacerpolitico.mx\/index.php?rest_route=\/wp\/v2\/types\/post"}],"author":[{"embeddable":true,"href":"https:\/\/quehacerpolitico.mx\/index.php?rest_route=\/wp\/v2\/users\/2"}],"replies":[{"embeddable":true,"href":"https:\/\/quehacerpolitico.mx\/index.php?rest_route=%2Fwp%2Fv2%2Fcomments&post=106577"}],"version-history":[{"count":1,"href":"https:\/\/quehacerpolitico.mx\/index.php?rest_route=\/wp\/v2\/posts\/106577\/revisions"}],"predecessor-version":[{"id":106579,"href":"https:\/\/quehacerpolitico.mx\/index.php?rest_route=\/wp\/v2\/posts\/106577\/revisions\/106579"}],"wp:featuredmedia":[{"embeddable":true,"href":"https:\/\/quehacerpolitico.mx\/index.php?rest_route=\/wp\/v2\/media\/106578"}],"wp:attachment":[{"href":"https:\/\/quehacerpolitico.mx\/index.php?rest_route=%2Fwp%2Fv2%2Fmedia&parent=106577"}],"wp:term":[{"taxonomy":"category","embeddable":true,"href":"https:\/\/quehacerpolitico.mx\/index.php?rest_route=%2Fwp%2Fv2%2Fcategories&post=106577"},{"taxonomy":"post_tag","embeddable":true,"href":"https:\/\/quehacerpolitico.mx\/index.php?rest_route=%2Fwp%2Fv2%2Ftags&post=106577"}],"curies":[{"name":"wp","href":"https:\/\/api.w.org\/{rel}","templated":true}]}}