{"id":106571,"date":"2023-11-23T20:44:17","date_gmt":"2023-11-23T20:44:17","guid":{"rendered":"https:\/\/quehacerpolitico.mx\/?p=106571"},"modified":"2023-11-23T20:44:20","modified_gmt":"2023-11-23T20:44:20","slug":"internacionales-carolina-alonso-romei-tregua-en-gaza-ya-tiene-fecha-para-liberar-50-rehenes-de-hamas","status":"publish","type":"post","link":"https:\/\/quehacerpolitico.mx\/?p=106571","title":{"rendered":"Internacionales\/\/\/Carolina Alonso Romei\/\/\/Tregua en Gaza ya tiene fecha para liberar 50 rehenes de Ham\u00e1s"},"content":{"rendered":"\n<p>Por Carolina Alonso Romei<\/p>\n\n\n\n<p>Internacionalista <\/p>\n\n\n\n<p>Se esperaba que el alto el fuego para la liberaci\u00f3n de rehenes entrara en vigor hoy mismo, pero al final se retras\u00f3 por la necesidad de ultimar detalles<\/p>\n\n\n\n<p>Tras 48 d\u00edas de\u00a0guerra, la primera tregua entre Israel y Ham\u00e1s entrar\u00e1 en vigor ma\u00f1ana viernes 24 de noviembre a las 05:00 GMT, un respiro de cuatro d\u00edas para la castigada poblaci\u00f3n civil gazat\u00ed, lo que permitir\u00e1 horas despu\u00e9s la liberaci\u00f3n de una primera tanda de 13 rehenes de los casi 240 que el grupo islamista tiene cautivos en la Franja.<\/p>\n\n\n\n<p>Despu\u00e9s de que las partes aceptaran los t\u00e9rminos del acuerdo en la madrugada del mi\u00e9rcoles, se esperaba que el alto el fuego para la liberaci\u00f3n de rehenes entrara en vigor hoy mismo, pero al final se retras\u00f3 por la necesidad de ultimar detalles.<\/p>\n\n\n\n<p>Ha sido el vocero del Ministerio de Exteriores de\u00a0<strong>Qatar<\/strong>, pa\u00eds mediador, quien primero inform\u00f3 este jueves de que\u00a0<strong>el alto el fuego comenzar\u00e1 ma\u00f1ana a las 07:00 hora local<\/strong>\u00a0(5 GMT) y que\u00a0<strong>los primeros 13 rehenes, todos ellos mujeres y ni\u00f1os, ser\u00e1n liberados a las 16:00 hora local\u00a0<\/strong>(14:00 GMT). Israel y Ham\u00e1s confirmaron poco despu\u00e9s la informaci\u00f3n.<\/p>\n\n\n\n<figure class=\"wp-block-embed is-type-video is-provider-youtube wp-block-embed-youtube wp-embed-aspect-16-9 wp-has-aspect-ratio\"><div class=\"wp-block-embed__wrapper\">\n<iframe loading=\"lazy\" title=\"Israel y Ham\u00e1s acuerdan alto el fuego de cuatro d\u00edas y la liberaci\u00f3n de rehenes\" width=\"640\" height=\"360\" src=\"https:\/\/www.youtube.com\/embed\/SDyGBV7tlZc?feature=oembed\" frameborder=\"0\" allow=\"accelerometer; autoplay; clipboard-write; encrypted-media; gyroscope; picture-in-picture; web-share\" referrerpolicy=\"strict-origin-when-cross-origin\" allowfullscreen><\/iframe>\n<\/div><\/figure>\n\n\n\n<p>&#8220;El criterio para priorizar a los rehenes fue puramente humanitario y nos centramos en poner fuera de peligro a\u00a0<strong>mujeres y ni\u00f1os<\/strong>\u00a0de la forma m\u00e1s r\u00e1pida posible&#8221;, asegur\u00f3 Majed al Ansari, el portavoz catar\u00ed, quien confi\u00f3 en el cumplimiento de la\u00a0tregua tras apreciar &#8220;positivismo y compromiso&#8221; de ambas partes.<\/p>\n\n\n\n<p>En total\u00a0<strong>se prev\u00e9 que en los cuatro d\u00edas de tregua, Ham\u00e1s entregue a 50 secuestrados, entre 10 y 13 cada d\u00eda,<\/strong>\u00a0en canje por la liberaci\u00f3n de 150 presos palestinos que no hayan sido condenados por delitos de sangre. En ambos casos la lista se reduce exclusivamente a mujeres y ni\u00f1os.<\/p>\n\n\n\n<p>El acuerdo, logrado con la mediaci\u00f3n de Qatar, Egipto y EU tras una jornada maratoniana de negociaciones en Doha, contempla que la tregua se pueda extender hasta un m\u00e1ximo de diez d\u00edas, lo que permitir\u00e1 que\u00a0Hamas entregue a 150 secuestrados de entre los alrededor de 240 que mantiene cautivos; e Israel libere a hasta 300 palestinos.<\/p>\n\n\n\n<p>De hecho, ha trascendido que el jefe del Mosad, la agencia israel\u00ed de inteligencia, David Barnea, viaj\u00f3 anoche a Qatar para ultimar flecos sueltos y recibir la lista de rehenes liberados, as\u00ed como entregar la de presos palestinos.<\/p>\n\n\n\n<p>El gobierno de\u00a0Israel confirm\u00f3 tras el anuncio qatar\u00ed\u00a0<strong>haber recibido la lista &#8220;preliminar&#8221; con los nombres de los cautivos que ser\u00e1n liberados en los pr\u00f3ximos cuatro d\u00edas.<\/strong><\/p>\n\n\n\n<p>&#8220;Los funcionarios designados verifican los detalles de la lista y est\u00e1n en contacto con todas las familias&#8221;, indic\u00f3 la oficina del Primer Ministro.<\/p>\n\n\n\n<p>&#8220;Hemos informado a todas aquellas familias cuyos seres queridos aparecen en la lista, adem\u00e1s de al resto de familias de rehenes&#8221;, indic\u00f3 por su parte el coordinador israel\u00ed para los secuestrados y desaparecidos, el general de brigada Gal Hirsch, quien pidi\u00f3 prudencia y evitar filtraciones de esa lista, que de momento es secreta.<\/p>\n\n\n\n<h2 class=\"wp-block-heading\">Pausa en los combates<\/h2>\n\n\n\n<p>Por su parte, las Brigadas al Qasam, brazo armado de Ham\u00e1s, celebraron esa &#8220;tregua humanitaria&#8221; que permitir\u00e1 el &#8220;intercambio de prisioneros&#8221;.&nbsp;<strong>&#8220;Por cada prisionero sionista se liberar\u00e1n tres prisioneros palestinos, entre ellos mujeres y ni\u00f1os&#8221;,<\/strong>&nbsp;subrayaron.<\/p>\n\n\n\n<p>&#8220;La tregua implica el cese de todas las acciones militares de la resistencia palestina y del enemigo sionista durante ese periodo&#8221;, se\u00f1al\u00f3 el grupo.<\/p>\n\n\n\n<figure class=\"wp-block-embed is-type-video is-provider-youtube wp-block-embed-youtube wp-embed-aspect-16-9 wp-has-aspect-ratio\"><div class=\"wp-block-embed__wrapper\">\n<iframe loading=\"lazy\" title=\"Ej\u00e9rcito israel\u00ed lleva a la prensa a ver t\u00faneles bajo hospital en Gaza | AFP\" width=\"640\" height=\"360\" src=\"https:\/\/www.youtube.com\/embed\/jOk3_SKoMFI?feature=oembed\" frameborder=\"0\" allow=\"accelerometer; autoplay; clipboard-write; encrypted-media; gyroscope; picture-in-picture; web-share\" referrerpolicy=\"strict-origin-when-cross-origin\" allowfullscreen><\/iframe>\n<\/div><\/figure>\n\n\n\n<p>Ham\u00e1s tambi\u00e9n confirm\u00f3 que el acuerdo contempla la entrada diaria de 200 camiones con ayuda humanitaria, alimentos y medicinas para distribuir por toda la Franja, incluido el norte, as\u00ed como la distribuci\u00f3n diaria de 4 camiones con combustible, vital para el suministro el\u00e9ctrico del enclave.<\/p>\n\n\n\n<p>El cese el fuego es un respiro para el devastado enclave, sumido en la peor cat\u00e1strofe humanitaria de su historia, donde ya&nbsp;<strong>suman m\u00e1s de 14 mil 500 muertos<\/strong>&nbsp;-m\u00e1s del 70% mayor\u00eda ni\u00f1os y mujeres-, y&nbsp;<strong>m\u00e1s de 6 mil 800 est\u00e1n desaparecidos<\/strong>&nbsp;bajo los escombros o sus cad\u00e1veres tirados en calles y carreteras, por lo que la cifra de v\u00edctimas mortales podr\u00eda ser mayor, seg\u00fan el Ministerio de Sanidad de Gaza.<\/p>\n\n\n\n<p>&#8220;Hemos afrontado un marat\u00f3n de dif\u00edciles negociaciones para esta tregua humanitaria en Gaza, que supone un paso importante en aliviar el sufrimiento de nuestro pueblo&#8221;, afirm\u00f3 un portavoz de Ham\u00e1s, Bassem Naim.<\/p>\n\n\n\n<p>Adem\u00e1s de suspender por completo las operaciones militares, Israel tambi\u00e9n se ha comprometido a suspender la vigilancia a\u00e9rea con drones sobre la Franja durante seis horas diarias, de 10-16 horas, en el norte de la Franja, y durante todo el d\u00eda en el sur.<\/p>\n\n\n\n<p>Adem\u00e1s, la Cruz Roja podr\u00e1 entrar el enclave a prestar atenci\u00f3n m\u00e9dica a los rehenes que no sean liberados todav\u00eda, la mayor\u00eda soldados y hombres civiles, no incluidos en esta primera tanda, que tampoco contempla la entrega de cad\u00e1veres.<br>Israel declar\u00f3 la guerra a Ham\u00e1s el 7 de octubre tras un ataque del grupo islamista que incluy\u00f3 el lanzamiento de m\u00e1s de 4 mil cohetes y la infiltraci\u00f3n de unos 3 mil milicianos que mataron brutalmente a m\u00e1s de mil 200 personas y secuestraron a unas 240 en comunidades israel\u00edes cercanas al enclave.<\/p>\n\n\n\n<p><strong>Cuatro mujeres fueron ya liberadas por &#8220;razones humanitarias&#8221;<\/strong>\u00a0-una madre e hija estadounidenses, y dos ancianas israel\u00edes-; una soldado fue rescatada por el Ej\u00e9rcito; y se han encontrado dentro de la Franja los cad\u00e1veres de otras dos secuestradas, una soldado de 19 a\u00f1os y una anciana de 65.<\/p>\n\n\n\n<p>Con informaci\u00f3n de EFE<\/p>\n","protected":false},"excerpt":{"rendered":"<p>Por Carolina Alonso Romei Internacionalista Se esperaba que el alto el fuego para la liberaci\u00f3n&#8230;<\/p>\n","protected":false},"author":2,"featured_media":106572,"comment_status":"open","ping_status":"open","sticky":false,"template":"","format":"standard","meta":{"_monsterinsights_skip_tracking":false,"_monsterinsights_sitenote_active":false,"_monsterinsights_sitenote_note":"","_monsterinsights_sitenote_category":0,"footnotes":""},"categories":[1],"tags":[],"class_list":["post-106571","post","type-post","status-publish","format-standard","has-post-thumbnail","hentry","category-sin-categoria"],"yoast_head":"<!-- This site is optimized with the Yoast SEO plugin v27.3 - https:\/\/yoast.com\/product\/yoast-seo-wordpress\/ -->\n<title>Internacionales\/\/\/Carolina Alonso Romei\/\/\/Tregua en Gaza ya tiene fecha para liberar 50 rehenes de Ham\u00e1s -<\/title>\n<meta name=\"robots\" content=\"index, follow, max-snippet:-1, max-image-preview:large, max-video-preview:-1\" \/>\n<link rel=\"canonical\" href=\"https:\/\/quehacerpolitico.mx\/?p=106571\" \/>\n<meta property=\"og:locale\" content=\"es_MX\" \/>\n<meta property=\"og:type\" content=\"article\" \/>\n<meta property=\"og:title\" content=\"Internacionales\/\/\/Carolina Alonso Romei\/\/\/Tregua en Gaza ya tiene fecha para liberar 50 rehenes de Ham\u00e1s -\" \/>\n<meta property=\"og:description\" content=\"Por Carolina Alonso Romei Internacionalista Se esperaba que el alto el fuego para la liberaci\u00f3n...\" \/>\n<meta property=\"og:url\" content=\"https:\/\/quehacerpolitico.mx\/?p=106571\" \/>\n<meta property=\"article:published_time\" content=\"2023-11-23T20:44:17+00:00\" \/>\n<meta property=\"article:modified_time\" content=\"2023-11-23T20:44:20+00:00\" \/>\n<meta property=\"og:image\" content=\"https:\/\/quehacerpolitico.mx\/wp-content\/uploads\/2023\/11\/IMG_2175.jpeg\" \/>\n\t<meta property=\"og:image:width\" content=\"1162\" \/>\n\t<meta property=\"og:image:height\" content=\"675\" \/>\n\t<meta property=\"og:image:type\" content=\"image\/jpeg\" \/>\n<meta name=\"author\" content=\"Redacci\u00f3n QP\" \/>\n<meta name=\"twitter:card\" content=\"summary_large_image\" \/>\n<meta name=\"twitter:label1\" content=\"Escrito por\" \/>\n\t<meta name=\"twitter:data1\" content=\"Redacci\u00f3n QP\" \/>\n\t<meta name=\"twitter:label2\" content=\"Tiempo de lectura\" \/>\n\t<meta name=\"twitter:data2\" content=\"5 minutos\" \/>\n<script type=\"application\/ld+json\" class=\"yoast-schema-graph\">{\"@context\":\"https:\\\/\\\/schema.org\",\"@graph\":[{\"@type\":\"Article\",\"@id\":\"https:\\\/\\\/quehacerpolitico.mx\\\/?p=106571#article\",\"isPartOf\":{\"@id\":\"https:\\\/\\\/quehacerpolitico.mx\\\/?p=106571\"},\"author\":{\"name\":\"Redacci\u00f3n QP\",\"@id\":\"https:\\\/\\\/quehacerpolitico.mx\\\/#\\\/schema\\\/person\\\/496d8ad2d1d3f8036101dca7ee39e585\"},\"headline\":\"Internacionales\\\/\\\/\\\/Carolina Alonso Romei\\\/\\\/\\\/Tregua en Gaza ya tiene fecha para liberar 50 rehenes de Ham\u00e1s\",\"datePublished\":\"2023-11-23T20:44:17+00:00\",\"dateModified\":\"2023-11-23T20:44:20+00:00\",\"mainEntityOfPage\":{\"@id\":\"https:\\\/\\\/quehacerpolitico.mx\\\/?p=106571\"},\"wordCount\":989,\"commentCount\":0,\"image\":{\"@id\":\"https:\\\/\\\/quehacerpolitico.mx\\\/?p=106571#primaryimage\"},\"thumbnailUrl\":\"https:\\\/\\\/quehacerpolitico.mx\\\/wp-content\\\/uploads\\\/2023\\\/11\\\/IMG_2175.jpeg\",\"articleSection\":[\"Internacionales\"],\"inLanguage\":\"es\",\"potentialAction\":[{\"@type\":\"CommentAction\",\"name\":\"Comment\",\"target\":[\"https:\\\/\\\/quehacerpolitico.mx\\\/?p=106571#respond\"]}]},{\"@type\":\"WebPage\",\"@id\":\"https:\\\/\\\/quehacerpolitico.mx\\\/?p=106571\",\"url\":\"https:\\\/\\\/quehacerpolitico.mx\\\/?p=106571\",\"name\":\"Internacionales\\\/\\\/\\\/Carolina Alonso Romei\\\/\\\/\\\/Tregua en Gaza ya tiene fecha para liberar 50 rehenes de Ham\u00e1s -\",\"isPartOf\":{\"@id\":\"https:\\\/\\\/quehacerpolitico.mx\\\/#website\"},\"primaryImageOfPage\":{\"@id\":\"https:\\\/\\\/quehacerpolitico.mx\\\/?p=106571#primaryimage\"},\"image\":{\"@id\":\"https:\\\/\\\/quehacerpolitico.mx\\\/?p=106571#primaryimage\"},\"thumbnailUrl\":\"https:\\\/\\\/quehacerpolitico.mx\\\/wp-content\\\/uploads\\\/2023\\\/11\\\/IMG_2175.jpeg\",\"datePublished\":\"2023-11-23T20:44:17+00:00\",\"dateModified\":\"2023-11-23T20:44:20+00:00\",\"author\":{\"@id\":\"https:\\\/\\\/quehacerpolitico.mx\\\/#\\\/schema\\\/person\\\/496d8ad2d1d3f8036101dca7ee39e585\"},\"breadcrumb\":{\"@id\":\"https:\\\/\\\/quehacerpolitico.mx\\\/?p=106571#breadcrumb\"},\"inLanguage\":\"es\",\"potentialAction\":[{\"@type\":\"ReadAction\",\"target\":[\"https:\\\/\\\/quehacerpolitico.mx\\\/?p=106571\"]}]},{\"@type\":\"ImageObject\",\"inLanguage\":\"es\",\"@id\":\"https:\\\/\\\/quehacerpolitico.mx\\\/?p=106571#primaryimage\",\"url\":\"https:\\\/\\\/quehacerpolitico.mx\\\/wp-content\\\/uploads\\\/2023\\\/11\\\/IMG_2175.jpeg\",\"contentUrl\":\"https:\\\/\\\/quehacerpolitico.mx\\\/wp-content\\\/uploads\\\/2023\\\/11\\\/IMG_2175.jpeg\",\"width\":1162,\"height\":675},{\"@type\":\"BreadcrumbList\",\"@id\":\"https:\\\/\\\/quehacerpolitico.mx\\\/?p=106571#breadcrumb\",\"itemListElement\":[{\"@type\":\"ListItem\",\"position\":1,\"name\":\"Inicio\",\"item\":\"https:\\\/\\\/quehacerpolitico.mx\\\/\"},{\"@type\":\"ListItem\",\"position\":2,\"name\":\"Internacionales\\\/\\\/\\\/Carolina Alonso Romei\\\/\\\/\\\/Tregua en Gaza ya tiene fecha para liberar 50 rehenes de Ham\u00e1s\"}]},{\"@type\":\"WebSite\",\"@id\":\"https:\\\/\\\/quehacerpolitico.mx\\\/#website\",\"url\":\"https:\\\/\\\/quehacerpolitico.mx\\\/\",\"name\":\"\",\"description\":\"\",\"potentialAction\":[{\"@type\":\"SearchAction\",\"target\":{\"@type\":\"EntryPoint\",\"urlTemplate\":\"https:\\\/\\\/quehacerpolitico.mx\\\/?s={search_term_string}\"},\"query-input\":{\"@type\":\"PropertyValueSpecification\",\"valueRequired\":true,\"valueName\":\"search_term_string\"}}],\"inLanguage\":\"es\"},{\"@type\":\"Person\",\"@id\":\"https:\\\/\\\/quehacerpolitico.mx\\\/#\\\/schema\\\/person\\\/496d8ad2d1d3f8036101dca7ee39e585\",\"name\":\"Redacci\u00f3n QP\",\"image\":{\"@type\":\"ImageObject\",\"inLanguage\":\"es\",\"@id\":\"https:\\\/\\\/secure.gravatar.com\\\/avatar\\\/c7164ed6fdec453195284ad24a5ae5b6e1eed2b848477fa2a4787ba9adf39a41?s=96&d=mm&r=g\",\"url\":\"https:\\\/\\\/secure.gravatar.com\\\/avatar\\\/c7164ed6fdec453195284ad24a5ae5b6e1eed2b848477fa2a4787ba9adf39a41?s=96&d=mm&r=g\",\"contentUrl\":\"https:\\\/\\\/secure.gravatar.com\\\/avatar\\\/c7164ed6fdec453195284ad24a5ae5b6e1eed2b848477fa2a4787ba9adf39a41?s=96&d=mm&r=g\",\"caption\":\"Redacci\u00f3n QP\"},\"url\":\"https:\\\/\\\/quehacerpolitico.mx\\\/?author=2\"}]}<\/script>\n<!-- \/ Yoast SEO plugin. -->","yoast_head_json":{"title":"Internacionales\/\/\/Carolina Alonso Romei\/\/\/Tregua en Gaza ya tiene fecha para liberar 50 rehenes de Ham\u00e1s -","robots":{"index":"index","follow":"follow","max-snippet":"max-snippet:-1","max-image-preview":"max-image-preview:large","max-video-preview":"max-video-preview:-1"},"canonical":"https:\/\/quehacerpolitico.mx\/?p=106571","og_locale":"es_MX","og_type":"article","og_title":"Internacionales\/\/\/Carolina Alonso Romei\/\/\/Tregua en Gaza ya tiene fecha para liberar 50 rehenes de Ham\u00e1s -","og_description":"Por Carolina Alonso Romei Internacionalista Se esperaba que el alto el fuego para la liberaci\u00f3n...","og_url":"https:\/\/quehacerpolitico.mx\/?p=106571","article_published_time":"2023-11-23T20:44:17+00:00","article_modified_time":"2023-11-23T20:44:20+00:00","og_image":[{"width":1162,"height":675,"url":"https:\/\/quehacerpolitico.mx\/wp-content\/uploads\/2023\/11\/IMG_2175.jpeg","type":"image\/jpeg"}],"author":"Redacci\u00f3n QP","twitter_card":"summary_large_image","twitter_misc":{"Escrito por":"Redacci\u00f3n QP","Tiempo de lectura":"5 minutos"},"schema":{"@context":"https:\/\/schema.org","@graph":[{"@type":"Article","@id":"https:\/\/quehacerpolitico.mx\/?p=106571#article","isPartOf":{"@id":"https:\/\/quehacerpolitico.mx\/?p=106571"},"author":{"name":"Redacci\u00f3n QP","@id":"https:\/\/quehacerpolitico.mx\/#\/schema\/person\/496d8ad2d1d3f8036101dca7ee39e585"},"headline":"Internacionales\/\/\/Carolina Alonso Romei\/\/\/Tregua en Gaza ya tiene fecha para liberar 50 rehenes de Ham\u00e1s","datePublished":"2023-11-23T20:44:17+00:00","dateModified":"2023-11-23T20:44:20+00:00","mainEntityOfPage":{"@id":"https:\/\/quehacerpolitico.mx\/?p=106571"},"wordCount":989,"commentCount":0,"image":{"@id":"https:\/\/quehacerpolitico.mx\/?p=106571#primaryimage"},"thumbnailUrl":"https:\/\/quehacerpolitico.mx\/wp-content\/uploads\/2023\/11\/IMG_2175.jpeg","articleSection":["Internacionales"],"inLanguage":"es","potentialAction":[{"@type":"CommentAction","name":"Comment","target":["https:\/\/quehacerpolitico.mx\/?p=106571#respond"]}]},{"@type":"WebPage","@id":"https:\/\/quehacerpolitico.mx\/?p=106571","url":"https:\/\/quehacerpolitico.mx\/?p=106571","name":"Internacionales\/\/\/Carolina Alonso Romei\/\/\/Tregua en Gaza ya tiene fecha para liberar 50 rehenes de Ham\u00e1s -","isPartOf":{"@id":"https:\/\/quehacerpolitico.mx\/#website"},"primaryImageOfPage":{"@id":"https:\/\/quehacerpolitico.mx\/?p=106571#primaryimage"},"image":{"@id":"https:\/\/quehacerpolitico.mx\/?p=106571#primaryimage"},"thumbnailUrl":"https:\/\/quehacerpolitico.mx\/wp-content\/uploads\/2023\/11\/IMG_2175.jpeg","datePublished":"2023-11-23T20:44:17+00:00","dateModified":"2023-11-23T20:44:20+00:00","author":{"@id":"https:\/\/quehacerpolitico.mx\/#\/schema\/person\/496d8ad2d1d3f8036101dca7ee39e585"},"breadcrumb":{"@id":"https:\/\/quehacerpolitico.mx\/?p=106571#breadcrumb"},"inLanguage":"es","potentialAction":[{"@type":"ReadAction","target":["https:\/\/quehacerpolitico.mx\/?p=106571"]}]},{"@type":"ImageObject","inLanguage":"es","@id":"https:\/\/quehacerpolitico.mx\/?p=106571#primaryimage","url":"https:\/\/quehacerpolitico.mx\/wp-content\/uploads\/2023\/11\/IMG_2175.jpeg","contentUrl":"https:\/\/quehacerpolitico.mx\/wp-content\/uploads\/2023\/11\/IMG_2175.jpeg","width":1162,"height":675},{"@type":"BreadcrumbList","@id":"https:\/\/quehacerpolitico.mx\/?p=106571#breadcrumb","itemListElement":[{"@type":"ListItem","position":1,"name":"Inicio","item":"https:\/\/quehacerpolitico.mx\/"},{"@type":"ListItem","position":2,"name":"Internacionales\/\/\/Carolina Alonso Romei\/\/\/Tregua en Gaza ya tiene fecha para liberar 50 rehenes de Ham\u00e1s"}]},{"@type":"WebSite","@id":"https:\/\/quehacerpolitico.mx\/#website","url":"https:\/\/quehacerpolitico.mx\/","name":"","description":"","potentialAction":[{"@type":"SearchAction","target":{"@type":"EntryPoint","urlTemplate":"https:\/\/quehacerpolitico.mx\/?s={search_term_string}"},"query-input":{"@type":"PropertyValueSpecification","valueRequired":true,"valueName":"search_term_string"}}],"inLanguage":"es"},{"@type":"Person","@id":"https:\/\/quehacerpolitico.mx\/#\/schema\/person\/496d8ad2d1d3f8036101dca7ee39e585","name":"Redacci\u00f3n QP","image":{"@type":"ImageObject","inLanguage":"es","@id":"https:\/\/secure.gravatar.com\/avatar\/c7164ed6fdec453195284ad24a5ae5b6e1eed2b848477fa2a4787ba9adf39a41?s=96&d=mm&r=g","url":"https:\/\/secure.gravatar.com\/avatar\/c7164ed6fdec453195284ad24a5ae5b6e1eed2b848477fa2a4787ba9adf39a41?s=96&d=mm&r=g","contentUrl":"https:\/\/secure.gravatar.com\/avatar\/c7164ed6fdec453195284ad24a5ae5b6e1eed2b848477fa2a4787ba9adf39a41?s=96&d=mm&r=g","caption":"Redacci\u00f3n QP"},"url":"https:\/\/quehacerpolitico.mx\/?author=2"}]}},"featured_image_urls":{"full":["https:\/\/quehacerpolitico.mx\/wp-content\/uploads\/2023\/11\/IMG_2175.jpeg",1162,675,false],"thumbnail":["https:\/\/quehacerpolitico.mx\/wp-content\/uploads\/2023\/11\/IMG_2175-150x150.jpeg",150,150,true],"medium":["https:\/\/quehacerpolitico.mx\/wp-content\/uploads\/2023\/11\/IMG_2175-300x174.jpeg",300,174,true],"medium_large":["https:\/\/quehacerpolitico.mx\/wp-content\/uploads\/2023\/11\/IMG_2175-768x446.jpeg",640,372,true],"large":["https:\/\/quehacerpolitico.mx\/wp-content\/uploads\/2023\/11\/IMG_2175-1024x595.jpeg",640,372,true],"1536x1536":["https:\/\/quehacerpolitico.mx\/wp-content\/uploads\/2023\/11\/IMG_2175.jpeg",1162,675,false],"2048x2048":["https:\/\/quehacerpolitico.mx\/wp-content\/uploads\/2023\/11\/IMG_2175.jpeg",1162,675,false],"covernews-featured":["https:\/\/quehacerpolitico.mx\/wp-content\/uploads\/2023\/11\/IMG_2175.jpeg",1024,595,false],"covernews-medium":["https:\/\/quehacerpolitico.mx\/wp-content\/uploads\/2023\/11\/IMG_2175.jpeg",540,314,false]},"author_info":{"display_name":"Redacci\u00f3n QP","author_link":"https:\/\/quehacerpolitico.mx\/?author=2"},"category_info":"<a href=\"https:\/\/quehacerpolitico.mx\/?cat=1\" rel=\"category\">Internacionales<\/a>","tag_info":"Internacionales","comment_count":"0","_links":{"self":[{"href":"https:\/\/quehacerpolitico.mx\/index.php?rest_route=\/wp\/v2\/posts\/106571","targetHints":{"allow":["GET"]}}],"collection":[{"href":"https:\/\/quehacerpolitico.mx\/index.php?rest_route=\/wp\/v2\/posts"}],"about":[{"href":"https:\/\/quehacerpolitico.mx\/index.php?rest_route=\/wp\/v2\/types\/post"}],"author":[{"embeddable":true,"href":"https:\/\/quehacerpolitico.mx\/index.php?rest_route=\/wp\/v2\/users\/2"}],"replies":[{"embeddable":true,"href":"https:\/\/quehacerpolitico.mx\/index.php?rest_route=%2Fwp%2Fv2%2Fcomments&post=106571"}],"version-history":[{"count":1,"href":"https:\/\/quehacerpolitico.mx\/index.php?rest_route=\/wp\/v2\/posts\/106571\/revisions"}],"predecessor-version":[{"id":106573,"href":"https:\/\/quehacerpolitico.mx\/index.php?rest_route=\/wp\/v2\/posts\/106571\/revisions\/106573"}],"wp:featuredmedia":[{"embeddable":true,"href":"https:\/\/quehacerpolitico.mx\/index.php?rest_route=\/wp\/v2\/media\/106572"}],"wp:attachment":[{"href":"https:\/\/quehacerpolitico.mx\/index.php?rest_route=%2Fwp%2Fv2%2Fmedia&parent=106571"}],"wp:term":[{"taxonomy":"category","embeddable":true,"href":"https:\/\/quehacerpolitico.mx\/index.php?rest_route=%2Fwp%2Fv2%2Fcategories&post=106571"},{"taxonomy":"post_tag","embeddable":true,"href":"https:\/\/quehacerpolitico.mx\/index.php?rest_route=%2Fwp%2Fv2%2Ftags&post=106571"}],"curies":[{"name":"wp","href":"https:\/\/api.w.org\/{rel}","templated":true}]}}