{"id":106568,"date":"2023-11-23T18:06:27","date_gmt":"2023-11-23T18:06:27","guid":{"rendered":"https:\/\/quehacerpolitico.mx\/?p=106568"},"modified":"2023-11-23T18:06:31","modified_gmt":"2023-11-23T18:06:31","slug":"las-13-novelas-que-marcaran-el-2024","status":"publish","type":"post","link":"https:\/\/quehacerpolitico.mx\/?p=106568","title":{"rendered":"Las 13 novelas que marcar\u00e1n el 2024"},"content":{"rendered":"\n<p>Por Redacci\u00f3n QP<\/p>\n\n\n\n<p>El proyecto\u00a0\u201cMapa de las Lenguas\u201d tiene como objetivo la publicaci\u00f3n simult\u00e1nea para dar\u00a0a conocer el talento latinoamericano<\/p>\n\n\n\n<p>Trece novelas de Chile, M\u00e9xico, Colombia, Argentina, Per\u00fa, Espa\u00f1a y Uruguay integran la colecci\u00f3n de literatura \u201cEl mapa de las lenguas\u201d de 2024&nbsp;que, con lanzamientos simult\u00e1neos en Espa\u00f1a y Am\u00e9rica Latina, quiere apostar por la internacionalizaci\u00f3n de la mejor literatura de 21 pa\u00edses que comparten el idioma espa\u00f1ol.<\/p>\n\n\n\n<p>La colecci\u00f3n de literatura hispanoamericana para el pr\u00f3ximo a\u00f1o\u00a0<strong>fue presentada ayer en una rueda de prensa telem\u00e1tica por la directora editorial de Alfaguara y Random House, Pilar Reyes, junto con los trece autores seleccionados para esta edici\u00f3n<\/strong>.<\/p>\n\n\n\n<p>A partir de una lista \u00fanica de 13 autores que tuvieron la relevancia y el reconocimiento en sus pa\u00edses de origen en 2023, el proyecto del\u00a0<strong>\u201cMapa de las Lenguas\u201d<\/strong>\u00a0establece una fecha de publicaci\u00f3n simult\u00e1nea, una estrategia y gr\u00e1fica comunes, y un trabajo coordinado de promoci\u00f3n entre todas las editoriales que suman fuerzas desde lo local para situar a estos autores en \u201cel mapa\u201d internacional.<\/p>\n\n\n\n<p>Seg\u00fan explic\u00f3 Reyes, las novelas de esta edici\u00f3n tienen una fuerte presencia femenina, con autores nacidos en su mayor parte en la d\u00e9cada de los 80 y muestran como \u201cterritorio com\u00fan\u201d una uni\u00f3n con las artes pl\u00e1sticas y el mundo audiovisual.<\/p>\n\n\n\n<p>La colecci\u00f3n de 2024 se iniciar\u00e1 en febrero con<strong>\u201cTierra de campeones\u201d<\/strong>, del chileno Diego Z\u00fa\u00f1iga y posteriormente lo har\u00e1 la espa\u00f1ola Mar Garc\u00eda Puig con\u00a0<strong>\u201cLa historia de los vertebrados\u201d\u00a0<\/strong>y la chilena Ariel Florencia Richards con\u00a0<strong>\u201cInacabada\u201d<\/strong>, en marzo.<\/p>\n\n\n\n<p>En abril llegar\u00e1n la autora mexicana Gisela Leal con su novela&nbsp;<strong>\u201cLa soledad en tres actos\u201d<\/strong>, y la colombiana Gloria Susana Esquivel, con&nbsp;<strong>\u201cContradeseo\u201d<\/strong>. La argentina Marie Gouric publicar\u00e1 por su parte&nbsp;<strong>\u201cEse tiempo que tuvimos por coraz\u00f3n\u201d<\/strong>&nbsp;y de Laura Ferrero se incluir\u00e1 su novela&nbsp;<strong>\u201cLos astronautas\u201d<\/strong>, ambas en mayo.<\/p>\n\n\n\n<p>Del peruano Rodrigo Murillo la colecci\u00f3n seleccion\u00f3 para junio&nbsp;<strong>\u201cNo juzgar\u00e1s\u201d<\/strong>&nbsp;y del colombiano Gilmer,&nbsp;<strong>\u201cAranjuez\u201d<\/strong>. El mexicano Hiram Ruvalcaba con&nbsp;<strong>\u201cTodo pueblo es cicatriz\u201d<\/strong>, el argentino Iv\u00e1n Hochman con<strong>&nbsp;\u201cPor qu\u00e9 te vas\u201d<\/strong>, la peruana Rosario Yori con&nbsp;<strong>\u201cInf\u00e9rtil\u201d<\/strong>&nbsp;y el uruguayo Diego Recoba con&nbsp;<strong>\u201cEl cielo visible\u201d<\/strong>&nbsp;completan la colecci\u00f3n en los siguientes meses del pr\u00f3ximo a\u00f1o.<\/p>\n\n\n\n<p>El Mapa de las Lenguas se inaugur\u00f3 en 2015 en Espa\u00f1a con el fin de dar a conocer al lector espa\u00f1ol el talento latinoamericano, y entre 2016 y 2017, Colombia, Argentina, Chile, Uruguay y M\u00e9xico se sumaron a este proyecto, creando cada uno de ellos un cat\u00e1logo local, en el que fueron incorporando voces literarias provenientes del resto de territorios, y posteriormente tambi\u00e9n se unieron Per\u00fa y Estados Unidos.<\/p>\n\n\n\n<p>Con informaci\u00f3n de EFE<\/p>\n","protected":false},"excerpt":{"rendered":"<p>Por Redacci\u00f3n QP El proyecto\u00a0\u201cMapa de las Lenguas\u201d tiene como objetivo la publicaci\u00f3n simult\u00e1nea para&#8230;<\/p>\n","protected":false},"author":2,"featured_media":106569,"comment_status":"open","ping_status":"open","sticky":false,"template":"","format":"standard","meta":{"_monsterinsights_skip_tracking":false,"_monsterinsights_sitenote_active":false,"_monsterinsights_sitenote_note":"","_monsterinsights_sitenote_category":0,"footnotes":""},"categories":[58],"tags":[],"class_list":["post-106568","post","type-post","status-publish","format-standard","has-post-thumbnail","hentry","category-cultura"],"yoast_head":"<!-- This site is optimized with the Yoast SEO plugin v27.3 - https:\/\/yoast.com\/product\/yoast-seo-wordpress\/ -->\n<title>Las 13 novelas que marcar\u00e1n el 2024 -<\/title>\n<meta name=\"robots\" content=\"index, follow, max-snippet:-1, max-image-preview:large, max-video-preview:-1\" \/>\n<link rel=\"canonical\" href=\"https:\/\/quehacerpolitico.mx\/?p=106568\" \/>\n<meta property=\"og:locale\" content=\"es_MX\" \/>\n<meta property=\"og:type\" content=\"article\" \/>\n<meta property=\"og:title\" content=\"Las 13 novelas que marcar\u00e1n el 2024 -\" \/>\n<meta property=\"og:description\" content=\"Por Redacci\u00f3n QP El proyecto\u00a0\u201cMapa de las Lenguas\u201d tiene como objetivo la publicaci\u00f3n simult\u00e1nea para...\" \/>\n<meta property=\"og:url\" content=\"https:\/\/quehacerpolitico.mx\/?p=106568\" \/>\n<meta property=\"article:published_time\" content=\"2023-11-23T18:06:27+00:00\" \/>\n<meta property=\"article:modified_time\" content=\"2023-11-23T18:06:31+00:00\" \/>\n<meta property=\"og:image\" content=\"https:\/\/quehacerpolitico.mx\/wp-content\/uploads\/2023\/11\/IMG_2173.jpeg\" \/>\n\t<meta property=\"og:image:width\" content=\"784\" \/>\n\t<meta property=\"og:image:height\" content=\"391\" \/>\n\t<meta property=\"og:image:type\" content=\"image\/jpeg\" \/>\n<meta name=\"author\" content=\"Redacci\u00f3n QP\" \/>\n<meta name=\"twitter:card\" content=\"summary_large_image\" \/>\n<meta name=\"twitter:label1\" content=\"Escrito por\" \/>\n\t<meta name=\"twitter:data1\" content=\"Redacci\u00f3n QP\" \/>\n\t<meta name=\"twitter:label2\" content=\"Tiempo de lectura\" \/>\n\t<meta name=\"twitter:data2\" content=\"2 minutos\" \/>\n<script type=\"application\/ld+json\" class=\"yoast-schema-graph\">{\"@context\":\"https:\\\/\\\/schema.org\",\"@graph\":[{\"@type\":\"Article\",\"@id\":\"https:\\\/\\\/quehacerpolitico.mx\\\/?p=106568#article\",\"isPartOf\":{\"@id\":\"https:\\\/\\\/quehacerpolitico.mx\\\/?p=106568\"},\"author\":{\"name\":\"Redacci\u00f3n QP\",\"@id\":\"https:\\\/\\\/quehacerpolitico.mx\\\/#\\\/schema\\\/person\\\/496d8ad2d1d3f8036101dca7ee39e585\"},\"headline\":\"Las 13 novelas que marcar\u00e1n el 2024\",\"datePublished\":\"2023-11-23T18:06:27+00:00\",\"dateModified\":\"2023-11-23T18:06:31+00:00\",\"mainEntityOfPage\":{\"@id\":\"https:\\\/\\\/quehacerpolitico.mx\\\/?p=106568\"},\"wordCount\":499,\"commentCount\":0,\"image\":{\"@id\":\"https:\\\/\\\/quehacerpolitico.mx\\\/?p=106568#primaryimage\"},\"thumbnailUrl\":\"https:\\\/\\\/quehacerpolitico.mx\\\/wp-content\\\/uploads\\\/2023\\\/11\\\/IMG_2173.jpeg\",\"articleSection\":[\"Cultura y Entretenimiento\"],\"inLanguage\":\"es\",\"potentialAction\":[{\"@type\":\"CommentAction\",\"name\":\"Comment\",\"target\":[\"https:\\\/\\\/quehacerpolitico.mx\\\/?p=106568#respond\"]}]},{\"@type\":\"WebPage\",\"@id\":\"https:\\\/\\\/quehacerpolitico.mx\\\/?p=106568\",\"url\":\"https:\\\/\\\/quehacerpolitico.mx\\\/?p=106568\",\"name\":\"Las 13 novelas que marcar\u00e1n el 2024 -\",\"isPartOf\":{\"@id\":\"https:\\\/\\\/quehacerpolitico.mx\\\/#website\"},\"primaryImageOfPage\":{\"@id\":\"https:\\\/\\\/quehacerpolitico.mx\\\/?p=106568#primaryimage\"},\"image\":{\"@id\":\"https:\\\/\\\/quehacerpolitico.mx\\\/?p=106568#primaryimage\"},\"thumbnailUrl\":\"https:\\\/\\\/quehacerpolitico.mx\\\/wp-content\\\/uploads\\\/2023\\\/11\\\/IMG_2173.jpeg\",\"datePublished\":\"2023-11-23T18:06:27+00:00\",\"dateModified\":\"2023-11-23T18:06:31+00:00\",\"author\":{\"@id\":\"https:\\\/\\\/quehacerpolitico.mx\\\/#\\\/schema\\\/person\\\/496d8ad2d1d3f8036101dca7ee39e585\"},\"breadcrumb\":{\"@id\":\"https:\\\/\\\/quehacerpolitico.mx\\\/?p=106568#breadcrumb\"},\"inLanguage\":\"es\",\"potentialAction\":[{\"@type\":\"ReadAction\",\"target\":[\"https:\\\/\\\/quehacerpolitico.mx\\\/?p=106568\"]}]},{\"@type\":\"ImageObject\",\"inLanguage\":\"es\",\"@id\":\"https:\\\/\\\/quehacerpolitico.mx\\\/?p=106568#primaryimage\",\"url\":\"https:\\\/\\\/quehacerpolitico.mx\\\/wp-content\\\/uploads\\\/2023\\\/11\\\/IMG_2173.jpeg\",\"contentUrl\":\"https:\\\/\\\/quehacerpolitico.mx\\\/wp-content\\\/uploads\\\/2023\\\/11\\\/IMG_2173.jpeg\",\"width\":784,\"height\":391},{\"@type\":\"BreadcrumbList\",\"@id\":\"https:\\\/\\\/quehacerpolitico.mx\\\/?p=106568#breadcrumb\",\"itemListElement\":[{\"@type\":\"ListItem\",\"position\":1,\"name\":\"Inicio\",\"item\":\"https:\\\/\\\/quehacerpolitico.mx\\\/\"},{\"@type\":\"ListItem\",\"position\":2,\"name\":\"Las 13 novelas que marcar\u00e1n el 2024\"}]},{\"@type\":\"WebSite\",\"@id\":\"https:\\\/\\\/quehacerpolitico.mx\\\/#website\",\"url\":\"https:\\\/\\\/quehacerpolitico.mx\\\/\",\"name\":\"\",\"description\":\"\",\"potentialAction\":[{\"@type\":\"SearchAction\",\"target\":{\"@type\":\"EntryPoint\",\"urlTemplate\":\"https:\\\/\\\/quehacerpolitico.mx\\\/?s={search_term_string}\"},\"query-input\":{\"@type\":\"PropertyValueSpecification\",\"valueRequired\":true,\"valueName\":\"search_term_string\"}}],\"inLanguage\":\"es\"},{\"@type\":\"Person\",\"@id\":\"https:\\\/\\\/quehacerpolitico.mx\\\/#\\\/schema\\\/person\\\/496d8ad2d1d3f8036101dca7ee39e585\",\"name\":\"Redacci\u00f3n QP\",\"image\":{\"@type\":\"ImageObject\",\"inLanguage\":\"es\",\"@id\":\"https:\\\/\\\/secure.gravatar.com\\\/avatar\\\/c7164ed6fdec453195284ad24a5ae5b6e1eed2b848477fa2a4787ba9adf39a41?s=96&d=mm&r=g\",\"url\":\"https:\\\/\\\/secure.gravatar.com\\\/avatar\\\/c7164ed6fdec453195284ad24a5ae5b6e1eed2b848477fa2a4787ba9adf39a41?s=96&d=mm&r=g\",\"contentUrl\":\"https:\\\/\\\/secure.gravatar.com\\\/avatar\\\/c7164ed6fdec453195284ad24a5ae5b6e1eed2b848477fa2a4787ba9adf39a41?s=96&d=mm&r=g\",\"caption\":\"Redacci\u00f3n QP\"},\"url\":\"https:\\\/\\\/quehacerpolitico.mx\\\/?author=2\"}]}<\/script>\n<!-- \/ Yoast SEO plugin. -->","yoast_head_json":{"title":"Las 13 novelas que marcar\u00e1n el 2024 -","robots":{"index":"index","follow":"follow","max-snippet":"max-snippet:-1","max-image-preview":"max-image-preview:large","max-video-preview":"max-video-preview:-1"},"canonical":"https:\/\/quehacerpolitico.mx\/?p=106568","og_locale":"es_MX","og_type":"article","og_title":"Las 13 novelas que marcar\u00e1n el 2024 -","og_description":"Por Redacci\u00f3n QP El proyecto\u00a0\u201cMapa de las Lenguas\u201d tiene como objetivo la publicaci\u00f3n simult\u00e1nea para...","og_url":"https:\/\/quehacerpolitico.mx\/?p=106568","article_published_time":"2023-11-23T18:06:27+00:00","article_modified_time":"2023-11-23T18:06:31+00:00","og_image":[{"width":784,"height":391,"url":"https:\/\/quehacerpolitico.mx\/wp-content\/uploads\/2023\/11\/IMG_2173.jpeg","type":"image\/jpeg"}],"author":"Redacci\u00f3n QP","twitter_card":"summary_large_image","twitter_misc":{"Escrito por":"Redacci\u00f3n QP","Tiempo de lectura":"2 minutos"},"schema":{"@context":"https:\/\/schema.org","@graph":[{"@type":"Article","@id":"https:\/\/quehacerpolitico.mx\/?p=106568#article","isPartOf":{"@id":"https:\/\/quehacerpolitico.mx\/?p=106568"},"author":{"name":"Redacci\u00f3n QP","@id":"https:\/\/quehacerpolitico.mx\/#\/schema\/person\/496d8ad2d1d3f8036101dca7ee39e585"},"headline":"Las 13 novelas que marcar\u00e1n el 2024","datePublished":"2023-11-23T18:06:27+00:00","dateModified":"2023-11-23T18:06:31+00:00","mainEntityOfPage":{"@id":"https:\/\/quehacerpolitico.mx\/?p=106568"},"wordCount":499,"commentCount":0,"image":{"@id":"https:\/\/quehacerpolitico.mx\/?p=106568#primaryimage"},"thumbnailUrl":"https:\/\/quehacerpolitico.mx\/wp-content\/uploads\/2023\/11\/IMG_2173.jpeg","articleSection":["Cultura y Entretenimiento"],"inLanguage":"es","potentialAction":[{"@type":"CommentAction","name":"Comment","target":["https:\/\/quehacerpolitico.mx\/?p=106568#respond"]}]},{"@type":"WebPage","@id":"https:\/\/quehacerpolitico.mx\/?p=106568","url":"https:\/\/quehacerpolitico.mx\/?p=106568","name":"Las 13 novelas que marcar\u00e1n el 2024 -","isPartOf":{"@id":"https:\/\/quehacerpolitico.mx\/#website"},"primaryImageOfPage":{"@id":"https:\/\/quehacerpolitico.mx\/?p=106568#primaryimage"},"image":{"@id":"https:\/\/quehacerpolitico.mx\/?p=106568#primaryimage"},"thumbnailUrl":"https:\/\/quehacerpolitico.mx\/wp-content\/uploads\/2023\/11\/IMG_2173.jpeg","datePublished":"2023-11-23T18:06:27+00:00","dateModified":"2023-11-23T18:06:31+00:00","author":{"@id":"https:\/\/quehacerpolitico.mx\/#\/schema\/person\/496d8ad2d1d3f8036101dca7ee39e585"},"breadcrumb":{"@id":"https:\/\/quehacerpolitico.mx\/?p=106568#breadcrumb"},"inLanguage":"es","potentialAction":[{"@type":"ReadAction","target":["https:\/\/quehacerpolitico.mx\/?p=106568"]}]},{"@type":"ImageObject","inLanguage":"es","@id":"https:\/\/quehacerpolitico.mx\/?p=106568#primaryimage","url":"https:\/\/quehacerpolitico.mx\/wp-content\/uploads\/2023\/11\/IMG_2173.jpeg","contentUrl":"https:\/\/quehacerpolitico.mx\/wp-content\/uploads\/2023\/11\/IMG_2173.jpeg","width":784,"height":391},{"@type":"BreadcrumbList","@id":"https:\/\/quehacerpolitico.mx\/?p=106568#breadcrumb","itemListElement":[{"@type":"ListItem","position":1,"name":"Inicio","item":"https:\/\/quehacerpolitico.mx\/"},{"@type":"ListItem","position":2,"name":"Las 13 novelas que marcar\u00e1n el 2024"}]},{"@type":"WebSite","@id":"https:\/\/quehacerpolitico.mx\/#website","url":"https:\/\/quehacerpolitico.mx\/","name":"","description":"","potentialAction":[{"@type":"SearchAction","target":{"@type":"EntryPoint","urlTemplate":"https:\/\/quehacerpolitico.mx\/?s={search_term_string}"},"query-input":{"@type":"PropertyValueSpecification","valueRequired":true,"valueName":"search_term_string"}}],"inLanguage":"es"},{"@type":"Person","@id":"https:\/\/quehacerpolitico.mx\/#\/schema\/person\/496d8ad2d1d3f8036101dca7ee39e585","name":"Redacci\u00f3n QP","image":{"@type":"ImageObject","inLanguage":"es","@id":"https:\/\/secure.gravatar.com\/avatar\/c7164ed6fdec453195284ad24a5ae5b6e1eed2b848477fa2a4787ba9adf39a41?s=96&d=mm&r=g","url":"https:\/\/secure.gravatar.com\/avatar\/c7164ed6fdec453195284ad24a5ae5b6e1eed2b848477fa2a4787ba9adf39a41?s=96&d=mm&r=g","contentUrl":"https:\/\/secure.gravatar.com\/avatar\/c7164ed6fdec453195284ad24a5ae5b6e1eed2b848477fa2a4787ba9adf39a41?s=96&d=mm&r=g","caption":"Redacci\u00f3n QP"},"url":"https:\/\/quehacerpolitico.mx\/?author=2"}]}},"featured_image_urls":{"full":["https:\/\/quehacerpolitico.mx\/wp-content\/uploads\/2023\/11\/IMG_2173.jpeg",784,391,false],"thumbnail":["https:\/\/quehacerpolitico.mx\/wp-content\/uploads\/2023\/11\/IMG_2173-150x150.jpeg",150,150,true],"medium":["https:\/\/quehacerpolitico.mx\/wp-content\/uploads\/2023\/11\/IMG_2173-300x150.jpeg",300,150,true],"medium_large":["https:\/\/quehacerpolitico.mx\/wp-content\/uploads\/2023\/11\/IMG_2173-768x383.jpeg",640,319,true],"large":["https:\/\/quehacerpolitico.mx\/wp-content\/uploads\/2023\/11\/IMG_2173.jpeg",640,319,false],"1536x1536":["https:\/\/quehacerpolitico.mx\/wp-content\/uploads\/2023\/11\/IMG_2173.jpeg",784,391,false],"2048x2048":["https:\/\/quehacerpolitico.mx\/wp-content\/uploads\/2023\/11\/IMG_2173.jpeg",784,391,false],"covernews-featured":["https:\/\/quehacerpolitico.mx\/wp-content\/uploads\/2023\/11\/IMG_2173.jpeg",784,391,false],"covernews-medium":["https:\/\/quehacerpolitico.mx\/wp-content\/uploads\/2023\/11\/IMG_2173.jpeg",540,269,false]},"author_info":{"display_name":"Redacci\u00f3n QP","author_link":"https:\/\/quehacerpolitico.mx\/?author=2"},"category_info":"<a href=\"https:\/\/quehacerpolitico.mx\/?cat=58\" rel=\"category\">Cultura y Entretenimiento<\/a>","tag_info":"Cultura y Entretenimiento","comment_count":"0","_links":{"self":[{"href":"https:\/\/quehacerpolitico.mx\/index.php?rest_route=\/wp\/v2\/posts\/106568","targetHints":{"allow":["GET"]}}],"collection":[{"href":"https:\/\/quehacerpolitico.mx\/index.php?rest_route=\/wp\/v2\/posts"}],"about":[{"href":"https:\/\/quehacerpolitico.mx\/index.php?rest_route=\/wp\/v2\/types\/post"}],"author":[{"embeddable":true,"href":"https:\/\/quehacerpolitico.mx\/index.php?rest_route=\/wp\/v2\/users\/2"}],"replies":[{"embeddable":true,"href":"https:\/\/quehacerpolitico.mx\/index.php?rest_route=%2Fwp%2Fv2%2Fcomments&post=106568"}],"version-history":[{"count":1,"href":"https:\/\/quehacerpolitico.mx\/index.php?rest_route=\/wp\/v2\/posts\/106568\/revisions"}],"predecessor-version":[{"id":106570,"href":"https:\/\/quehacerpolitico.mx\/index.php?rest_route=\/wp\/v2\/posts\/106568\/revisions\/106570"}],"wp:featuredmedia":[{"embeddable":true,"href":"https:\/\/quehacerpolitico.mx\/index.php?rest_route=\/wp\/v2\/media\/106569"}],"wp:attachment":[{"href":"https:\/\/quehacerpolitico.mx\/index.php?rest_route=%2Fwp%2Fv2%2Fmedia&parent=106568"}],"wp:term":[{"taxonomy":"category","embeddable":true,"href":"https:\/\/quehacerpolitico.mx\/index.php?rest_route=%2Fwp%2Fv2%2Fcategories&post=106568"},{"taxonomy":"post_tag","embeddable":true,"href":"https:\/\/quehacerpolitico.mx\/index.php?rest_route=%2Fwp%2Fv2%2Ftags&post=106568"}],"curies":[{"name":"wp","href":"https:\/\/api.w.org\/{rel}","templated":true}]}}