{"id":106565,"date":"2023-11-23T17:52:58","date_gmt":"2023-11-23T17:52:58","guid":{"rendered":"https:\/\/quehacerpolitico.mx\/?p=106565"},"modified":"2023-11-23T17:53:01","modified_gmt":"2023-11-23T17:53:01","slug":"ademas-de-imponer-record-parapanamericano-diego-lopez-gano-su-tercer-oro-en-santiago-al-ganar-los-200-metros-libres-de-natacion-categoria-s3","status":"publish","type":"post","link":"https:\/\/quehacerpolitico.mx\/?p=106565","title":{"rendered":"Adem\u00e1s de imponer r\u00e9cord parapanamericano, Diego L\u00f3pez gan\u00f3 su tercer oro en Santiago, al ganar los 200 metros libres de nataci\u00f3n, categor\u00eda S3"},"content":{"rendered":"\n<p>Por Redacci\u00f3n QP<\/p>\n\n\n\n<p>El paratleta mexicano\u00a0<strong>Diego L\u00f3pez D\u00edaz<\/strong> conquist\u00f3 su\u00a0<strong>tercera medalla de oro<\/strong>\u00a0en la\u00a0<strong>para nataci\u00f3n<\/strong>\u00a0de los\u00a0<strong>Juegos\u00a0Parapanamericanos de Santiago 2023<\/strong>, al imponer\u00a0<strong>r\u00e9cord continental<\/strong>, con 3:39.66 minutos, en la final de 200 metros estilo libre, categor\u00eda S3.<\/p>\n\n\n\n<p>La marca anterior, que ostentaba \u00e9l mismo era de\u00a0<strong>3:40.78 minutos<\/strong>.<\/p>\n\n\n\n<p>\u201cMe siento muy&nbsp;<strong>contento<\/strong>, muy emocionado, nos vamos a M\u00e9xico con el tercer oro, mis marcas han mejorado bastante, eso es lo que me tiene m\u00e1s contento y con ganas de seguir trabajando para llegar de la mejor forma a los Juegos Paral\u00edmpicos de Par\u00eds 2024\u2033, declar\u00f3 Diego L\u00f3pez a Conade.&nbsp;<\/p>\n\n\n\n<p>\u201cMe siento feliz de cerrar el a\u00f1o con grandes logros, grandes marcas y con mucho entusiasmo para seguir trabajando\u201d,\u00a0declar\u00f3 el paratleta mexicano.<\/p>\n\n\n\n<p>Diego L\u00f3pez,&nbsp;<strong>tricampe\u00f3n<\/strong>&nbsp;de Santiago 2023, agradeci\u00f3 a su entrenador Fernando Guti\u00e9rrez V\u00e9lez y su equipo multidisciplinario tras acumular su tercer oro tras ganar las finales en 50m dorso S3, 50m libre S3 y 200m libre S3.<\/p>\n\n\n\n<h2 class=\"wp-block-heading\" id=\"h-mas-medallas\">M\u00c1S MEDALLAS<\/h2>\n\n\n\n<p>El jalisciense&nbsp;<strong>Marcos Z\u00e1rate Rodr\u00edguez<\/strong>conquist\u00f3 la medalla de plata en la misma final, para consumar el 1-2 para M\u00e9xico, por tercera ocasi\u00f3n en Santiago, tras registrar un tiempo de 3:58.61 minutos.<\/p>\n\n\n\n<p>En el arranque de la jornada, el duranguense de 21 a\u00f1os,&nbsp;<strong>Fernando Mart\u00ednez Ram\u00edrez<\/strong>, abri\u00f3 la cosecha para M\u00e9xico, con una insignia de plata, en la final de 400m estilo libre, categor\u00eda S13, con una marca de 4:40.91 minutos.<\/p>\n\n\n\n<p>El sudcaliforniano\u00a0<strong>Luis Armando Andrade Guill\u00e9n<\/strong>\u00a0tambi\u00e9n gan\u00f3 plata, en la final de 200m combinado SM8, con un tiempo de 2:36.41 minutos.<\/p>\n\n\n\n<p>El seleccionado nacional&nbsp;<strong>Cristopher Tronco S\u00e1nchez&nbsp;<\/strong>empat\u00f3 en segundo lugar con Alberto Abarza, de Chile, en la final 50m dorso S2, luego de que ambos cerraron con una marca de 1:02.03 minutos.<\/p>\n\n\n\n<p>En la\u00a0<strong>\u00faltima final matutina<\/strong>, la originaria de Campeche\u00a0<strong>Silvana L\u00f3pez Moreno<\/strong>, de 21 a\u00f1os, cerr\u00f3 la cosecha de la jornada, al obtener la medalla de bronce, en la final de 100m libre S10, con un tiempo de 1:09.40 minutos.<\/p>\n\n\n\n<p>En las rondas\u00a0<strong>eliminatorias<\/strong>, el guanajuatense \u00c1ngel Camacho Ram\u00edrez logr\u00f3\u00a0<strong>r\u00e9cord parapanamericano<\/strong>\u00a0en 200m libre S4, al registrar 2:58.85 minutos; marca que super\u00f3 la establecida por el tambi\u00e9n mexicano Gustavo S\u00e1nchez, con 3:08.99, en Guadalajara 2011.<\/p>\n","protected":false},"excerpt":{"rendered":"<p>Por Redacci\u00f3n QP El paratleta mexicano\u00a0Diego L\u00f3pez D\u00edaz conquist\u00f3 su\u00a0tercera medalla de oro\u00a0en la\u00a0para nataci\u00f3n\u00a0de&#8230;<\/p>\n","protected":false},"author":2,"featured_media":106566,"comment_status":"open","ping_status":"open","sticky":false,"template":"","format":"standard","meta":{"_monsterinsights_skip_tracking":false,"_monsterinsights_sitenote_active":false,"_monsterinsights_sitenote_note":"","_monsterinsights_sitenote_category":0,"footnotes":""},"categories":[54],"tags":[],"class_list":["post-106565","post","type-post","status-publish","format-standard","has-post-thumbnail","hentry","category-deportes"],"yoast_head":"<!-- This site is optimized with the Yoast SEO plugin v27.3 - https:\/\/yoast.com\/product\/yoast-seo-wordpress\/ -->\n<title>Adem\u00e1s de imponer r\u00e9cord parapanamericano, Diego L\u00f3pez gan\u00f3 su tercer oro en Santiago, al ganar los 200 metros libres de nataci\u00f3n, categor\u00eda S3 -<\/title>\n<meta name=\"robots\" content=\"index, follow, max-snippet:-1, max-image-preview:large, max-video-preview:-1\" \/>\n<link rel=\"canonical\" href=\"https:\/\/quehacerpolitico.mx\/?p=106565\" \/>\n<meta property=\"og:locale\" content=\"es_MX\" \/>\n<meta property=\"og:type\" content=\"article\" \/>\n<meta property=\"og:title\" content=\"Adem\u00e1s de imponer r\u00e9cord parapanamericano, Diego L\u00f3pez gan\u00f3 su tercer oro en Santiago, al ganar los 200 metros libres de nataci\u00f3n, categor\u00eda S3 -\" \/>\n<meta property=\"og:description\" content=\"Por Redacci\u00f3n QP El paratleta mexicano\u00a0Diego L\u00f3pez D\u00edaz conquist\u00f3 su\u00a0tercera medalla de oro\u00a0en la\u00a0para nataci\u00f3n\u00a0de...\" \/>\n<meta property=\"og:url\" content=\"https:\/\/quehacerpolitico.mx\/?p=106565\" \/>\n<meta property=\"article:published_time\" content=\"2023-11-23T17:52:58+00:00\" \/>\n<meta property=\"article:modified_time\" content=\"2023-11-23T17:53:01+00:00\" \/>\n<meta property=\"og:image\" content=\"https:\/\/quehacerpolitico.mx\/wp-content\/uploads\/2023\/11\/IMG_2172.jpeg\" \/>\n\t<meta property=\"og:image:width\" content=\"1160\" \/>\n\t<meta property=\"og:image:height\" content=\"700\" \/>\n\t<meta property=\"og:image:type\" content=\"image\/jpeg\" \/>\n<meta name=\"author\" content=\"Redacci\u00f3n QP\" \/>\n<meta name=\"twitter:card\" content=\"summary_large_image\" \/>\n<meta name=\"twitter:label1\" content=\"Escrito por\" \/>\n\t<meta name=\"twitter:data1\" content=\"Redacci\u00f3n QP\" \/>\n\t<meta name=\"twitter:label2\" content=\"Tiempo de lectura\" \/>\n\t<meta name=\"twitter:data2\" content=\"2 minutos\" \/>\n<script type=\"application\/ld+json\" class=\"yoast-schema-graph\">{\"@context\":\"https:\\\/\\\/schema.org\",\"@graph\":[{\"@type\":\"Article\",\"@id\":\"https:\\\/\\\/quehacerpolitico.mx\\\/?p=106565#article\",\"isPartOf\":{\"@id\":\"https:\\\/\\\/quehacerpolitico.mx\\\/?p=106565\"},\"author\":{\"name\":\"Redacci\u00f3n QP\",\"@id\":\"https:\\\/\\\/quehacerpolitico.mx\\\/#\\\/schema\\\/person\\\/496d8ad2d1d3f8036101dca7ee39e585\"},\"headline\":\"Adem\u00e1s de imponer r\u00e9cord parapanamericano, Diego L\u00f3pez gan\u00f3 su tercer oro en Santiago, al ganar los 200 metros libres de nataci\u00f3n, categor\u00eda S3\",\"datePublished\":\"2023-11-23T17:52:58+00:00\",\"dateModified\":\"2023-11-23T17:53:01+00:00\",\"mainEntityOfPage\":{\"@id\":\"https:\\\/\\\/quehacerpolitico.mx\\\/?p=106565\"},\"wordCount\":421,\"commentCount\":0,\"image\":{\"@id\":\"https:\\\/\\\/quehacerpolitico.mx\\\/?p=106565#primaryimage\"},\"thumbnailUrl\":\"https:\\\/\\\/quehacerpolitico.mx\\\/wp-content\\\/uploads\\\/2023\\\/11\\\/IMG_2172.jpeg\",\"articleSection\":[\"Deportes\"],\"inLanguage\":\"es\",\"potentialAction\":[{\"@type\":\"CommentAction\",\"name\":\"Comment\",\"target\":[\"https:\\\/\\\/quehacerpolitico.mx\\\/?p=106565#respond\"]}]},{\"@type\":\"WebPage\",\"@id\":\"https:\\\/\\\/quehacerpolitico.mx\\\/?p=106565\",\"url\":\"https:\\\/\\\/quehacerpolitico.mx\\\/?p=106565\",\"name\":\"Adem\u00e1s de imponer r\u00e9cord parapanamericano, Diego L\u00f3pez gan\u00f3 su tercer oro en Santiago, al ganar los 200 metros libres de nataci\u00f3n, categor\u00eda S3 -\",\"isPartOf\":{\"@id\":\"https:\\\/\\\/quehacerpolitico.mx\\\/#website\"},\"primaryImageOfPage\":{\"@id\":\"https:\\\/\\\/quehacerpolitico.mx\\\/?p=106565#primaryimage\"},\"image\":{\"@id\":\"https:\\\/\\\/quehacerpolitico.mx\\\/?p=106565#primaryimage\"},\"thumbnailUrl\":\"https:\\\/\\\/quehacerpolitico.mx\\\/wp-content\\\/uploads\\\/2023\\\/11\\\/IMG_2172.jpeg\",\"datePublished\":\"2023-11-23T17:52:58+00:00\",\"dateModified\":\"2023-11-23T17:53:01+00:00\",\"author\":{\"@id\":\"https:\\\/\\\/quehacerpolitico.mx\\\/#\\\/schema\\\/person\\\/496d8ad2d1d3f8036101dca7ee39e585\"},\"breadcrumb\":{\"@id\":\"https:\\\/\\\/quehacerpolitico.mx\\\/?p=106565#breadcrumb\"},\"inLanguage\":\"es\",\"potentialAction\":[{\"@type\":\"ReadAction\",\"target\":[\"https:\\\/\\\/quehacerpolitico.mx\\\/?p=106565\"]}]},{\"@type\":\"ImageObject\",\"inLanguage\":\"es\",\"@id\":\"https:\\\/\\\/quehacerpolitico.mx\\\/?p=106565#primaryimage\",\"url\":\"https:\\\/\\\/quehacerpolitico.mx\\\/wp-content\\\/uploads\\\/2023\\\/11\\\/IMG_2172.jpeg\",\"contentUrl\":\"https:\\\/\\\/quehacerpolitico.mx\\\/wp-content\\\/uploads\\\/2023\\\/11\\\/IMG_2172.jpeg\",\"width\":1160,\"height\":700},{\"@type\":\"BreadcrumbList\",\"@id\":\"https:\\\/\\\/quehacerpolitico.mx\\\/?p=106565#breadcrumb\",\"itemListElement\":[{\"@type\":\"ListItem\",\"position\":1,\"name\":\"Inicio\",\"item\":\"https:\\\/\\\/quehacerpolitico.mx\\\/\"},{\"@type\":\"ListItem\",\"position\":2,\"name\":\"Adem\u00e1s de imponer r\u00e9cord parapanamericano, Diego L\u00f3pez gan\u00f3 su tercer oro en Santiago, al ganar los 200 metros libres de nataci\u00f3n, categor\u00eda S3\"}]},{\"@type\":\"WebSite\",\"@id\":\"https:\\\/\\\/quehacerpolitico.mx\\\/#website\",\"url\":\"https:\\\/\\\/quehacerpolitico.mx\\\/\",\"name\":\"\",\"description\":\"\",\"potentialAction\":[{\"@type\":\"SearchAction\",\"target\":{\"@type\":\"EntryPoint\",\"urlTemplate\":\"https:\\\/\\\/quehacerpolitico.mx\\\/?s={search_term_string}\"},\"query-input\":{\"@type\":\"PropertyValueSpecification\",\"valueRequired\":true,\"valueName\":\"search_term_string\"}}],\"inLanguage\":\"es\"},{\"@type\":\"Person\",\"@id\":\"https:\\\/\\\/quehacerpolitico.mx\\\/#\\\/schema\\\/person\\\/496d8ad2d1d3f8036101dca7ee39e585\",\"name\":\"Redacci\u00f3n QP\",\"image\":{\"@type\":\"ImageObject\",\"inLanguage\":\"es\",\"@id\":\"https:\\\/\\\/secure.gravatar.com\\\/avatar\\\/c7164ed6fdec453195284ad24a5ae5b6e1eed2b848477fa2a4787ba9adf39a41?s=96&d=mm&r=g\",\"url\":\"https:\\\/\\\/secure.gravatar.com\\\/avatar\\\/c7164ed6fdec453195284ad24a5ae5b6e1eed2b848477fa2a4787ba9adf39a41?s=96&d=mm&r=g\",\"contentUrl\":\"https:\\\/\\\/secure.gravatar.com\\\/avatar\\\/c7164ed6fdec453195284ad24a5ae5b6e1eed2b848477fa2a4787ba9adf39a41?s=96&d=mm&r=g\",\"caption\":\"Redacci\u00f3n QP\"},\"url\":\"https:\\\/\\\/quehacerpolitico.mx\\\/?author=2\"}]}<\/script>\n<!-- \/ Yoast SEO plugin. -->","yoast_head_json":{"title":"Adem\u00e1s de imponer r\u00e9cord parapanamericano, Diego L\u00f3pez gan\u00f3 su tercer oro en Santiago, al ganar los 200 metros libres de nataci\u00f3n, categor\u00eda S3 -","robots":{"index":"index","follow":"follow","max-snippet":"max-snippet:-1","max-image-preview":"max-image-preview:large","max-video-preview":"max-video-preview:-1"},"canonical":"https:\/\/quehacerpolitico.mx\/?p=106565","og_locale":"es_MX","og_type":"article","og_title":"Adem\u00e1s de imponer r\u00e9cord parapanamericano, Diego L\u00f3pez gan\u00f3 su tercer oro en Santiago, al ganar los 200 metros libres de nataci\u00f3n, categor\u00eda S3 -","og_description":"Por Redacci\u00f3n QP El paratleta mexicano\u00a0Diego L\u00f3pez D\u00edaz conquist\u00f3 su\u00a0tercera medalla de oro\u00a0en la\u00a0para nataci\u00f3n\u00a0de...","og_url":"https:\/\/quehacerpolitico.mx\/?p=106565","article_published_time":"2023-11-23T17:52:58+00:00","article_modified_time":"2023-11-23T17:53:01+00:00","og_image":[{"width":1160,"height":700,"url":"https:\/\/quehacerpolitico.mx\/wp-content\/uploads\/2023\/11\/IMG_2172.jpeg","type":"image\/jpeg"}],"author":"Redacci\u00f3n QP","twitter_card":"summary_large_image","twitter_misc":{"Escrito por":"Redacci\u00f3n QP","Tiempo de lectura":"2 minutos"},"schema":{"@context":"https:\/\/schema.org","@graph":[{"@type":"Article","@id":"https:\/\/quehacerpolitico.mx\/?p=106565#article","isPartOf":{"@id":"https:\/\/quehacerpolitico.mx\/?p=106565"},"author":{"name":"Redacci\u00f3n QP","@id":"https:\/\/quehacerpolitico.mx\/#\/schema\/person\/496d8ad2d1d3f8036101dca7ee39e585"},"headline":"Adem\u00e1s de imponer r\u00e9cord parapanamericano, Diego L\u00f3pez gan\u00f3 su tercer oro en Santiago, al ganar los 200 metros libres de nataci\u00f3n, categor\u00eda S3","datePublished":"2023-11-23T17:52:58+00:00","dateModified":"2023-11-23T17:53:01+00:00","mainEntityOfPage":{"@id":"https:\/\/quehacerpolitico.mx\/?p=106565"},"wordCount":421,"commentCount":0,"image":{"@id":"https:\/\/quehacerpolitico.mx\/?p=106565#primaryimage"},"thumbnailUrl":"https:\/\/quehacerpolitico.mx\/wp-content\/uploads\/2023\/11\/IMG_2172.jpeg","articleSection":["Deportes"],"inLanguage":"es","potentialAction":[{"@type":"CommentAction","name":"Comment","target":["https:\/\/quehacerpolitico.mx\/?p=106565#respond"]}]},{"@type":"WebPage","@id":"https:\/\/quehacerpolitico.mx\/?p=106565","url":"https:\/\/quehacerpolitico.mx\/?p=106565","name":"Adem\u00e1s de imponer r\u00e9cord parapanamericano, Diego L\u00f3pez gan\u00f3 su tercer oro en Santiago, al ganar los 200 metros libres de nataci\u00f3n, categor\u00eda S3 -","isPartOf":{"@id":"https:\/\/quehacerpolitico.mx\/#website"},"primaryImageOfPage":{"@id":"https:\/\/quehacerpolitico.mx\/?p=106565#primaryimage"},"image":{"@id":"https:\/\/quehacerpolitico.mx\/?p=106565#primaryimage"},"thumbnailUrl":"https:\/\/quehacerpolitico.mx\/wp-content\/uploads\/2023\/11\/IMG_2172.jpeg","datePublished":"2023-11-23T17:52:58+00:00","dateModified":"2023-11-23T17:53:01+00:00","author":{"@id":"https:\/\/quehacerpolitico.mx\/#\/schema\/person\/496d8ad2d1d3f8036101dca7ee39e585"},"breadcrumb":{"@id":"https:\/\/quehacerpolitico.mx\/?p=106565#breadcrumb"},"inLanguage":"es","potentialAction":[{"@type":"ReadAction","target":["https:\/\/quehacerpolitico.mx\/?p=106565"]}]},{"@type":"ImageObject","inLanguage":"es","@id":"https:\/\/quehacerpolitico.mx\/?p=106565#primaryimage","url":"https:\/\/quehacerpolitico.mx\/wp-content\/uploads\/2023\/11\/IMG_2172.jpeg","contentUrl":"https:\/\/quehacerpolitico.mx\/wp-content\/uploads\/2023\/11\/IMG_2172.jpeg","width":1160,"height":700},{"@type":"BreadcrumbList","@id":"https:\/\/quehacerpolitico.mx\/?p=106565#breadcrumb","itemListElement":[{"@type":"ListItem","position":1,"name":"Inicio","item":"https:\/\/quehacerpolitico.mx\/"},{"@type":"ListItem","position":2,"name":"Adem\u00e1s de imponer r\u00e9cord parapanamericano, Diego L\u00f3pez gan\u00f3 su tercer oro en Santiago, al ganar los 200 metros libres de nataci\u00f3n, categor\u00eda S3"}]},{"@type":"WebSite","@id":"https:\/\/quehacerpolitico.mx\/#website","url":"https:\/\/quehacerpolitico.mx\/","name":"","description":"","potentialAction":[{"@type":"SearchAction","target":{"@type":"EntryPoint","urlTemplate":"https:\/\/quehacerpolitico.mx\/?s={search_term_string}"},"query-input":{"@type":"PropertyValueSpecification","valueRequired":true,"valueName":"search_term_string"}}],"inLanguage":"es"},{"@type":"Person","@id":"https:\/\/quehacerpolitico.mx\/#\/schema\/person\/496d8ad2d1d3f8036101dca7ee39e585","name":"Redacci\u00f3n QP","image":{"@type":"ImageObject","inLanguage":"es","@id":"https:\/\/secure.gravatar.com\/avatar\/c7164ed6fdec453195284ad24a5ae5b6e1eed2b848477fa2a4787ba9adf39a41?s=96&d=mm&r=g","url":"https:\/\/secure.gravatar.com\/avatar\/c7164ed6fdec453195284ad24a5ae5b6e1eed2b848477fa2a4787ba9adf39a41?s=96&d=mm&r=g","contentUrl":"https:\/\/secure.gravatar.com\/avatar\/c7164ed6fdec453195284ad24a5ae5b6e1eed2b848477fa2a4787ba9adf39a41?s=96&d=mm&r=g","caption":"Redacci\u00f3n QP"},"url":"https:\/\/quehacerpolitico.mx\/?author=2"}]}},"featured_image_urls":{"full":["https:\/\/quehacerpolitico.mx\/wp-content\/uploads\/2023\/11\/IMG_2172.jpeg",1160,700,false],"thumbnail":["https:\/\/quehacerpolitico.mx\/wp-content\/uploads\/2023\/11\/IMG_2172-150x150.jpeg",150,150,true],"medium":["https:\/\/quehacerpolitico.mx\/wp-content\/uploads\/2023\/11\/IMG_2172-300x181.jpeg",300,181,true],"medium_large":["https:\/\/quehacerpolitico.mx\/wp-content\/uploads\/2023\/11\/IMG_2172-768x463.jpeg",640,386,true],"large":["https:\/\/quehacerpolitico.mx\/wp-content\/uploads\/2023\/11\/IMG_2172-1024x618.jpeg",640,386,true],"1536x1536":["https:\/\/quehacerpolitico.mx\/wp-content\/uploads\/2023\/11\/IMG_2172.jpeg",1160,700,false],"2048x2048":["https:\/\/quehacerpolitico.mx\/wp-content\/uploads\/2023\/11\/IMG_2172.jpeg",1160,700,false],"covernews-featured":["https:\/\/quehacerpolitico.mx\/wp-content\/uploads\/2023\/11\/IMG_2172.jpeg",1024,618,false],"covernews-medium":["https:\/\/quehacerpolitico.mx\/wp-content\/uploads\/2023\/11\/IMG_2172.jpeg",540,326,false]},"author_info":{"display_name":"Redacci\u00f3n QP","author_link":"https:\/\/quehacerpolitico.mx\/?author=2"},"category_info":"<a href=\"https:\/\/quehacerpolitico.mx\/?cat=54\" rel=\"category\">Deportes<\/a>","tag_info":"Deportes","comment_count":"0","_links":{"self":[{"href":"https:\/\/quehacerpolitico.mx\/index.php?rest_route=\/wp\/v2\/posts\/106565","targetHints":{"allow":["GET"]}}],"collection":[{"href":"https:\/\/quehacerpolitico.mx\/index.php?rest_route=\/wp\/v2\/posts"}],"about":[{"href":"https:\/\/quehacerpolitico.mx\/index.php?rest_route=\/wp\/v2\/types\/post"}],"author":[{"embeddable":true,"href":"https:\/\/quehacerpolitico.mx\/index.php?rest_route=\/wp\/v2\/users\/2"}],"replies":[{"embeddable":true,"href":"https:\/\/quehacerpolitico.mx\/index.php?rest_route=%2Fwp%2Fv2%2Fcomments&post=106565"}],"version-history":[{"count":1,"href":"https:\/\/quehacerpolitico.mx\/index.php?rest_route=\/wp\/v2\/posts\/106565\/revisions"}],"predecessor-version":[{"id":106567,"href":"https:\/\/quehacerpolitico.mx\/index.php?rest_route=\/wp\/v2\/posts\/106565\/revisions\/106567"}],"wp:featuredmedia":[{"embeddable":true,"href":"https:\/\/quehacerpolitico.mx\/index.php?rest_route=\/wp\/v2\/media\/106566"}],"wp:attachment":[{"href":"https:\/\/quehacerpolitico.mx\/index.php?rest_route=%2Fwp%2Fv2%2Fmedia&parent=106565"}],"wp:term":[{"taxonomy":"category","embeddable":true,"href":"https:\/\/quehacerpolitico.mx\/index.php?rest_route=%2Fwp%2Fv2%2Fcategories&post=106565"},{"taxonomy":"post_tag","embeddable":true,"href":"https:\/\/quehacerpolitico.mx\/index.php?rest_route=%2Fwp%2Fv2%2Ftags&post=106565"}],"curies":[{"name":"wp","href":"https:\/\/api.w.org\/{rel}","templated":true}]}}