{"id":106562,"date":"2023-11-23T17:40:22","date_gmt":"2023-11-23T17:40:22","guid":{"rendered":"https:\/\/quehacerpolitico.mx\/?p=106562"},"modified":"2023-11-23T17:40:26","modified_gmt":"2023-11-23T17:40:26","slug":"mclaren-anuncio-que-el-mexicano-patricio-pato-oward-quien-corre-en-indycar-con-arrow-mclaren-sera-piloto-reserva-de-formula-uno-f1-para-la-temporada-2024","status":"publish","type":"post","link":"https:\/\/quehacerpolitico.mx\/?p=106562","title":{"rendered":"McLaren anunci\u00f3 que el mexicano Patricio \u2018Pato\u2019 O\u2019Ward, quien corre en IndyCar con Arrow McLaren, ser\u00e1 piloto reserva de F\u00f3rmula Uno (F1) para la temporada 2024"},"content":{"rendered":"\n<p>Por Redacci\u00f3n QP<\/p>\n\n\n\n<p>Tras esta decisi\u00f3n de McLaren, el mexicano Patricio O\u2019Ward participar\u00e1 en los primeros entrenamientos libres del GP de Abu Dabi de F1<\/p>\n\n\n\n<p>El equipo\u00a0<strong>McLaren<\/strong>\u00a0anunci\u00f3 este jueves que el mexicano\u00a0<strong>Patricio \u2018Pato\u2019 O\u2019Ward<\/strong>, quien corre en IndyCar con Arrow McLaren, ser\u00e1\u00a0<strong>piloto reserva<\/strong>\u00a0de\u00a0<strong>F\u00f3rmula Uno<\/strong>\u00a0(<strong>F1<\/strong>) para la temporada 2024.<\/p>\n\n\n\n<figure class=\"wp-block-embed is-type-rich is-provider-twitter wp-block-embed-twitter\"><div class=\"wp-block-embed__wrapper\">\n<blockquote class=\"twitter-tweet\" data-width=\"550\" data-dnt=\"true\"><p lang=\"en\" dir=\"ltr\">2024 F1 Reserve Driver. \u2705\ud83d\udcaa<a href=\"https:\/\/twitter.com\/PatricioOWard?ref_src=twsrc%5Etfw\">@PatricioOWard<\/a> will join our reserve driver pool next year alongside his current driver duties with <a href=\"https:\/\/twitter.com\/ArrowMcLaren?ref_src=twsrc%5Etfw\">@ArrowMcLaren<\/a>.<\/p>&mdash; McLaren (@McLarenF1) <a href=\"https:\/\/twitter.com\/McLarenF1\/status\/1727688605609443810?ref_src=twsrc%5Etfw\">November 23, 2023<\/a><\/blockquote><script async src=\"https:\/\/platform.twitter.com\/widgets.js\" charset=\"utf-8\"><\/script>\n<\/div><\/figure>\n\n\n\n<p>As\u00ed, el mexicano ser\u00e1 quien, si fuera necesario y siempre que no coincida con sus compromisos en la IndyCar, sustituya al brit\u00e1nico&nbsp;<strong>Lando Norris<\/strong>&nbsp;o al autraliano<strong>&nbsp;Oscar Piastri<\/strong>&nbsp;si estos no pudieran subirse al monoplaza en alg\u00fan momento de la pr\u00f3xima temporada.<\/p>\n\n\n\n<p>Un O\u2019Ward que participar\u00e1 en los primeros entrenamientos libres del Gran Premio de Abu Dabi, que se disputa desde este viernes, y en el test de post-temporada posterior al GP.<\/p>\n\n\n\n<p>Seg\u00fan inform\u00f3 McLaren en un comunicado oficial, su participaci\u00f3n en Abu Dabi forma parte de la progresi\u00f3n dentro del programa de desarrollo de pilotos de la escuder\u00eda.<\/p>\n\n\n\n<p>O\u2019Ward, de 24 a\u00f1os, empez\u00f3 a competir con apenas seis a\u00f1os y en 2020 se incorpor\u00f3 al equipo brit\u00e1nico.<\/p>\n\n\n\n<p>Desde entonces, ha participado en pruebas privadas de desarrollo de pilotos de McLaren, en el test de j\u00f3venes pilotos de Abu Dabi 2021 y en los entrenamientos libres de dicho Gran Premio en 2022.<\/p>\n\n\n\n<figure class=\"wp-block-embed is-type-rich is-provider-twitter wp-block-embed-twitter\"><div class=\"wp-block-embed__wrapper\">\n<blockquote class=\"twitter-tweet\" data-width=\"550\" data-dnt=\"true\"><p lang=\"en\" dir=\"ltr\">All of us reading this rn&#8230; \ud83e\udd29\ud83c\uddf2\ud83c\uddfd<a href=\"https:\/\/twitter.com\/hashtag\/F1?src=hash&amp;ref_src=twsrc%5Etfw\">#F1<\/a> <a href=\"https:\/\/twitter.com\/PatricioOWard?ref_src=twsrc%5Etfw\">@PatricioOWard<\/a> <a href=\"https:\/\/t.co\/p7wLluWAcO\">https:\/\/t.co\/p7wLluWAcO<\/a> <a href=\"https:\/\/t.co\/QA6QyEA5cX\">pic.twitter.com\/QA6QyEA5cX<\/a><\/p>&mdash; McLaren (@McLarenF1) <a href=\"https:\/\/twitter.com\/McLarenF1\/status\/1727694490561913291?ref_src=twsrc%5Etfw\">November 23, 2023<\/a><\/blockquote><script async src=\"https:\/\/platform.twitter.com\/widgets.js\" charset=\"utf-8\"><\/script>\n<\/div><\/figure>\n\n\n\n<p>\u201cEstoy muy feliz de asumir este nuevo papel dentro de la familia McLaren Racing. Siempre he dicho que nunca es un mal d\u00eda cuando te subes a un coche de F1, as\u00ed que estoy deseando unirme al grupo de pilotos reserva para el a\u00f1o que viene, adem\u00e1s de mis obligaciones como piloto de Arrow McLaren\u201d, expres\u00f3 el mexicano.<\/p>\n\n\n\n<p><strong>Andrea Stella<\/strong>, director del equipo McLaren F1, puso de relieve la gran temporada que Pato O\u2019Ward ha realizado en IndyCar.<\/p>\n\n\n\n<p>\u201cTuvo una temporada impresionante en la NTT IndyCar Series y ha tenido un buen desempe\u00f1o en sus pruebas de Desarrollo de Pilotos, por lo que se vio claro dar este siguiente paso\u201d\u201d, asegur\u00f3.<\/p>\n\n\n\n<p>\u201cCon un calendario tan amplio, es prudente asegurarnos de que tenemos una amplia reserva de pilotos a los que podemos recurrir en caso necesario. Estamos deseando verle progresar en este nuevo papel\u201d, remat\u00f3.<\/p>\n\n\n\n<p>Con informaci\u00f3n de EFE<\/p>\n","protected":false},"excerpt":{"rendered":"<p>Por Redacci\u00f3n QP Tras esta decisi\u00f3n de McLaren, el mexicano Patricio O\u2019Ward participar\u00e1 en los&#8230;<\/p>\n","protected":false},"author":2,"featured_media":106563,"comment_status":"open","ping_status":"open","sticky":false,"template":"","format":"standard","meta":{"_monsterinsights_skip_tracking":false,"_monsterinsights_sitenote_active":false,"_monsterinsights_sitenote_note":"","_monsterinsights_sitenote_category":0,"footnotes":""},"categories":[54],"tags":[],"class_list":["post-106562","post","type-post","status-publish","format-standard","has-post-thumbnail","hentry","category-deportes"],"yoast_head":"<!-- This site is optimized with the Yoast SEO plugin v27.3 - https:\/\/yoast.com\/product\/yoast-seo-wordpress\/ -->\n<title>McLaren anunci\u00f3 que el mexicano Patricio \u2018Pato\u2019 O\u2019Ward, quien corre en IndyCar con Arrow McLaren, ser\u00e1 piloto reserva de F\u00f3rmula Uno (F1) para la temporada 2024 -<\/title>\n<meta name=\"robots\" content=\"index, follow, max-snippet:-1, max-image-preview:large, max-video-preview:-1\" \/>\n<link rel=\"canonical\" href=\"https:\/\/quehacerpolitico.mx\/?p=106562\" \/>\n<meta property=\"og:locale\" content=\"es_MX\" \/>\n<meta property=\"og:type\" content=\"article\" \/>\n<meta property=\"og:title\" content=\"McLaren anunci\u00f3 que el mexicano Patricio \u2018Pato\u2019 O\u2019Ward, quien corre en IndyCar con Arrow McLaren, ser\u00e1 piloto reserva de F\u00f3rmula Uno (F1) para la temporada 2024 -\" \/>\n<meta property=\"og:description\" content=\"Por Redacci\u00f3n QP Tras esta decisi\u00f3n de McLaren, el mexicano Patricio O\u2019Ward participar\u00e1 en los...\" \/>\n<meta property=\"og:url\" content=\"https:\/\/quehacerpolitico.mx\/?p=106562\" \/>\n<meta property=\"article:published_time\" content=\"2023-11-23T17:40:22+00:00\" \/>\n<meta property=\"article:modified_time\" content=\"2023-11-23T17:40:26+00:00\" \/>\n<meta property=\"og:image\" content=\"https:\/\/quehacerpolitico.mx\/wp-content\/uploads\/2023\/11\/IMG_2171.jpeg\" \/>\n\t<meta property=\"og:image:width\" content=\"738\" \/>\n\t<meta property=\"og:image:height\" content=\"415\" \/>\n\t<meta property=\"og:image:type\" content=\"image\/jpeg\" \/>\n<meta name=\"author\" content=\"Redacci\u00f3n QP\" \/>\n<meta name=\"twitter:card\" content=\"summary_large_image\" \/>\n<meta name=\"twitter:label1\" content=\"Escrito por\" \/>\n\t<meta name=\"twitter:data1\" content=\"Redacci\u00f3n QP\" \/>\n\t<meta name=\"twitter:label2\" content=\"Tiempo de lectura\" \/>\n\t<meta name=\"twitter:data2\" content=\"2 minutos\" \/>\n<script type=\"application\/ld+json\" class=\"yoast-schema-graph\">{\"@context\":\"https:\\\/\\\/schema.org\",\"@graph\":[{\"@type\":\"Article\",\"@id\":\"https:\\\/\\\/quehacerpolitico.mx\\\/?p=106562#article\",\"isPartOf\":{\"@id\":\"https:\\\/\\\/quehacerpolitico.mx\\\/?p=106562\"},\"author\":{\"name\":\"Redacci\u00f3n QP\",\"@id\":\"https:\\\/\\\/quehacerpolitico.mx\\\/#\\\/schema\\\/person\\\/496d8ad2d1d3f8036101dca7ee39e585\"},\"headline\":\"McLaren anunci\u00f3 que el mexicano Patricio \u2018Pato\u2019 O\u2019Ward, quien corre en IndyCar con Arrow McLaren, ser\u00e1 piloto reserva de F\u00f3rmula Uno (F1) para la temporada 2024\",\"datePublished\":\"2023-11-23T17:40:22+00:00\",\"dateModified\":\"2023-11-23T17:40:26+00:00\",\"mainEntityOfPage\":{\"@id\":\"https:\\\/\\\/quehacerpolitico.mx\\\/?p=106562\"},\"wordCount\":428,\"commentCount\":0,\"image\":{\"@id\":\"https:\\\/\\\/quehacerpolitico.mx\\\/?p=106562#primaryimage\"},\"thumbnailUrl\":\"https:\\\/\\\/quehacerpolitico.mx\\\/wp-content\\\/uploads\\\/2023\\\/11\\\/IMG_2171.jpeg\",\"articleSection\":[\"Deportes\"],\"inLanguage\":\"es\",\"potentialAction\":[{\"@type\":\"CommentAction\",\"name\":\"Comment\",\"target\":[\"https:\\\/\\\/quehacerpolitico.mx\\\/?p=106562#respond\"]}]},{\"@type\":\"WebPage\",\"@id\":\"https:\\\/\\\/quehacerpolitico.mx\\\/?p=106562\",\"url\":\"https:\\\/\\\/quehacerpolitico.mx\\\/?p=106562\",\"name\":\"McLaren anunci\u00f3 que el mexicano Patricio \u2018Pato\u2019 O\u2019Ward, quien corre en IndyCar con Arrow McLaren, ser\u00e1 piloto reserva de F\u00f3rmula Uno (F1) para la temporada 2024 -\",\"isPartOf\":{\"@id\":\"https:\\\/\\\/quehacerpolitico.mx\\\/#website\"},\"primaryImageOfPage\":{\"@id\":\"https:\\\/\\\/quehacerpolitico.mx\\\/?p=106562#primaryimage\"},\"image\":{\"@id\":\"https:\\\/\\\/quehacerpolitico.mx\\\/?p=106562#primaryimage\"},\"thumbnailUrl\":\"https:\\\/\\\/quehacerpolitico.mx\\\/wp-content\\\/uploads\\\/2023\\\/11\\\/IMG_2171.jpeg\",\"datePublished\":\"2023-11-23T17:40:22+00:00\",\"dateModified\":\"2023-11-23T17:40:26+00:00\",\"author\":{\"@id\":\"https:\\\/\\\/quehacerpolitico.mx\\\/#\\\/schema\\\/person\\\/496d8ad2d1d3f8036101dca7ee39e585\"},\"breadcrumb\":{\"@id\":\"https:\\\/\\\/quehacerpolitico.mx\\\/?p=106562#breadcrumb\"},\"inLanguage\":\"es\",\"potentialAction\":[{\"@type\":\"ReadAction\",\"target\":[\"https:\\\/\\\/quehacerpolitico.mx\\\/?p=106562\"]}]},{\"@type\":\"ImageObject\",\"inLanguage\":\"es\",\"@id\":\"https:\\\/\\\/quehacerpolitico.mx\\\/?p=106562#primaryimage\",\"url\":\"https:\\\/\\\/quehacerpolitico.mx\\\/wp-content\\\/uploads\\\/2023\\\/11\\\/IMG_2171.jpeg\",\"contentUrl\":\"https:\\\/\\\/quehacerpolitico.mx\\\/wp-content\\\/uploads\\\/2023\\\/11\\\/IMG_2171.jpeg\",\"width\":738,\"height\":415},{\"@type\":\"BreadcrumbList\",\"@id\":\"https:\\\/\\\/quehacerpolitico.mx\\\/?p=106562#breadcrumb\",\"itemListElement\":[{\"@type\":\"ListItem\",\"position\":1,\"name\":\"Inicio\",\"item\":\"https:\\\/\\\/quehacerpolitico.mx\\\/\"},{\"@type\":\"ListItem\",\"position\":2,\"name\":\"McLaren anunci\u00f3 que el mexicano Patricio \u2018Pato\u2019 O\u2019Ward, quien corre en IndyCar con Arrow McLaren, ser\u00e1 piloto reserva de F\u00f3rmula Uno (F1) para la temporada 2024\"}]},{\"@type\":\"WebSite\",\"@id\":\"https:\\\/\\\/quehacerpolitico.mx\\\/#website\",\"url\":\"https:\\\/\\\/quehacerpolitico.mx\\\/\",\"name\":\"\",\"description\":\"\",\"potentialAction\":[{\"@type\":\"SearchAction\",\"target\":{\"@type\":\"EntryPoint\",\"urlTemplate\":\"https:\\\/\\\/quehacerpolitico.mx\\\/?s={search_term_string}\"},\"query-input\":{\"@type\":\"PropertyValueSpecification\",\"valueRequired\":true,\"valueName\":\"search_term_string\"}}],\"inLanguage\":\"es\"},{\"@type\":\"Person\",\"@id\":\"https:\\\/\\\/quehacerpolitico.mx\\\/#\\\/schema\\\/person\\\/496d8ad2d1d3f8036101dca7ee39e585\",\"name\":\"Redacci\u00f3n QP\",\"image\":{\"@type\":\"ImageObject\",\"inLanguage\":\"es\",\"@id\":\"https:\\\/\\\/secure.gravatar.com\\\/avatar\\\/c7164ed6fdec453195284ad24a5ae5b6e1eed2b848477fa2a4787ba9adf39a41?s=96&d=mm&r=g\",\"url\":\"https:\\\/\\\/secure.gravatar.com\\\/avatar\\\/c7164ed6fdec453195284ad24a5ae5b6e1eed2b848477fa2a4787ba9adf39a41?s=96&d=mm&r=g\",\"contentUrl\":\"https:\\\/\\\/secure.gravatar.com\\\/avatar\\\/c7164ed6fdec453195284ad24a5ae5b6e1eed2b848477fa2a4787ba9adf39a41?s=96&d=mm&r=g\",\"caption\":\"Redacci\u00f3n QP\"},\"url\":\"https:\\\/\\\/quehacerpolitico.mx\\\/?author=2\"}]}<\/script>\n<!-- \/ Yoast SEO plugin. -->","yoast_head_json":{"title":"McLaren anunci\u00f3 que el mexicano Patricio \u2018Pato\u2019 O\u2019Ward, quien corre en IndyCar con Arrow McLaren, ser\u00e1 piloto reserva de F\u00f3rmula Uno (F1) para la temporada 2024 -","robots":{"index":"index","follow":"follow","max-snippet":"max-snippet:-1","max-image-preview":"max-image-preview:large","max-video-preview":"max-video-preview:-1"},"canonical":"https:\/\/quehacerpolitico.mx\/?p=106562","og_locale":"es_MX","og_type":"article","og_title":"McLaren anunci\u00f3 que el mexicano Patricio \u2018Pato\u2019 O\u2019Ward, quien corre en IndyCar con Arrow McLaren, ser\u00e1 piloto reserva de F\u00f3rmula Uno (F1) para la temporada 2024 -","og_description":"Por Redacci\u00f3n QP Tras esta decisi\u00f3n de McLaren, el mexicano Patricio O\u2019Ward participar\u00e1 en los...","og_url":"https:\/\/quehacerpolitico.mx\/?p=106562","article_published_time":"2023-11-23T17:40:22+00:00","article_modified_time":"2023-11-23T17:40:26+00:00","og_image":[{"width":738,"height":415,"url":"https:\/\/quehacerpolitico.mx\/wp-content\/uploads\/2023\/11\/IMG_2171.jpeg","type":"image\/jpeg"}],"author":"Redacci\u00f3n QP","twitter_card":"summary_large_image","twitter_misc":{"Escrito por":"Redacci\u00f3n QP","Tiempo de lectura":"2 minutos"},"schema":{"@context":"https:\/\/schema.org","@graph":[{"@type":"Article","@id":"https:\/\/quehacerpolitico.mx\/?p=106562#article","isPartOf":{"@id":"https:\/\/quehacerpolitico.mx\/?p=106562"},"author":{"name":"Redacci\u00f3n QP","@id":"https:\/\/quehacerpolitico.mx\/#\/schema\/person\/496d8ad2d1d3f8036101dca7ee39e585"},"headline":"McLaren anunci\u00f3 que el mexicano Patricio \u2018Pato\u2019 O\u2019Ward, quien corre en IndyCar con Arrow McLaren, ser\u00e1 piloto reserva de F\u00f3rmula Uno (F1) para la temporada 2024","datePublished":"2023-11-23T17:40:22+00:00","dateModified":"2023-11-23T17:40:26+00:00","mainEntityOfPage":{"@id":"https:\/\/quehacerpolitico.mx\/?p=106562"},"wordCount":428,"commentCount":0,"image":{"@id":"https:\/\/quehacerpolitico.mx\/?p=106562#primaryimage"},"thumbnailUrl":"https:\/\/quehacerpolitico.mx\/wp-content\/uploads\/2023\/11\/IMG_2171.jpeg","articleSection":["Deportes"],"inLanguage":"es","potentialAction":[{"@type":"CommentAction","name":"Comment","target":["https:\/\/quehacerpolitico.mx\/?p=106562#respond"]}]},{"@type":"WebPage","@id":"https:\/\/quehacerpolitico.mx\/?p=106562","url":"https:\/\/quehacerpolitico.mx\/?p=106562","name":"McLaren anunci\u00f3 que el mexicano Patricio \u2018Pato\u2019 O\u2019Ward, quien corre en IndyCar con Arrow McLaren, ser\u00e1 piloto reserva de F\u00f3rmula Uno (F1) para la temporada 2024 -","isPartOf":{"@id":"https:\/\/quehacerpolitico.mx\/#website"},"primaryImageOfPage":{"@id":"https:\/\/quehacerpolitico.mx\/?p=106562#primaryimage"},"image":{"@id":"https:\/\/quehacerpolitico.mx\/?p=106562#primaryimage"},"thumbnailUrl":"https:\/\/quehacerpolitico.mx\/wp-content\/uploads\/2023\/11\/IMG_2171.jpeg","datePublished":"2023-11-23T17:40:22+00:00","dateModified":"2023-11-23T17:40:26+00:00","author":{"@id":"https:\/\/quehacerpolitico.mx\/#\/schema\/person\/496d8ad2d1d3f8036101dca7ee39e585"},"breadcrumb":{"@id":"https:\/\/quehacerpolitico.mx\/?p=106562#breadcrumb"},"inLanguage":"es","potentialAction":[{"@type":"ReadAction","target":["https:\/\/quehacerpolitico.mx\/?p=106562"]}]},{"@type":"ImageObject","inLanguage":"es","@id":"https:\/\/quehacerpolitico.mx\/?p=106562#primaryimage","url":"https:\/\/quehacerpolitico.mx\/wp-content\/uploads\/2023\/11\/IMG_2171.jpeg","contentUrl":"https:\/\/quehacerpolitico.mx\/wp-content\/uploads\/2023\/11\/IMG_2171.jpeg","width":738,"height":415},{"@type":"BreadcrumbList","@id":"https:\/\/quehacerpolitico.mx\/?p=106562#breadcrumb","itemListElement":[{"@type":"ListItem","position":1,"name":"Inicio","item":"https:\/\/quehacerpolitico.mx\/"},{"@type":"ListItem","position":2,"name":"McLaren anunci\u00f3 que el mexicano Patricio \u2018Pato\u2019 O\u2019Ward, quien corre en IndyCar con Arrow McLaren, ser\u00e1 piloto reserva de F\u00f3rmula Uno (F1) para la temporada 2024"}]},{"@type":"WebSite","@id":"https:\/\/quehacerpolitico.mx\/#website","url":"https:\/\/quehacerpolitico.mx\/","name":"","description":"","potentialAction":[{"@type":"SearchAction","target":{"@type":"EntryPoint","urlTemplate":"https:\/\/quehacerpolitico.mx\/?s={search_term_string}"},"query-input":{"@type":"PropertyValueSpecification","valueRequired":true,"valueName":"search_term_string"}}],"inLanguage":"es"},{"@type":"Person","@id":"https:\/\/quehacerpolitico.mx\/#\/schema\/person\/496d8ad2d1d3f8036101dca7ee39e585","name":"Redacci\u00f3n QP","image":{"@type":"ImageObject","inLanguage":"es","@id":"https:\/\/secure.gravatar.com\/avatar\/c7164ed6fdec453195284ad24a5ae5b6e1eed2b848477fa2a4787ba9adf39a41?s=96&d=mm&r=g","url":"https:\/\/secure.gravatar.com\/avatar\/c7164ed6fdec453195284ad24a5ae5b6e1eed2b848477fa2a4787ba9adf39a41?s=96&d=mm&r=g","contentUrl":"https:\/\/secure.gravatar.com\/avatar\/c7164ed6fdec453195284ad24a5ae5b6e1eed2b848477fa2a4787ba9adf39a41?s=96&d=mm&r=g","caption":"Redacci\u00f3n QP"},"url":"https:\/\/quehacerpolitico.mx\/?author=2"}]}},"featured_image_urls":{"full":["https:\/\/quehacerpolitico.mx\/wp-content\/uploads\/2023\/11\/IMG_2171.jpeg",738,415,false],"thumbnail":["https:\/\/quehacerpolitico.mx\/wp-content\/uploads\/2023\/11\/IMG_2171-150x150.jpeg",150,150,true],"medium":["https:\/\/quehacerpolitico.mx\/wp-content\/uploads\/2023\/11\/IMG_2171-300x169.jpeg",300,169,true],"medium_large":["https:\/\/quehacerpolitico.mx\/wp-content\/uploads\/2023\/11\/IMG_2171.jpeg",640,360,false],"large":["https:\/\/quehacerpolitico.mx\/wp-content\/uploads\/2023\/11\/IMG_2171.jpeg",640,360,false],"1536x1536":["https:\/\/quehacerpolitico.mx\/wp-content\/uploads\/2023\/11\/IMG_2171.jpeg",738,415,false],"2048x2048":["https:\/\/quehacerpolitico.mx\/wp-content\/uploads\/2023\/11\/IMG_2171.jpeg",738,415,false],"covernews-featured":["https:\/\/quehacerpolitico.mx\/wp-content\/uploads\/2023\/11\/IMG_2171.jpeg",738,415,false],"covernews-medium":["https:\/\/quehacerpolitico.mx\/wp-content\/uploads\/2023\/11\/IMG_2171.jpeg",540,304,false]},"author_info":{"display_name":"Redacci\u00f3n QP","author_link":"https:\/\/quehacerpolitico.mx\/?author=2"},"category_info":"<a href=\"https:\/\/quehacerpolitico.mx\/?cat=54\" rel=\"category\">Deportes<\/a>","tag_info":"Deportes","comment_count":"0","_links":{"self":[{"href":"https:\/\/quehacerpolitico.mx\/index.php?rest_route=\/wp\/v2\/posts\/106562","targetHints":{"allow":["GET"]}}],"collection":[{"href":"https:\/\/quehacerpolitico.mx\/index.php?rest_route=\/wp\/v2\/posts"}],"about":[{"href":"https:\/\/quehacerpolitico.mx\/index.php?rest_route=\/wp\/v2\/types\/post"}],"author":[{"embeddable":true,"href":"https:\/\/quehacerpolitico.mx\/index.php?rest_route=\/wp\/v2\/users\/2"}],"replies":[{"embeddable":true,"href":"https:\/\/quehacerpolitico.mx\/index.php?rest_route=%2Fwp%2Fv2%2Fcomments&post=106562"}],"version-history":[{"count":1,"href":"https:\/\/quehacerpolitico.mx\/index.php?rest_route=\/wp\/v2\/posts\/106562\/revisions"}],"predecessor-version":[{"id":106564,"href":"https:\/\/quehacerpolitico.mx\/index.php?rest_route=\/wp\/v2\/posts\/106562\/revisions\/106564"}],"wp:featuredmedia":[{"embeddable":true,"href":"https:\/\/quehacerpolitico.mx\/index.php?rest_route=\/wp\/v2\/media\/106563"}],"wp:attachment":[{"href":"https:\/\/quehacerpolitico.mx\/index.php?rest_route=%2Fwp%2Fv2%2Fmedia&parent=106562"}],"wp:term":[{"taxonomy":"category","embeddable":true,"href":"https:\/\/quehacerpolitico.mx\/index.php?rest_route=%2Fwp%2Fv2%2Fcategories&post=106562"},{"taxonomy":"post_tag","embeddable":true,"href":"https:\/\/quehacerpolitico.mx\/index.php?rest_route=%2Fwp%2Fv2%2Ftags&post=106562"}],"curies":[{"name":"wp","href":"https:\/\/api.w.org\/{rel}","templated":true}]}}