{"id":106556,"date":"2023-11-23T16:39:06","date_gmt":"2023-11-23T16:39:06","guid":{"rendered":"https:\/\/quehacerpolitico.mx\/?p=106556"},"modified":"2023-11-23T16:39:10","modified_gmt":"2023-11-23T16:39:10","slug":"la-reconstruccion-de-2500-viviendas-no-podriamos-lograrla-solos-se-tiene-que-hacer-con-la-participacion-de-todos-con-un-sistema-de-autoconstruccion-senala-amlo","status":"publish","type":"post","link":"https:\/\/quehacerpolitico.mx\/?p=106556","title":{"rendered":"\u201cLa reconstrucci\u00f3n de 2,500 viviendas no podr\u00edamos lograrla solos, se tiene que hacer con la participaci\u00f3n de todos, con un sistema de autoconstrucci\u00f3n\u201d, se\u00f1ala AMLO"},"content":{"rendered":"\n<p>Por Redacci\u00f3n QP<\/p>\n\n\n\n<p>L\u00f3pez Obrador pidi\u00f3 la participaci\u00f3n de todos los sectores en Guerrero \u201cpara reconstruir las casas lo m\u00e1s pronto posible\u201d tras Otis<\/p>\n\n\n\n<p>El presidente<strong>\u00a0L\u00f3pez Obrador<\/strong>\u00a0apunt\u00f3 que su\u00a0Gobierno apostar\u00e1 por la\u00a0<strong>autoconstrucci\u00f3n<\/strong>\u00a0como la v\u00eda para recuperar\u00a0<strong>Guerrero<\/strong>\u00a0tras el impacto del\u00a0<strong>hurac\u00e1n Otis,<\/strong>\u00a0que hasta el momento ha dejado un saldo de\u00a050 muertos, 30 desaparecidos y 250 mil viviendas con da\u00f1os.<\/p>\n\n\n\n<p>En la conferencia matutina llevada a cabo en Guerrero, a casi un mes del impacto del cicl\u00f3n, L\u00f3pez Obrador tuvo un mensaje para los damnificados en\u00a0<strong>Acapulco<\/strong>\u00a0y de\u00a0<strong>Coyuca de Ben\u00edtez, tras presentar\u00a0<\/strong>la Primera Etapa del\u00a0<strong>Plan de Reconstrucci\u00f3n y Apoyo<\/strong>\u00a0tras la devastaci\u00f3n ocasionada por Otis.<\/p>\n\n\n\n<figure class=\"wp-block-embed is-type-rich is-provider-twitter wp-block-embed-twitter\"><div class=\"wp-block-embed__wrapper\">\n<blockquote class=\"twitter-tweet\" data-width=\"550\" data-dnt=\"true\"><p lang=\"es\" dir=\"ltr\"><a href=\"https:\/\/twitter.com\/hashtag\/Ma%C3%B1anera?src=hash&amp;ref_src=twsrc%5Etfw\">#Ma\u00f1anera<\/a> | \u201cLa reconstrucci\u00f3n de 2,500 viviendas no podr\u00edamos lograrla solos, se tiene que hacer con la participaci\u00f3n de todos, con un sistema de autoconstrucci\u00f3n\u201d, se\u00f1ala <a href=\"https:\/\/twitter.com\/hashtag\/AMLO?src=hash&amp;ref_src=twsrc%5Etfw\">#AMLO<\/a> sobre los da\u00f1os que dej\u00f3 <a href=\"https:\/\/twitter.com\/hashtag\/Otis?src=hash&amp;ref_src=twsrc%5Etfw\">#Otis<\/a> en <a href=\"https:\/\/twitter.com\/hashtag\/Acapulco?src=hash&amp;ref_src=twsrc%5Etfw\">#Acapulco<\/a> y <a href=\"https:\/\/twitter.com\/hashtag\/Coyuca?src=hash&amp;ref_src=twsrc%5Etfw\">#Coyuca<\/a>. <a href=\"https:\/\/t.co\/PcdDOW6uYq\">pic.twitter.com\/PcdDOW6uYq<\/a><\/p>&mdash; Adela Micha (@Adela_Micha) <a href=\"https:\/\/twitter.com\/Adela_Micha\/status\/1727698332343222657?ref_src=twsrc%5Etfw\">November 23, 2023<\/a><\/blockquote><script async src=\"https:\/\/platform.twitter.com\/widgets.js\" charset=\"utf-8\"><\/script>\n<\/div><\/figure>\n\n\n\n<p>Esta reconstrucci\u00f3n en lo general tiene como esencia el coraz\u00f3n de toda esta actividad, el que podamos reconstruir los hogares, y son m\u00e1s de 250 mil viviendas, que necesitamos rehabilitar, y eso no lo podr\u00edamos hacer solos desde el Gobierno o con las empresas constructoras,\u00a0 se tiene que hacer con la participaci\u00f3n de todos, con un sistema de auto construcci\u00f3n que no es cosa del otro mundo\u201d, declar\u00f3.<\/p>\n\n\n\n<p>\u201cTodas las viviendas de M\u00e9xico, la mayor\u00eda de las viviendas de M\u00e9xico, los han hecho los integrantes de las familias. Son los que primero consiguen los recursos, el dinero para comprar los materiales, saben qui\u00e9nes son maestros alba\u00f1iles, trabajadores de la construcci\u00f3n, que son conocidos en los barrios, colonias, en los pueblos, incluso familiares que trabajan en la construcci\u00f3n y se sabe d\u00f3nde comprar el block, la varilla, el cemento, las tejas, la madera, lo qjue se requiere para la construcci\u00f3n de una vivienda\u201d, agreg\u00f3.<\/p>\n\n\n\n<p>El mandatario mexicano pidi\u00f3 la participaci\u00f3n de todos los sectores en Guerrero \u201cpara reconstruir las casas lo m\u00e1s pronto posible\u201d.<\/p>\n\n\n\n<p>\u201cImag\u00ednense el Gobierno construyendo 250 mil viviendas, \u00bfcu\u00e1ndo terminamos? Y eso que sabemos hacerlo y que conocemos de las necesidades del pueblo, as\u00ed nos hemos formado. Yo hace 40 a\u00f1os me toc\u00f3, sino es que un poco m\u00e1s, como director del Instituto Nacional Indigenista en Tabasco me toc\u00f3 construir con brigadas y con la participaci\u00f3n de la gente, como 5 mil viviendas, lo sabemos hacer pero estamos hablando de 250 mil casas y queremos hacerlo en muy poco tiempo, que podamos tener las casas nuevas, rehabilitadas, pintadas, de los colores que nos gustan en el tr\u00f3pico, en la costa, colores alegres\u201d, indic\u00f3.<\/p>\n\n\n\n<p>L\u00f3pez obrador declar\u00f3 que no est\u00e1n solos quienes fueron afectados pro Otis en Guerrero, quienes tendr\u00e1n todo el apoyo del Gobierno, quien no se limitar\u00e1 en el presupuesto para la reconstrucci\u00f3n: \u201chay dinero suficiente, lo que se necesite, no hay techo financiero\u201d, dijo.<\/p>\n\n\n\n<p>He estado en seis ocasiones a Acapulco, he venido cada semana y voy a seguir viniendo, no est\u00e1n solos los acapulque\u00f1os ni la gente de Coyuca. Vamos a seguir respaldando, apoyando a los damnificados y viene una etapa nueva, una etapa mucho mejor para Acapulco\u201d, manifest\u00f3.<\/p>\n\n\n\n<p>\u201cM\u00e1s tarde vamos a rendir un homenaje a quienes lamentablemente perdieron la vida, y a continuar con la b\u00fasqueda de quienes est\u00e1n desaparecidos. Un abrazo a los familiares, que se les ha estado atendiendo y se les va a seguir apoyando en todo. No son tiempos para divisiones, para pleitos, son tiempos para unidad y fraternidad\u201d, refiri\u00f3.<\/p>\n","protected":false},"excerpt":{"rendered":"<p>Por Redacci\u00f3n QP L\u00f3pez Obrador pidi\u00f3 la participaci\u00f3n de todos los sectores en Guerrero \u201cpara&#8230;<\/p>\n","protected":false},"author":2,"featured_media":106557,"comment_status":"open","ping_status":"open","sticky":false,"template":"","format":"standard","meta":{"_monsterinsights_skip_tracking":false,"_monsterinsights_sitenote_active":false,"_monsterinsights_sitenote_note":"","_monsterinsights_sitenote_category":0,"footnotes":""},"categories":[2],"tags":[],"class_list":["post-106556","post","type-post","status-publish","format-standard","has-post-thumbnail","hentry","category-noticias"],"yoast_head":"<!-- This site is optimized with the Yoast SEO plugin v27.3 - https:\/\/yoast.com\/product\/yoast-seo-wordpress\/ -->\n<title>\u201cLa reconstrucci\u00f3n de 2,500 viviendas no podr\u00edamos lograrla solos, se tiene que hacer con la participaci\u00f3n de todos, con un sistema de autoconstrucci\u00f3n\u201d, se\u00f1ala AMLO -<\/title>\n<meta name=\"robots\" content=\"index, follow, max-snippet:-1, max-image-preview:large, max-video-preview:-1\" \/>\n<link rel=\"canonical\" href=\"https:\/\/quehacerpolitico.mx\/?p=106556\" \/>\n<meta property=\"og:locale\" content=\"es_MX\" \/>\n<meta property=\"og:type\" content=\"article\" \/>\n<meta property=\"og:title\" content=\"\u201cLa reconstrucci\u00f3n de 2,500 viviendas no podr\u00edamos lograrla solos, se tiene que hacer con la participaci\u00f3n de todos, con un sistema de autoconstrucci\u00f3n\u201d, se\u00f1ala AMLO -\" \/>\n<meta property=\"og:description\" content=\"Por Redacci\u00f3n QP L\u00f3pez Obrador pidi\u00f3 la participaci\u00f3n de todos los sectores en Guerrero \u201cpara...\" \/>\n<meta property=\"og:url\" content=\"https:\/\/quehacerpolitico.mx\/?p=106556\" \/>\n<meta property=\"article:published_time\" content=\"2023-11-23T16:39:06+00:00\" \/>\n<meta property=\"article:modified_time\" content=\"2023-11-23T16:39:10+00:00\" \/>\n<meta property=\"og:image\" content=\"https:\/\/quehacerpolitico.mx\/wp-content\/uploads\/2023\/11\/IMG_2169.jpeg\" \/>\n\t<meta property=\"og:image:width\" content=\"975\" \/>\n\t<meta property=\"og:image:height\" content=\"600\" \/>\n\t<meta property=\"og:image:type\" content=\"image\/jpeg\" \/>\n<meta name=\"author\" content=\"Redacci\u00f3n QP\" \/>\n<meta name=\"twitter:card\" content=\"summary_large_image\" \/>\n<meta name=\"twitter:label1\" content=\"Escrito por\" \/>\n\t<meta name=\"twitter:data1\" content=\"Redacci\u00f3n QP\" \/>\n\t<meta name=\"twitter:label2\" content=\"Tiempo de lectura\" \/>\n\t<meta name=\"twitter:data2\" content=\"3 minutos\" \/>\n<script type=\"application\/ld+json\" class=\"yoast-schema-graph\">{\"@context\":\"https:\\\/\\\/schema.org\",\"@graph\":[{\"@type\":\"Article\",\"@id\":\"https:\\\/\\\/quehacerpolitico.mx\\\/?p=106556#article\",\"isPartOf\":{\"@id\":\"https:\\\/\\\/quehacerpolitico.mx\\\/?p=106556\"},\"author\":{\"name\":\"Redacci\u00f3n QP\",\"@id\":\"https:\\\/\\\/quehacerpolitico.mx\\\/#\\\/schema\\\/person\\\/496d8ad2d1d3f8036101dca7ee39e585\"},\"headline\":\"\u201cLa reconstrucci\u00f3n de 2,500 viviendas no podr\u00edamos lograrla solos, se tiene que hacer con la participaci\u00f3n de todos, con un sistema de autoconstrucci\u00f3n\u201d, se\u00f1ala AMLO\",\"datePublished\":\"2023-11-23T16:39:06+00:00\",\"dateModified\":\"2023-11-23T16:39:10+00:00\",\"mainEntityOfPage\":{\"@id\":\"https:\\\/\\\/quehacerpolitico.mx\\\/?p=106556\"},\"wordCount\":616,\"commentCount\":0,\"image\":{\"@id\":\"https:\\\/\\\/quehacerpolitico.mx\\\/?p=106556#primaryimage\"},\"thumbnailUrl\":\"https:\\\/\\\/quehacerpolitico.mx\\\/wp-content\\\/uploads\\\/2023\\\/11\\\/IMG_2169.jpeg\",\"articleSection\":[\"Noticias\"],\"inLanguage\":\"es\",\"potentialAction\":[{\"@type\":\"CommentAction\",\"name\":\"Comment\",\"target\":[\"https:\\\/\\\/quehacerpolitico.mx\\\/?p=106556#respond\"]}]},{\"@type\":\"WebPage\",\"@id\":\"https:\\\/\\\/quehacerpolitico.mx\\\/?p=106556\",\"url\":\"https:\\\/\\\/quehacerpolitico.mx\\\/?p=106556\",\"name\":\"\u201cLa reconstrucci\u00f3n de 2,500 viviendas no podr\u00edamos lograrla solos, se tiene que hacer con la participaci\u00f3n de todos, con un sistema de autoconstrucci\u00f3n\u201d, se\u00f1ala AMLO -\",\"isPartOf\":{\"@id\":\"https:\\\/\\\/quehacerpolitico.mx\\\/#website\"},\"primaryImageOfPage\":{\"@id\":\"https:\\\/\\\/quehacerpolitico.mx\\\/?p=106556#primaryimage\"},\"image\":{\"@id\":\"https:\\\/\\\/quehacerpolitico.mx\\\/?p=106556#primaryimage\"},\"thumbnailUrl\":\"https:\\\/\\\/quehacerpolitico.mx\\\/wp-content\\\/uploads\\\/2023\\\/11\\\/IMG_2169.jpeg\",\"datePublished\":\"2023-11-23T16:39:06+00:00\",\"dateModified\":\"2023-11-23T16:39:10+00:00\",\"author\":{\"@id\":\"https:\\\/\\\/quehacerpolitico.mx\\\/#\\\/schema\\\/person\\\/496d8ad2d1d3f8036101dca7ee39e585\"},\"breadcrumb\":{\"@id\":\"https:\\\/\\\/quehacerpolitico.mx\\\/?p=106556#breadcrumb\"},\"inLanguage\":\"es\",\"potentialAction\":[{\"@type\":\"ReadAction\",\"target\":[\"https:\\\/\\\/quehacerpolitico.mx\\\/?p=106556\"]}]},{\"@type\":\"ImageObject\",\"inLanguage\":\"es\",\"@id\":\"https:\\\/\\\/quehacerpolitico.mx\\\/?p=106556#primaryimage\",\"url\":\"https:\\\/\\\/quehacerpolitico.mx\\\/wp-content\\\/uploads\\\/2023\\\/11\\\/IMG_2169.jpeg\",\"contentUrl\":\"https:\\\/\\\/quehacerpolitico.mx\\\/wp-content\\\/uploads\\\/2023\\\/11\\\/IMG_2169.jpeg\",\"width\":975,\"height\":600},{\"@type\":\"BreadcrumbList\",\"@id\":\"https:\\\/\\\/quehacerpolitico.mx\\\/?p=106556#breadcrumb\",\"itemListElement\":[{\"@type\":\"ListItem\",\"position\":1,\"name\":\"Inicio\",\"item\":\"https:\\\/\\\/quehacerpolitico.mx\\\/\"},{\"@type\":\"ListItem\",\"position\":2,\"name\":\"\u201cLa reconstrucci\u00f3n de 2,500 viviendas no podr\u00edamos lograrla solos, se tiene que hacer con la participaci\u00f3n de todos, con un sistema de autoconstrucci\u00f3n\u201d, se\u00f1ala AMLO\"}]},{\"@type\":\"WebSite\",\"@id\":\"https:\\\/\\\/quehacerpolitico.mx\\\/#website\",\"url\":\"https:\\\/\\\/quehacerpolitico.mx\\\/\",\"name\":\"\",\"description\":\"\",\"potentialAction\":[{\"@type\":\"SearchAction\",\"target\":{\"@type\":\"EntryPoint\",\"urlTemplate\":\"https:\\\/\\\/quehacerpolitico.mx\\\/?s={search_term_string}\"},\"query-input\":{\"@type\":\"PropertyValueSpecification\",\"valueRequired\":true,\"valueName\":\"search_term_string\"}}],\"inLanguage\":\"es\"},{\"@type\":\"Person\",\"@id\":\"https:\\\/\\\/quehacerpolitico.mx\\\/#\\\/schema\\\/person\\\/496d8ad2d1d3f8036101dca7ee39e585\",\"name\":\"Redacci\u00f3n QP\",\"image\":{\"@type\":\"ImageObject\",\"inLanguage\":\"es\",\"@id\":\"https:\\\/\\\/secure.gravatar.com\\\/avatar\\\/c7164ed6fdec453195284ad24a5ae5b6e1eed2b848477fa2a4787ba9adf39a41?s=96&d=mm&r=g\",\"url\":\"https:\\\/\\\/secure.gravatar.com\\\/avatar\\\/c7164ed6fdec453195284ad24a5ae5b6e1eed2b848477fa2a4787ba9adf39a41?s=96&d=mm&r=g\",\"contentUrl\":\"https:\\\/\\\/secure.gravatar.com\\\/avatar\\\/c7164ed6fdec453195284ad24a5ae5b6e1eed2b848477fa2a4787ba9adf39a41?s=96&d=mm&r=g\",\"caption\":\"Redacci\u00f3n QP\"},\"url\":\"https:\\\/\\\/quehacerpolitico.mx\\\/?author=2\"}]}<\/script>\n<!-- \/ Yoast SEO plugin. -->","yoast_head_json":{"title":"\u201cLa reconstrucci\u00f3n de 2,500 viviendas no podr\u00edamos lograrla solos, se tiene que hacer con la participaci\u00f3n de todos, con un sistema de autoconstrucci\u00f3n\u201d, se\u00f1ala AMLO -","robots":{"index":"index","follow":"follow","max-snippet":"max-snippet:-1","max-image-preview":"max-image-preview:large","max-video-preview":"max-video-preview:-1"},"canonical":"https:\/\/quehacerpolitico.mx\/?p=106556","og_locale":"es_MX","og_type":"article","og_title":"\u201cLa reconstrucci\u00f3n de 2,500 viviendas no podr\u00edamos lograrla solos, se tiene que hacer con la participaci\u00f3n de todos, con un sistema de autoconstrucci\u00f3n\u201d, se\u00f1ala AMLO -","og_description":"Por Redacci\u00f3n QP L\u00f3pez Obrador pidi\u00f3 la participaci\u00f3n de todos los sectores en Guerrero \u201cpara...","og_url":"https:\/\/quehacerpolitico.mx\/?p=106556","article_published_time":"2023-11-23T16:39:06+00:00","article_modified_time":"2023-11-23T16:39:10+00:00","og_image":[{"width":975,"height":600,"url":"https:\/\/quehacerpolitico.mx\/wp-content\/uploads\/2023\/11\/IMG_2169.jpeg","type":"image\/jpeg"}],"author":"Redacci\u00f3n QP","twitter_card":"summary_large_image","twitter_misc":{"Escrito por":"Redacci\u00f3n QP","Tiempo de lectura":"3 minutos"},"schema":{"@context":"https:\/\/schema.org","@graph":[{"@type":"Article","@id":"https:\/\/quehacerpolitico.mx\/?p=106556#article","isPartOf":{"@id":"https:\/\/quehacerpolitico.mx\/?p=106556"},"author":{"name":"Redacci\u00f3n QP","@id":"https:\/\/quehacerpolitico.mx\/#\/schema\/person\/496d8ad2d1d3f8036101dca7ee39e585"},"headline":"\u201cLa reconstrucci\u00f3n de 2,500 viviendas no podr\u00edamos lograrla solos, se tiene que hacer con la participaci\u00f3n de todos, con un sistema de autoconstrucci\u00f3n\u201d, se\u00f1ala AMLO","datePublished":"2023-11-23T16:39:06+00:00","dateModified":"2023-11-23T16:39:10+00:00","mainEntityOfPage":{"@id":"https:\/\/quehacerpolitico.mx\/?p=106556"},"wordCount":616,"commentCount":0,"image":{"@id":"https:\/\/quehacerpolitico.mx\/?p=106556#primaryimage"},"thumbnailUrl":"https:\/\/quehacerpolitico.mx\/wp-content\/uploads\/2023\/11\/IMG_2169.jpeg","articleSection":["Noticias"],"inLanguage":"es","potentialAction":[{"@type":"CommentAction","name":"Comment","target":["https:\/\/quehacerpolitico.mx\/?p=106556#respond"]}]},{"@type":"WebPage","@id":"https:\/\/quehacerpolitico.mx\/?p=106556","url":"https:\/\/quehacerpolitico.mx\/?p=106556","name":"\u201cLa reconstrucci\u00f3n de 2,500 viviendas no podr\u00edamos lograrla solos, se tiene que hacer con la participaci\u00f3n de todos, con un sistema de autoconstrucci\u00f3n\u201d, se\u00f1ala AMLO -","isPartOf":{"@id":"https:\/\/quehacerpolitico.mx\/#website"},"primaryImageOfPage":{"@id":"https:\/\/quehacerpolitico.mx\/?p=106556#primaryimage"},"image":{"@id":"https:\/\/quehacerpolitico.mx\/?p=106556#primaryimage"},"thumbnailUrl":"https:\/\/quehacerpolitico.mx\/wp-content\/uploads\/2023\/11\/IMG_2169.jpeg","datePublished":"2023-11-23T16:39:06+00:00","dateModified":"2023-11-23T16:39:10+00:00","author":{"@id":"https:\/\/quehacerpolitico.mx\/#\/schema\/person\/496d8ad2d1d3f8036101dca7ee39e585"},"breadcrumb":{"@id":"https:\/\/quehacerpolitico.mx\/?p=106556#breadcrumb"},"inLanguage":"es","potentialAction":[{"@type":"ReadAction","target":["https:\/\/quehacerpolitico.mx\/?p=106556"]}]},{"@type":"ImageObject","inLanguage":"es","@id":"https:\/\/quehacerpolitico.mx\/?p=106556#primaryimage","url":"https:\/\/quehacerpolitico.mx\/wp-content\/uploads\/2023\/11\/IMG_2169.jpeg","contentUrl":"https:\/\/quehacerpolitico.mx\/wp-content\/uploads\/2023\/11\/IMG_2169.jpeg","width":975,"height":600},{"@type":"BreadcrumbList","@id":"https:\/\/quehacerpolitico.mx\/?p=106556#breadcrumb","itemListElement":[{"@type":"ListItem","position":1,"name":"Inicio","item":"https:\/\/quehacerpolitico.mx\/"},{"@type":"ListItem","position":2,"name":"\u201cLa reconstrucci\u00f3n de 2,500 viviendas no podr\u00edamos lograrla solos, se tiene que hacer con la participaci\u00f3n de todos, con un sistema de autoconstrucci\u00f3n\u201d, se\u00f1ala AMLO"}]},{"@type":"WebSite","@id":"https:\/\/quehacerpolitico.mx\/#website","url":"https:\/\/quehacerpolitico.mx\/","name":"","description":"","potentialAction":[{"@type":"SearchAction","target":{"@type":"EntryPoint","urlTemplate":"https:\/\/quehacerpolitico.mx\/?s={search_term_string}"},"query-input":{"@type":"PropertyValueSpecification","valueRequired":true,"valueName":"search_term_string"}}],"inLanguage":"es"},{"@type":"Person","@id":"https:\/\/quehacerpolitico.mx\/#\/schema\/person\/496d8ad2d1d3f8036101dca7ee39e585","name":"Redacci\u00f3n QP","image":{"@type":"ImageObject","inLanguage":"es","@id":"https:\/\/secure.gravatar.com\/avatar\/c7164ed6fdec453195284ad24a5ae5b6e1eed2b848477fa2a4787ba9adf39a41?s=96&d=mm&r=g","url":"https:\/\/secure.gravatar.com\/avatar\/c7164ed6fdec453195284ad24a5ae5b6e1eed2b848477fa2a4787ba9adf39a41?s=96&d=mm&r=g","contentUrl":"https:\/\/secure.gravatar.com\/avatar\/c7164ed6fdec453195284ad24a5ae5b6e1eed2b848477fa2a4787ba9adf39a41?s=96&d=mm&r=g","caption":"Redacci\u00f3n QP"},"url":"https:\/\/quehacerpolitico.mx\/?author=2"}]}},"featured_image_urls":{"full":["https:\/\/quehacerpolitico.mx\/wp-content\/uploads\/2023\/11\/IMG_2169.jpeg",975,600,false],"thumbnail":["https:\/\/quehacerpolitico.mx\/wp-content\/uploads\/2023\/11\/IMG_2169-150x150.jpeg",150,150,true],"medium":["https:\/\/quehacerpolitico.mx\/wp-content\/uploads\/2023\/11\/IMG_2169-300x185.jpeg",300,185,true],"medium_large":["https:\/\/quehacerpolitico.mx\/wp-content\/uploads\/2023\/11\/IMG_2169-768x473.jpeg",640,394,true],"large":["https:\/\/quehacerpolitico.mx\/wp-content\/uploads\/2023\/11\/IMG_2169.jpeg",640,394,false],"1536x1536":["https:\/\/quehacerpolitico.mx\/wp-content\/uploads\/2023\/11\/IMG_2169.jpeg",975,600,false],"2048x2048":["https:\/\/quehacerpolitico.mx\/wp-content\/uploads\/2023\/11\/IMG_2169.jpeg",975,600,false],"covernews-featured":["https:\/\/quehacerpolitico.mx\/wp-content\/uploads\/2023\/11\/IMG_2169.jpeg",975,600,false],"covernews-medium":["https:\/\/quehacerpolitico.mx\/wp-content\/uploads\/2023\/11\/IMG_2169.jpeg",540,332,false]},"author_info":{"display_name":"Redacci\u00f3n QP","author_link":"https:\/\/quehacerpolitico.mx\/?author=2"},"category_info":"<a href=\"https:\/\/quehacerpolitico.mx\/?cat=2\" rel=\"category\">Noticias<\/a>","tag_info":"Noticias","comment_count":"0","_links":{"self":[{"href":"https:\/\/quehacerpolitico.mx\/index.php?rest_route=\/wp\/v2\/posts\/106556","targetHints":{"allow":["GET"]}}],"collection":[{"href":"https:\/\/quehacerpolitico.mx\/index.php?rest_route=\/wp\/v2\/posts"}],"about":[{"href":"https:\/\/quehacerpolitico.mx\/index.php?rest_route=\/wp\/v2\/types\/post"}],"author":[{"embeddable":true,"href":"https:\/\/quehacerpolitico.mx\/index.php?rest_route=\/wp\/v2\/users\/2"}],"replies":[{"embeddable":true,"href":"https:\/\/quehacerpolitico.mx\/index.php?rest_route=%2Fwp%2Fv2%2Fcomments&post=106556"}],"version-history":[{"count":1,"href":"https:\/\/quehacerpolitico.mx\/index.php?rest_route=\/wp\/v2\/posts\/106556\/revisions"}],"predecessor-version":[{"id":106558,"href":"https:\/\/quehacerpolitico.mx\/index.php?rest_route=\/wp\/v2\/posts\/106556\/revisions\/106558"}],"wp:featuredmedia":[{"embeddable":true,"href":"https:\/\/quehacerpolitico.mx\/index.php?rest_route=\/wp\/v2\/media\/106557"}],"wp:attachment":[{"href":"https:\/\/quehacerpolitico.mx\/index.php?rest_route=%2Fwp%2Fv2%2Fmedia&parent=106556"}],"wp:term":[{"taxonomy":"category","embeddable":true,"href":"https:\/\/quehacerpolitico.mx\/index.php?rest_route=%2Fwp%2Fv2%2Fcategories&post=106556"},{"taxonomy":"post_tag","embeddable":true,"href":"https:\/\/quehacerpolitico.mx\/index.php?rest_route=%2Fwp%2Fv2%2Ftags&post=106556"}],"curies":[{"name":"wp","href":"https:\/\/api.w.org\/{rel}","templated":true}]}}