{"id":106530,"date":"2023-11-21T18:34:38","date_gmt":"2023-11-21T18:34:38","guid":{"rendered":"https:\/\/quehacerpolitico.mx\/?p=106530"},"modified":"2023-11-21T18:34:41","modified_gmt":"2023-11-21T18:34:41","slug":"internacionales-carolina-alonso-romei-netanyahu-convoca-al-gabinete-israeli-para-abordar-la-liberacion-de-rehenes-ante-un-inminente-acuerdo-con-hamas","status":"publish","type":"post","link":"https:\/\/quehacerpolitico.mx\/?p=106530","title":{"rendered":"Internacionales\/\/\/Carolina Alonso Romei\/\/\/Netanyahu convoca al gabinete israel\u00ed para abordar la liberaci\u00f3n de rehenes ante un inminente acuerdo con Ham\u00e1s"},"content":{"rendered":"\n<p>Por Carolina Alonso Romei<\/p>\n\n\n\n<p>Internacionalista <\/p>\n\n\n\n<p>El primer ministro israel\u00ed,&nbsp;<strong>Benjam\u00edn Netanyahu<\/strong>, convoc\u00f3 este martes a una reuni\u00f3n tanto del gabinete de guerra como de todo el gobierno para abordar \u201cla&nbsp;<strong>liberaci\u00f3n de rehenes<\/strong>\u201c.<\/p>\n\n\n\n<p>\u201cEspero que haya buenas noticias pronto\u201d, afirm\u00f3 Netanyahu en un comunicado difundido por su oficina, mientras se intensifican los rumores sobre un\u00a0<strong>acuerdo<\/strong>\u00a0inminente con\u00a0<strong>el grupo islamista Ham\u00e1s<\/strong>\u00a0para la liberaci\u00f3n de un grupo de rehenes a cambio de presos palestinos y un<strong> alto el fuego temporal.<\/strong><\/p>\n\n\n\n<p>El\u00a0<strong>mandatario<\/strong>\u00a0convoc\u00f3 primero un encuentro con el\u00a0<strong>gabinete<\/strong>\u00a0de guerra a las 6:00 de la tarde (hora de Israel, luego con el gabinete pol\u00edtico y de seguridad a las 7:00 y finalmente con todo el gobierno a las 8:00 de la noche.<\/p>\n\n\n\n<figure class=\"wp-block-embed is-type-video is-provider-youtube wp-block-embed-youtube wp-embed-aspect-16-9 wp-has-aspect-ratio\"><div class=\"wp-block-embed__wrapper\">\n<iframe loading=\"lazy\" title=\"Ham\u00e1s habla de &quot;un acuerdo de tregua con Israel pr\u00f3ximo en el tiempo&quot;\" width=\"640\" height=\"360\" src=\"https:\/\/www.youtube.com\/embed\/-NMQSjIkkMc?feature=oembed\" frameborder=\"0\" allow=\"accelerometer; autoplay; clipboard-write; encrypted-media; gyroscope; picture-in-picture; web-share\" referrerpolicy=\"strict-origin-when-cross-origin\" allowfullscreen><\/iframe>\n<\/div><\/figure>\n\n\n\n<p>Estas reuniones fueron convocadas \u201ca la luz de los acontecimientos sobre la liberaci\u00f3n de&nbsp;<strong>rehenes<\/strong>\u201c, inform\u00f3 el comunicado.<\/p>\n\n\n\n<p>Medios israel\u00edes anticiparon que el motivo de estos encuentros es otorgar la aprobaci\u00f3n gubernamental necesaria al acuerdo que est\u00e1 siendo negociado por Estados Unidos,&nbsp;<strong>Egipto<\/strong>&nbsp;y Catar.<\/p>\n\n\n\n<p>\u201cEstamos avanzando. No creo que valga la pena decir demasiado, ni siquiera en este momento\u201d, se\u00f1al\u00f3 hoy&nbsp;<strong>Netanyahu<\/strong>, en referencia a la potencial liberaci\u00f3n de&nbsp;<strong>rehenes<\/strong>, durante encuentro con soldados.<\/p>\n\n\n\n<p>El portavoz del Ministerio de Exteriores de Catar, Majed al Ansari, dijo hoy durante una conferencia de prensa que \u201cel acuerdo entre&nbsp;<strong>Ham\u00e1s<\/strong>&nbsp;e&nbsp;<strong>Israel<\/strong>&nbsp;para el intercambio de los rehenes est\u00e1 cerca. S\u00f3lo faltan algunos detalles log\u00edsticos y no esenciales para que puedan ser resueltos\u201d.<\/p>\n\n\n\n<p>Fuentes de seguridad egipcias explicaron hoy a&nbsp;<em>EFE<\/em>&nbsp;que el acuerdo incluir\u00eda un&nbsp;<strong>alto el fuego temporal&nbsp;<\/strong>de cinco d\u00edas, durante el cual ser\u00e1n liberados 50 rehenes en manos de Ham\u00e1s a cambio de 300 prisioneros palestinos en Israel.<\/p>\n\n\n\n<p>Las fuentes detallaron, adem\u00e1s, que los liberados ser\u00eda ni\u00f1os y mujeres y que su&nbsp;<strong>liberaci\u00f3n<\/strong>&nbsp;\u201cse realizar\u00e1 por etapas, a raz\u00f3n de 10 prisioneros israel\u00edes por d\u00eda frente a 30 prisioneros palestinos\u201d.<\/p>\n\n\n\n<p>Destacaron tambi\u00e9n que el pacto permitir\u00e1 el ingreso en la\u00a0<strong>Franja de Gaza\u00a0<\/strong>de 300 camiones con ayuda alimentaria, m\u00e9dica y combustible.<\/p>\n\n\n\n<p>El jefe del ala pol\u00edtica de Ham\u00e1s, Ismail Haniyeh, exiliado en Catar, afirm\u00f3 este martes que el grupo est\u00e1 cerca de lograr un acuerdo de\u00a0<strong>tregua<\/strong>con\u00a0<strong>Israel<\/strong>, tras mes y medio de una guerra que ha dejado m\u00e1s de 14 mil 500\u00a0<strong>muertos<\/strong>, la inmensa mayor\u00eda de ellos en Gaza.<\/p>\n\n\n\n<figure class=\"wp-block-embed is-type-video is-provider-youtube wp-block-embed-youtube wp-embed-aspect-16-9 wp-has-aspect-ratio\"><div class=\"wp-block-embed__wrapper\">\n<iframe loading=\"lazy\" title=\"El l\u00edder de Ham\u00e1s anuncia que un &quot;acuerdo de tregua&quot; con Israel est\u00e1 &quot;cerca&quot;\" width=\"640\" height=\"360\" src=\"https:\/\/www.youtube.com\/embed\/aeYBvbS-4os?feature=oembed\" frameborder=\"0\" allow=\"accelerometer; autoplay; clipboard-write; encrypted-media; gyroscope; picture-in-picture; web-share\" referrerpolicy=\"strict-origin-when-cross-origin\" allowfullscreen><\/iframe>\n<\/div><\/figure>\n\n\n\n<p>Israel declar\u00f3 la guerra a Ham\u00e1s el 7 de octubre tras un ataque del<strong>&nbsp;grupo islamista&nbsp;<\/strong>que incluy\u00f3 el&nbsp;<strong>lanzamiento de cohetes<\/strong>&nbsp;y la&nbsp;<strong>infiltraci\u00f3n<\/strong>&nbsp;de unos 3 mil milicianos que mataron brutalmente a unas mil 200 personas y secuestraron a m\u00e1s de 240 en&nbsp;<strong>comunidades israel\u00edes&nbsp;<\/strong>cercanas a la&nbsp;<strong>Franja de Gaza.<\/strong><\/p>\n\n\n\n<p>Las fuerzas a\u00e9reas, navales y terrestres de Israel han contraatacado desde entonces sobre el enclave palestino, donde ya suman m\u00e1s de 13 mil 300 muertos, la mayor\u00eda ni\u00f1os y mujeres, as\u00ed como m\u00e1s de 6 mil 500\u00a0<strong>desaparecidos<\/strong>\u00a0que podr\u00edan estar bajo los escombros, por lo que la cifra de<strong>\u00a0v\u00edctimas mortales<\/strong>\u00a0podr\u00eda ser a\u00fan m\u00e1s alta<\/p>\n\n\n\n<p>Con informaci\u00f3n de EFE<\/p>\n","protected":false},"excerpt":{"rendered":"<p>Por Carolina Alonso Romei Internacionalista El primer ministro israel\u00ed,&nbsp;Benjam\u00edn Netanyahu, convoc\u00f3 este martes a una&#8230;<\/p>\n","protected":false},"author":2,"featured_media":106531,"comment_status":"open","ping_status":"open","sticky":false,"template":"","format":"standard","meta":{"_monsterinsights_skip_tracking":false,"_monsterinsights_sitenote_active":false,"_monsterinsights_sitenote_note":"","_monsterinsights_sitenote_category":0,"footnotes":""},"categories":[1],"tags":[],"class_list":["post-106530","post","type-post","status-publish","format-standard","has-post-thumbnail","hentry","category-sin-categoria"],"yoast_head":"<!-- This site is optimized with the Yoast SEO plugin v27.3 - https:\/\/yoast.com\/product\/yoast-seo-wordpress\/ -->\n<title>Internacionales\/\/\/Carolina Alonso Romei\/\/\/Netanyahu convoca al gabinete israel\u00ed para abordar la liberaci\u00f3n de rehenes ante un inminente acuerdo con Ham\u00e1s -<\/title>\n<meta name=\"robots\" content=\"index, follow, max-snippet:-1, max-image-preview:large, max-video-preview:-1\" \/>\n<link rel=\"canonical\" href=\"https:\/\/quehacerpolitico.mx\/?p=106530\" \/>\n<meta property=\"og:locale\" content=\"es_MX\" \/>\n<meta property=\"og:type\" content=\"article\" \/>\n<meta property=\"og:title\" content=\"Internacionales\/\/\/Carolina Alonso Romei\/\/\/Netanyahu convoca al gabinete israel\u00ed para abordar la liberaci\u00f3n de rehenes ante un inminente acuerdo con Ham\u00e1s -\" \/>\n<meta property=\"og:description\" content=\"Por Carolina Alonso Romei Internacionalista El primer ministro israel\u00ed,&nbsp;Benjam\u00edn Netanyahu, convoc\u00f3 este martes a una...\" \/>\n<meta property=\"og:url\" content=\"https:\/\/quehacerpolitico.mx\/?p=106530\" \/>\n<meta property=\"article:published_time\" content=\"2023-11-21T18:34:38+00:00\" \/>\n<meta property=\"article:modified_time\" content=\"2023-11-21T18:34:41+00:00\" \/>\n<meta property=\"og:image\" content=\"https:\/\/quehacerpolitico.mx\/wp-content\/uploads\/2023\/11\/IMG_2145.jpeg\" \/>\n\t<meta property=\"og:image:width\" content=\"1284\" \/>\n\t<meta property=\"og:image:height\" content=\"679\" \/>\n\t<meta property=\"og:image:type\" content=\"image\/jpeg\" \/>\n<meta name=\"author\" content=\"Redacci\u00f3n QP\" \/>\n<meta name=\"twitter:card\" content=\"summary_large_image\" \/>\n<meta name=\"twitter:label1\" content=\"Escrito por\" \/>\n\t<meta name=\"twitter:data1\" content=\"Redacci\u00f3n QP\" \/>\n\t<meta name=\"twitter:label2\" content=\"Tiempo de lectura\" \/>\n\t<meta name=\"twitter:data2\" content=\"3 minutos\" \/>\n<script type=\"application\/ld+json\" class=\"yoast-schema-graph\">{\"@context\":\"https:\\\/\\\/schema.org\",\"@graph\":[{\"@type\":\"Article\",\"@id\":\"https:\\\/\\\/quehacerpolitico.mx\\\/?p=106530#article\",\"isPartOf\":{\"@id\":\"https:\\\/\\\/quehacerpolitico.mx\\\/?p=106530\"},\"author\":{\"name\":\"Redacci\u00f3n QP\",\"@id\":\"https:\\\/\\\/quehacerpolitico.mx\\\/#\\\/schema\\\/person\\\/496d8ad2d1d3f8036101dca7ee39e585\"},\"headline\":\"Internacionales\\\/\\\/\\\/Carolina Alonso Romei\\\/\\\/\\\/Netanyahu convoca al gabinete israel\u00ed para abordar la liberaci\u00f3n de rehenes ante un inminente acuerdo con Ham\u00e1s\",\"datePublished\":\"2023-11-21T18:34:38+00:00\",\"dateModified\":\"2023-11-21T18:34:41+00:00\",\"mainEntityOfPage\":{\"@id\":\"https:\\\/\\\/quehacerpolitico.mx\\\/?p=106530\"},\"wordCount\":597,\"commentCount\":0,\"image\":{\"@id\":\"https:\\\/\\\/quehacerpolitico.mx\\\/?p=106530#primaryimage\"},\"thumbnailUrl\":\"https:\\\/\\\/quehacerpolitico.mx\\\/wp-content\\\/uploads\\\/2023\\\/11\\\/IMG_2145.jpeg\",\"articleSection\":[\"Internacionales\"],\"inLanguage\":\"es\",\"potentialAction\":[{\"@type\":\"CommentAction\",\"name\":\"Comment\",\"target\":[\"https:\\\/\\\/quehacerpolitico.mx\\\/?p=106530#respond\"]}]},{\"@type\":\"WebPage\",\"@id\":\"https:\\\/\\\/quehacerpolitico.mx\\\/?p=106530\",\"url\":\"https:\\\/\\\/quehacerpolitico.mx\\\/?p=106530\",\"name\":\"Internacionales\\\/\\\/\\\/Carolina Alonso Romei\\\/\\\/\\\/Netanyahu convoca al gabinete israel\u00ed para abordar la liberaci\u00f3n de rehenes ante un inminente acuerdo con Ham\u00e1s -\",\"isPartOf\":{\"@id\":\"https:\\\/\\\/quehacerpolitico.mx\\\/#website\"},\"primaryImageOfPage\":{\"@id\":\"https:\\\/\\\/quehacerpolitico.mx\\\/?p=106530#primaryimage\"},\"image\":{\"@id\":\"https:\\\/\\\/quehacerpolitico.mx\\\/?p=106530#primaryimage\"},\"thumbnailUrl\":\"https:\\\/\\\/quehacerpolitico.mx\\\/wp-content\\\/uploads\\\/2023\\\/11\\\/IMG_2145.jpeg\",\"datePublished\":\"2023-11-21T18:34:38+00:00\",\"dateModified\":\"2023-11-21T18:34:41+00:00\",\"author\":{\"@id\":\"https:\\\/\\\/quehacerpolitico.mx\\\/#\\\/schema\\\/person\\\/496d8ad2d1d3f8036101dca7ee39e585\"},\"breadcrumb\":{\"@id\":\"https:\\\/\\\/quehacerpolitico.mx\\\/?p=106530#breadcrumb\"},\"inLanguage\":\"es\",\"potentialAction\":[{\"@type\":\"ReadAction\",\"target\":[\"https:\\\/\\\/quehacerpolitico.mx\\\/?p=106530\"]}]},{\"@type\":\"ImageObject\",\"inLanguage\":\"es\",\"@id\":\"https:\\\/\\\/quehacerpolitico.mx\\\/?p=106530#primaryimage\",\"url\":\"https:\\\/\\\/quehacerpolitico.mx\\\/wp-content\\\/uploads\\\/2023\\\/11\\\/IMG_2145.jpeg\",\"contentUrl\":\"https:\\\/\\\/quehacerpolitico.mx\\\/wp-content\\\/uploads\\\/2023\\\/11\\\/IMG_2145.jpeg\",\"width\":1284,\"height\":679},{\"@type\":\"BreadcrumbList\",\"@id\":\"https:\\\/\\\/quehacerpolitico.mx\\\/?p=106530#breadcrumb\",\"itemListElement\":[{\"@type\":\"ListItem\",\"position\":1,\"name\":\"Inicio\",\"item\":\"https:\\\/\\\/quehacerpolitico.mx\\\/\"},{\"@type\":\"ListItem\",\"position\":2,\"name\":\"Internacionales\\\/\\\/\\\/Carolina Alonso Romei\\\/\\\/\\\/Netanyahu convoca al gabinete israel\u00ed para abordar la liberaci\u00f3n de rehenes ante un inminente acuerdo con Ham\u00e1s\"}]},{\"@type\":\"WebSite\",\"@id\":\"https:\\\/\\\/quehacerpolitico.mx\\\/#website\",\"url\":\"https:\\\/\\\/quehacerpolitico.mx\\\/\",\"name\":\"\",\"description\":\"\",\"potentialAction\":[{\"@type\":\"SearchAction\",\"target\":{\"@type\":\"EntryPoint\",\"urlTemplate\":\"https:\\\/\\\/quehacerpolitico.mx\\\/?s={search_term_string}\"},\"query-input\":{\"@type\":\"PropertyValueSpecification\",\"valueRequired\":true,\"valueName\":\"search_term_string\"}}],\"inLanguage\":\"es\"},{\"@type\":\"Person\",\"@id\":\"https:\\\/\\\/quehacerpolitico.mx\\\/#\\\/schema\\\/person\\\/496d8ad2d1d3f8036101dca7ee39e585\",\"name\":\"Redacci\u00f3n QP\",\"image\":{\"@type\":\"ImageObject\",\"inLanguage\":\"es\",\"@id\":\"https:\\\/\\\/secure.gravatar.com\\\/avatar\\\/c7164ed6fdec453195284ad24a5ae5b6e1eed2b848477fa2a4787ba9adf39a41?s=96&d=mm&r=g\",\"url\":\"https:\\\/\\\/secure.gravatar.com\\\/avatar\\\/c7164ed6fdec453195284ad24a5ae5b6e1eed2b848477fa2a4787ba9adf39a41?s=96&d=mm&r=g\",\"contentUrl\":\"https:\\\/\\\/secure.gravatar.com\\\/avatar\\\/c7164ed6fdec453195284ad24a5ae5b6e1eed2b848477fa2a4787ba9adf39a41?s=96&d=mm&r=g\",\"caption\":\"Redacci\u00f3n QP\"},\"url\":\"https:\\\/\\\/quehacerpolitico.mx\\\/?author=2\"}]}<\/script>\n<!-- \/ Yoast SEO plugin. -->","yoast_head_json":{"title":"Internacionales\/\/\/Carolina Alonso Romei\/\/\/Netanyahu convoca al gabinete israel\u00ed para abordar la liberaci\u00f3n de rehenes ante un inminente acuerdo con Ham\u00e1s -","robots":{"index":"index","follow":"follow","max-snippet":"max-snippet:-1","max-image-preview":"max-image-preview:large","max-video-preview":"max-video-preview:-1"},"canonical":"https:\/\/quehacerpolitico.mx\/?p=106530","og_locale":"es_MX","og_type":"article","og_title":"Internacionales\/\/\/Carolina Alonso Romei\/\/\/Netanyahu convoca al gabinete israel\u00ed para abordar la liberaci\u00f3n de rehenes ante un inminente acuerdo con Ham\u00e1s -","og_description":"Por Carolina Alonso Romei Internacionalista El primer ministro israel\u00ed,&nbsp;Benjam\u00edn Netanyahu, convoc\u00f3 este martes a una...","og_url":"https:\/\/quehacerpolitico.mx\/?p=106530","article_published_time":"2023-11-21T18:34:38+00:00","article_modified_time":"2023-11-21T18:34:41+00:00","og_image":[{"width":1284,"height":679,"url":"https:\/\/quehacerpolitico.mx\/wp-content\/uploads\/2023\/11\/IMG_2145.jpeg","type":"image\/jpeg"}],"author":"Redacci\u00f3n QP","twitter_card":"summary_large_image","twitter_misc":{"Escrito por":"Redacci\u00f3n QP","Tiempo de lectura":"3 minutos"},"schema":{"@context":"https:\/\/schema.org","@graph":[{"@type":"Article","@id":"https:\/\/quehacerpolitico.mx\/?p=106530#article","isPartOf":{"@id":"https:\/\/quehacerpolitico.mx\/?p=106530"},"author":{"name":"Redacci\u00f3n QP","@id":"https:\/\/quehacerpolitico.mx\/#\/schema\/person\/496d8ad2d1d3f8036101dca7ee39e585"},"headline":"Internacionales\/\/\/Carolina Alonso Romei\/\/\/Netanyahu convoca al gabinete israel\u00ed para abordar la liberaci\u00f3n de rehenes ante un inminente acuerdo con Ham\u00e1s","datePublished":"2023-11-21T18:34:38+00:00","dateModified":"2023-11-21T18:34:41+00:00","mainEntityOfPage":{"@id":"https:\/\/quehacerpolitico.mx\/?p=106530"},"wordCount":597,"commentCount":0,"image":{"@id":"https:\/\/quehacerpolitico.mx\/?p=106530#primaryimage"},"thumbnailUrl":"https:\/\/quehacerpolitico.mx\/wp-content\/uploads\/2023\/11\/IMG_2145.jpeg","articleSection":["Internacionales"],"inLanguage":"es","potentialAction":[{"@type":"CommentAction","name":"Comment","target":["https:\/\/quehacerpolitico.mx\/?p=106530#respond"]}]},{"@type":"WebPage","@id":"https:\/\/quehacerpolitico.mx\/?p=106530","url":"https:\/\/quehacerpolitico.mx\/?p=106530","name":"Internacionales\/\/\/Carolina Alonso Romei\/\/\/Netanyahu convoca al gabinete israel\u00ed para abordar la liberaci\u00f3n de rehenes ante un inminente acuerdo con Ham\u00e1s -","isPartOf":{"@id":"https:\/\/quehacerpolitico.mx\/#website"},"primaryImageOfPage":{"@id":"https:\/\/quehacerpolitico.mx\/?p=106530#primaryimage"},"image":{"@id":"https:\/\/quehacerpolitico.mx\/?p=106530#primaryimage"},"thumbnailUrl":"https:\/\/quehacerpolitico.mx\/wp-content\/uploads\/2023\/11\/IMG_2145.jpeg","datePublished":"2023-11-21T18:34:38+00:00","dateModified":"2023-11-21T18:34:41+00:00","author":{"@id":"https:\/\/quehacerpolitico.mx\/#\/schema\/person\/496d8ad2d1d3f8036101dca7ee39e585"},"breadcrumb":{"@id":"https:\/\/quehacerpolitico.mx\/?p=106530#breadcrumb"},"inLanguage":"es","potentialAction":[{"@type":"ReadAction","target":["https:\/\/quehacerpolitico.mx\/?p=106530"]}]},{"@type":"ImageObject","inLanguage":"es","@id":"https:\/\/quehacerpolitico.mx\/?p=106530#primaryimage","url":"https:\/\/quehacerpolitico.mx\/wp-content\/uploads\/2023\/11\/IMG_2145.jpeg","contentUrl":"https:\/\/quehacerpolitico.mx\/wp-content\/uploads\/2023\/11\/IMG_2145.jpeg","width":1284,"height":679},{"@type":"BreadcrumbList","@id":"https:\/\/quehacerpolitico.mx\/?p=106530#breadcrumb","itemListElement":[{"@type":"ListItem","position":1,"name":"Inicio","item":"https:\/\/quehacerpolitico.mx\/"},{"@type":"ListItem","position":2,"name":"Internacionales\/\/\/Carolina Alonso Romei\/\/\/Netanyahu convoca al gabinete israel\u00ed para abordar la liberaci\u00f3n de rehenes ante un inminente acuerdo con Ham\u00e1s"}]},{"@type":"WebSite","@id":"https:\/\/quehacerpolitico.mx\/#website","url":"https:\/\/quehacerpolitico.mx\/","name":"","description":"","potentialAction":[{"@type":"SearchAction","target":{"@type":"EntryPoint","urlTemplate":"https:\/\/quehacerpolitico.mx\/?s={search_term_string}"},"query-input":{"@type":"PropertyValueSpecification","valueRequired":true,"valueName":"search_term_string"}}],"inLanguage":"es"},{"@type":"Person","@id":"https:\/\/quehacerpolitico.mx\/#\/schema\/person\/496d8ad2d1d3f8036101dca7ee39e585","name":"Redacci\u00f3n QP","image":{"@type":"ImageObject","inLanguage":"es","@id":"https:\/\/secure.gravatar.com\/avatar\/c7164ed6fdec453195284ad24a5ae5b6e1eed2b848477fa2a4787ba9adf39a41?s=96&d=mm&r=g","url":"https:\/\/secure.gravatar.com\/avatar\/c7164ed6fdec453195284ad24a5ae5b6e1eed2b848477fa2a4787ba9adf39a41?s=96&d=mm&r=g","contentUrl":"https:\/\/secure.gravatar.com\/avatar\/c7164ed6fdec453195284ad24a5ae5b6e1eed2b848477fa2a4787ba9adf39a41?s=96&d=mm&r=g","caption":"Redacci\u00f3n QP"},"url":"https:\/\/quehacerpolitico.mx\/?author=2"}]}},"featured_image_urls":{"full":["https:\/\/quehacerpolitico.mx\/wp-content\/uploads\/2023\/11\/IMG_2145.jpeg",1284,679,false],"thumbnail":["https:\/\/quehacerpolitico.mx\/wp-content\/uploads\/2023\/11\/IMG_2145-150x150.jpeg",150,150,true],"medium":["https:\/\/quehacerpolitico.mx\/wp-content\/uploads\/2023\/11\/IMG_2145-300x159.jpeg",300,159,true],"medium_large":["https:\/\/quehacerpolitico.mx\/wp-content\/uploads\/2023\/11\/IMG_2145-768x406.jpeg",640,338,true],"large":["https:\/\/quehacerpolitico.mx\/wp-content\/uploads\/2023\/11\/IMG_2145-1024x542.jpeg",640,339,true],"1536x1536":["https:\/\/quehacerpolitico.mx\/wp-content\/uploads\/2023\/11\/IMG_2145.jpeg",1284,679,false],"2048x2048":["https:\/\/quehacerpolitico.mx\/wp-content\/uploads\/2023\/11\/IMG_2145.jpeg",1284,679,false],"covernews-featured":["https:\/\/quehacerpolitico.mx\/wp-content\/uploads\/2023\/11\/IMG_2145.jpeg",1024,542,false],"covernews-medium":["https:\/\/quehacerpolitico.mx\/wp-content\/uploads\/2023\/11\/IMG_2145.jpeg",540,286,false]},"author_info":{"display_name":"Redacci\u00f3n QP","author_link":"https:\/\/quehacerpolitico.mx\/?author=2"},"category_info":"<a href=\"https:\/\/quehacerpolitico.mx\/?cat=1\" rel=\"category\">Internacionales<\/a>","tag_info":"Internacionales","comment_count":"0","_links":{"self":[{"href":"https:\/\/quehacerpolitico.mx\/index.php?rest_route=\/wp\/v2\/posts\/106530","targetHints":{"allow":["GET"]}}],"collection":[{"href":"https:\/\/quehacerpolitico.mx\/index.php?rest_route=\/wp\/v2\/posts"}],"about":[{"href":"https:\/\/quehacerpolitico.mx\/index.php?rest_route=\/wp\/v2\/types\/post"}],"author":[{"embeddable":true,"href":"https:\/\/quehacerpolitico.mx\/index.php?rest_route=\/wp\/v2\/users\/2"}],"replies":[{"embeddable":true,"href":"https:\/\/quehacerpolitico.mx\/index.php?rest_route=%2Fwp%2Fv2%2Fcomments&post=106530"}],"version-history":[{"count":1,"href":"https:\/\/quehacerpolitico.mx\/index.php?rest_route=\/wp\/v2\/posts\/106530\/revisions"}],"predecessor-version":[{"id":106532,"href":"https:\/\/quehacerpolitico.mx\/index.php?rest_route=\/wp\/v2\/posts\/106530\/revisions\/106532"}],"wp:featuredmedia":[{"embeddable":true,"href":"https:\/\/quehacerpolitico.mx\/index.php?rest_route=\/wp\/v2\/media\/106531"}],"wp:attachment":[{"href":"https:\/\/quehacerpolitico.mx\/index.php?rest_route=%2Fwp%2Fv2%2Fmedia&parent=106530"}],"wp:term":[{"taxonomy":"category","embeddable":true,"href":"https:\/\/quehacerpolitico.mx\/index.php?rest_route=%2Fwp%2Fv2%2Fcategories&post=106530"},{"taxonomy":"post_tag","embeddable":true,"href":"https:\/\/quehacerpolitico.mx\/index.php?rest_route=%2Fwp%2Fv2%2Ftags&post=106530"}],"curies":[{"name":"wp","href":"https:\/\/api.w.org\/{rel}","templated":true}]}}