{"id":106524,"date":"2023-11-21T18:01:34","date_gmt":"2023-11-21T18:01:34","guid":{"rendered":"https:\/\/quehacerpolitico.mx\/?p=106524"},"modified":"2023-11-21T18:01:37","modified_gmt":"2023-11-21T18:01:37","slug":"el-pib-de-los-paises-de-la-ocde-tuvo-un-crecimiento-del-0-5-en-el-tercer-trimestre","status":"publish","type":"post","link":"https:\/\/quehacerpolitico.mx\/?p=106524","title":{"rendered":"El PIB de los pa\u00edses de la OCDE tuvo un crecimiento del 0.5% en el tercer trimestre"},"content":{"rendered":"\n<p>Por Redacci\u00f3n QP<\/p>\n\n\n\n<p>El<strong>&nbsp;Producto Interno Bruto<\/strong>&nbsp;(PIB) en el conjunto de los pa\u00edses de la&nbsp;<strong>OCDE<\/strong>&nbsp;subi\u00f3 un 0.5% en el tercer trimestre del a\u00f1o, con lo que mantiene el mismo crecimiento que en el segundo, gracias sobre todo a&nbsp;<strong>Estados Unidos<\/strong>, anunci\u00f3 este martes la organizaci\u00f3n.<\/p>\n\n\n\n<p>Adem\u00e1s, el crecimiento del segundo trimestre fue ajustado del 0.4 % anunciado previamente al 0.5%, indic\u00f3 la Organizaci\u00f3n para la Cooperaci\u00f3n y el Desarrollo Econ\u00f3micos (<strong>OCDE<\/strong>) en un comunicado.<\/p>\n\n\n\n<p>En los pa\u00edses del&nbsp;<strong>G7<\/strong>, los m\u00e1s desarrollados, el crecimiento se aceler\u00f3 entre julio y septiembre, con un alza del&nbsp;<strong>PIB<\/strong>&nbsp;del 0.6 %, desde el 0.4 % de abril a junio.<\/p>\n\n\n\n<p><strong>Estados Unidos<\/strong>&nbsp;es el principal responsable de este crecimiento, ya que su&nbsp;<strong>PIB<\/strong>&nbsp;subi\u00f3 un 1.2% en el tercer trimestre frente al 0.5% del segundo, gracias sobre todo al aumento del 1% registrado en el consumo privado.<\/p>\n\n\n\n<p>Los dem\u00e1s pa\u00edses del G7 registraron un crecimiento muy bajo o nulo e incluso hubo descensos del&nbsp;<strong>PIB<\/strong>.&nbsp;<strong>Francia<\/strong>&nbsp;registr\u00f3 un alza del 0.1% en el tercer trimestre, mientras que el \u00edndice no registr\u00f3 cambios en&nbsp;<strong>Reino Unido, Italia y Canad\u00e1.<\/strong><\/p>\n\n\n\n<p>Adem\u00e1s, hubo disminuciones en&nbsp;<strong>Alemania<\/strong>(-0.1%), debido a una reducci\u00f3n en el consumo privado, y en Jap\u00f3n (-0.5%), en este caso por descensos en la inversi\u00f3n y un aumento de las&nbsp;<strong>importaciones<\/strong>.<\/p>\n\n\n\n<p>En t\u00e9rminos interanuales, el&nbsp;<strong>PIB<\/strong>&nbsp;subi\u00f3 en la OCDE un 1.7% en el tercer trimestre, frente al 1.6% del segundo.<\/p>\n\n\n\n<p><strong>Estados Unidos<\/strong>&nbsp;tambi\u00e9n protagoniza el mayor crecimiento interanual del&nbsp;<strong>PIB<\/strong>&nbsp;en el&nbsp;<strong>G7<\/strong>, con un 2.9% (frente a la media del 1.8% en el grupo), y claramente por encima de&nbsp;<strong>Jap\u00f3n<\/strong>&nbsp;(1.4%), Francia, (0.7%), Reino Unido y Canad\u00e1 (0.6%),&nbsp;<strong>Italia<\/strong>&nbsp;(sin cambios) y Alemania (-0.4%).<\/p>\n\n\n\n<p>En los otros pa\u00edses de la&nbsp;<strong>OCDE<\/strong>, el mayor incremento del PIB en el tercer trimestre se registr\u00f3 en Polonia (1.4 %), seguida de Costa Rica (1.3%). Hungr\u00eda y M\u00e9xico registraron alzas del 0.9%.<\/p>\n\n\n\n<p>En cambio, la mayor ca\u00edda tuvo lugar en\u00a0<strong>Irlanda<\/strong>\u00a0(-1.8%), seguida de\u00a0<strong>Finlandia<\/strong>\u00a0(-0.8%).<\/p>\n\n\n\n<p>Entre otros pa\u00edses, el PIB de&nbsp;<strong>Espa\u00f1a<\/strong>&nbsp;registr\u00f3 un incremento del 0.3% y el de&nbsp;<strong>Colombia<\/strong>aument\u00f3 un 0.2%, mientras que en&nbsp;<strong>Chile<\/strong>&nbsp;no hab\u00eda datos disponibles del tercer trimestre.<\/p>\n\n\n\n<p>Adem\u00e1s, el&nbsp;<strong>PIB<\/strong>&nbsp;en los pa\u00edses de la&nbsp;<strong>OCDE<\/strong>&nbsp;se situ\u00f3 en el tercer trimestre del a\u00f1o en un nivel superior en un 6% al alcanzado en el mismo per\u00edodo de 2019, antes del inicio de la pandemia de&nbsp;<strong>coronavirus<\/strong>.<\/p>\n\n\n\n<p>La&nbsp;<strong>Rep\u00fablica Checa<\/strong>&nbsp;es el \u00fanico pa\u00eds de la&nbsp;<strong>OCDE<\/strong>&nbsp;que todav\u00eda no ha recuperado su nivel de PIB previo a la pandemia.<\/p>\n\n\n\n<p>Entre los pa\u00edses del G7, Estados Unidos es el que m\u00e1s ha superado su nivel de\u00a0<strong>PIB<\/strong>\u00a0previo a la pandemia, con un 7.4%, mientras que Alemania es el que menos, con apenas un 0.3%.<\/p>\n","protected":false},"excerpt":{"rendered":"<p>Por Redacci\u00f3n QP El&nbsp;Producto Interno Bruto&nbsp;(PIB) en el conjunto de los pa\u00edses de la&nbsp;OCDE&nbsp;subi\u00f3 un&#8230;<\/p>\n","protected":false},"author":2,"featured_media":106525,"comment_status":"open","ping_status":"open","sticky":false,"template":"","format":"standard","meta":{"_monsterinsights_skip_tracking":false,"_monsterinsights_sitenote_active":false,"_monsterinsights_sitenote_note":"","_monsterinsights_sitenote_category":0,"footnotes":""},"categories":[56],"tags":[],"class_list":["post-106524","post","type-post","status-publish","format-standard","has-post-thumbnail","hentry","category-economia"],"yoast_head":"<!-- This site is optimized with the Yoast SEO plugin v27.3 - https:\/\/yoast.com\/product\/yoast-seo-wordpress\/ -->\n<title>El PIB de los pa\u00edses de la OCDE tuvo un crecimiento del 0.5% en el tercer trimestre -<\/title>\n<meta name=\"robots\" content=\"index, follow, max-snippet:-1, max-image-preview:large, max-video-preview:-1\" \/>\n<link rel=\"canonical\" href=\"https:\/\/quehacerpolitico.mx\/?p=106524\" \/>\n<meta property=\"og:locale\" content=\"es_MX\" \/>\n<meta property=\"og:type\" content=\"article\" \/>\n<meta property=\"og:title\" content=\"El PIB de los pa\u00edses de la OCDE tuvo un crecimiento del 0.5% en el tercer trimestre -\" \/>\n<meta property=\"og:description\" content=\"Por Redacci\u00f3n QP El&nbsp;Producto Interno Bruto&nbsp;(PIB) en el conjunto de los pa\u00edses de la&nbsp;OCDE&nbsp;subi\u00f3 un...\" \/>\n<meta property=\"og:url\" content=\"https:\/\/quehacerpolitico.mx\/?p=106524\" \/>\n<meta property=\"article:published_time\" content=\"2023-11-21T18:01:34+00:00\" \/>\n<meta property=\"article:modified_time\" content=\"2023-11-21T18:01:37+00:00\" \/>\n<meta property=\"og:image\" content=\"https:\/\/quehacerpolitico.mx\/wp-content\/uploads\/2023\/11\/IMG_2143.jpeg\" \/>\n\t<meta property=\"og:image:width\" content=\"739\" \/>\n\t<meta property=\"og:image:height\" content=\"415\" \/>\n\t<meta property=\"og:image:type\" content=\"image\/jpeg\" \/>\n<meta name=\"author\" content=\"Redacci\u00f3n QP\" \/>\n<meta name=\"twitter:card\" content=\"summary_large_image\" \/>\n<meta name=\"twitter:label1\" content=\"Escrito por\" \/>\n\t<meta name=\"twitter:data1\" content=\"Redacci\u00f3n QP\" \/>\n\t<meta name=\"twitter:label2\" content=\"Tiempo de lectura\" \/>\n\t<meta name=\"twitter:data2\" content=\"3 minutos\" \/>\n<script type=\"application\/ld+json\" class=\"yoast-schema-graph\">{\"@context\":\"https:\\\/\\\/schema.org\",\"@graph\":[{\"@type\":\"Article\",\"@id\":\"https:\\\/\\\/quehacerpolitico.mx\\\/?p=106524#article\",\"isPartOf\":{\"@id\":\"https:\\\/\\\/quehacerpolitico.mx\\\/?p=106524\"},\"author\":{\"name\":\"Redacci\u00f3n QP\",\"@id\":\"https:\\\/\\\/quehacerpolitico.mx\\\/#\\\/schema\\\/person\\\/496d8ad2d1d3f8036101dca7ee39e585\"},\"headline\":\"El PIB de los pa\u00edses de la OCDE tuvo un crecimiento del 0.5% en el tercer trimestre\",\"datePublished\":\"2023-11-21T18:01:34+00:00\",\"dateModified\":\"2023-11-21T18:01:37+00:00\",\"mainEntityOfPage\":{\"@id\":\"https:\\\/\\\/quehacerpolitico.mx\\\/?p=106524\"},\"wordCount\":524,\"commentCount\":0,\"image\":{\"@id\":\"https:\\\/\\\/quehacerpolitico.mx\\\/?p=106524#primaryimage\"},\"thumbnailUrl\":\"https:\\\/\\\/quehacerpolitico.mx\\\/wp-content\\\/uploads\\\/2023\\\/11\\\/IMG_2143.jpeg\",\"articleSection\":[\"Econom\u00eda\"],\"inLanguage\":\"es\",\"potentialAction\":[{\"@type\":\"CommentAction\",\"name\":\"Comment\",\"target\":[\"https:\\\/\\\/quehacerpolitico.mx\\\/?p=106524#respond\"]}]},{\"@type\":\"WebPage\",\"@id\":\"https:\\\/\\\/quehacerpolitico.mx\\\/?p=106524\",\"url\":\"https:\\\/\\\/quehacerpolitico.mx\\\/?p=106524\",\"name\":\"El PIB de los pa\u00edses de la OCDE tuvo un crecimiento del 0.5% en el tercer trimestre -\",\"isPartOf\":{\"@id\":\"https:\\\/\\\/quehacerpolitico.mx\\\/#website\"},\"primaryImageOfPage\":{\"@id\":\"https:\\\/\\\/quehacerpolitico.mx\\\/?p=106524#primaryimage\"},\"image\":{\"@id\":\"https:\\\/\\\/quehacerpolitico.mx\\\/?p=106524#primaryimage\"},\"thumbnailUrl\":\"https:\\\/\\\/quehacerpolitico.mx\\\/wp-content\\\/uploads\\\/2023\\\/11\\\/IMG_2143.jpeg\",\"datePublished\":\"2023-11-21T18:01:34+00:00\",\"dateModified\":\"2023-11-21T18:01:37+00:00\",\"author\":{\"@id\":\"https:\\\/\\\/quehacerpolitico.mx\\\/#\\\/schema\\\/person\\\/496d8ad2d1d3f8036101dca7ee39e585\"},\"breadcrumb\":{\"@id\":\"https:\\\/\\\/quehacerpolitico.mx\\\/?p=106524#breadcrumb\"},\"inLanguage\":\"es\",\"potentialAction\":[{\"@type\":\"ReadAction\",\"target\":[\"https:\\\/\\\/quehacerpolitico.mx\\\/?p=106524\"]}]},{\"@type\":\"ImageObject\",\"inLanguage\":\"es\",\"@id\":\"https:\\\/\\\/quehacerpolitico.mx\\\/?p=106524#primaryimage\",\"url\":\"https:\\\/\\\/quehacerpolitico.mx\\\/wp-content\\\/uploads\\\/2023\\\/11\\\/IMG_2143.jpeg\",\"contentUrl\":\"https:\\\/\\\/quehacerpolitico.mx\\\/wp-content\\\/uploads\\\/2023\\\/11\\\/IMG_2143.jpeg\",\"width\":739,\"height\":415},{\"@type\":\"BreadcrumbList\",\"@id\":\"https:\\\/\\\/quehacerpolitico.mx\\\/?p=106524#breadcrumb\",\"itemListElement\":[{\"@type\":\"ListItem\",\"position\":1,\"name\":\"Inicio\",\"item\":\"https:\\\/\\\/quehacerpolitico.mx\\\/\"},{\"@type\":\"ListItem\",\"position\":2,\"name\":\"El PIB de los pa\u00edses de la OCDE tuvo un crecimiento del 0.5% en el tercer trimestre\"}]},{\"@type\":\"WebSite\",\"@id\":\"https:\\\/\\\/quehacerpolitico.mx\\\/#website\",\"url\":\"https:\\\/\\\/quehacerpolitico.mx\\\/\",\"name\":\"\",\"description\":\"\",\"potentialAction\":[{\"@type\":\"SearchAction\",\"target\":{\"@type\":\"EntryPoint\",\"urlTemplate\":\"https:\\\/\\\/quehacerpolitico.mx\\\/?s={search_term_string}\"},\"query-input\":{\"@type\":\"PropertyValueSpecification\",\"valueRequired\":true,\"valueName\":\"search_term_string\"}}],\"inLanguage\":\"es\"},{\"@type\":\"Person\",\"@id\":\"https:\\\/\\\/quehacerpolitico.mx\\\/#\\\/schema\\\/person\\\/496d8ad2d1d3f8036101dca7ee39e585\",\"name\":\"Redacci\u00f3n QP\",\"image\":{\"@type\":\"ImageObject\",\"inLanguage\":\"es\",\"@id\":\"https:\\\/\\\/secure.gravatar.com\\\/avatar\\\/c7164ed6fdec453195284ad24a5ae5b6e1eed2b848477fa2a4787ba9adf39a41?s=96&d=mm&r=g\",\"url\":\"https:\\\/\\\/secure.gravatar.com\\\/avatar\\\/c7164ed6fdec453195284ad24a5ae5b6e1eed2b848477fa2a4787ba9adf39a41?s=96&d=mm&r=g\",\"contentUrl\":\"https:\\\/\\\/secure.gravatar.com\\\/avatar\\\/c7164ed6fdec453195284ad24a5ae5b6e1eed2b848477fa2a4787ba9adf39a41?s=96&d=mm&r=g\",\"caption\":\"Redacci\u00f3n QP\"},\"url\":\"https:\\\/\\\/quehacerpolitico.mx\\\/?author=2\"}]}<\/script>\n<!-- \/ Yoast SEO plugin. -->","yoast_head_json":{"title":"El PIB de los pa\u00edses de la OCDE tuvo un crecimiento del 0.5% en el tercer trimestre -","robots":{"index":"index","follow":"follow","max-snippet":"max-snippet:-1","max-image-preview":"max-image-preview:large","max-video-preview":"max-video-preview:-1"},"canonical":"https:\/\/quehacerpolitico.mx\/?p=106524","og_locale":"es_MX","og_type":"article","og_title":"El PIB de los pa\u00edses de la OCDE tuvo un crecimiento del 0.5% en el tercer trimestre -","og_description":"Por Redacci\u00f3n QP El&nbsp;Producto Interno Bruto&nbsp;(PIB) en el conjunto de los pa\u00edses de la&nbsp;OCDE&nbsp;subi\u00f3 un...","og_url":"https:\/\/quehacerpolitico.mx\/?p=106524","article_published_time":"2023-11-21T18:01:34+00:00","article_modified_time":"2023-11-21T18:01:37+00:00","og_image":[{"width":739,"height":415,"url":"https:\/\/quehacerpolitico.mx\/wp-content\/uploads\/2023\/11\/IMG_2143.jpeg","type":"image\/jpeg"}],"author":"Redacci\u00f3n QP","twitter_card":"summary_large_image","twitter_misc":{"Escrito por":"Redacci\u00f3n QP","Tiempo de lectura":"3 minutos"},"schema":{"@context":"https:\/\/schema.org","@graph":[{"@type":"Article","@id":"https:\/\/quehacerpolitico.mx\/?p=106524#article","isPartOf":{"@id":"https:\/\/quehacerpolitico.mx\/?p=106524"},"author":{"name":"Redacci\u00f3n QP","@id":"https:\/\/quehacerpolitico.mx\/#\/schema\/person\/496d8ad2d1d3f8036101dca7ee39e585"},"headline":"El PIB de los pa\u00edses de la OCDE tuvo un crecimiento del 0.5% en el tercer trimestre","datePublished":"2023-11-21T18:01:34+00:00","dateModified":"2023-11-21T18:01:37+00:00","mainEntityOfPage":{"@id":"https:\/\/quehacerpolitico.mx\/?p=106524"},"wordCount":524,"commentCount":0,"image":{"@id":"https:\/\/quehacerpolitico.mx\/?p=106524#primaryimage"},"thumbnailUrl":"https:\/\/quehacerpolitico.mx\/wp-content\/uploads\/2023\/11\/IMG_2143.jpeg","articleSection":["Econom\u00eda"],"inLanguage":"es","potentialAction":[{"@type":"CommentAction","name":"Comment","target":["https:\/\/quehacerpolitico.mx\/?p=106524#respond"]}]},{"@type":"WebPage","@id":"https:\/\/quehacerpolitico.mx\/?p=106524","url":"https:\/\/quehacerpolitico.mx\/?p=106524","name":"El PIB de los pa\u00edses de la OCDE tuvo un crecimiento del 0.5% en el tercer trimestre -","isPartOf":{"@id":"https:\/\/quehacerpolitico.mx\/#website"},"primaryImageOfPage":{"@id":"https:\/\/quehacerpolitico.mx\/?p=106524#primaryimage"},"image":{"@id":"https:\/\/quehacerpolitico.mx\/?p=106524#primaryimage"},"thumbnailUrl":"https:\/\/quehacerpolitico.mx\/wp-content\/uploads\/2023\/11\/IMG_2143.jpeg","datePublished":"2023-11-21T18:01:34+00:00","dateModified":"2023-11-21T18:01:37+00:00","author":{"@id":"https:\/\/quehacerpolitico.mx\/#\/schema\/person\/496d8ad2d1d3f8036101dca7ee39e585"},"breadcrumb":{"@id":"https:\/\/quehacerpolitico.mx\/?p=106524#breadcrumb"},"inLanguage":"es","potentialAction":[{"@type":"ReadAction","target":["https:\/\/quehacerpolitico.mx\/?p=106524"]}]},{"@type":"ImageObject","inLanguage":"es","@id":"https:\/\/quehacerpolitico.mx\/?p=106524#primaryimage","url":"https:\/\/quehacerpolitico.mx\/wp-content\/uploads\/2023\/11\/IMG_2143.jpeg","contentUrl":"https:\/\/quehacerpolitico.mx\/wp-content\/uploads\/2023\/11\/IMG_2143.jpeg","width":739,"height":415},{"@type":"BreadcrumbList","@id":"https:\/\/quehacerpolitico.mx\/?p=106524#breadcrumb","itemListElement":[{"@type":"ListItem","position":1,"name":"Inicio","item":"https:\/\/quehacerpolitico.mx\/"},{"@type":"ListItem","position":2,"name":"El PIB de los pa\u00edses de la OCDE tuvo un crecimiento del 0.5% en el tercer trimestre"}]},{"@type":"WebSite","@id":"https:\/\/quehacerpolitico.mx\/#website","url":"https:\/\/quehacerpolitico.mx\/","name":"","description":"","potentialAction":[{"@type":"SearchAction","target":{"@type":"EntryPoint","urlTemplate":"https:\/\/quehacerpolitico.mx\/?s={search_term_string}"},"query-input":{"@type":"PropertyValueSpecification","valueRequired":true,"valueName":"search_term_string"}}],"inLanguage":"es"},{"@type":"Person","@id":"https:\/\/quehacerpolitico.mx\/#\/schema\/person\/496d8ad2d1d3f8036101dca7ee39e585","name":"Redacci\u00f3n QP","image":{"@type":"ImageObject","inLanguage":"es","@id":"https:\/\/secure.gravatar.com\/avatar\/c7164ed6fdec453195284ad24a5ae5b6e1eed2b848477fa2a4787ba9adf39a41?s=96&d=mm&r=g","url":"https:\/\/secure.gravatar.com\/avatar\/c7164ed6fdec453195284ad24a5ae5b6e1eed2b848477fa2a4787ba9adf39a41?s=96&d=mm&r=g","contentUrl":"https:\/\/secure.gravatar.com\/avatar\/c7164ed6fdec453195284ad24a5ae5b6e1eed2b848477fa2a4787ba9adf39a41?s=96&d=mm&r=g","caption":"Redacci\u00f3n QP"},"url":"https:\/\/quehacerpolitico.mx\/?author=2"}]}},"featured_image_urls":{"full":["https:\/\/quehacerpolitico.mx\/wp-content\/uploads\/2023\/11\/IMG_2143.jpeg",739,415,false],"thumbnail":["https:\/\/quehacerpolitico.mx\/wp-content\/uploads\/2023\/11\/IMG_2143-150x150.jpeg",150,150,true],"medium":["https:\/\/quehacerpolitico.mx\/wp-content\/uploads\/2023\/11\/IMG_2143-300x168.jpeg",300,168,true],"medium_large":["https:\/\/quehacerpolitico.mx\/wp-content\/uploads\/2023\/11\/IMG_2143.jpeg",640,359,false],"large":["https:\/\/quehacerpolitico.mx\/wp-content\/uploads\/2023\/11\/IMG_2143.jpeg",640,359,false],"1536x1536":["https:\/\/quehacerpolitico.mx\/wp-content\/uploads\/2023\/11\/IMG_2143.jpeg",739,415,false],"2048x2048":["https:\/\/quehacerpolitico.mx\/wp-content\/uploads\/2023\/11\/IMG_2143.jpeg",739,415,false],"covernews-featured":["https:\/\/quehacerpolitico.mx\/wp-content\/uploads\/2023\/11\/IMG_2143.jpeg",739,415,false],"covernews-medium":["https:\/\/quehacerpolitico.mx\/wp-content\/uploads\/2023\/11\/IMG_2143.jpeg",540,303,false]},"author_info":{"display_name":"Redacci\u00f3n QP","author_link":"https:\/\/quehacerpolitico.mx\/?author=2"},"category_info":"<a href=\"https:\/\/quehacerpolitico.mx\/?cat=56\" rel=\"category\">Econom\u00eda<\/a>","tag_info":"Econom\u00eda","comment_count":"0","_links":{"self":[{"href":"https:\/\/quehacerpolitico.mx\/index.php?rest_route=\/wp\/v2\/posts\/106524","targetHints":{"allow":["GET"]}}],"collection":[{"href":"https:\/\/quehacerpolitico.mx\/index.php?rest_route=\/wp\/v2\/posts"}],"about":[{"href":"https:\/\/quehacerpolitico.mx\/index.php?rest_route=\/wp\/v2\/types\/post"}],"author":[{"embeddable":true,"href":"https:\/\/quehacerpolitico.mx\/index.php?rest_route=\/wp\/v2\/users\/2"}],"replies":[{"embeddable":true,"href":"https:\/\/quehacerpolitico.mx\/index.php?rest_route=%2Fwp%2Fv2%2Fcomments&post=106524"}],"version-history":[{"count":1,"href":"https:\/\/quehacerpolitico.mx\/index.php?rest_route=\/wp\/v2\/posts\/106524\/revisions"}],"predecessor-version":[{"id":106526,"href":"https:\/\/quehacerpolitico.mx\/index.php?rest_route=\/wp\/v2\/posts\/106524\/revisions\/106526"}],"wp:featuredmedia":[{"embeddable":true,"href":"https:\/\/quehacerpolitico.mx\/index.php?rest_route=\/wp\/v2\/media\/106525"}],"wp:attachment":[{"href":"https:\/\/quehacerpolitico.mx\/index.php?rest_route=%2Fwp%2Fv2%2Fmedia&parent=106524"}],"wp:term":[{"taxonomy":"category","embeddable":true,"href":"https:\/\/quehacerpolitico.mx\/index.php?rest_route=%2Fwp%2Fv2%2Fcategories&post=106524"},{"taxonomy":"post_tag","embeddable":true,"href":"https:\/\/quehacerpolitico.mx\/index.php?rest_route=%2Fwp%2Fv2%2Ftags&post=106524"}],"curies":[{"name":"wp","href":"https:\/\/api.w.org\/{rel}","templated":true}]}}