{"id":106521,"date":"2023-11-21T17:50:45","date_gmt":"2023-11-21T17:50:45","guid":{"rendered":"https:\/\/quehacerpolitico.mx\/?p=106521"},"modified":"2023-11-21T17:50:48","modified_gmt":"2023-11-21T17:50:48","slug":"no-coincidimos-con-los-que-sostienen-una-politica-autoritaria-privatizadora-racista-pero-no-romperemos-relaciones-con-argentina-amlo","status":"publish","type":"post","link":"https:\/\/quehacerpolitico.mx\/?p=106521","title":{"rendered":"&#8220;No coincidimos con los que sostienen una pol\u00edtica autoritaria, privatizadora, racista&#8221; pero no romperemos relaciones con Argentina : AMLO"},"content":{"rendered":"\n<p>Por Redacci\u00f3n QP<\/p>\n\n\n\n<p>El presidente L\u00f3pez Obrador dej\u00f3 en claro que tanto Argentina como M\u00e9xico tienen lazos de amistad muy fuertes<\/p>\n\n\n\n<p>El presidente\u00a0<strong>Andres Manuel L\u00f3pez Obrador<\/strong>\u00a0dej\u00f3 en claro que su Gobierno\u00a0<strong>no romper\u00e1 relaciones diplom\u00e1ticas<\/strong>\u00a0con\u00a0<strong>Argentina<\/strong>, tras el triunfo del ultraderechista\u00a0Javier Milei en las elecciones de dicho pa\u00eds, celebradas el domingo.<\/p>\n\n\n\n<figure class=\"wp-block-embed is-type-rich is-provider-twitter wp-block-embed-twitter\"><div class=\"wp-block-embed__wrapper\">\n<blockquote class=\"twitter-tweet\" data-width=\"550\" data-dnt=\"true\"><p lang=\"es\" dir=\"ltr\">&quot;No coincidimos con los que sostienen una pol\u00edtica autoritaria, privatizadora, racista&quot;<br><br>AMLO (<a href=\"https:\/\/twitter.com\/lopezobrador_?ref_src=twsrc%5Etfw\">@lopezobrador_<\/a>) reiter\u00f3 su descontento con el triunfo de Javier Milei (<a href=\"https:\/\/twitter.com\/JMilei?ref_src=twsrc%5Etfw\">@JMilei<\/a>) en Argentina. <a href=\"https:\/\/t.co\/w7RONQHKA5\">pic.twitter.com\/w7RONQHKA5<\/a><\/p>&mdash; Ruido en la Red (@RuidoEnLaRed) <a href=\"https:\/\/twitter.com\/RuidoEnLaRed\/status\/1726987601343557812?ref_src=twsrc%5Etfw\">November 21, 2023<\/a><\/blockquote><script async src=\"https:\/\/platform.twitter.com\/widgets.js\" charset=\"utf-8\"><\/script>\n<\/div><\/figure>\n\n\n\n<p>En la conferencia matutina de Palacio Nacional, L\u00f3pez Obrador indic\u00f3 que tanto Argentina como M\u00e9xico tienen lazos de amistad muy fuertes.<\/p>\n\n\n\n<p>Nosotros no vamos a romper relaciones con Argentina, porque un pa\u00eds o una naci\u00f3n no es solo su Gobierno, es su pueblo fundamentalmente, y el pueblo de Argentina y el de M\u00e9xico tienen lazos de amistad y de solidaridad en momentos muy dif\u00edciles\u201d, indic\u00f3<\/p>\n\n\n\n<p>\u201cPrecisamente, cuando la derecha se impuso hasta con el uso de las armas militarizando a Argentina, muchos muchos argentinos fueron protegidos en M\u00e9xico, vivieron en nuestro pa\u00eds, y tenemos con ellos y con todos los argentinos muy buena relaci\u00f3n\u201d, dijo.<\/p>\n\n\n\n<p>\u201cYo le agradezco a (Diego Armando) Maradona que el d\u00eda que triunfo, \u00e9l da una entrevista a favor de nosotros y a favor del movimiento progresista de Am\u00e9rica Latina, y le agradezco mucho tambi\u00e9n al papa Francisco, adem\u00e1s dirigente religioso y tambi\u00e9n pol\u00edtico, lo considero el dirigente pol\u00edtico m\u00e1s importante del mundo, argentino\u201d, agreg\u00f3.<\/p>\n\n\n\n<p>Pese a lo anterior, el mandatario mexicano dej\u00f3 en claro que tiene notables diferencias con Milei, y recalc\u00f3 que de ahora en adelante \u201cpintamos nuestra raya\u201d con el nuevo Gobierno del pa\u00eds sudamericano.<\/p>\n\n\n\n<p>\u201cEntonces tenemos muy buenas relaciones con el pueblo de Argentina. Ya es p\u00fablico y notorio que nosotros no coincidimos con. los que sostienen una pol\u00edtica autoritaria privatizadora, racista, clasista, no estamos de acuerdo con los Gobiernos que favorecen a las minor\u00edas y les dan la espalda ala mayor\u00eda del pueblo, eso est\u00e1 muy claro\u201d, argument\u00f3.<\/p>\n\n\n\n<p>Tiene esa pensamiento (de Videla), as\u00ed lo ha expresado, y somos respetuosos del pueblo, de la decisi\u00f3n que tomaron, pero pintamos nuestra raya, no estamos de acuerdo con esa pol\u00edtica, que es la misma que hundi\u00f3 a Argentina recientemente\u201d, manifest\u00f3.<\/p>\n\n\n\n<p>El tabasque\u00f1o opin\u00f3 este martes que los argentinos se metieron un \u201cautogol\u201d con el triunfo del libertario de ultraderecha Javier Milei en las elecciones presidenciales del domingo pasado.<\/p>\n\n\n\n<p>\u201cPara decirlo en una palabra, con todo respeto, fue un autogol, y yo no estoy de acuerdo, aunque respeto la decisi\u00f3n de los pueblos, con los gobiernos de derecha, no estoy de acuerdo con los gobiernos clasistas, racistas, no estoy de acuerdo con la hipocres\u00eda, que es lo que caracteriza a la derecha\u201d, declar\u00f3.<\/p>\n\n\n\n<p>Milei, a quien L\u00f3pez Obrador ha llamado \u201cfacho conservador\u201d, arras\u00f3 el domingo pasado con casi 14.5 millones de votos, m\u00e1s del 55 por ciento del total, mientras que Sergio Massa, ministro de Econom\u00eda y aspirante de Uni\u00f3n por la Patria (peronismo) se qued\u00f3 con 11.5 millones de sufragios.<\/p>\n\n\n\n<p>La elecci\u00f3n de Milei ocurre mientras Argentina afronta una inflaci\u00f3n interanual del 142.7 por ciento, un 40.1 por ciento de pobreza y una brecha cambiaria del 200 por ciento.<\/p>\n\n\n\n<p>Hay expectativa por el comportamiento de los mercados en Argentina este martes, primera sesi\u00f3n h\u00e1bil desde que la victoria de Milei, un economista libertario que ha defendido la dolarizaci\u00f3n de la econom\u00eda y el cierre del Banco Central.<\/p>\n","protected":false},"excerpt":{"rendered":"<p>Por Redacci\u00f3n QP El presidente L\u00f3pez Obrador dej\u00f3 en claro que tanto Argentina como M\u00e9xico&#8230;<\/p>\n","protected":false},"author":2,"featured_media":106522,"comment_status":"open","ping_status":"open","sticky":false,"template":"","format":"standard","meta":{"_monsterinsights_skip_tracking":false,"_monsterinsights_sitenote_active":false,"_monsterinsights_sitenote_note":"","_monsterinsights_sitenote_category":0,"footnotes":""},"categories":[2],"tags":[],"class_list":["post-106521","post","type-post","status-publish","format-standard","has-post-thumbnail","hentry","category-noticias"],"yoast_head":"<!-- This site is optimized with the Yoast SEO plugin v27.3 - https:\/\/yoast.com\/product\/yoast-seo-wordpress\/ -->\n<title>&quot;No coincidimos con los que sostienen una pol\u00edtica autoritaria, privatizadora, racista&quot; pero no romperemos relaciones con Argentina : AMLO -<\/title>\n<meta name=\"robots\" content=\"index, follow, max-snippet:-1, max-image-preview:large, max-video-preview:-1\" \/>\n<link rel=\"canonical\" href=\"https:\/\/quehacerpolitico.mx\/?p=106521\" \/>\n<meta property=\"og:locale\" content=\"es_MX\" \/>\n<meta property=\"og:type\" content=\"article\" \/>\n<meta property=\"og:title\" content=\"&quot;No coincidimos con los que sostienen una pol\u00edtica autoritaria, privatizadora, racista&quot; pero no romperemos relaciones con Argentina : AMLO -\" \/>\n<meta property=\"og:description\" content=\"Por Redacci\u00f3n QP El presidente L\u00f3pez Obrador dej\u00f3 en claro que tanto Argentina como M\u00e9xico...\" \/>\n<meta property=\"og:url\" content=\"https:\/\/quehacerpolitico.mx\/?p=106521\" \/>\n<meta property=\"article:published_time\" content=\"2023-11-21T17:50:45+00:00\" \/>\n<meta property=\"article:modified_time\" content=\"2023-11-21T17:50:48+00:00\" \/>\n<meta property=\"og:image\" content=\"https:\/\/quehacerpolitico.mx\/wp-content\/uploads\/2023\/11\/IMG_2142.jpeg\" \/>\n\t<meta property=\"og:image:width\" content=\"1284\" \/>\n\t<meta property=\"og:image:height\" content=\"708\" \/>\n\t<meta property=\"og:image:type\" content=\"image\/jpeg\" \/>\n<meta name=\"author\" content=\"Redacci\u00f3n QP\" \/>\n<meta name=\"twitter:card\" content=\"summary_large_image\" \/>\n<meta name=\"twitter:label1\" content=\"Escrito por\" \/>\n\t<meta name=\"twitter:data1\" content=\"Redacci\u00f3n QP\" \/>\n\t<meta name=\"twitter:label2\" content=\"Tiempo de lectura\" \/>\n\t<meta name=\"twitter:data2\" content=\"3 minutos\" \/>\n<script type=\"application\/ld+json\" class=\"yoast-schema-graph\">{\"@context\":\"https:\\\/\\\/schema.org\",\"@graph\":[{\"@type\":\"Article\",\"@id\":\"https:\\\/\\\/quehacerpolitico.mx\\\/?p=106521#article\",\"isPartOf\":{\"@id\":\"https:\\\/\\\/quehacerpolitico.mx\\\/?p=106521\"},\"author\":{\"name\":\"Redacci\u00f3n QP\",\"@id\":\"https:\\\/\\\/quehacerpolitico.mx\\\/#\\\/schema\\\/person\\\/496d8ad2d1d3f8036101dca7ee39e585\"},\"headline\":\"&#8220;No coincidimos con los que sostienen una pol\u00edtica autoritaria, privatizadora, racista&#8221; pero no romperemos relaciones con Argentina : AMLO\",\"datePublished\":\"2023-11-21T17:50:45+00:00\",\"dateModified\":\"2023-11-21T17:50:48+00:00\",\"mainEntityOfPage\":{\"@id\":\"https:\\\/\\\/quehacerpolitico.mx\\\/?p=106521\"},\"wordCount\":606,\"commentCount\":0,\"image\":{\"@id\":\"https:\\\/\\\/quehacerpolitico.mx\\\/?p=106521#primaryimage\"},\"thumbnailUrl\":\"https:\\\/\\\/quehacerpolitico.mx\\\/wp-content\\\/uploads\\\/2023\\\/11\\\/IMG_2142.jpeg\",\"articleSection\":[\"Noticias\"],\"inLanguage\":\"es\",\"potentialAction\":[{\"@type\":\"CommentAction\",\"name\":\"Comment\",\"target\":[\"https:\\\/\\\/quehacerpolitico.mx\\\/?p=106521#respond\"]}]},{\"@type\":\"WebPage\",\"@id\":\"https:\\\/\\\/quehacerpolitico.mx\\\/?p=106521\",\"url\":\"https:\\\/\\\/quehacerpolitico.mx\\\/?p=106521\",\"name\":\"\\\"No coincidimos con los que sostienen una pol\u00edtica autoritaria, privatizadora, racista\\\" pero no romperemos relaciones con Argentina : AMLO -\",\"isPartOf\":{\"@id\":\"https:\\\/\\\/quehacerpolitico.mx\\\/#website\"},\"primaryImageOfPage\":{\"@id\":\"https:\\\/\\\/quehacerpolitico.mx\\\/?p=106521#primaryimage\"},\"image\":{\"@id\":\"https:\\\/\\\/quehacerpolitico.mx\\\/?p=106521#primaryimage\"},\"thumbnailUrl\":\"https:\\\/\\\/quehacerpolitico.mx\\\/wp-content\\\/uploads\\\/2023\\\/11\\\/IMG_2142.jpeg\",\"datePublished\":\"2023-11-21T17:50:45+00:00\",\"dateModified\":\"2023-11-21T17:50:48+00:00\",\"author\":{\"@id\":\"https:\\\/\\\/quehacerpolitico.mx\\\/#\\\/schema\\\/person\\\/496d8ad2d1d3f8036101dca7ee39e585\"},\"breadcrumb\":{\"@id\":\"https:\\\/\\\/quehacerpolitico.mx\\\/?p=106521#breadcrumb\"},\"inLanguage\":\"es\",\"potentialAction\":[{\"@type\":\"ReadAction\",\"target\":[\"https:\\\/\\\/quehacerpolitico.mx\\\/?p=106521\"]}]},{\"@type\":\"ImageObject\",\"inLanguage\":\"es\",\"@id\":\"https:\\\/\\\/quehacerpolitico.mx\\\/?p=106521#primaryimage\",\"url\":\"https:\\\/\\\/quehacerpolitico.mx\\\/wp-content\\\/uploads\\\/2023\\\/11\\\/IMG_2142.jpeg\",\"contentUrl\":\"https:\\\/\\\/quehacerpolitico.mx\\\/wp-content\\\/uploads\\\/2023\\\/11\\\/IMG_2142.jpeg\",\"width\":1284,\"height\":708},{\"@type\":\"BreadcrumbList\",\"@id\":\"https:\\\/\\\/quehacerpolitico.mx\\\/?p=106521#breadcrumb\",\"itemListElement\":[{\"@type\":\"ListItem\",\"position\":1,\"name\":\"Inicio\",\"item\":\"https:\\\/\\\/quehacerpolitico.mx\\\/\"},{\"@type\":\"ListItem\",\"position\":2,\"name\":\"&#8220;No coincidimos con los que sostienen una pol\u00edtica autoritaria, privatizadora, racista&#8221; pero no romperemos relaciones con Argentina : AMLO\"}]},{\"@type\":\"WebSite\",\"@id\":\"https:\\\/\\\/quehacerpolitico.mx\\\/#website\",\"url\":\"https:\\\/\\\/quehacerpolitico.mx\\\/\",\"name\":\"\",\"description\":\"\",\"potentialAction\":[{\"@type\":\"SearchAction\",\"target\":{\"@type\":\"EntryPoint\",\"urlTemplate\":\"https:\\\/\\\/quehacerpolitico.mx\\\/?s={search_term_string}\"},\"query-input\":{\"@type\":\"PropertyValueSpecification\",\"valueRequired\":true,\"valueName\":\"search_term_string\"}}],\"inLanguage\":\"es\"},{\"@type\":\"Person\",\"@id\":\"https:\\\/\\\/quehacerpolitico.mx\\\/#\\\/schema\\\/person\\\/496d8ad2d1d3f8036101dca7ee39e585\",\"name\":\"Redacci\u00f3n QP\",\"image\":{\"@type\":\"ImageObject\",\"inLanguage\":\"es\",\"@id\":\"https:\\\/\\\/secure.gravatar.com\\\/avatar\\\/c7164ed6fdec453195284ad24a5ae5b6e1eed2b848477fa2a4787ba9adf39a41?s=96&d=mm&r=g\",\"url\":\"https:\\\/\\\/secure.gravatar.com\\\/avatar\\\/c7164ed6fdec453195284ad24a5ae5b6e1eed2b848477fa2a4787ba9adf39a41?s=96&d=mm&r=g\",\"contentUrl\":\"https:\\\/\\\/secure.gravatar.com\\\/avatar\\\/c7164ed6fdec453195284ad24a5ae5b6e1eed2b848477fa2a4787ba9adf39a41?s=96&d=mm&r=g\",\"caption\":\"Redacci\u00f3n QP\"},\"url\":\"https:\\\/\\\/quehacerpolitico.mx\\\/?author=2\"}]}<\/script>\n<!-- \/ Yoast SEO plugin. -->","yoast_head_json":{"title":"\"No coincidimos con los que sostienen una pol\u00edtica autoritaria, privatizadora, racista\" pero no romperemos relaciones con Argentina : AMLO -","robots":{"index":"index","follow":"follow","max-snippet":"max-snippet:-1","max-image-preview":"max-image-preview:large","max-video-preview":"max-video-preview:-1"},"canonical":"https:\/\/quehacerpolitico.mx\/?p=106521","og_locale":"es_MX","og_type":"article","og_title":"\"No coincidimos con los que sostienen una pol\u00edtica autoritaria, privatizadora, racista\" pero no romperemos relaciones con Argentina : AMLO -","og_description":"Por Redacci\u00f3n QP El presidente L\u00f3pez Obrador dej\u00f3 en claro que tanto Argentina como M\u00e9xico...","og_url":"https:\/\/quehacerpolitico.mx\/?p=106521","article_published_time":"2023-11-21T17:50:45+00:00","article_modified_time":"2023-11-21T17:50:48+00:00","og_image":[{"width":1284,"height":708,"url":"https:\/\/quehacerpolitico.mx\/wp-content\/uploads\/2023\/11\/IMG_2142.jpeg","type":"image\/jpeg"}],"author":"Redacci\u00f3n QP","twitter_card":"summary_large_image","twitter_misc":{"Escrito por":"Redacci\u00f3n QP","Tiempo de lectura":"3 minutos"},"schema":{"@context":"https:\/\/schema.org","@graph":[{"@type":"Article","@id":"https:\/\/quehacerpolitico.mx\/?p=106521#article","isPartOf":{"@id":"https:\/\/quehacerpolitico.mx\/?p=106521"},"author":{"name":"Redacci\u00f3n QP","@id":"https:\/\/quehacerpolitico.mx\/#\/schema\/person\/496d8ad2d1d3f8036101dca7ee39e585"},"headline":"&#8220;No coincidimos con los que sostienen una pol\u00edtica autoritaria, privatizadora, racista&#8221; pero no romperemos relaciones con Argentina : AMLO","datePublished":"2023-11-21T17:50:45+00:00","dateModified":"2023-11-21T17:50:48+00:00","mainEntityOfPage":{"@id":"https:\/\/quehacerpolitico.mx\/?p=106521"},"wordCount":606,"commentCount":0,"image":{"@id":"https:\/\/quehacerpolitico.mx\/?p=106521#primaryimage"},"thumbnailUrl":"https:\/\/quehacerpolitico.mx\/wp-content\/uploads\/2023\/11\/IMG_2142.jpeg","articleSection":["Noticias"],"inLanguage":"es","potentialAction":[{"@type":"CommentAction","name":"Comment","target":["https:\/\/quehacerpolitico.mx\/?p=106521#respond"]}]},{"@type":"WebPage","@id":"https:\/\/quehacerpolitico.mx\/?p=106521","url":"https:\/\/quehacerpolitico.mx\/?p=106521","name":"\"No coincidimos con los que sostienen una pol\u00edtica autoritaria, privatizadora, racista\" pero no romperemos relaciones con Argentina : AMLO -","isPartOf":{"@id":"https:\/\/quehacerpolitico.mx\/#website"},"primaryImageOfPage":{"@id":"https:\/\/quehacerpolitico.mx\/?p=106521#primaryimage"},"image":{"@id":"https:\/\/quehacerpolitico.mx\/?p=106521#primaryimage"},"thumbnailUrl":"https:\/\/quehacerpolitico.mx\/wp-content\/uploads\/2023\/11\/IMG_2142.jpeg","datePublished":"2023-11-21T17:50:45+00:00","dateModified":"2023-11-21T17:50:48+00:00","author":{"@id":"https:\/\/quehacerpolitico.mx\/#\/schema\/person\/496d8ad2d1d3f8036101dca7ee39e585"},"breadcrumb":{"@id":"https:\/\/quehacerpolitico.mx\/?p=106521#breadcrumb"},"inLanguage":"es","potentialAction":[{"@type":"ReadAction","target":["https:\/\/quehacerpolitico.mx\/?p=106521"]}]},{"@type":"ImageObject","inLanguage":"es","@id":"https:\/\/quehacerpolitico.mx\/?p=106521#primaryimage","url":"https:\/\/quehacerpolitico.mx\/wp-content\/uploads\/2023\/11\/IMG_2142.jpeg","contentUrl":"https:\/\/quehacerpolitico.mx\/wp-content\/uploads\/2023\/11\/IMG_2142.jpeg","width":1284,"height":708},{"@type":"BreadcrumbList","@id":"https:\/\/quehacerpolitico.mx\/?p=106521#breadcrumb","itemListElement":[{"@type":"ListItem","position":1,"name":"Inicio","item":"https:\/\/quehacerpolitico.mx\/"},{"@type":"ListItem","position":2,"name":"&#8220;No coincidimos con los que sostienen una pol\u00edtica autoritaria, privatizadora, racista&#8221; pero no romperemos relaciones con Argentina : AMLO"}]},{"@type":"WebSite","@id":"https:\/\/quehacerpolitico.mx\/#website","url":"https:\/\/quehacerpolitico.mx\/","name":"","description":"","potentialAction":[{"@type":"SearchAction","target":{"@type":"EntryPoint","urlTemplate":"https:\/\/quehacerpolitico.mx\/?s={search_term_string}"},"query-input":{"@type":"PropertyValueSpecification","valueRequired":true,"valueName":"search_term_string"}}],"inLanguage":"es"},{"@type":"Person","@id":"https:\/\/quehacerpolitico.mx\/#\/schema\/person\/496d8ad2d1d3f8036101dca7ee39e585","name":"Redacci\u00f3n QP","image":{"@type":"ImageObject","inLanguage":"es","@id":"https:\/\/secure.gravatar.com\/avatar\/c7164ed6fdec453195284ad24a5ae5b6e1eed2b848477fa2a4787ba9adf39a41?s=96&d=mm&r=g","url":"https:\/\/secure.gravatar.com\/avatar\/c7164ed6fdec453195284ad24a5ae5b6e1eed2b848477fa2a4787ba9adf39a41?s=96&d=mm&r=g","contentUrl":"https:\/\/secure.gravatar.com\/avatar\/c7164ed6fdec453195284ad24a5ae5b6e1eed2b848477fa2a4787ba9adf39a41?s=96&d=mm&r=g","caption":"Redacci\u00f3n QP"},"url":"https:\/\/quehacerpolitico.mx\/?author=2"}]}},"featured_image_urls":{"full":["https:\/\/quehacerpolitico.mx\/wp-content\/uploads\/2023\/11\/IMG_2142.jpeg",1284,708,false],"thumbnail":["https:\/\/quehacerpolitico.mx\/wp-content\/uploads\/2023\/11\/IMG_2142-150x150.jpeg",150,150,true],"medium":["https:\/\/quehacerpolitico.mx\/wp-content\/uploads\/2023\/11\/IMG_2142-300x165.jpeg",300,165,true],"medium_large":["https:\/\/quehacerpolitico.mx\/wp-content\/uploads\/2023\/11\/IMG_2142-768x423.jpeg",640,353,true],"large":["https:\/\/quehacerpolitico.mx\/wp-content\/uploads\/2023\/11\/IMG_2142-1024x565.jpeg",640,353,true],"1536x1536":["https:\/\/quehacerpolitico.mx\/wp-content\/uploads\/2023\/11\/IMG_2142.jpeg",1284,708,false],"2048x2048":["https:\/\/quehacerpolitico.mx\/wp-content\/uploads\/2023\/11\/IMG_2142.jpeg",1284,708,false],"covernews-featured":["https:\/\/quehacerpolitico.mx\/wp-content\/uploads\/2023\/11\/IMG_2142.jpeg",1024,565,false],"covernews-medium":["https:\/\/quehacerpolitico.mx\/wp-content\/uploads\/2023\/11\/IMG_2142.jpeg",540,298,false]},"author_info":{"display_name":"Redacci\u00f3n QP","author_link":"https:\/\/quehacerpolitico.mx\/?author=2"},"category_info":"<a href=\"https:\/\/quehacerpolitico.mx\/?cat=2\" rel=\"category\">Noticias<\/a>","tag_info":"Noticias","comment_count":"0","_links":{"self":[{"href":"https:\/\/quehacerpolitico.mx\/index.php?rest_route=\/wp\/v2\/posts\/106521","targetHints":{"allow":["GET"]}}],"collection":[{"href":"https:\/\/quehacerpolitico.mx\/index.php?rest_route=\/wp\/v2\/posts"}],"about":[{"href":"https:\/\/quehacerpolitico.mx\/index.php?rest_route=\/wp\/v2\/types\/post"}],"author":[{"embeddable":true,"href":"https:\/\/quehacerpolitico.mx\/index.php?rest_route=\/wp\/v2\/users\/2"}],"replies":[{"embeddable":true,"href":"https:\/\/quehacerpolitico.mx\/index.php?rest_route=%2Fwp%2Fv2%2Fcomments&post=106521"}],"version-history":[{"count":1,"href":"https:\/\/quehacerpolitico.mx\/index.php?rest_route=\/wp\/v2\/posts\/106521\/revisions"}],"predecessor-version":[{"id":106523,"href":"https:\/\/quehacerpolitico.mx\/index.php?rest_route=\/wp\/v2\/posts\/106521\/revisions\/106523"}],"wp:featuredmedia":[{"embeddable":true,"href":"https:\/\/quehacerpolitico.mx\/index.php?rest_route=\/wp\/v2\/media\/106522"}],"wp:attachment":[{"href":"https:\/\/quehacerpolitico.mx\/index.php?rest_route=%2Fwp%2Fv2%2Fmedia&parent=106521"}],"wp:term":[{"taxonomy":"category","embeddable":true,"href":"https:\/\/quehacerpolitico.mx\/index.php?rest_route=%2Fwp%2Fv2%2Fcategories&post=106521"},{"taxonomy":"post_tag","embeddable":true,"href":"https:\/\/quehacerpolitico.mx\/index.php?rest_route=%2Fwp%2Fv2%2Ftags&post=106521"}],"curies":[{"name":"wp","href":"https:\/\/api.w.org\/{rel}","templated":true}]}}