{"id":106518,"date":"2023-11-21T17:33:16","date_gmt":"2023-11-21T17:33:16","guid":{"rendered":"https:\/\/quehacerpolitico.mx\/?p=106518"},"modified":"2023-11-21T17:33:19","modified_gmt":"2023-11-21T17:33:19","slug":"amlo-califico-como-muy-buenos-los-encuentros-que-sostuvo-la-semana-pasada-en-san-francisco-ee-uu-con-sus-homologos-de-ee-uu-y-de-china-joe-bid","status":"publish","type":"post","link":"https:\/\/quehacerpolitico.mx\/?p=106518","title":{"rendered":"AMLO calific\u00f3 como \u201cmuy buenos\u201d los\u00a0encuentros\u00a0que sostuvo la semana pasada en\u00a0San Francisco\u00a0(EE.UU.) con sus hom\u00f3logos de\u00a0EE.UU.\u00a0y de\u00a0China, Joe Biden\u00a0y\u00a0Xi Jinping"},"content":{"rendered":"\n<p>Por Redacci\u00f3n QP<\/p>\n\n\n\n<p>Tras su viaje a San Francisco, el presidente L\u00f3pez Obrador resalt\u00f3 que existe \u201cmucho respeto\u201d por nuestro pa\u00eds a nivel internacional<\/p>\n\n\n\n<p><strong>Andres Manuel\u00a0L\u00f3pez Obrador<\/strong>, presidente de M\u00e9xico, calific\u00f3 como \u201c<strong>muy buenos<\/strong>\u201d los\u00a0<strong>encuentros<\/strong>\u00a0que sostuvo la semana pasada en\u00a0<strong>San Francisco<\/strong>\u00a0(EE.UU.) con sus hom\u00f3logos de\u00a0<strong>EE.UU.\u00a0<\/strong>y de\u00a0<strong>China, Joe Biden\u00a0<\/strong>y<strong>\u00a0Xi Jinping<\/strong>\u00a0respectivamente, en el contexto del\u00a0<strong>Foro de Cooperaci\u00f3n Econ\u00f3mica Asia-Pac\u00edfico<\/strong>.<\/p>\n\n\n\n<p>En la conferencia matutina de este martes Palacio Nacional, L\u00f3pez Obrador resalt\u00f3 que hay \u201cmucho respeto\u201d por M\u00e9xico a nivel internacional.<\/p>\n\n\n\n<p>Nos fue muy bien la verdad, eso es lo otro. Hay mucho mucho respeto por M\u00e9xico\u201d, indic\u00f3.<\/p>\n\n\n\n<figure class=\"wp-block-embed is-type-rich is-provider-twitter wp-block-embed-twitter\"><div class=\"wp-block-embed__wrapper\">\n<blockquote class=\"twitter-tweet\" data-width=\"550\" data-dnt=\"true\"><p lang=\"es\" dir=\"ltr\"><a href=\"https:\/\/twitter.com\/hashtag\/EnLaMa%C3%B1anera?src=hash&amp;ref_src=twsrc%5Etfw\">#EnLaMa\u00f1anera<\/a> | El presidente <a href=\"https:\/\/twitter.com\/lopezobrador_?ref_src=twsrc%5Etfw\">@lopezobrador_<\/a> afirma que en la reuni\u00f3n bilateral con Xi Jinping, presidente de <a href=\"https:\/\/twitter.com\/hashtag\/China?src=hash&amp;ref_src=twsrc%5Etfw\">#China<\/a>, \u201cnos fue muy bien\u201d; adelanta que China vender\u00e1 a <a href=\"https:\/\/twitter.com\/hashtag\/M%C3%A9xico?src=hash&amp;ref_src=twsrc%5Etfw\">#M\u00e9xico<\/a> la mayor parte de electrodom\u00e9sticos que destinar\u00e1 a damnificados de Acapulco, afectados por Otis. <a href=\"https:\/\/t.co\/gBvb4zKZWR\">pic.twitter.com\/gBvb4zKZWR<\/a><\/p>&mdash; El Financiero TV (@ElFinancieroTv) <a href=\"https:\/\/twitter.com\/ElFinancieroTv\/status\/1726984362263007281?ref_src=twsrc%5Etfw\">November 21, 2023<\/a><\/blockquote><script async src=\"https:\/\/platform.twitter.com\/widgets.js\" charset=\"utf-8\"><\/script>\n<\/div><\/figure>\n\n\n\n<p>\u201cEl presidente de China nos dio un trato especial, no todos los presidentes fueron recibidos en encuentros, reuniones bilaterales, el presidente Biden solo tuvo dos reuniones bilaterales, con el presidente de China y con nosotros, a pesar de que hab\u00edan m\u00e1s de 20 jefes de Estado y de Gobierno, lo mismo el presidente de China\u201d, expuso.<\/p>\n\n\n\n<p>\u201cFueron muy buenos los encuentros con los dos, yo celebr\u00e9 la reuni\u00f3n amplia en que en estas circunstancias de muchas tensiones, por lo que sucede en Rusa, Ucrania, en Gaza, se haya llevado a cabo este encuentro, sobre todo entre el presidente de China y el de EE.UU., porque les dije que lo m\u00e1s importante siempre es el di\u00e1logo y resolver controversias de manera pac\u00edfica, y no a la carrera armamentista, y atender los problemas de la humanidad con desarrollo\u201d, resalt\u00f3.<\/p>\n\n\n\n<p>\u201cLes record\u00e9 que hay mil millones de seres humanos que sobreviven con menos de un d\u00f3lar diario, y que en vez de la guerra se ten\u00eda que pensar en el bienestar de los pueblos, pero que celebraba que estaban ah\u00ed, que se reunieron\u201d, puntualiz\u00f3 hoy en el Sal\u00f3n Tesorer\u00eda.<\/p>\n\n\n\n<p>La semana pasada, el mandatario mexicano viaj\u00f3 a San Francisco, California, en el contexto del Foro de Cooperaci\u00f3n Econ\u00f3mica Asia-Pac\u00edfico.<\/p>\n\n\n\n<p>En dicho marco, sostuvo reuniones con sus hom\u00f3logos de China y EE.UU., Xi Jinping y Joe Biden, adem\u00e1s de un encuentro con el primer ministro canadiense\u00a0<strong>Justin Trudeau<\/strong>.<\/p>\n","protected":false},"excerpt":{"rendered":"<p>Por Redacci\u00f3n QP Tras su viaje a San Francisco, el presidente L\u00f3pez Obrador resalt\u00f3 que&#8230;<\/p>\n","protected":false},"author":2,"featured_media":106519,"comment_status":"open","ping_status":"open","sticky":false,"template":"","format":"standard","meta":{"_monsterinsights_skip_tracking":false,"_monsterinsights_sitenote_active":false,"_monsterinsights_sitenote_note":"","_monsterinsights_sitenote_category":0,"footnotes":""},"categories":[2],"tags":[],"class_list":["post-106518","post","type-post","status-publish","format-standard","has-post-thumbnail","hentry","category-noticias"],"yoast_head":"<!-- This site is optimized with the Yoast SEO plugin v27.3 - https:\/\/yoast.com\/product\/yoast-seo-wordpress\/ -->\n<title>AMLO calific\u00f3 como \u201cmuy buenos\u201d los\u00a0encuentros\u00a0que sostuvo la semana pasada en\u00a0San Francisco\u00a0(EE.UU.) con sus hom\u00f3logos de\u00a0EE.UU.\u00a0y de\u00a0China, Joe Biden\u00a0y\u00a0Xi Jinping -<\/title>\n<meta name=\"robots\" content=\"index, follow, max-snippet:-1, max-image-preview:large, max-video-preview:-1\" \/>\n<link rel=\"canonical\" href=\"https:\/\/quehacerpolitico.mx\/?p=106518\" \/>\n<meta property=\"og:locale\" content=\"es_MX\" \/>\n<meta property=\"og:type\" content=\"article\" \/>\n<meta property=\"og:title\" content=\"AMLO calific\u00f3 como \u201cmuy buenos\u201d los\u00a0encuentros\u00a0que sostuvo la semana pasada en\u00a0San Francisco\u00a0(EE.UU.) con sus hom\u00f3logos de\u00a0EE.UU.\u00a0y de\u00a0China, Joe Biden\u00a0y\u00a0Xi Jinping -\" \/>\n<meta property=\"og:description\" content=\"Por Redacci\u00f3n QP Tras su viaje a San Francisco, el presidente L\u00f3pez Obrador resalt\u00f3 que...\" \/>\n<meta property=\"og:url\" content=\"https:\/\/quehacerpolitico.mx\/?p=106518\" \/>\n<meta property=\"article:published_time\" content=\"2023-11-21T17:33:16+00:00\" \/>\n<meta property=\"article:modified_time\" content=\"2023-11-21T17:33:19+00:00\" \/>\n<meta property=\"og:image\" content=\"https:\/\/quehacerpolitico.mx\/wp-content\/uploads\/2023\/11\/IMG_2140-1.jpeg\" \/>\n\t<meta property=\"og:image:width\" content=\"1284\" \/>\n\t<meta property=\"og:image:height\" content=\"698\" \/>\n\t<meta property=\"og:image:type\" content=\"image\/jpeg\" \/>\n<meta name=\"author\" content=\"Redacci\u00f3n QP\" \/>\n<meta name=\"twitter:card\" content=\"summary_large_image\" \/>\n<meta name=\"twitter:label1\" content=\"Escrito por\" \/>\n\t<meta name=\"twitter:data1\" content=\"Redacci\u00f3n QP\" \/>\n\t<meta name=\"twitter:label2\" content=\"Tiempo de lectura\" \/>\n\t<meta name=\"twitter:data2\" content=\"2 minutos\" \/>\n<script type=\"application\/ld+json\" class=\"yoast-schema-graph\">{\"@context\":\"https:\\\/\\\/schema.org\",\"@graph\":[{\"@type\":\"Article\",\"@id\":\"https:\\\/\\\/quehacerpolitico.mx\\\/?p=106518#article\",\"isPartOf\":{\"@id\":\"https:\\\/\\\/quehacerpolitico.mx\\\/?p=106518\"},\"author\":{\"name\":\"Redacci\u00f3n QP\",\"@id\":\"https:\\\/\\\/quehacerpolitico.mx\\\/#\\\/schema\\\/person\\\/496d8ad2d1d3f8036101dca7ee39e585\"},\"headline\":\"AMLO calific\u00f3 como \u201cmuy buenos\u201d los\u00a0encuentros\u00a0que sostuvo la semana pasada en\u00a0San Francisco\u00a0(EE.UU.) con sus hom\u00f3logos de\u00a0EE.UU.\u00a0y de\u00a0China, Joe Biden\u00a0y\u00a0Xi Jinping\",\"datePublished\":\"2023-11-21T17:33:16+00:00\",\"dateModified\":\"2023-11-21T17:33:19+00:00\",\"mainEntityOfPage\":{\"@id\":\"https:\\\/\\\/quehacerpolitico.mx\\\/?p=106518\"},\"wordCount\":414,\"commentCount\":0,\"image\":{\"@id\":\"https:\\\/\\\/quehacerpolitico.mx\\\/?p=106518#primaryimage\"},\"thumbnailUrl\":\"https:\\\/\\\/quehacerpolitico.mx\\\/wp-content\\\/uploads\\\/2023\\\/11\\\/IMG_2140-1.jpeg\",\"articleSection\":[\"Noticias\"],\"inLanguage\":\"es\",\"potentialAction\":[{\"@type\":\"CommentAction\",\"name\":\"Comment\",\"target\":[\"https:\\\/\\\/quehacerpolitico.mx\\\/?p=106518#respond\"]}]},{\"@type\":\"WebPage\",\"@id\":\"https:\\\/\\\/quehacerpolitico.mx\\\/?p=106518\",\"url\":\"https:\\\/\\\/quehacerpolitico.mx\\\/?p=106518\",\"name\":\"AMLO calific\u00f3 como \u201cmuy buenos\u201d los\u00a0encuentros\u00a0que sostuvo la semana pasada en\u00a0San Francisco\u00a0(EE.UU.) con sus hom\u00f3logos de\u00a0EE.UU.\u00a0y de\u00a0China, Joe Biden\u00a0y\u00a0Xi Jinping -\",\"isPartOf\":{\"@id\":\"https:\\\/\\\/quehacerpolitico.mx\\\/#website\"},\"primaryImageOfPage\":{\"@id\":\"https:\\\/\\\/quehacerpolitico.mx\\\/?p=106518#primaryimage\"},\"image\":{\"@id\":\"https:\\\/\\\/quehacerpolitico.mx\\\/?p=106518#primaryimage\"},\"thumbnailUrl\":\"https:\\\/\\\/quehacerpolitico.mx\\\/wp-content\\\/uploads\\\/2023\\\/11\\\/IMG_2140-1.jpeg\",\"datePublished\":\"2023-11-21T17:33:16+00:00\",\"dateModified\":\"2023-11-21T17:33:19+00:00\",\"author\":{\"@id\":\"https:\\\/\\\/quehacerpolitico.mx\\\/#\\\/schema\\\/person\\\/496d8ad2d1d3f8036101dca7ee39e585\"},\"breadcrumb\":{\"@id\":\"https:\\\/\\\/quehacerpolitico.mx\\\/?p=106518#breadcrumb\"},\"inLanguage\":\"es\",\"potentialAction\":[{\"@type\":\"ReadAction\",\"target\":[\"https:\\\/\\\/quehacerpolitico.mx\\\/?p=106518\"]}]},{\"@type\":\"ImageObject\",\"inLanguage\":\"es\",\"@id\":\"https:\\\/\\\/quehacerpolitico.mx\\\/?p=106518#primaryimage\",\"url\":\"https:\\\/\\\/quehacerpolitico.mx\\\/wp-content\\\/uploads\\\/2023\\\/11\\\/IMG_2140-1.jpeg\",\"contentUrl\":\"https:\\\/\\\/quehacerpolitico.mx\\\/wp-content\\\/uploads\\\/2023\\\/11\\\/IMG_2140-1.jpeg\",\"width\":1284,\"height\":698},{\"@type\":\"BreadcrumbList\",\"@id\":\"https:\\\/\\\/quehacerpolitico.mx\\\/?p=106518#breadcrumb\",\"itemListElement\":[{\"@type\":\"ListItem\",\"position\":1,\"name\":\"Inicio\",\"item\":\"https:\\\/\\\/quehacerpolitico.mx\\\/\"},{\"@type\":\"ListItem\",\"position\":2,\"name\":\"AMLO calific\u00f3 como \u201cmuy buenos\u201d los\u00a0encuentros\u00a0que sostuvo la semana pasada en\u00a0San Francisco\u00a0(EE.UU.) con sus hom\u00f3logos de\u00a0EE.UU.\u00a0y de\u00a0China, Joe Biden\u00a0y\u00a0Xi Jinping\"}]},{\"@type\":\"WebSite\",\"@id\":\"https:\\\/\\\/quehacerpolitico.mx\\\/#website\",\"url\":\"https:\\\/\\\/quehacerpolitico.mx\\\/\",\"name\":\"\",\"description\":\"\",\"potentialAction\":[{\"@type\":\"SearchAction\",\"target\":{\"@type\":\"EntryPoint\",\"urlTemplate\":\"https:\\\/\\\/quehacerpolitico.mx\\\/?s={search_term_string}\"},\"query-input\":{\"@type\":\"PropertyValueSpecification\",\"valueRequired\":true,\"valueName\":\"search_term_string\"}}],\"inLanguage\":\"es\"},{\"@type\":\"Person\",\"@id\":\"https:\\\/\\\/quehacerpolitico.mx\\\/#\\\/schema\\\/person\\\/496d8ad2d1d3f8036101dca7ee39e585\",\"name\":\"Redacci\u00f3n QP\",\"image\":{\"@type\":\"ImageObject\",\"inLanguage\":\"es\",\"@id\":\"https:\\\/\\\/secure.gravatar.com\\\/avatar\\\/c7164ed6fdec453195284ad24a5ae5b6e1eed2b848477fa2a4787ba9adf39a41?s=96&d=mm&r=g\",\"url\":\"https:\\\/\\\/secure.gravatar.com\\\/avatar\\\/c7164ed6fdec453195284ad24a5ae5b6e1eed2b848477fa2a4787ba9adf39a41?s=96&d=mm&r=g\",\"contentUrl\":\"https:\\\/\\\/secure.gravatar.com\\\/avatar\\\/c7164ed6fdec453195284ad24a5ae5b6e1eed2b848477fa2a4787ba9adf39a41?s=96&d=mm&r=g\",\"caption\":\"Redacci\u00f3n QP\"},\"url\":\"https:\\\/\\\/quehacerpolitico.mx\\\/?author=2\"}]}<\/script>\n<!-- \/ Yoast SEO plugin. -->","yoast_head_json":{"title":"AMLO calific\u00f3 como \u201cmuy buenos\u201d los\u00a0encuentros\u00a0que sostuvo la semana pasada en\u00a0San Francisco\u00a0(EE.UU.) con sus hom\u00f3logos de\u00a0EE.UU.\u00a0y de\u00a0China, Joe Biden\u00a0y\u00a0Xi Jinping -","robots":{"index":"index","follow":"follow","max-snippet":"max-snippet:-1","max-image-preview":"max-image-preview:large","max-video-preview":"max-video-preview:-1"},"canonical":"https:\/\/quehacerpolitico.mx\/?p=106518","og_locale":"es_MX","og_type":"article","og_title":"AMLO calific\u00f3 como \u201cmuy buenos\u201d los\u00a0encuentros\u00a0que sostuvo la semana pasada en\u00a0San Francisco\u00a0(EE.UU.) con sus hom\u00f3logos de\u00a0EE.UU.\u00a0y de\u00a0China, Joe Biden\u00a0y\u00a0Xi Jinping -","og_description":"Por Redacci\u00f3n QP Tras su viaje a San Francisco, el presidente L\u00f3pez Obrador resalt\u00f3 que...","og_url":"https:\/\/quehacerpolitico.mx\/?p=106518","article_published_time":"2023-11-21T17:33:16+00:00","article_modified_time":"2023-11-21T17:33:19+00:00","og_image":[{"width":1284,"height":698,"url":"https:\/\/quehacerpolitico.mx\/wp-content\/uploads\/2023\/11\/IMG_2140-1.jpeg","type":"image\/jpeg"}],"author":"Redacci\u00f3n QP","twitter_card":"summary_large_image","twitter_misc":{"Escrito por":"Redacci\u00f3n QP","Tiempo de lectura":"2 minutos"},"schema":{"@context":"https:\/\/schema.org","@graph":[{"@type":"Article","@id":"https:\/\/quehacerpolitico.mx\/?p=106518#article","isPartOf":{"@id":"https:\/\/quehacerpolitico.mx\/?p=106518"},"author":{"name":"Redacci\u00f3n QP","@id":"https:\/\/quehacerpolitico.mx\/#\/schema\/person\/496d8ad2d1d3f8036101dca7ee39e585"},"headline":"AMLO calific\u00f3 como \u201cmuy buenos\u201d los\u00a0encuentros\u00a0que sostuvo la semana pasada en\u00a0San Francisco\u00a0(EE.UU.) con sus hom\u00f3logos de\u00a0EE.UU.\u00a0y de\u00a0China, Joe Biden\u00a0y\u00a0Xi Jinping","datePublished":"2023-11-21T17:33:16+00:00","dateModified":"2023-11-21T17:33:19+00:00","mainEntityOfPage":{"@id":"https:\/\/quehacerpolitico.mx\/?p=106518"},"wordCount":414,"commentCount":0,"image":{"@id":"https:\/\/quehacerpolitico.mx\/?p=106518#primaryimage"},"thumbnailUrl":"https:\/\/quehacerpolitico.mx\/wp-content\/uploads\/2023\/11\/IMG_2140-1.jpeg","articleSection":["Noticias"],"inLanguage":"es","potentialAction":[{"@type":"CommentAction","name":"Comment","target":["https:\/\/quehacerpolitico.mx\/?p=106518#respond"]}]},{"@type":"WebPage","@id":"https:\/\/quehacerpolitico.mx\/?p=106518","url":"https:\/\/quehacerpolitico.mx\/?p=106518","name":"AMLO calific\u00f3 como \u201cmuy buenos\u201d los\u00a0encuentros\u00a0que sostuvo la semana pasada en\u00a0San Francisco\u00a0(EE.UU.) con sus hom\u00f3logos de\u00a0EE.UU.\u00a0y de\u00a0China, Joe Biden\u00a0y\u00a0Xi Jinping -","isPartOf":{"@id":"https:\/\/quehacerpolitico.mx\/#website"},"primaryImageOfPage":{"@id":"https:\/\/quehacerpolitico.mx\/?p=106518#primaryimage"},"image":{"@id":"https:\/\/quehacerpolitico.mx\/?p=106518#primaryimage"},"thumbnailUrl":"https:\/\/quehacerpolitico.mx\/wp-content\/uploads\/2023\/11\/IMG_2140-1.jpeg","datePublished":"2023-11-21T17:33:16+00:00","dateModified":"2023-11-21T17:33:19+00:00","author":{"@id":"https:\/\/quehacerpolitico.mx\/#\/schema\/person\/496d8ad2d1d3f8036101dca7ee39e585"},"breadcrumb":{"@id":"https:\/\/quehacerpolitico.mx\/?p=106518#breadcrumb"},"inLanguage":"es","potentialAction":[{"@type":"ReadAction","target":["https:\/\/quehacerpolitico.mx\/?p=106518"]}]},{"@type":"ImageObject","inLanguage":"es","@id":"https:\/\/quehacerpolitico.mx\/?p=106518#primaryimage","url":"https:\/\/quehacerpolitico.mx\/wp-content\/uploads\/2023\/11\/IMG_2140-1.jpeg","contentUrl":"https:\/\/quehacerpolitico.mx\/wp-content\/uploads\/2023\/11\/IMG_2140-1.jpeg","width":1284,"height":698},{"@type":"BreadcrumbList","@id":"https:\/\/quehacerpolitico.mx\/?p=106518#breadcrumb","itemListElement":[{"@type":"ListItem","position":1,"name":"Inicio","item":"https:\/\/quehacerpolitico.mx\/"},{"@type":"ListItem","position":2,"name":"AMLO calific\u00f3 como \u201cmuy buenos\u201d los\u00a0encuentros\u00a0que sostuvo la semana pasada en\u00a0San Francisco\u00a0(EE.UU.) con sus hom\u00f3logos de\u00a0EE.UU.\u00a0y de\u00a0China, Joe Biden\u00a0y\u00a0Xi Jinping"}]},{"@type":"WebSite","@id":"https:\/\/quehacerpolitico.mx\/#website","url":"https:\/\/quehacerpolitico.mx\/","name":"","description":"","potentialAction":[{"@type":"SearchAction","target":{"@type":"EntryPoint","urlTemplate":"https:\/\/quehacerpolitico.mx\/?s={search_term_string}"},"query-input":{"@type":"PropertyValueSpecification","valueRequired":true,"valueName":"search_term_string"}}],"inLanguage":"es"},{"@type":"Person","@id":"https:\/\/quehacerpolitico.mx\/#\/schema\/person\/496d8ad2d1d3f8036101dca7ee39e585","name":"Redacci\u00f3n QP","image":{"@type":"ImageObject","inLanguage":"es","@id":"https:\/\/secure.gravatar.com\/avatar\/c7164ed6fdec453195284ad24a5ae5b6e1eed2b848477fa2a4787ba9adf39a41?s=96&d=mm&r=g","url":"https:\/\/secure.gravatar.com\/avatar\/c7164ed6fdec453195284ad24a5ae5b6e1eed2b848477fa2a4787ba9adf39a41?s=96&d=mm&r=g","contentUrl":"https:\/\/secure.gravatar.com\/avatar\/c7164ed6fdec453195284ad24a5ae5b6e1eed2b848477fa2a4787ba9adf39a41?s=96&d=mm&r=g","caption":"Redacci\u00f3n QP"},"url":"https:\/\/quehacerpolitico.mx\/?author=2"}]}},"featured_image_urls":{"full":["https:\/\/quehacerpolitico.mx\/wp-content\/uploads\/2023\/11\/IMG_2140-1.jpeg",1284,698,false],"thumbnail":["https:\/\/quehacerpolitico.mx\/wp-content\/uploads\/2023\/11\/IMG_2140-1-150x150.jpeg",150,150,true],"medium":["https:\/\/quehacerpolitico.mx\/wp-content\/uploads\/2023\/11\/IMG_2140-1-300x163.jpeg",300,163,true],"medium_large":["https:\/\/quehacerpolitico.mx\/wp-content\/uploads\/2023\/11\/IMG_2140-1-768x417.jpeg",640,348,true],"large":["https:\/\/quehacerpolitico.mx\/wp-content\/uploads\/2023\/11\/IMG_2140-1-1024x557.jpeg",640,348,true],"1536x1536":["https:\/\/quehacerpolitico.mx\/wp-content\/uploads\/2023\/11\/IMG_2140-1.jpeg",1284,698,false],"2048x2048":["https:\/\/quehacerpolitico.mx\/wp-content\/uploads\/2023\/11\/IMG_2140-1.jpeg",1284,698,false],"covernews-featured":["https:\/\/quehacerpolitico.mx\/wp-content\/uploads\/2023\/11\/IMG_2140-1.jpeg",1024,557,false],"covernews-medium":["https:\/\/quehacerpolitico.mx\/wp-content\/uploads\/2023\/11\/IMG_2140-1.jpeg",540,294,false]},"author_info":{"display_name":"Redacci\u00f3n QP","author_link":"https:\/\/quehacerpolitico.mx\/?author=2"},"category_info":"<a href=\"https:\/\/quehacerpolitico.mx\/?cat=2\" rel=\"category\">Noticias<\/a>","tag_info":"Noticias","comment_count":"0","_links":{"self":[{"href":"https:\/\/quehacerpolitico.mx\/index.php?rest_route=\/wp\/v2\/posts\/106518","targetHints":{"allow":["GET"]}}],"collection":[{"href":"https:\/\/quehacerpolitico.mx\/index.php?rest_route=\/wp\/v2\/posts"}],"about":[{"href":"https:\/\/quehacerpolitico.mx\/index.php?rest_route=\/wp\/v2\/types\/post"}],"author":[{"embeddable":true,"href":"https:\/\/quehacerpolitico.mx\/index.php?rest_route=\/wp\/v2\/users\/2"}],"replies":[{"embeddable":true,"href":"https:\/\/quehacerpolitico.mx\/index.php?rest_route=%2Fwp%2Fv2%2Fcomments&post=106518"}],"version-history":[{"count":1,"href":"https:\/\/quehacerpolitico.mx\/index.php?rest_route=\/wp\/v2\/posts\/106518\/revisions"}],"predecessor-version":[{"id":106520,"href":"https:\/\/quehacerpolitico.mx\/index.php?rest_route=\/wp\/v2\/posts\/106518\/revisions\/106520"}],"wp:featuredmedia":[{"embeddable":true,"href":"https:\/\/quehacerpolitico.mx\/index.php?rest_route=\/wp\/v2\/media\/106519"}],"wp:attachment":[{"href":"https:\/\/quehacerpolitico.mx\/index.php?rest_route=%2Fwp%2Fv2%2Fmedia&parent=106518"}],"wp:term":[{"taxonomy":"category","embeddable":true,"href":"https:\/\/quehacerpolitico.mx\/index.php?rest_route=%2Fwp%2Fv2%2Fcategories&post=106518"},{"taxonomy":"post_tag","embeddable":true,"href":"https:\/\/quehacerpolitico.mx\/index.php?rest_route=%2Fwp%2Fv2%2Ftags&post=106518"}],"curies":[{"name":"wp","href":"https:\/\/api.w.org\/{rel}","templated":true}]}}