{"id":106514,"date":"2023-11-21T17:16:56","date_gmt":"2023-11-21T17:16:56","guid":{"rendered":"https:\/\/quehacerpolitico.mx\/?p=106514"},"modified":"2023-11-21T17:16:59","modified_gmt":"2023-11-21T17:16:59","slug":"fue-un-autogol-asi-califico-con-todo-respeto-la-eleccion-de-javier-milei-amlo","status":"publish","type":"post","link":"https:\/\/quehacerpolitico.mx\/?p=106514","title":{"rendered":"Fue un \u201cautogol\u201d as\u00ed calific\u00f3 con todo respeto la elecci\u00f3n de Javier Milei AMLO"},"content":{"rendered":"\n<p>Por Redacci\u00f3n QP<\/p>\n\n\n\n<p>L\u00f3pez Obrador dijo no estar de acuerdo con la elecci\u00f3n de Javier Milei como presidente de Argentina, pero respeta la decisi\u00f3n del pueblo<\/p>\n\n\n\n<p>El presidente de M\u00e9xico,\u00a0<strong>Andres Manuel L\u00f3pez Obrador<\/strong>, calific\u00f3 como un \u201cautogol\u201d la elecci\u00f3n de\u00a0Javier Milei como pr\u00f3ximo presidente de\u00a0<strong>Argentina<\/strong>.<\/p>\n\n\n\n<figure class=\"wp-block-embed is-type-rich is-provider-twitter wp-block-embed-twitter\"><div class=\"wp-block-embed__wrapper\">\n<blockquote class=\"twitter-tweet\" data-width=\"550\" data-dnt=\"true\"><p lang=\"es\" dir=\"ltr\">AMLO dice que el triunfo de Javier Milei en Argentina fue un &quot;autogol&quot; porque es de derecha <a href=\"https:\/\/t.co\/GpPRWoIwRt\">pic.twitter.com\/GpPRWoIwRt<\/a><\/p>&mdash; Manuel Lopez San Martin (@MLopezSanMartin) <a href=\"https:\/\/twitter.com\/MLopezSanMartin\/status\/1726979424774738290?ref_src=twsrc%5Etfw\">November 21, 2023<\/a><\/blockquote><script async src=\"https:\/\/platform.twitter.com\/widgets.js\" charset=\"utf-8\"><\/script>\n<\/div><\/figure>\n\n\n\n<p>En la conferencia matutina de Palacio Nacional, L\u00f3pez Obrador indic\u00f3 que no est\u00e1 de acuerdo con la elecci\u00f3n que realiz\u00f3 en el pasado balotaje \u201cun grupo mayoritario en Argentina\u201d, pero que el Gobierno de M\u00e9xico respeta la decisi\u00f3n que realiz\u00f3 el pueblo argentino.<\/p>\n\n\n\n<p>\u201cNosotros respetamos la decisi\u00f3n que tom\u00f3 un grupo mayoritario en Argentina, respetamos esa decisi\u00f3n, aunque es algo que consideramos no les va a ayudar, pero el pueblo es soberano, a\u00fan con todos los elementos antidemocr\u00e1ticos que utiliza la mafia del poder econ\u00f3mico y del poder pol\u00edtico en todos lados, por ejemplo el control de los medios de informaci\u00f3n, el control medi\u00e1tico, impresionante en Argentina, en Chile, en todos lados, en M\u00e9xico pero all\u00e1 est\u00e1 peor, es much\u00edsima la manipulaci\u00f3n\u201d, expuso.<\/p>\n\n\n\n<p>Para decirlo en una palabra, con todo respeto, fue un autogol, y yo no estoy de de acuerdo aunque respeto la decisi\u00f3n del pueblo con los Gobiernos de derecha, no estoy de acuerdo con los Gobiernos clasistas, racistas, no estoy de acuerdo con la hipocres\u00eda que es lo que caracteriza. ala derecha en el mundo. Eso es lo que puedo decir\u201d, se\u00f1al\u00f3.<\/p>\n\n\n\n<p>El mandatario mexicano afirm\u00f3 que en M\u00e9xico \u201cno hay nada que temer\u201d sobre un giro a la derecha, debido a que es de los pueblos \u201cm\u00e1s politizados\u201d del mundo.<\/p>\n\n\n\n<p>El candidato ultraderechista y l\u00edder de la formaci\u00f3n La Libertad Avanza Javier Milei gan\u00f3 las elecciones argentinas en segunda vuelta frente al aspirante oficialista Sergio Massa y se convertir\u00e1 as\u00ed en el pr\u00f3ximo presidente del pa\u00eds tras hacer campa\u00f1a con un discurso \u201canticasta\u201d y un tono provocador.<\/p>\n\n\n\n<p>Milei, de 53 a\u00f1os, era un \u2018outsider\u2019 de la pol\u00edtica hasta 2021, cuando result\u00f3 elegido diputado, sorprendi\u00f3 en las elecciones primarias de agosto, cuando&nbsp;result\u00f3 el candidato m\u00e1s votado (29.86 por ciento) como \u00fanico aspirante de la formaci\u00f3n ultraderechista, por delante de la coalici\u00f3n Juntos por el Cambio (centroderecha) y la oficialista Uni\u00f3n por la Patria (peronismo).<\/p>\n\n\n\n<p>Posteriormente, en octubre, qued\u00f3 segundo en la primera vuelta de las elecciones presidenciales con casi el 30 por ciento de los votos frente al 36.7 por ciento de Massa, pero en la segunda vuelta logr\u00f3 superar a su rival.<\/p>\n","protected":false},"excerpt":{"rendered":"<p>Por Redacci\u00f3n QP L\u00f3pez Obrador dijo no estar de acuerdo con la elecci\u00f3n de Javier&#8230;<\/p>\n","protected":false},"author":2,"featured_media":106516,"comment_status":"open","ping_status":"open","sticky":false,"template":"","format":"standard","meta":{"_monsterinsights_skip_tracking":false,"_monsterinsights_sitenote_active":false,"_monsterinsights_sitenote_note":"","_monsterinsights_sitenote_category":0,"footnotes":""},"categories":[2],"tags":[],"class_list":["post-106514","post","type-post","status-publish","format-standard","has-post-thumbnail","hentry","category-noticias"],"yoast_head":"<!-- This site is optimized with the Yoast SEO plugin v27.3 - https:\/\/yoast.com\/product\/yoast-seo-wordpress\/ -->\n<title>Fue un \u201cautogol\u201d as\u00ed calific\u00f3 con todo respeto la elecci\u00f3n de Javier Milei AMLO -<\/title>\n<meta name=\"robots\" content=\"index, follow, max-snippet:-1, max-image-preview:large, max-video-preview:-1\" \/>\n<link rel=\"canonical\" href=\"https:\/\/quehacerpolitico.mx\/?p=106514\" \/>\n<meta property=\"og:locale\" content=\"es_MX\" \/>\n<meta property=\"og:type\" content=\"article\" \/>\n<meta property=\"og:title\" content=\"Fue un \u201cautogol\u201d as\u00ed calific\u00f3 con todo respeto la elecci\u00f3n de Javier Milei AMLO -\" \/>\n<meta property=\"og:description\" content=\"Por Redacci\u00f3n QP L\u00f3pez Obrador dijo no estar de acuerdo con la elecci\u00f3n de Javier...\" \/>\n<meta property=\"og:url\" content=\"https:\/\/quehacerpolitico.mx\/?p=106514\" \/>\n<meta property=\"article:published_time\" content=\"2023-11-21T17:16:56+00:00\" \/>\n<meta property=\"article:modified_time\" content=\"2023-11-21T17:16:59+00:00\" \/>\n<meta property=\"og:image\" content=\"https:\/\/quehacerpolitico.mx\/wp-content\/uploads\/2023\/11\/IMG_2141.jpeg\" \/>\n\t<meta property=\"og:image:width\" content=\"551\" \/>\n\t<meta property=\"og:image:height\" content=\"252\" \/>\n\t<meta property=\"og:image:type\" content=\"image\/jpeg\" \/>\n<meta name=\"author\" content=\"Redacci\u00f3n QP\" \/>\n<meta name=\"twitter:card\" content=\"summary_large_image\" \/>\n<meta name=\"twitter:label1\" content=\"Escrito por\" \/>\n\t<meta name=\"twitter:data1\" content=\"Redacci\u00f3n QP\" \/>\n\t<meta name=\"twitter:label2\" content=\"Tiempo de lectura\" \/>\n\t<meta name=\"twitter:data2\" content=\"2 minutos\" \/>\n<script type=\"application\/ld+json\" class=\"yoast-schema-graph\">{\"@context\":\"https:\\\/\\\/schema.org\",\"@graph\":[{\"@type\":\"Article\",\"@id\":\"https:\\\/\\\/quehacerpolitico.mx\\\/?p=106514#article\",\"isPartOf\":{\"@id\":\"https:\\\/\\\/quehacerpolitico.mx\\\/?p=106514\"},\"author\":{\"name\":\"Redacci\u00f3n QP\",\"@id\":\"https:\\\/\\\/quehacerpolitico.mx\\\/#\\\/schema\\\/person\\\/496d8ad2d1d3f8036101dca7ee39e585\"},\"headline\":\"Fue un \u201cautogol\u201d as\u00ed calific\u00f3 con todo respeto la elecci\u00f3n de Javier Milei AMLO\",\"datePublished\":\"2023-11-21T17:16:56+00:00\",\"dateModified\":\"2023-11-21T17:16:59+00:00\",\"mainEntityOfPage\":{\"@id\":\"https:\\\/\\\/quehacerpolitico.mx\\\/?p=106514\"},\"wordCount\":466,\"commentCount\":0,\"image\":{\"@id\":\"https:\\\/\\\/quehacerpolitico.mx\\\/?p=106514#primaryimage\"},\"thumbnailUrl\":\"https:\\\/\\\/quehacerpolitico.mx\\\/wp-content\\\/uploads\\\/2023\\\/11\\\/IMG_2141.jpeg\",\"articleSection\":[\"Noticias\"],\"inLanguage\":\"es\",\"potentialAction\":[{\"@type\":\"CommentAction\",\"name\":\"Comment\",\"target\":[\"https:\\\/\\\/quehacerpolitico.mx\\\/?p=106514#respond\"]}]},{\"@type\":\"WebPage\",\"@id\":\"https:\\\/\\\/quehacerpolitico.mx\\\/?p=106514\",\"url\":\"https:\\\/\\\/quehacerpolitico.mx\\\/?p=106514\",\"name\":\"Fue un \u201cautogol\u201d as\u00ed calific\u00f3 con todo respeto la elecci\u00f3n de Javier Milei AMLO -\",\"isPartOf\":{\"@id\":\"https:\\\/\\\/quehacerpolitico.mx\\\/#website\"},\"primaryImageOfPage\":{\"@id\":\"https:\\\/\\\/quehacerpolitico.mx\\\/?p=106514#primaryimage\"},\"image\":{\"@id\":\"https:\\\/\\\/quehacerpolitico.mx\\\/?p=106514#primaryimage\"},\"thumbnailUrl\":\"https:\\\/\\\/quehacerpolitico.mx\\\/wp-content\\\/uploads\\\/2023\\\/11\\\/IMG_2141.jpeg\",\"datePublished\":\"2023-11-21T17:16:56+00:00\",\"dateModified\":\"2023-11-21T17:16:59+00:00\",\"author\":{\"@id\":\"https:\\\/\\\/quehacerpolitico.mx\\\/#\\\/schema\\\/person\\\/496d8ad2d1d3f8036101dca7ee39e585\"},\"breadcrumb\":{\"@id\":\"https:\\\/\\\/quehacerpolitico.mx\\\/?p=106514#breadcrumb\"},\"inLanguage\":\"es\",\"potentialAction\":[{\"@type\":\"ReadAction\",\"target\":[\"https:\\\/\\\/quehacerpolitico.mx\\\/?p=106514\"]}]},{\"@type\":\"ImageObject\",\"inLanguage\":\"es\",\"@id\":\"https:\\\/\\\/quehacerpolitico.mx\\\/?p=106514#primaryimage\",\"url\":\"https:\\\/\\\/quehacerpolitico.mx\\\/wp-content\\\/uploads\\\/2023\\\/11\\\/IMG_2141.jpeg\",\"contentUrl\":\"https:\\\/\\\/quehacerpolitico.mx\\\/wp-content\\\/uploads\\\/2023\\\/11\\\/IMG_2141.jpeg\",\"width\":551,\"height\":252},{\"@type\":\"BreadcrumbList\",\"@id\":\"https:\\\/\\\/quehacerpolitico.mx\\\/?p=106514#breadcrumb\",\"itemListElement\":[{\"@type\":\"ListItem\",\"position\":1,\"name\":\"Inicio\",\"item\":\"https:\\\/\\\/quehacerpolitico.mx\\\/\"},{\"@type\":\"ListItem\",\"position\":2,\"name\":\"Fue un \u201cautogol\u201d as\u00ed calific\u00f3 con todo respeto la elecci\u00f3n de Javier Milei AMLO\"}]},{\"@type\":\"WebSite\",\"@id\":\"https:\\\/\\\/quehacerpolitico.mx\\\/#website\",\"url\":\"https:\\\/\\\/quehacerpolitico.mx\\\/\",\"name\":\"\",\"description\":\"\",\"potentialAction\":[{\"@type\":\"SearchAction\",\"target\":{\"@type\":\"EntryPoint\",\"urlTemplate\":\"https:\\\/\\\/quehacerpolitico.mx\\\/?s={search_term_string}\"},\"query-input\":{\"@type\":\"PropertyValueSpecification\",\"valueRequired\":true,\"valueName\":\"search_term_string\"}}],\"inLanguage\":\"es\"},{\"@type\":\"Person\",\"@id\":\"https:\\\/\\\/quehacerpolitico.mx\\\/#\\\/schema\\\/person\\\/496d8ad2d1d3f8036101dca7ee39e585\",\"name\":\"Redacci\u00f3n QP\",\"image\":{\"@type\":\"ImageObject\",\"inLanguage\":\"es\",\"@id\":\"https:\\\/\\\/secure.gravatar.com\\\/avatar\\\/c7164ed6fdec453195284ad24a5ae5b6e1eed2b848477fa2a4787ba9adf39a41?s=96&d=mm&r=g\",\"url\":\"https:\\\/\\\/secure.gravatar.com\\\/avatar\\\/c7164ed6fdec453195284ad24a5ae5b6e1eed2b848477fa2a4787ba9adf39a41?s=96&d=mm&r=g\",\"contentUrl\":\"https:\\\/\\\/secure.gravatar.com\\\/avatar\\\/c7164ed6fdec453195284ad24a5ae5b6e1eed2b848477fa2a4787ba9adf39a41?s=96&d=mm&r=g\",\"caption\":\"Redacci\u00f3n QP\"},\"url\":\"https:\\\/\\\/quehacerpolitico.mx\\\/?author=2\"}]}<\/script>\n<!-- \/ Yoast SEO plugin. -->","yoast_head_json":{"title":"Fue un \u201cautogol\u201d as\u00ed calific\u00f3 con todo respeto la elecci\u00f3n de Javier Milei AMLO -","robots":{"index":"index","follow":"follow","max-snippet":"max-snippet:-1","max-image-preview":"max-image-preview:large","max-video-preview":"max-video-preview:-1"},"canonical":"https:\/\/quehacerpolitico.mx\/?p=106514","og_locale":"es_MX","og_type":"article","og_title":"Fue un \u201cautogol\u201d as\u00ed calific\u00f3 con todo respeto la elecci\u00f3n de Javier Milei AMLO -","og_description":"Por Redacci\u00f3n QP L\u00f3pez Obrador dijo no estar de acuerdo con la elecci\u00f3n de Javier...","og_url":"https:\/\/quehacerpolitico.mx\/?p=106514","article_published_time":"2023-11-21T17:16:56+00:00","article_modified_time":"2023-11-21T17:16:59+00:00","og_image":[{"width":551,"height":252,"url":"https:\/\/quehacerpolitico.mx\/wp-content\/uploads\/2023\/11\/IMG_2141.jpeg","type":"image\/jpeg"}],"author":"Redacci\u00f3n QP","twitter_card":"summary_large_image","twitter_misc":{"Escrito por":"Redacci\u00f3n QP","Tiempo de lectura":"2 minutos"},"schema":{"@context":"https:\/\/schema.org","@graph":[{"@type":"Article","@id":"https:\/\/quehacerpolitico.mx\/?p=106514#article","isPartOf":{"@id":"https:\/\/quehacerpolitico.mx\/?p=106514"},"author":{"name":"Redacci\u00f3n QP","@id":"https:\/\/quehacerpolitico.mx\/#\/schema\/person\/496d8ad2d1d3f8036101dca7ee39e585"},"headline":"Fue un \u201cautogol\u201d as\u00ed calific\u00f3 con todo respeto la elecci\u00f3n de Javier Milei AMLO","datePublished":"2023-11-21T17:16:56+00:00","dateModified":"2023-11-21T17:16:59+00:00","mainEntityOfPage":{"@id":"https:\/\/quehacerpolitico.mx\/?p=106514"},"wordCount":466,"commentCount":0,"image":{"@id":"https:\/\/quehacerpolitico.mx\/?p=106514#primaryimage"},"thumbnailUrl":"https:\/\/quehacerpolitico.mx\/wp-content\/uploads\/2023\/11\/IMG_2141.jpeg","articleSection":["Noticias"],"inLanguage":"es","potentialAction":[{"@type":"CommentAction","name":"Comment","target":["https:\/\/quehacerpolitico.mx\/?p=106514#respond"]}]},{"@type":"WebPage","@id":"https:\/\/quehacerpolitico.mx\/?p=106514","url":"https:\/\/quehacerpolitico.mx\/?p=106514","name":"Fue un \u201cautogol\u201d as\u00ed calific\u00f3 con todo respeto la elecci\u00f3n de Javier Milei AMLO -","isPartOf":{"@id":"https:\/\/quehacerpolitico.mx\/#website"},"primaryImageOfPage":{"@id":"https:\/\/quehacerpolitico.mx\/?p=106514#primaryimage"},"image":{"@id":"https:\/\/quehacerpolitico.mx\/?p=106514#primaryimage"},"thumbnailUrl":"https:\/\/quehacerpolitico.mx\/wp-content\/uploads\/2023\/11\/IMG_2141.jpeg","datePublished":"2023-11-21T17:16:56+00:00","dateModified":"2023-11-21T17:16:59+00:00","author":{"@id":"https:\/\/quehacerpolitico.mx\/#\/schema\/person\/496d8ad2d1d3f8036101dca7ee39e585"},"breadcrumb":{"@id":"https:\/\/quehacerpolitico.mx\/?p=106514#breadcrumb"},"inLanguage":"es","potentialAction":[{"@type":"ReadAction","target":["https:\/\/quehacerpolitico.mx\/?p=106514"]}]},{"@type":"ImageObject","inLanguage":"es","@id":"https:\/\/quehacerpolitico.mx\/?p=106514#primaryimage","url":"https:\/\/quehacerpolitico.mx\/wp-content\/uploads\/2023\/11\/IMG_2141.jpeg","contentUrl":"https:\/\/quehacerpolitico.mx\/wp-content\/uploads\/2023\/11\/IMG_2141.jpeg","width":551,"height":252},{"@type":"BreadcrumbList","@id":"https:\/\/quehacerpolitico.mx\/?p=106514#breadcrumb","itemListElement":[{"@type":"ListItem","position":1,"name":"Inicio","item":"https:\/\/quehacerpolitico.mx\/"},{"@type":"ListItem","position":2,"name":"Fue un \u201cautogol\u201d as\u00ed calific\u00f3 con todo respeto la elecci\u00f3n de Javier Milei AMLO"}]},{"@type":"WebSite","@id":"https:\/\/quehacerpolitico.mx\/#website","url":"https:\/\/quehacerpolitico.mx\/","name":"","description":"","potentialAction":[{"@type":"SearchAction","target":{"@type":"EntryPoint","urlTemplate":"https:\/\/quehacerpolitico.mx\/?s={search_term_string}"},"query-input":{"@type":"PropertyValueSpecification","valueRequired":true,"valueName":"search_term_string"}}],"inLanguage":"es"},{"@type":"Person","@id":"https:\/\/quehacerpolitico.mx\/#\/schema\/person\/496d8ad2d1d3f8036101dca7ee39e585","name":"Redacci\u00f3n QP","image":{"@type":"ImageObject","inLanguage":"es","@id":"https:\/\/secure.gravatar.com\/avatar\/c7164ed6fdec453195284ad24a5ae5b6e1eed2b848477fa2a4787ba9adf39a41?s=96&d=mm&r=g","url":"https:\/\/secure.gravatar.com\/avatar\/c7164ed6fdec453195284ad24a5ae5b6e1eed2b848477fa2a4787ba9adf39a41?s=96&d=mm&r=g","contentUrl":"https:\/\/secure.gravatar.com\/avatar\/c7164ed6fdec453195284ad24a5ae5b6e1eed2b848477fa2a4787ba9adf39a41?s=96&d=mm&r=g","caption":"Redacci\u00f3n QP"},"url":"https:\/\/quehacerpolitico.mx\/?author=2"}]}},"featured_image_urls":{"full":["https:\/\/quehacerpolitico.mx\/wp-content\/uploads\/2023\/11\/IMG_2141.jpeg",551,252,false],"thumbnail":["https:\/\/quehacerpolitico.mx\/wp-content\/uploads\/2023\/11\/IMG_2141-150x150.jpeg",150,150,true],"medium":["https:\/\/quehacerpolitico.mx\/wp-content\/uploads\/2023\/11\/IMG_2141-300x137.jpeg",300,137,true],"medium_large":["https:\/\/quehacerpolitico.mx\/wp-content\/uploads\/2023\/11\/IMG_2141.jpeg",551,252,false],"large":["https:\/\/quehacerpolitico.mx\/wp-content\/uploads\/2023\/11\/IMG_2141.jpeg",551,252,false],"1536x1536":["https:\/\/quehacerpolitico.mx\/wp-content\/uploads\/2023\/11\/IMG_2141.jpeg",551,252,false],"2048x2048":["https:\/\/quehacerpolitico.mx\/wp-content\/uploads\/2023\/11\/IMG_2141.jpeg",551,252,false],"covernews-featured":["https:\/\/quehacerpolitico.mx\/wp-content\/uploads\/2023\/11\/IMG_2141.jpeg",551,252,false],"covernews-medium":["https:\/\/quehacerpolitico.mx\/wp-content\/uploads\/2023\/11\/IMG_2141.jpeg",540,247,false]},"author_info":{"display_name":"Redacci\u00f3n QP","author_link":"https:\/\/quehacerpolitico.mx\/?author=2"},"category_info":"<a href=\"https:\/\/quehacerpolitico.mx\/?cat=2\" rel=\"category\">Noticias<\/a>","tag_info":"Noticias","comment_count":"0","_links":{"self":[{"href":"https:\/\/quehacerpolitico.mx\/index.php?rest_route=\/wp\/v2\/posts\/106514","targetHints":{"allow":["GET"]}}],"collection":[{"href":"https:\/\/quehacerpolitico.mx\/index.php?rest_route=\/wp\/v2\/posts"}],"about":[{"href":"https:\/\/quehacerpolitico.mx\/index.php?rest_route=\/wp\/v2\/types\/post"}],"author":[{"embeddable":true,"href":"https:\/\/quehacerpolitico.mx\/index.php?rest_route=\/wp\/v2\/users\/2"}],"replies":[{"embeddable":true,"href":"https:\/\/quehacerpolitico.mx\/index.php?rest_route=%2Fwp%2Fv2%2Fcomments&post=106514"}],"version-history":[{"count":1,"href":"https:\/\/quehacerpolitico.mx\/index.php?rest_route=\/wp\/v2\/posts\/106514\/revisions"}],"predecessor-version":[{"id":106517,"href":"https:\/\/quehacerpolitico.mx\/index.php?rest_route=\/wp\/v2\/posts\/106514\/revisions\/106517"}],"wp:featuredmedia":[{"embeddable":true,"href":"https:\/\/quehacerpolitico.mx\/index.php?rest_route=\/wp\/v2\/media\/106516"}],"wp:attachment":[{"href":"https:\/\/quehacerpolitico.mx\/index.php?rest_route=%2Fwp%2Fv2%2Fmedia&parent=106514"}],"wp:term":[{"taxonomy":"category","embeddable":true,"href":"https:\/\/quehacerpolitico.mx\/index.php?rest_route=%2Fwp%2Fv2%2Fcategories&post=106514"},{"taxonomy":"post_tag","embeddable":true,"href":"https:\/\/quehacerpolitico.mx\/index.php?rest_route=%2Fwp%2Fv2%2Ftags&post=106514"}],"curies":[{"name":"wp","href":"https:\/\/api.w.org\/{rel}","templated":true}]}}