{"id":106492,"date":"2023-11-20T16:45:27","date_gmt":"2023-11-20T16:45:27","guid":{"rendered":"https:\/\/quehacerpolitico.mx\/?p=106492"},"modified":"2023-11-20T16:45:31","modified_gmt":"2023-11-20T16:45:31","slug":"shakira-evita-ir-a-la-carcel-por-fraude-en-espana-acepta-pagar-una-multa-de-mas-de-8-5-mdd","status":"publish","type":"post","link":"https:\/\/quehacerpolitico.mx\/?p=106492","title":{"rendered":"Shakira evita ir a la c\u00e1rcel por fraude en Espa\u00f1a: acepta pagar una multa de m\u00e1s de 8.5 mdd"},"content":{"rendered":"\n<p>Por Redacci\u00f3n QP<\/p>\n\n\n\n<p>La cantante colombiana<strong>&nbsp;Shakira<\/strong>&nbsp;evit\u00f3 este lunes ser enjuiciada en Espa\u00f1a por&nbsp;<strong>fraude fiscal<\/strong>&nbsp;a cambio de una millonaria multa, con la que&nbsp;<strong>evita la c\u00e1rcel<\/strong>, que asegur\u00f3 que acepta para no perjudicar a sus hijos.<\/p>\n\n\n\n<p>\u201cMis hijos me lo han pedido, por ellos he tomado esta decisi\u00f3n\u201d, afirm\u00f3 la artista al comparecer ante un tribunal de la ciudad de\u00a0<strong>Barcelona.<\/strong><\/p>\n\n\n\n<p>La multa suma cerca de\u00a0<strong>7.8 millones de euros<\/strong>(8.5 millones de d\u00f3lares), tras haber pagado antes otros 17.5 millones, los 14.5 defraudados en Espa\u00f1a entre 2012 y 2014, m\u00e1s otros tres de intereses.<\/p>\n\n\n\n<figure class=\"wp-block-embed is-type-video is-provider-youtube wp-block-embed-youtube wp-embed-aspect-16-9 wp-has-aspect-ratio\"><div class=\"wp-block-embed__wrapper\">\nhttps:\/\/youtu.be\/ryflL8RA1Sc?si=Fd0jYfZjDtzGN2YI\n<\/div><\/figure>\n\n\n\n<p>Shakira lleg\u00f3 a la&nbsp;<strong>Audiencia de Barcelona<\/strong>&nbsp;en medio de una gran expectaci\u00f3n medi\u00e1tica, acompa\u00f1ada de sus abogados y de varios polic\u00edas.<\/p>\n\n\n\n<p>Con<strong>&nbsp;gafas de so<\/strong>l y un traje color rosa, entr\u00f3 por la puerta principal mientras en la banqueta de enfrente, tras las vallas del dispositivo policial, la esperaban cerca de un centenar de personas, la mayor\u00eda periodistas y fot\u00f3grafos, pero tambi\u00e9n curiosos y algunos admiradores que ped\u00edan \u201cjusticia para&nbsp;Shakira\u201d.<\/p>\n\n\n\n<figure class=\"wp-block-image\"><img decoding=\"async\" src=\"https:\/\/cdn.latinus.us\/wp-content\/uploads\/2023\/11\/20090537\/shakira-evita-carcel-1024x529.jpg\" alt=\"\" class=\"wp-image-807626\"\/><figcaption class=\"wp-element-caption\">Foto: EFE<\/figcaption><\/figure>\n\n\n\n<p>La cantante estaba acusada de fraude contra las autoridades durante esos a\u00f1os simulando que resid\u00eda&nbsp;<strong>fuera de Espa\u00f1a.<\/strong><\/p>\n\n\n\n<p>Shakira, de 46 a\u00f1os, convivi\u00f3 con el exfubolista espa\u00f1ol del FC Barcelona y ahora empresario\u00a0<strong>Gerard Piqu\u00e9<\/strong>, de 36, durante doce a\u00f1os, hasta que en 2022 anunciaron su separaci\u00f3n y ella se traslad\u00f3 a Miami, en Estados Unidos, con sus dos hijos tras un acuerdo sobre su custodia.<\/p>\n\n\n\n<figure class=\"wp-block-image\"><img decoding=\"async\" src=\"https:\/\/cdn.latinus.us\/wp-content\/uploads\/2023\/11\/20090408\/juicio-barcelona-shakira-1024x529.jpg\" alt=\"juicio-barcelona-shakira\" class=\"wp-image-807624\"\/><figcaption class=\"wp-element-caption\">Foto: Reuters<\/figcaption><\/figure>\n\n\n\n<p>La fiscal\u00eda ped\u00eda ocho a\u00f1os y dos meses de c\u00e1rcel m\u00e1s una multa de 23.7 millones de euros, que se queda en la mitad de los 14.5 defraudados, es decir, 7.3 millones, m\u00e1s otros 432 mil euros a raz\u00f3n de 400 por cada d\u00eda que evita pasar en la c\u00e1rcel.<\/p>\n\n\n\n<p>Sus abogados llegaron a un acuerdo a \u00faltima hora con la fiscal\u00eda y las acusaciones particulares, la Agencia Tributaria del Estado espa\u00f1ol y el gobierno regional de Catalu\u00f1a, por lo que la cantante s\u00f3lo tuvo que ratificarlo en una breve&nbsp;<strong>comparecencia ante el tribunal<a href=\"https:\/\/twitter.com\/latinus_us\" target=\"_blank\" rel=\"noreferrer noopener\">.<\/a><\/strong><\/p>\n\n\n\n<p>Mientras pronunciaba ante la Audiencia de Barcelona unas breves palabras para ratificar el acuerdo, su agencia de comunicaci\u00f3n emiti\u00f3 un comunicado en el que Shakira sosten\u00eda que con este acuerdo evita el desgaste de un proceso penal largo.<\/p>\n\n\n\n<p>\u201cTengo que escoger mis batallas y la m\u00e1s importante para m\u00ed ahora es hacer todo para que mis hijos vivan una vida plena y enfocarme en lo que es realmente importante: verlos crecer y pasar tiempo con ellos\u201d, subraya el documento.<\/p>\n\n\n\n<p>Con informaci\u00f3n de EFE<\/p>\n","protected":false},"excerpt":{"rendered":"<p>Por Redacci\u00f3n QP La cantante colombiana&nbsp;Shakira&nbsp;evit\u00f3 este lunes ser enjuiciada en Espa\u00f1a por&nbsp;fraude fiscal&nbsp;a cambio&#8230;<\/p>\n","protected":false},"author":2,"featured_media":106493,"comment_status":"open","ping_status":"open","sticky":false,"template":"","format":"standard","meta":{"_monsterinsights_skip_tracking":false,"_monsterinsights_sitenote_active":false,"_monsterinsights_sitenote_note":"","_monsterinsights_sitenote_category":0,"footnotes":""},"categories":[58],"tags":[],"class_list":["post-106492","post","type-post","status-publish","format-standard","has-post-thumbnail","hentry","category-cultura"],"yoast_head":"<!-- This site is optimized with the Yoast SEO plugin v27.3 - https:\/\/yoast.com\/product\/yoast-seo-wordpress\/ -->\n<title>Shakira evita ir a la c\u00e1rcel por fraude en Espa\u00f1a: acepta pagar una multa de m\u00e1s de 8.5 mdd -<\/title>\n<meta name=\"robots\" content=\"index, follow, max-snippet:-1, max-image-preview:large, max-video-preview:-1\" \/>\n<link rel=\"canonical\" href=\"https:\/\/quehacerpolitico.mx\/?p=106492\" \/>\n<meta property=\"og:locale\" content=\"es_MX\" \/>\n<meta property=\"og:type\" content=\"article\" \/>\n<meta property=\"og:title\" content=\"Shakira evita ir a la c\u00e1rcel por fraude en Espa\u00f1a: acepta pagar una multa de m\u00e1s de 8.5 mdd -\" \/>\n<meta property=\"og:description\" content=\"Por Redacci\u00f3n QP La cantante colombiana&nbsp;Shakira&nbsp;evit\u00f3 este lunes ser enjuiciada en Espa\u00f1a por&nbsp;fraude fiscal&nbsp;a cambio...\" \/>\n<meta property=\"og:url\" content=\"https:\/\/quehacerpolitico.mx\/?p=106492\" \/>\n<meta property=\"article:published_time\" content=\"2023-11-20T16:45:27+00:00\" \/>\n<meta property=\"article:modified_time\" content=\"2023-11-20T16:45:31+00:00\" \/>\n<meta property=\"og:image\" content=\"https:\/\/quehacerpolitico.mx\/wp-content\/uploads\/2023\/11\/IMG_2126.jpeg\" \/>\n\t<meta property=\"og:image:width\" content=\"1284\" \/>\n\t<meta property=\"og:image:height\" content=\"705\" \/>\n\t<meta property=\"og:image:type\" content=\"image\/jpeg\" \/>\n<meta name=\"author\" content=\"Redacci\u00f3n QP\" \/>\n<meta name=\"twitter:card\" content=\"summary_large_image\" \/>\n<meta name=\"twitter:label1\" content=\"Escrito por\" \/>\n\t<meta name=\"twitter:data1\" content=\"Redacci\u00f3n QP\" \/>\n\t<meta name=\"twitter:label2\" content=\"Tiempo de lectura\" \/>\n\t<meta name=\"twitter:data2\" content=\"2 minutos\" \/>\n<script type=\"application\/ld+json\" class=\"yoast-schema-graph\">{\"@context\":\"https:\\\/\\\/schema.org\",\"@graph\":[{\"@type\":\"Article\",\"@id\":\"https:\\\/\\\/quehacerpolitico.mx\\\/?p=106492#article\",\"isPartOf\":{\"@id\":\"https:\\\/\\\/quehacerpolitico.mx\\\/?p=106492\"},\"author\":{\"name\":\"Redacci\u00f3n QP\",\"@id\":\"https:\\\/\\\/quehacerpolitico.mx\\\/#\\\/schema\\\/person\\\/496d8ad2d1d3f8036101dca7ee39e585\"},\"headline\":\"Shakira evita ir a la c\u00e1rcel por fraude en Espa\u00f1a: acepta pagar una multa de m\u00e1s de 8.5 mdd\",\"datePublished\":\"2023-11-20T16:45:27+00:00\",\"dateModified\":\"2023-11-20T16:45:31+00:00\",\"mainEntityOfPage\":{\"@id\":\"https:\\\/\\\/quehacerpolitico.mx\\\/?p=106492\"},\"wordCount\":484,\"commentCount\":0,\"image\":{\"@id\":\"https:\\\/\\\/quehacerpolitico.mx\\\/?p=106492#primaryimage\"},\"thumbnailUrl\":\"https:\\\/\\\/quehacerpolitico.mx\\\/wp-content\\\/uploads\\\/2023\\\/11\\\/IMG_2126.jpeg\",\"articleSection\":[\"Cultura y Entretenimiento\"],\"inLanguage\":\"es\",\"potentialAction\":[{\"@type\":\"CommentAction\",\"name\":\"Comment\",\"target\":[\"https:\\\/\\\/quehacerpolitico.mx\\\/?p=106492#respond\"]}]},{\"@type\":\"WebPage\",\"@id\":\"https:\\\/\\\/quehacerpolitico.mx\\\/?p=106492\",\"url\":\"https:\\\/\\\/quehacerpolitico.mx\\\/?p=106492\",\"name\":\"Shakira evita ir a la c\u00e1rcel por fraude en Espa\u00f1a: acepta pagar una multa de m\u00e1s de 8.5 mdd -\",\"isPartOf\":{\"@id\":\"https:\\\/\\\/quehacerpolitico.mx\\\/#website\"},\"primaryImageOfPage\":{\"@id\":\"https:\\\/\\\/quehacerpolitico.mx\\\/?p=106492#primaryimage\"},\"image\":{\"@id\":\"https:\\\/\\\/quehacerpolitico.mx\\\/?p=106492#primaryimage\"},\"thumbnailUrl\":\"https:\\\/\\\/quehacerpolitico.mx\\\/wp-content\\\/uploads\\\/2023\\\/11\\\/IMG_2126.jpeg\",\"datePublished\":\"2023-11-20T16:45:27+00:00\",\"dateModified\":\"2023-11-20T16:45:31+00:00\",\"author\":{\"@id\":\"https:\\\/\\\/quehacerpolitico.mx\\\/#\\\/schema\\\/person\\\/496d8ad2d1d3f8036101dca7ee39e585\"},\"breadcrumb\":{\"@id\":\"https:\\\/\\\/quehacerpolitico.mx\\\/?p=106492#breadcrumb\"},\"inLanguage\":\"es\",\"potentialAction\":[{\"@type\":\"ReadAction\",\"target\":[\"https:\\\/\\\/quehacerpolitico.mx\\\/?p=106492\"]}]},{\"@type\":\"ImageObject\",\"inLanguage\":\"es\",\"@id\":\"https:\\\/\\\/quehacerpolitico.mx\\\/?p=106492#primaryimage\",\"url\":\"https:\\\/\\\/quehacerpolitico.mx\\\/wp-content\\\/uploads\\\/2023\\\/11\\\/IMG_2126.jpeg\",\"contentUrl\":\"https:\\\/\\\/quehacerpolitico.mx\\\/wp-content\\\/uploads\\\/2023\\\/11\\\/IMG_2126.jpeg\",\"width\":1284,\"height\":705},{\"@type\":\"BreadcrumbList\",\"@id\":\"https:\\\/\\\/quehacerpolitico.mx\\\/?p=106492#breadcrumb\",\"itemListElement\":[{\"@type\":\"ListItem\",\"position\":1,\"name\":\"Inicio\",\"item\":\"https:\\\/\\\/quehacerpolitico.mx\\\/\"},{\"@type\":\"ListItem\",\"position\":2,\"name\":\"Shakira evita ir a la c\u00e1rcel por fraude en Espa\u00f1a: acepta pagar una multa de m\u00e1s de 8.5 mdd\"}]},{\"@type\":\"WebSite\",\"@id\":\"https:\\\/\\\/quehacerpolitico.mx\\\/#website\",\"url\":\"https:\\\/\\\/quehacerpolitico.mx\\\/\",\"name\":\"\",\"description\":\"\",\"potentialAction\":[{\"@type\":\"SearchAction\",\"target\":{\"@type\":\"EntryPoint\",\"urlTemplate\":\"https:\\\/\\\/quehacerpolitico.mx\\\/?s={search_term_string}\"},\"query-input\":{\"@type\":\"PropertyValueSpecification\",\"valueRequired\":true,\"valueName\":\"search_term_string\"}}],\"inLanguage\":\"es\"},{\"@type\":\"Person\",\"@id\":\"https:\\\/\\\/quehacerpolitico.mx\\\/#\\\/schema\\\/person\\\/496d8ad2d1d3f8036101dca7ee39e585\",\"name\":\"Redacci\u00f3n QP\",\"image\":{\"@type\":\"ImageObject\",\"inLanguage\":\"es\",\"@id\":\"https:\\\/\\\/secure.gravatar.com\\\/avatar\\\/c7164ed6fdec453195284ad24a5ae5b6e1eed2b848477fa2a4787ba9adf39a41?s=96&d=mm&r=g\",\"url\":\"https:\\\/\\\/secure.gravatar.com\\\/avatar\\\/c7164ed6fdec453195284ad24a5ae5b6e1eed2b848477fa2a4787ba9adf39a41?s=96&d=mm&r=g\",\"contentUrl\":\"https:\\\/\\\/secure.gravatar.com\\\/avatar\\\/c7164ed6fdec453195284ad24a5ae5b6e1eed2b848477fa2a4787ba9adf39a41?s=96&d=mm&r=g\",\"caption\":\"Redacci\u00f3n QP\"},\"url\":\"https:\\\/\\\/quehacerpolitico.mx\\\/?author=2\"}]}<\/script>\n<!-- \/ Yoast SEO plugin. -->","yoast_head_json":{"title":"Shakira evita ir a la c\u00e1rcel por fraude en Espa\u00f1a: acepta pagar una multa de m\u00e1s de 8.5 mdd -","robots":{"index":"index","follow":"follow","max-snippet":"max-snippet:-1","max-image-preview":"max-image-preview:large","max-video-preview":"max-video-preview:-1"},"canonical":"https:\/\/quehacerpolitico.mx\/?p=106492","og_locale":"es_MX","og_type":"article","og_title":"Shakira evita ir a la c\u00e1rcel por fraude en Espa\u00f1a: acepta pagar una multa de m\u00e1s de 8.5 mdd -","og_description":"Por Redacci\u00f3n QP La cantante colombiana&nbsp;Shakira&nbsp;evit\u00f3 este lunes ser enjuiciada en Espa\u00f1a por&nbsp;fraude fiscal&nbsp;a cambio...","og_url":"https:\/\/quehacerpolitico.mx\/?p=106492","article_published_time":"2023-11-20T16:45:27+00:00","article_modified_time":"2023-11-20T16:45:31+00:00","og_image":[{"width":1284,"height":705,"url":"https:\/\/quehacerpolitico.mx\/wp-content\/uploads\/2023\/11\/IMG_2126.jpeg","type":"image\/jpeg"}],"author":"Redacci\u00f3n QP","twitter_card":"summary_large_image","twitter_misc":{"Escrito por":"Redacci\u00f3n QP","Tiempo de lectura":"2 minutos"},"schema":{"@context":"https:\/\/schema.org","@graph":[{"@type":"Article","@id":"https:\/\/quehacerpolitico.mx\/?p=106492#article","isPartOf":{"@id":"https:\/\/quehacerpolitico.mx\/?p=106492"},"author":{"name":"Redacci\u00f3n QP","@id":"https:\/\/quehacerpolitico.mx\/#\/schema\/person\/496d8ad2d1d3f8036101dca7ee39e585"},"headline":"Shakira evita ir a la c\u00e1rcel por fraude en Espa\u00f1a: acepta pagar una multa de m\u00e1s de 8.5 mdd","datePublished":"2023-11-20T16:45:27+00:00","dateModified":"2023-11-20T16:45:31+00:00","mainEntityOfPage":{"@id":"https:\/\/quehacerpolitico.mx\/?p=106492"},"wordCount":484,"commentCount":0,"image":{"@id":"https:\/\/quehacerpolitico.mx\/?p=106492#primaryimage"},"thumbnailUrl":"https:\/\/quehacerpolitico.mx\/wp-content\/uploads\/2023\/11\/IMG_2126.jpeg","articleSection":["Cultura y Entretenimiento"],"inLanguage":"es","potentialAction":[{"@type":"CommentAction","name":"Comment","target":["https:\/\/quehacerpolitico.mx\/?p=106492#respond"]}]},{"@type":"WebPage","@id":"https:\/\/quehacerpolitico.mx\/?p=106492","url":"https:\/\/quehacerpolitico.mx\/?p=106492","name":"Shakira evita ir a la c\u00e1rcel por fraude en Espa\u00f1a: acepta pagar una multa de m\u00e1s de 8.5 mdd -","isPartOf":{"@id":"https:\/\/quehacerpolitico.mx\/#website"},"primaryImageOfPage":{"@id":"https:\/\/quehacerpolitico.mx\/?p=106492#primaryimage"},"image":{"@id":"https:\/\/quehacerpolitico.mx\/?p=106492#primaryimage"},"thumbnailUrl":"https:\/\/quehacerpolitico.mx\/wp-content\/uploads\/2023\/11\/IMG_2126.jpeg","datePublished":"2023-11-20T16:45:27+00:00","dateModified":"2023-11-20T16:45:31+00:00","author":{"@id":"https:\/\/quehacerpolitico.mx\/#\/schema\/person\/496d8ad2d1d3f8036101dca7ee39e585"},"breadcrumb":{"@id":"https:\/\/quehacerpolitico.mx\/?p=106492#breadcrumb"},"inLanguage":"es","potentialAction":[{"@type":"ReadAction","target":["https:\/\/quehacerpolitico.mx\/?p=106492"]}]},{"@type":"ImageObject","inLanguage":"es","@id":"https:\/\/quehacerpolitico.mx\/?p=106492#primaryimage","url":"https:\/\/quehacerpolitico.mx\/wp-content\/uploads\/2023\/11\/IMG_2126.jpeg","contentUrl":"https:\/\/quehacerpolitico.mx\/wp-content\/uploads\/2023\/11\/IMG_2126.jpeg","width":1284,"height":705},{"@type":"BreadcrumbList","@id":"https:\/\/quehacerpolitico.mx\/?p=106492#breadcrumb","itemListElement":[{"@type":"ListItem","position":1,"name":"Inicio","item":"https:\/\/quehacerpolitico.mx\/"},{"@type":"ListItem","position":2,"name":"Shakira evita ir a la c\u00e1rcel por fraude en Espa\u00f1a: acepta pagar una multa de m\u00e1s de 8.5 mdd"}]},{"@type":"WebSite","@id":"https:\/\/quehacerpolitico.mx\/#website","url":"https:\/\/quehacerpolitico.mx\/","name":"","description":"","potentialAction":[{"@type":"SearchAction","target":{"@type":"EntryPoint","urlTemplate":"https:\/\/quehacerpolitico.mx\/?s={search_term_string}"},"query-input":{"@type":"PropertyValueSpecification","valueRequired":true,"valueName":"search_term_string"}}],"inLanguage":"es"},{"@type":"Person","@id":"https:\/\/quehacerpolitico.mx\/#\/schema\/person\/496d8ad2d1d3f8036101dca7ee39e585","name":"Redacci\u00f3n QP","image":{"@type":"ImageObject","inLanguage":"es","@id":"https:\/\/secure.gravatar.com\/avatar\/c7164ed6fdec453195284ad24a5ae5b6e1eed2b848477fa2a4787ba9adf39a41?s=96&d=mm&r=g","url":"https:\/\/secure.gravatar.com\/avatar\/c7164ed6fdec453195284ad24a5ae5b6e1eed2b848477fa2a4787ba9adf39a41?s=96&d=mm&r=g","contentUrl":"https:\/\/secure.gravatar.com\/avatar\/c7164ed6fdec453195284ad24a5ae5b6e1eed2b848477fa2a4787ba9adf39a41?s=96&d=mm&r=g","caption":"Redacci\u00f3n QP"},"url":"https:\/\/quehacerpolitico.mx\/?author=2"}]}},"featured_image_urls":{"full":["https:\/\/quehacerpolitico.mx\/wp-content\/uploads\/2023\/11\/IMG_2126.jpeg",1284,705,false],"thumbnail":["https:\/\/quehacerpolitico.mx\/wp-content\/uploads\/2023\/11\/IMG_2126-150x150.jpeg",150,150,true],"medium":["https:\/\/quehacerpolitico.mx\/wp-content\/uploads\/2023\/11\/IMG_2126-300x165.jpeg",300,165,true],"medium_large":["https:\/\/quehacerpolitico.mx\/wp-content\/uploads\/2023\/11\/IMG_2126-768x422.jpeg",640,352,true],"large":["https:\/\/quehacerpolitico.mx\/wp-content\/uploads\/2023\/11\/IMG_2126-1024x562.jpeg",640,351,true],"1536x1536":["https:\/\/quehacerpolitico.mx\/wp-content\/uploads\/2023\/11\/IMG_2126.jpeg",1284,705,false],"2048x2048":["https:\/\/quehacerpolitico.mx\/wp-content\/uploads\/2023\/11\/IMG_2126.jpeg",1284,705,false],"covernews-featured":["https:\/\/quehacerpolitico.mx\/wp-content\/uploads\/2023\/11\/IMG_2126.jpeg",1024,562,false],"covernews-medium":["https:\/\/quehacerpolitico.mx\/wp-content\/uploads\/2023\/11\/IMG_2126.jpeg",540,296,false]},"author_info":{"display_name":"Redacci\u00f3n QP","author_link":"https:\/\/quehacerpolitico.mx\/?author=2"},"category_info":"<a href=\"https:\/\/quehacerpolitico.mx\/?cat=58\" rel=\"category\">Cultura y Entretenimiento<\/a>","tag_info":"Cultura y Entretenimiento","comment_count":"0","_links":{"self":[{"href":"https:\/\/quehacerpolitico.mx\/index.php?rest_route=\/wp\/v2\/posts\/106492","targetHints":{"allow":["GET"]}}],"collection":[{"href":"https:\/\/quehacerpolitico.mx\/index.php?rest_route=\/wp\/v2\/posts"}],"about":[{"href":"https:\/\/quehacerpolitico.mx\/index.php?rest_route=\/wp\/v2\/types\/post"}],"author":[{"embeddable":true,"href":"https:\/\/quehacerpolitico.mx\/index.php?rest_route=\/wp\/v2\/users\/2"}],"replies":[{"embeddable":true,"href":"https:\/\/quehacerpolitico.mx\/index.php?rest_route=%2Fwp%2Fv2%2Fcomments&post=106492"}],"version-history":[{"count":1,"href":"https:\/\/quehacerpolitico.mx\/index.php?rest_route=\/wp\/v2\/posts\/106492\/revisions"}],"predecessor-version":[{"id":106494,"href":"https:\/\/quehacerpolitico.mx\/index.php?rest_route=\/wp\/v2\/posts\/106492\/revisions\/106494"}],"wp:featuredmedia":[{"embeddable":true,"href":"https:\/\/quehacerpolitico.mx\/index.php?rest_route=\/wp\/v2\/media\/106493"}],"wp:attachment":[{"href":"https:\/\/quehacerpolitico.mx\/index.php?rest_route=%2Fwp%2Fv2%2Fmedia&parent=106492"}],"wp:term":[{"taxonomy":"category","embeddable":true,"href":"https:\/\/quehacerpolitico.mx\/index.php?rest_route=%2Fwp%2Fv2%2Fcategories&post=106492"},{"taxonomy":"post_tag","embeddable":true,"href":"https:\/\/quehacerpolitico.mx\/index.php?rest_route=%2Fwp%2Fv2%2Ftags&post=106492"}],"curies":[{"name":"wp","href":"https:\/\/api.w.org\/{rel}","templated":true}]}}