{"id":106489,"date":"2023-11-20T16:32:22","date_gmt":"2023-11-20T16:32:22","guid":{"rendered":"https:\/\/quehacerpolitico.mx\/?p=106489"},"modified":"2023-11-20T16:32:26","modified_gmt":"2023-11-20T16:32:26","slug":"internacionalista-carolina-alonso-romei-con-triunfo-de-milei-ultraderecha-llega-a-la-presidencia-de-argentina","status":"publish","type":"post","link":"https:\/\/quehacerpolitico.mx\/?p=106489","title":{"rendered":"Internacionalista\/\/\/Carolina Alonso Romei\/\/\/Con triunfo de Milei, ultraderecha llega a la presidencia de Argentina"},"content":{"rendered":"\n<p>Por Carolina Alonso Romei<\/p>\n\n\n\n<p>Internacionalista<\/p>\n\n\n\n<p>El nuevo mandatario alista un proyecto muy ambicioso para mejorar la econom\u00eda local<\/p>\n\n\n\n<p>Javier&nbsp;Milei, presidente electo de Argentina, augur\u00f3 ayer \u201cel fin de la decadencia argentina\u201d al pronunciar su primer discurso tras los comicios que gan\u00f3 con el 55.69% de los votos y el 99.28% de las mesas escrutadas.<\/p>\n\n\n\n<p>\u201cBasta del modelo empobrecedor de la casta, hoy volvemos a abrazar las ideas de la libertad para ser una potencia mundial\u201d, prometi\u00f3 el l\u00edder de La Libertad Avanza (ultraderecha), quien\u00a0<strong>derrot\u00f3 en la segunda vuelta presidencial al oficialista Sergio Massa (44.30%)<\/strong>.<\/p>\n\n\n\n<p>Agreg\u00f3 que el Gobierno de Alberto Fern\u00e1ndez est\u00e1 \u201cdejando una econom\u00eda destruida\u201d, en camino a una hiperinflaci\u00f3n, problemas en el mercado de cambios, de precios relativos y de deuda.<\/p>\n\n\n\n<p><strong>X\u00f3chitl G\u00e1lvez, precandidata de la oposici\u00f3n a la Presidencia de M\u00e9xico, fue &nbsp;criticada en redes por felicitar a Milei.<\/strong><\/p>\n\n\n\n<p>\u201c\u00a1En Latinoam\u00e9rica soplan vientos para mejorar nuestros pa\u00edses!\u201d, escribi\u00f3.<\/p>\n\n\n\n<h4 class=\"wp-block-heading\"><strong>Rugen los votantes de Milei y lo llevan a la presidencia<\/strong><\/h4>\n\n\n\n<p>Multitudes vitoreaban en Buenos Aires \u201c\u00a1la casta tiene miedo!\u201d, el grito de batalla contra la clase pol\u00edtica que convenci\u00f3 a los argentinos de elegir como presidente al&nbsp;ultraderechista&nbsp;Javier&nbsp;Milei&nbsp;y su disruptiva propuesta&nbsp;para sacar al pa\u00eds de la crisis.<\/p>\n\n\n\n<p>\u201c\u00a1Libertad! \u00a1Libertad!\u201d, coreaban miles de simpatizantes que se congregaron en el comando de campa\u00f1a y luego tambi\u00e9n en torno al ic\u00f3nico Obelisco, tras conocerse el resultado a favor del economista de 53 a\u00f1os.<\/p>\n\n\n\n<figure class=\"wp-block-embed is-type-video is-provider-youtube wp-block-embed-youtube wp-embed-aspect-16-9 wp-has-aspect-ratio\"><div class=\"wp-block-embed__wrapper\">\n<iframe loading=\"lazy\" title=\"Javier Milei: las propuestas m\u00e1s radicales del presidente electo de Argentina y cu\u00e1n factibles son\" width=\"640\" height=\"360\" src=\"https:\/\/www.youtube.com\/embed\/PaBTHZTimHk?feature=oembed\" frameborder=\"0\" allow=\"accelerometer; autoplay; clipboard-write; encrypted-media; gyroscope; picture-in-picture; web-share\" referrerpolicy=\"strict-origin-when-cross-origin\" allowfullscreen><\/iframe>\n<\/div><\/figure>\n\n\n\n<p>\u201cBasta del modelo empobrecedor de la casta (pol\u00edtica), volvemos a abrazar el modelo de la libertad para ser potencia mundial\u201d, augur\u00f3 Milei en su discurso de victoria.<\/p>\n\n\n\n<p><strong>\u201cA pesar de lo sombr\u00edo de la situaci\u00f3n, quiero decirles que la Argentina tiene futuro. Ese futuro existe, si ese futuro es liberal\u201d, a\u00f1adi\u00f3, antes de terminar exclamando \u201c\u00a1Viva la libertad, carajo!\u201d.<\/strong><\/p>\n\n\n\n<p>En su mensaje luego de consagrarse ganador del balotaje presidencial ante el oficialista Sergio Massa, Javier Milei anunci\u00f3 que har\u00e1 cambios \u201cdr\u00e1sticos\u201d para enfrentar lo que llam\u00f3 una situaci\u00f3n \u201ccr\u00edtica\u201d en su pa\u00eds, que sufre una galopante inflaci\u00f3n y un crecimiento de la pobreza.<\/p>\n\n\n\n<p><strong>\u201cHoy comienza la reconstrucci\u00f3n de Argentina\u201d, dijo Milei, l\u00edder de La Libertad Avanza, que asumir\u00e1 el 10 de diciembre el cargo de presidente en un golpe al peronismo y en medio de un creciente descontento por la situaci\u00f3n econ\u00f3mica.<\/strong><\/p>\n\n\n\n<p>\u201cComienza el fin de la decadencia, damos vuelta de p\u00e1gina&#8230; quiero un Gobierno que cumpla sus compromisos, que respete a la propiedad privada y el comercio libre. Basta del modelo empobrecedor\u201d, afirm\u00f3 ante sus seguidores en el comando de campa\u00f1a donde recibi\u00f3 los resultados de la elecci\u00f3n.<\/p>\n\n\n\n<p>El triunfo del economista&nbsp;ultraliberal&nbsp;marca un viraje hacia la derecha m\u00e1s radicalizada y el fin en el poder -al menos de manera temporal- del peronismo, el movimiento populista que ha gobernado mayoritariamente al pa\u00eds en las \u00faltimas dos d\u00e9cadas.<\/p>\n\n\n\n<p>Massa, un peronista moderado y actual ministro de Econom\u00eda, admiti\u00f3 su derrota antes de que las autoridades dieran a conocer un avance del conteo.<\/p>\n\n\n\n<p>\u201cLos resultados no son los que esper\u00e1bamos y me he comunicado con Milei para felicitarlo porque es el presidente que la gran mayor\u00eda eligi\u00f3 para los pr\u00f3ximos cuatro a\u00f1os\u201d, dijo Massa a sus seguidores.<\/p>\n\n\n\n<p>Entre bengalas y fuegos de artificio, la multitud enfervorizada escuchaba su discurso. Entre ellos Mat\u00edas Fasson, un publicista de 23 a\u00f1os, se sent\u00eda inspirado: \u201cMe hace sentir que Argentina tiene futuro\u201d, dijo.<\/p>\n\n\n\n<p>\u201c<strong>Siento esperanza porque es un cambio de 180 grados, sobre todo porque va a cambiar la conversaci\u00f3n.<\/strong>&nbsp;Mucha gente empatiz\u00f3 con sus ideas de libertad\u201d, dijo Nicol\u00e1s Herrera, un editor de contenido de 30 a\u00f1os.<\/p>\n\n\n\n<p>Agencias<\/p>\n\n\n\n<h4 class=\"wp-block-heading\"><strong>Cambio de poder<\/strong><\/h4>\n\n\n\n<h4 class=\"wp-block-heading\"><strong>Alberto Fern\u00e1ndez se reunir\u00e1 con&nbsp;Javier Milei para iniciar la transici\u00f3n<\/strong><\/h4>\n\n\n\n<p>El presidente de Argentina, Alberto Fern\u00e1ndez, y el mandatario electo,&nbsp;Javier&nbsp;Milei, se reunir\u00e1n hoy para iniciar la transici\u00f3n despu\u00e9s del triunfo del l\u00edder de La Libertad Avanza en la segunda vuelta de los comicios presidenciales.<\/p>\n\n\n\n<p>Seg\u00fan confirmaron fuentes oficiales, ambos mantendr\u00e1n un encuentro hoy, que es festivo en Argentina, aunque no se especific\u00f3 el lugar ni la hora de la reuni\u00f3n, si bien algunos medios locales se\u00f1alaron que ser\u00e1 en la residencia presidencial de Olivos (zona norte de Buenos Aires).<\/p>\n\n\n\n<figure class=\"wp-block-embed is-type-video is-provider-youtube wp-block-embed-youtube wp-embed-aspect-16-9 wp-has-aspect-ratio\"><div class=\"wp-block-embed__wrapper\">\n<iframe loading=\"lazy\" title=\"\u00bfQui\u00e9n es Javier Milei? El economista ultraliberal que ha ganado las ELECCIONES de ARGENTINA\" width=\"640\" height=\"360\" src=\"https:\/\/www.youtube.com\/embed\/MMbNShLfzgA?feature=oembed\" frameborder=\"0\" allow=\"accelerometer; autoplay; clipboard-write; encrypted-media; gyroscope; picture-in-picture; web-share\" referrerpolicy=\"strict-origin-when-cross-origin\" allowfullscreen><\/iframe>\n<\/div><\/figure>\n\n\n\n<p><strong>Voz del experto<\/strong><\/p>\n\n\n\n<p><strong>Pedro Isnardo de la Cruz, &nbsp;doctor en Ciencias Pol\u00edticas y Sociales y profesor universitario de la UNAM y Jos\u00e9 Antonio Dorantes, licenciado en Derecho por la Universidad Iberoamericana y profesor de Teor\u00eda del Estado.<\/strong><\/p>\n\n\n\n<h4 class=\"wp-block-heading\"><strong>Milei revoluciona estrategia de comunicaci\u00f3n\u2026 y gana la Presidencia de Argentina<\/strong><\/h4>\n\n\n\n<p>Pues funcion\u00f3 la puesta en escena, la revoluci\u00f3n de la estrategia de comunicaci\u00f3n pol\u00edtica: Javier Milei gana la batalla emocional y la Presidencia de Argentina.<\/p>\n\n\n\n<p>Milei, de Libertad Avanza, vence a sus adversarios denominados por \u00e9l &#8220;la casta pol\u00edtica&#8221;, alimentando el descr\u00e9dito de los gobernantes y sus aliados \u00e9lite.<\/p>\n\n\n\n<p><strong>Sergio Massa obtuvo m\u00e1s del 44% de la votaci\u00f3n final y Javier Milei cerca del 51%, preeminente sobre todo desde las provincias.<\/strong><\/p>\n\n\n\n<p>Con ello Massa queda desfigurado en la segunda vuelta, al presentarse \u00e9l mismo como un candidato del cambio, mientras al oficiar como ministro de Hacienda su pa\u00eds padece una inflaci\u00f3n del 140 por ciento.<\/p>\n\n\n\n<p>Javier Milei conquista la victoria con la ira, inspirando confianza en un electorado dominado por el hartazgo, el resentimiento y el odio a quienes gobiernan.<\/p>\n\n\n\n<p>Ah\u00ed finc\u00f3 su base de poder emocional y electoral.<\/p>\n\n\n\n<p>En el \u00faltimo debate presidencial en el que Massa se presumi\u00f3 triunfante, Milei asisti\u00f3 sin la compa\u00f1\u00eda de personalidades y liderazgos nacionales que le apoyaron en campa\u00f1a, mostr\u00e1ndose como una especie de h\u00e9roe solitario electoral que combate contra todo el sistema.<\/p>\n\n\n\n<p>La ira social es parte clave de la pasi\u00f3n pol\u00edtica dominante que llev\u00f3 al poder presidencial a&nbsp;Trump,&nbsp;Bolsonaro,&nbsp;Meloni, a otros&nbsp;neopopulistas, y ahora llev\u00f3 a&nbsp;Milei&nbsp;a la Casa Rosada.<\/p>\n\n\n\n<p>Estamos ante una generaci\u00f3n de candidatos que estudian muy bien a sus potenciales electores y han sabido triunfar con la partitura de la irracionalidad, la transgresi\u00f3n, la bufonada.<\/p>\n\n\n\n<p>Las campa\u00f1as pol\u00edticas presidenciales demuestran el valor decisivo de la estrategia de comunicaci\u00f3n sobre todo en entornos de incertidumbre, hartazgo y desesperaci\u00f3n ante el presente y el futuro.<\/p>\n\n\n\n<p>As\u00ed lo confirma la lecci\u00f3n del contexto argentino.<\/p>\n\n\n\n<p><strong>\u00bfSe equivocaron en elegir mejor destino al votar Milei Presidente?<\/strong><\/p>\n\n\n\n<figure class=\"wp-block-image\"><img decoding=\"async\" src=\"https:\/\/www.informador.mx\/__export\/1700474500727\/sites\/elinformador\/img\/2023\/11\/20\/imagen_imagen_ada926d0af6c4ebda7ef9_x12173857x.jpg_158021514.jpg\" alt=\"\"\/><figcaption class=\"wp-element-caption\">Miles de personas salieron a las calles de Buenos Aires a celebrar la victoria de Javier Milei. AP&nbsp;<\/figcaption><\/figure>\n\n\n\n<h4 class=\"wp-block-heading\"><strong>Estados Unidos y M\u00e9xico se congratulan con el resultado electoral<\/strong><\/h4>\n\n\n\n<p>El Gobierno de Estados Unidos felicit\u00f3 a Javier&nbsp;Milei&nbsp;por su victoria en las presidenciales de Argentina y le invit\u00f3 a trabajar juntos en materia de econom\u00eda, derechos humanos, democracia y combate a la crisis clim\u00e1tica.&nbsp;\u201cEstados Unidos felicita al presidente electo de Argentina, Javier Milei, por su victoria en las elecciones de hoy y aplaudimos el s\u00f3lido proceso democr\u00e1tico a trav\u00e9s del cual el p\u00fablico argentino ha hablado\u201d, dijo en un comunicado el secretario de Estado, Antony Blinken.<\/p>\n\n\n\n<p>En tanto,<strong>&nbsp;el ex presidente de Estados Unidos Donald Trump felicit\u00f3 al mandatario electo de Argentina, y se declar\u00f3 &#8220;orgulloso&#8221; por su victoria<\/strong>. \u201cFelicitaciones a Javier Milei por una gran elecci\u00f3n como presidente de Argentina. \u00a1El mundo entero te estaba mirando! Estoy muy orgulloso de ti\u201d, expres\u00f3 el republicano en redes sociales.<\/p>\n\n\n\n<p>Tambi\u00e9n el ex presidente brasile\u00f1o, Jair Bolsonaro, l\u00edder de la ultraderecha regional, celebr\u00f3 el triunfo de Milei en la segunda vuelta de las elecciones celebrada en Argentina y afirm\u00f3 que \u201cla esperanza vuelve a brillar en Suram\u00e9rica\u201d.<\/p>\n\n\n\n<p><strong>En un mensaje publicado en las redes sociales, Bolsonaro expres\u00f3 su deseo de que \u201cesos buenos vientos alcancen a Estados Unidos y a Brasil, para que la honestidad, el progreso y la libertad vuelvan para todos\u201d.<\/strong><\/p>\n\n\n\n<h4 class=\"wp-block-heading\"><strong>El profeta que rompi\u00f3 el molde&nbsp;<\/strong><\/h4>\n\n\n\n<p>Irascible, franco, espont\u00e1neo, el economista ultraliberal Javier Milei se dio a conocer gracias a la vehemencia de sus diatribas econ\u00f3micas y rompi\u00f3 el molde del bipartidismo pol\u00edtico argentino hasta alcanzar la presidencia con la promesa de la dolarizaci\u00f3n.<\/p>\n\n\n\n<p>Con declaraciones en contra de la \u201ccasta pol\u00edtica parasitaria y chorra (ladrona)\u201d, el libertario convenci\u00f3 a m\u00e1s de la mitad de los argentinos de \u201cdinamitar\u201d el Banco Central, reducir el tama\u00f1o del Estado y recortar el gasto p\u00fablico.<\/p>\n\n\n\n<p>Argentina navega por una inflaci\u00f3n anual de tres d\u00edgitos y una pobreza que toca al 40% de su poblaci\u00f3n. Es en el contexto de estos pesares econ\u00f3micos que los votantes eligieron su disruptivo programa en lugar de la propuesta de su rival, el ministro de Econom\u00eda Sergio Massa, un peronista de centro.<\/p>\n\n\n\n<p>Milei canaliz\u00f3 la rabia de quienes est\u00e1n decepcionados del peronismo, la corriente pol\u00edtica que ha marcado la historia de Argentina desde los a\u00f1os 1940 creada en torno de la figura del militar populista Juan Domingo Per\u00f3n.<\/p>\n\n\n\n<p>Sin embargo,&nbsp;<strong>su estilo inicialmente muy confrontativo no sobrevivi\u00f3 m\u00e1s all\u00e1 de la primera vuelta electoral de octubre, en la que sac\u00f3 30% de los votos<\/strong>.<\/p>\n\n\n\n<p>Debi\u00f3 buscar acuerdos y, para eso, apagar sus incendiarias declaraciones. As\u00ed consigui\u00f3 el apoyo de la conservadora y anterior rival, Patricia Bullrich, y el benepl\u00e1cito del ex presidente liberal Mauricio Macri.<\/p>\n\n\n\n<p>De cabellera abundante y alborotada por la cual es apodado \u201cel Peluca\u201d, el presidente electo de 53 a\u00f1os es con frecuencia tildado tambi\u00e9n de \u201cloco\u201d.<\/p>\n\n\n\n<p>A estos motes, \u00e9l respond\u00eda durante la campa\u00f1a: \u201c\u00bfSabe cu\u00e1l es la diferencia entre un genio y un loco? El \u00e9xito\u201d.<\/p>\n\n\n\n<p><strong>Milei como \u201cinfluencer\u201d naci\u00f3 en la televisi\u00f3n en 2015, participando en furibundas tertulias econ\u00f3micas. Luego, sus comentarios alimentaron las redes sociales y alcanzaron a los j\u00f3venes, para muchos de los cuales su discurso fue novedoso y rebelde.<\/strong><\/p>\n\n\n\n<p>Milei trabaj\u00f3 en el sector privado hasta 2021, cuando fue elegido diputado del reci\u00e9n formado partido La Libertad Avanza. Desde entonces, quebr\u00f3 el bipartidismo argentino y domin\u00f3 la agenda medi\u00e1tica.<\/p>\n\n\n\n<p>Nacido en Buenos Aires en 1970, de joven jugaba futbol y cantaba en una banda que versionaba canciones de los Rolling Stones.<\/p>\n\n\n\n<p>Soltero, sin hijos y con pocos amigos, present\u00f3 recientemente a la actriz y humorista F\u00e1tima Fl\u00f3rez como su novia en un programa de televisi\u00f3n.<\/p>\n\n\n\n<p>Estudi\u00f3 Econom\u00eda en la Universidad de Belgrano e hizo dos posgrados en instituciones locales. Ha publicado varios libros y tambi\u00e9n ha sido acusado de plagiar p\u00e1rrafos enteros.<\/p>\n\n\n\n<h4 class=\"wp-block-heading\"><strong>Tel\u00f3n de fondo<\/strong><\/h4>\n\n\n\n<h4 class=\"wp-block-heading\"><strong>Despiden con cantos a Cristina<\/strong><\/h4>\n\n\n\n<p>Un 55.7% de los votantes se inclinaron por las promesas de cambio de&nbsp;Milei, quien se define como un&nbsp;anarco-capitalista, contra 44.3% que eligieron al ministro de Econom\u00eda, Sergio&nbsp;Massa.<\/p>\n\n\n\n<p>Los argentinos estuvieron crispados y en vilo durante una campa\u00f1a muy polarizada y en la que ambas partes sent\u00edan que se jugaba el futuro del pa\u00eds por lo antag\u00f3nicas que fueron ambas opciones.<\/p>\n\n\n\n<p><strong>El voto de Milei sac\u00f3 del poder al kirchnerismo de la actual vicepresidenta y dos veces mandataria Cristina Kirchner y que ha dominado la pol\u00edtica argentina en los \u00faltimos 20 a\u00f1os, excepto por el intervalo en que gobern\u00f3 el liberal Mauricio Macri (2015-2019).<\/strong><\/p>\n\n\n\n<p>\u201cArgentina sin Cristina\u201d, \u201cCristina va a ir presa\u201d y \u201cque se vayan todos, que no quede ni uno solo\u201d, cantaba la multitud que vitoreaba al ahora presidente electo en un ambiente de euforia.<\/p>\n\n\n\n<h4 class=\"wp-block-heading\"><strong>Regresaremos a reconstruir este tiradero<\/strong><\/h4>\n\n\n\n<p>\u201cArgentina es as\u00ed, cuando menos se espera abraza al tirano. Despu\u00e9s llora\u201d, dijo Diego Avellaneda, un obrero metal\u00fargico de 55 a\u00f1os, en el comando de campa\u00f1a de Massa, donde los seguidores del ministro peronista estaban aplastados por el des\u00e1nimo.<\/p>\n\n\n\n<p>\u201cVamos a volver en cuatro a\u00f1os con todo destruido y reconstruyendo los pedazos de pa\u00eds que va a dejar\u201d, lloraba Camila Velaron, de 20 a\u00f1os.<\/p>\n\n\n\n<p>Velaron acudi\u00f3 al comando con un grupo de amigas, todas con camisetas violetas con el r\u00f3tulo \u201cTodes&nbsp;unides&nbsp;triunfaremos\u201d, en referencia a los derechos que colectivos feministas y&nbsp;LGBT&nbsp;sienten que peligran bajo un gobierno&nbsp;Milei.<\/p>\n\n\n\n<p><strong>Milei niega que exista una brecha salarial entre hombres y mujeres y rechaza el consenso de 30 mil desaparecidos durante la \u00faltima dictadura (1976-1983) establecido por organizaciones de derechos humanos, al estimar en menos de la tercera parte esa cifra.<\/strong><\/p>\n\n\n\n<p>Adem\u00e1s, sostiene que el cambio clim\u00e1tico no es causado por la actividad humana.<\/p>\n","protected":false},"excerpt":{"rendered":"<p>Por Carolina Alonso Romei Internacionalista El nuevo mandatario alista un proyecto muy ambicioso para mejorar&#8230;<\/p>\n","protected":false},"author":2,"featured_media":106490,"comment_status":"open","ping_status":"open","sticky":false,"template":"","format":"standard","meta":{"_monsterinsights_skip_tracking":false,"_monsterinsights_sitenote_active":false,"_monsterinsights_sitenote_note":"","_monsterinsights_sitenote_category":0,"footnotes":""},"categories":[1],"tags":[],"class_list":["post-106489","post","type-post","status-publish","format-standard","has-post-thumbnail","hentry","category-sin-categoria"],"yoast_head":"<!-- This site is optimized with the Yoast SEO plugin v27.3 - https:\/\/yoast.com\/product\/yoast-seo-wordpress\/ -->\n<title>Internacionalista\/\/\/Carolina Alonso Romei\/\/\/Con triunfo de Milei, ultraderecha llega a la presidencia de Argentina -<\/title>\n<meta name=\"robots\" content=\"index, follow, max-snippet:-1, max-image-preview:large, max-video-preview:-1\" \/>\n<link rel=\"canonical\" href=\"https:\/\/quehacerpolitico.mx\/?p=106489\" \/>\n<meta property=\"og:locale\" content=\"es_MX\" \/>\n<meta property=\"og:type\" content=\"article\" \/>\n<meta property=\"og:title\" content=\"Internacionalista\/\/\/Carolina Alonso Romei\/\/\/Con triunfo de Milei, ultraderecha llega a la presidencia de Argentina -\" \/>\n<meta property=\"og:description\" content=\"Por Carolina Alonso Romei Internacionalista El nuevo mandatario alista un proyecto muy ambicioso para mejorar...\" \/>\n<meta property=\"og:url\" content=\"https:\/\/quehacerpolitico.mx\/?p=106489\" \/>\n<meta property=\"article:published_time\" content=\"2023-11-20T16:32:22+00:00\" \/>\n<meta property=\"article:modified_time\" content=\"2023-11-20T16:32:26+00:00\" \/>\n<meta property=\"og:image\" content=\"https:\/\/quehacerpolitico.mx\/wp-content\/uploads\/2023\/11\/IMG_2125.jpeg\" \/>\n\t<meta property=\"og:image:width\" content=\"739\" \/>\n\t<meta property=\"og:image:height\" content=\"415\" \/>\n\t<meta property=\"og:image:type\" content=\"image\/jpeg\" \/>\n<meta name=\"author\" content=\"Redacci\u00f3n QP\" \/>\n<meta name=\"twitter:card\" content=\"summary_large_image\" \/>\n<meta name=\"twitter:label1\" content=\"Escrito por\" \/>\n\t<meta name=\"twitter:data1\" content=\"Redacci\u00f3n QP\" \/>\n\t<meta name=\"twitter:label2\" content=\"Tiempo de lectura\" \/>\n\t<meta name=\"twitter:data2\" content=\"11 minutos\" \/>\n<script type=\"application\/ld+json\" class=\"yoast-schema-graph\">{\"@context\":\"https:\\\/\\\/schema.org\",\"@graph\":[{\"@type\":\"Article\",\"@id\":\"https:\\\/\\\/quehacerpolitico.mx\\\/?p=106489#article\",\"isPartOf\":{\"@id\":\"https:\\\/\\\/quehacerpolitico.mx\\\/?p=106489\"},\"author\":{\"name\":\"Redacci\u00f3n QP\",\"@id\":\"https:\\\/\\\/quehacerpolitico.mx\\\/#\\\/schema\\\/person\\\/496d8ad2d1d3f8036101dca7ee39e585\"},\"headline\":\"Internacionalista\\\/\\\/\\\/Carolina Alonso Romei\\\/\\\/\\\/Con triunfo de Milei, ultraderecha llega a la presidencia de Argentina\",\"datePublished\":\"2023-11-20T16:32:22+00:00\",\"dateModified\":\"2023-11-20T16:32:26+00:00\",\"mainEntityOfPage\":{\"@id\":\"https:\\\/\\\/quehacerpolitico.mx\\\/?p=106489\"},\"wordCount\":2162,\"commentCount\":0,\"image\":{\"@id\":\"https:\\\/\\\/quehacerpolitico.mx\\\/?p=106489#primaryimage\"},\"thumbnailUrl\":\"https:\\\/\\\/quehacerpolitico.mx\\\/wp-content\\\/uploads\\\/2023\\\/11\\\/IMG_2125.jpeg\",\"articleSection\":[\"Internacionales\"],\"inLanguage\":\"es\",\"potentialAction\":[{\"@type\":\"CommentAction\",\"name\":\"Comment\",\"target\":[\"https:\\\/\\\/quehacerpolitico.mx\\\/?p=106489#respond\"]}]},{\"@type\":\"WebPage\",\"@id\":\"https:\\\/\\\/quehacerpolitico.mx\\\/?p=106489\",\"url\":\"https:\\\/\\\/quehacerpolitico.mx\\\/?p=106489\",\"name\":\"Internacionalista\\\/\\\/\\\/Carolina Alonso Romei\\\/\\\/\\\/Con triunfo de Milei, ultraderecha llega a la presidencia de Argentina -\",\"isPartOf\":{\"@id\":\"https:\\\/\\\/quehacerpolitico.mx\\\/#website\"},\"primaryImageOfPage\":{\"@id\":\"https:\\\/\\\/quehacerpolitico.mx\\\/?p=106489#primaryimage\"},\"image\":{\"@id\":\"https:\\\/\\\/quehacerpolitico.mx\\\/?p=106489#primaryimage\"},\"thumbnailUrl\":\"https:\\\/\\\/quehacerpolitico.mx\\\/wp-content\\\/uploads\\\/2023\\\/11\\\/IMG_2125.jpeg\",\"datePublished\":\"2023-11-20T16:32:22+00:00\",\"dateModified\":\"2023-11-20T16:32:26+00:00\",\"author\":{\"@id\":\"https:\\\/\\\/quehacerpolitico.mx\\\/#\\\/schema\\\/person\\\/496d8ad2d1d3f8036101dca7ee39e585\"},\"breadcrumb\":{\"@id\":\"https:\\\/\\\/quehacerpolitico.mx\\\/?p=106489#breadcrumb\"},\"inLanguage\":\"es\",\"potentialAction\":[{\"@type\":\"ReadAction\",\"target\":[\"https:\\\/\\\/quehacerpolitico.mx\\\/?p=106489\"]}]},{\"@type\":\"ImageObject\",\"inLanguage\":\"es\",\"@id\":\"https:\\\/\\\/quehacerpolitico.mx\\\/?p=106489#primaryimage\",\"url\":\"https:\\\/\\\/quehacerpolitico.mx\\\/wp-content\\\/uploads\\\/2023\\\/11\\\/IMG_2125.jpeg\",\"contentUrl\":\"https:\\\/\\\/quehacerpolitico.mx\\\/wp-content\\\/uploads\\\/2023\\\/11\\\/IMG_2125.jpeg\",\"width\":739,\"height\":415},{\"@type\":\"BreadcrumbList\",\"@id\":\"https:\\\/\\\/quehacerpolitico.mx\\\/?p=106489#breadcrumb\",\"itemListElement\":[{\"@type\":\"ListItem\",\"position\":1,\"name\":\"Inicio\",\"item\":\"https:\\\/\\\/quehacerpolitico.mx\\\/\"},{\"@type\":\"ListItem\",\"position\":2,\"name\":\"Internacionalista\\\/\\\/\\\/Carolina Alonso Romei\\\/\\\/\\\/Con triunfo de Milei, ultraderecha llega a la presidencia de Argentina\"}]},{\"@type\":\"WebSite\",\"@id\":\"https:\\\/\\\/quehacerpolitico.mx\\\/#website\",\"url\":\"https:\\\/\\\/quehacerpolitico.mx\\\/\",\"name\":\"\",\"description\":\"\",\"potentialAction\":[{\"@type\":\"SearchAction\",\"target\":{\"@type\":\"EntryPoint\",\"urlTemplate\":\"https:\\\/\\\/quehacerpolitico.mx\\\/?s={search_term_string}\"},\"query-input\":{\"@type\":\"PropertyValueSpecification\",\"valueRequired\":true,\"valueName\":\"search_term_string\"}}],\"inLanguage\":\"es\"},{\"@type\":\"Person\",\"@id\":\"https:\\\/\\\/quehacerpolitico.mx\\\/#\\\/schema\\\/person\\\/496d8ad2d1d3f8036101dca7ee39e585\",\"name\":\"Redacci\u00f3n QP\",\"image\":{\"@type\":\"ImageObject\",\"inLanguage\":\"es\",\"@id\":\"https:\\\/\\\/secure.gravatar.com\\\/avatar\\\/c7164ed6fdec453195284ad24a5ae5b6e1eed2b848477fa2a4787ba9adf39a41?s=96&d=mm&r=g\",\"url\":\"https:\\\/\\\/secure.gravatar.com\\\/avatar\\\/c7164ed6fdec453195284ad24a5ae5b6e1eed2b848477fa2a4787ba9adf39a41?s=96&d=mm&r=g\",\"contentUrl\":\"https:\\\/\\\/secure.gravatar.com\\\/avatar\\\/c7164ed6fdec453195284ad24a5ae5b6e1eed2b848477fa2a4787ba9adf39a41?s=96&d=mm&r=g\",\"caption\":\"Redacci\u00f3n QP\"},\"url\":\"https:\\\/\\\/quehacerpolitico.mx\\\/?author=2\"}]}<\/script>\n<!-- \/ Yoast SEO plugin. -->","yoast_head_json":{"title":"Internacionalista\/\/\/Carolina Alonso Romei\/\/\/Con triunfo de Milei, ultraderecha llega a la presidencia de Argentina -","robots":{"index":"index","follow":"follow","max-snippet":"max-snippet:-1","max-image-preview":"max-image-preview:large","max-video-preview":"max-video-preview:-1"},"canonical":"https:\/\/quehacerpolitico.mx\/?p=106489","og_locale":"es_MX","og_type":"article","og_title":"Internacionalista\/\/\/Carolina Alonso Romei\/\/\/Con triunfo de Milei, ultraderecha llega a la presidencia de Argentina -","og_description":"Por Carolina Alonso Romei Internacionalista El nuevo mandatario alista un proyecto muy ambicioso para mejorar...","og_url":"https:\/\/quehacerpolitico.mx\/?p=106489","article_published_time":"2023-11-20T16:32:22+00:00","article_modified_time":"2023-11-20T16:32:26+00:00","og_image":[{"width":739,"height":415,"url":"https:\/\/quehacerpolitico.mx\/wp-content\/uploads\/2023\/11\/IMG_2125.jpeg","type":"image\/jpeg"}],"author":"Redacci\u00f3n QP","twitter_card":"summary_large_image","twitter_misc":{"Escrito por":"Redacci\u00f3n QP","Tiempo de lectura":"11 minutos"},"schema":{"@context":"https:\/\/schema.org","@graph":[{"@type":"Article","@id":"https:\/\/quehacerpolitico.mx\/?p=106489#article","isPartOf":{"@id":"https:\/\/quehacerpolitico.mx\/?p=106489"},"author":{"name":"Redacci\u00f3n QP","@id":"https:\/\/quehacerpolitico.mx\/#\/schema\/person\/496d8ad2d1d3f8036101dca7ee39e585"},"headline":"Internacionalista\/\/\/Carolina Alonso Romei\/\/\/Con triunfo de Milei, ultraderecha llega a la presidencia de Argentina","datePublished":"2023-11-20T16:32:22+00:00","dateModified":"2023-11-20T16:32:26+00:00","mainEntityOfPage":{"@id":"https:\/\/quehacerpolitico.mx\/?p=106489"},"wordCount":2162,"commentCount":0,"image":{"@id":"https:\/\/quehacerpolitico.mx\/?p=106489#primaryimage"},"thumbnailUrl":"https:\/\/quehacerpolitico.mx\/wp-content\/uploads\/2023\/11\/IMG_2125.jpeg","articleSection":["Internacionales"],"inLanguage":"es","potentialAction":[{"@type":"CommentAction","name":"Comment","target":["https:\/\/quehacerpolitico.mx\/?p=106489#respond"]}]},{"@type":"WebPage","@id":"https:\/\/quehacerpolitico.mx\/?p=106489","url":"https:\/\/quehacerpolitico.mx\/?p=106489","name":"Internacionalista\/\/\/Carolina Alonso Romei\/\/\/Con triunfo de Milei, ultraderecha llega a la presidencia de Argentina -","isPartOf":{"@id":"https:\/\/quehacerpolitico.mx\/#website"},"primaryImageOfPage":{"@id":"https:\/\/quehacerpolitico.mx\/?p=106489#primaryimage"},"image":{"@id":"https:\/\/quehacerpolitico.mx\/?p=106489#primaryimage"},"thumbnailUrl":"https:\/\/quehacerpolitico.mx\/wp-content\/uploads\/2023\/11\/IMG_2125.jpeg","datePublished":"2023-11-20T16:32:22+00:00","dateModified":"2023-11-20T16:32:26+00:00","author":{"@id":"https:\/\/quehacerpolitico.mx\/#\/schema\/person\/496d8ad2d1d3f8036101dca7ee39e585"},"breadcrumb":{"@id":"https:\/\/quehacerpolitico.mx\/?p=106489#breadcrumb"},"inLanguage":"es","potentialAction":[{"@type":"ReadAction","target":["https:\/\/quehacerpolitico.mx\/?p=106489"]}]},{"@type":"ImageObject","inLanguage":"es","@id":"https:\/\/quehacerpolitico.mx\/?p=106489#primaryimage","url":"https:\/\/quehacerpolitico.mx\/wp-content\/uploads\/2023\/11\/IMG_2125.jpeg","contentUrl":"https:\/\/quehacerpolitico.mx\/wp-content\/uploads\/2023\/11\/IMG_2125.jpeg","width":739,"height":415},{"@type":"BreadcrumbList","@id":"https:\/\/quehacerpolitico.mx\/?p=106489#breadcrumb","itemListElement":[{"@type":"ListItem","position":1,"name":"Inicio","item":"https:\/\/quehacerpolitico.mx\/"},{"@type":"ListItem","position":2,"name":"Internacionalista\/\/\/Carolina Alonso Romei\/\/\/Con triunfo de Milei, ultraderecha llega a la presidencia de Argentina"}]},{"@type":"WebSite","@id":"https:\/\/quehacerpolitico.mx\/#website","url":"https:\/\/quehacerpolitico.mx\/","name":"","description":"","potentialAction":[{"@type":"SearchAction","target":{"@type":"EntryPoint","urlTemplate":"https:\/\/quehacerpolitico.mx\/?s={search_term_string}"},"query-input":{"@type":"PropertyValueSpecification","valueRequired":true,"valueName":"search_term_string"}}],"inLanguage":"es"},{"@type":"Person","@id":"https:\/\/quehacerpolitico.mx\/#\/schema\/person\/496d8ad2d1d3f8036101dca7ee39e585","name":"Redacci\u00f3n QP","image":{"@type":"ImageObject","inLanguage":"es","@id":"https:\/\/secure.gravatar.com\/avatar\/c7164ed6fdec453195284ad24a5ae5b6e1eed2b848477fa2a4787ba9adf39a41?s=96&d=mm&r=g","url":"https:\/\/secure.gravatar.com\/avatar\/c7164ed6fdec453195284ad24a5ae5b6e1eed2b848477fa2a4787ba9adf39a41?s=96&d=mm&r=g","contentUrl":"https:\/\/secure.gravatar.com\/avatar\/c7164ed6fdec453195284ad24a5ae5b6e1eed2b848477fa2a4787ba9adf39a41?s=96&d=mm&r=g","caption":"Redacci\u00f3n QP"},"url":"https:\/\/quehacerpolitico.mx\/?author=2"}]}},"featured_image_urls":{"full":["https:\/\/quehacerpolitico.mx\/wp-content\/uploads\/2023\/11\/IMG_2125.jpeg",739,415,false],"thumbnail":["https:\/\/quehacerpolitico.mx\/wp-content\/uploads\/2023\/11\/IMG_2125-150x150.jpeg",150,150,true],"medium":["https:\/\/quehacerpolitico.mx\/wp-content\/uploads\/2023\/11\/IMG_2125-300x168.jpeg",300,168,true],"medium_large":["https:\/\/quehacerpolitico.mx\/wp-content\/uploads\/2023\/11\/IMG_2125.jpeg",640,359,false],"large":["https:\/\/quehacerpolitico.mx\/wp-content\/uploads\/2023\/11\/IMG_2125.jpeg",640,359,false],"1536x1536":["https:\/\/quehacerpolitico.mx\/wp-content\/uploads\/2023\/11\/IMG_2125.jpeg",739,415,false],"2048x2048":["https:\/\/quehacerpolitico.mx\/wp-content\/uploads\/2023\/11\/IMG_2125.jpeg",739,415,false],"covernews-featured":["https:\/\/quehacerpolitico.mx\/wp-content\/uploads\/2023\/11\/IMG_2125.jpeg",739,415,false],"covernews-medium":["https:\/\/quehacerpolitico.mx\/wp-content\/uploads\/2023\/11\/IMG_2125.jpeg",540,303,false]},"author_info":{"display_name":"Redacci\u00f3n QP","author_link":"https:\/\/quehacerpolitico.mx\/?author=2"},"category_info":"<a href=\"https:\/\/quehacerpolitico.mx\/?cat=1\" rel=\"category\">Internacionales<\/a>","tag_info":"Internacionales","comment_count":"0","_links":{"self":[{"href":"https:\/\/quehacerpolitico.mx\/index.php?rest_route=\/wp\/v2\/posts\/106489","targetHints":{"allow":["GET"]}}],"collection":[{"href":"https:\/\/quehacerpolitico.mx\/index.php?rest_route=\/wp\/v2\/posts"}],"about":[{"href":"https:\/\/quehacerpolitico.mx\/index.php?rest_route=\/wp\/v2\/types\/post"}],"author":[{"embeddable":true,"href":"https:\/\/quehacerpolitico.mx\/index.php?rest_route=\/wp\/v2\/users\/2"}],"replies":[{"embeddable":true,"href":"https:\/\/quehacerpolitico.mx\/index.php?rest_route=%2Fwp%2Fv2%2Fcomments&post=106489"}],"version-history":[{"count":1,"href":"https:\/\/quehacerpolitico.mx\/index.php?rest_route=\/wp\/v2\/posts\/106489\/revisions"}],"predecessor-version":[{"id":106491,"href":"https:\/\/quehacerpolitico.mx\/index.php?rest_route=\/wp\/v2\/posts\/106489\/revisions\/106491"}],"wp:featuredmedia":[{"embeddable":true,"href":"https:\/\/quehacerpolitico.mx\/index.php?rest_route=\/wp\/v2\/media\/106490"}],"wp:attachment":[{"href":"https:\/\/quehacerpolitico.mx\/index.php?rest_route=%2Fwp%2Fv2%2Fmedia&parent=106489"}],"wp:term":[{"taxonomy":"category","embeddable":true,"href":"https:\/\/quehacerpolitico.mx\/index.php?rest_route=%2Fwp%2Fv2%2Fcategories&post=106489"},{"taxonomy":"post_tag","embeddable":true,"href":"https:\/\/quehacerpolitico.mx\/index.php?rest_route=%2Fwp%2Fv2%2Ftags&post=106489"}],"curies":[{"name":"wp","href":"https:\/\/api.w.org\/{rel}","templated":true}]}}