{"id":106453,"date":"2023-11-16T17:57:50","date_gmt":"2023-11-16T17:57:50","guid":{"rendered":"https:\/\/quehacerpolitico.mx\/?p=106453"},"modified":"2023-11-16T18:08:17","modified_gmt":"2023-11-16T18:08:17","slug":"linea-12-del-metro-de-la-cdmx-pagaron-mas-de-15-mmdp-por-renta-de-trenes-que-no-se-usan","status":"publish","type":"post","link":"https:\/\/quehacerpolitico.mx\/?p=106453","title":{"rendered":"L\u00ednea 12 del Metro de la CDMX pagaron m\u00e1s de 15 mmdp por renta de trenes que no se usan"},"content":{"rendered":"\n<p>Por Redacci\u00f3n QP<\/p>\n\n\n\n<p><em>L\u00ednea 12 aun sin operar, paga miles de millones por renta de trenes<\/em><\/p>\n\n\n\n<p>La<strong>&nbsp;l\u00ednea 12 del Metro de la Ciudad de M\u00e9xico<\/strong>, adem\u00e1s de no funcionar por m\u00e1s de 20 meses, no ha dejado de pagar por la<strong>&nbsp;renta y mantenimiento de trenes<\/strong>&nbsp;que ni usa y suma una cantidad de 15 mil millones de pesos.<\/p>\n\n\n\n<p>De acuerdo a una investigaci\u00f3n de Mexicanos Contra la Corrupci\u00f3n e Impunidad (MCCI) el Sistema de Transporte Colectivo (STC) de 2015 a 2023 pag\u00f3<strong>\u00a015 mil 878 millones de pesos por 30 trenes nuevo<\/strong>s de rodadura f\u00e9rrea.<\/p>\n\n\n\n<p>Algo as\u00ed como el avi\u00f3n presidencial, se han derrochado millones por algo que ni se ha usado, pues dicha l\u00ednea ha suspendido operaciones en tres ocasiones, en poco m\u00e1s de 10 a\u00f1os de funcionamiento.<\/p>\n\n\n\n<p>Fue inaugurada el 30 de octubre de 2012, sin embargo, 16 meses despu\u00e9s, el 11 de marzo de 2014, la L\u00ednea tuvo que suspender el servicio en 11 de sus 20 estaciones por<strong>&nbsp;fallas estructurales en la v\u00eda.<\/strong><\/p>\n\n\n\n<p>La segunda suspensi\u00f3n del servicio se dio tras los sismos de septiembre de 2017. Los temblores registrados en ese a\u00f1o dejaron da\u00f1os en la L\u00ednea 12 tales como afectaciones en una columna y en trabes.<\/p>\n\n\n\n<p>El cierre m\u00e1s catastrofico sucedi\u00f3 luego del 3 de mayo de 2021, cuando una de las estructuras del tren elevado entre las estaciones Olivos y Tezonco se vino abajo de manera estrepitosa.<\/p>\n\n\n\n<p>Un a\u00f1o y ocho meses despu\u00e9s, el&nbsp;<strong>15 de enero de 2023<\/strong>&nbsp;fueron reabiertas nueve de las 20 estaciones, todas ellas subterr\u00e1neas (de Mixcoac a Atlalilco).<\/p>\n\n\n\n<p>De esta forma el monto por la renta de trenes hasta el a\u00f1o 2023 representa casi la&nbsp;<strong>misma cantidad del contrato<\/strong>&nbsp;<strong>que se firm\u00f3 en 2008 para construir toda la L\u00ednea 12<\/strong>, obra que ascendi\u00f3 a 17 mil 583 millones de pesos.<\/p>\n\n\n\n<h3 class=\"wp-block-heading\"><strong>Metro pag\u00f3 m\u00e1s de 15 mmdp por la renta de trenes que no se usan en la L12<\/strong><\/h3>\n\n\n\n<p>MCCI realiz\u00f3 diversas solicitudes de transparencia para conocer el monto que ha pagado el Metro por la renta de esos&nbsp;<strong>30 trenes de la L\u00ednea 12<\/strong>&nbsp;y cuestionar si durante los cierres parciales se ha dado otro uso.<\/p>\n\n\n\n<p><em>\u201cLos trenes durante los cierres parciales permanecieron resguardados, sin que se les diera otro uso\u201d,<\/em>&nbsp;respondi\u00f3 el Sistema de Transporte Colectivo.<\/p>\n\n\n\n<p>El contrato para rentar los trenes de la L\u00ednea 12 fue firmado el 31 de mayo de 2010 entre el Metro, CAF y Provetren y ascendi\u00f3 a&nbsp;<strong>mil 588 millones de d\u00f3lares por un periodo de 180 meses (15 a\u00f1os).<\/strong>Al concluir el contrato, los trenes pasar\u00e1n a ser propiedad del Metro.<\/p>\n\n\n\n<p>Con informaci\u00f3n de&nbsp;MCCI<\/p>\n","protected":false},"excerpt":{"rendered":"<p>Por Redacci\u00f3n QP L\u00ednea 12 aun sin operar, paga miles de millones por renta de&#8230;<\/p>\n","protected":false},"author":2,"featured_media":106454,"comment_status":"open","ping_status":"open","sticky":false,"template":"","format":"standard","meta":{"_monsterinsights_skip_tracking":false,"_monsterinsights_sitenote_active":false,"_monsterinsights_sitenote_note":"","_monsterinsights_sitenote_category":0,"footnotes":""},"categories":[55],"tags":[],"class_list":["post-106453","post","type-post","status-publish","format-standard","has-post-thumbnail","hentry","category-cdmx"],"yoast_head":"<!-- This site is optimized with the Yoast SEO plugin v27.3 - https:\/\/yoast.com\/product\/yoast-seo-wordpress\/ -->\n<title>L\u00ednea 12 del Metro de la CDMX pagaron m\u00e1s de 15 mmdp por renta de trenes que no se usan -<\/title>\n<meta name=\"robots\" content=\"index, follow, max-snippet:-1, max-image-preview:large, max-video-preview:-1\" \/>\n<link rel=\"canonical\" href=\"https:\/\/quehacerpolitico.mx\/?p=106453\" \/>\n<meta property=\"og:locale\" content=\"es_MX\" \/>\n<meta property=\"og:type\" content=\"article\" \/>\n<meta property=\"og:title\" content=\"L\u00ednea 12 del Metro de la CDMX pagaron m\u00e1s de 15 mmdp por renta de trenes que no se usan -\" \/>\n<meta property=\"og:description\" content=\"Por Redacci\u00f3n QP L\u00ednea 12 aun sin operar, paga miles de millones por renta de...\" \/>\n<meta property=\"og:url\" content=\"https:\/\/quehacerpolitico.mx\/?p=106453\" \/>\n<meta property=\"article:published_time\" content=\"2023-11-16T17:57:50+00:00\" \/>\n<meta property=\"article:modified_time\" content=\"2023-11-16T18:08:17+00:00\" \/>\n<meta property=\"og:image\" content=\"https:\/\/quehacerpolitico.mx\/wp-content\/uploads\/2023\/11\/IMG_2073-scaled.jpeg\" \/>\n\t<meta property=\"og:image:width\" content=\"2560\" \/>\n\t<meta property=\"og:image:height\" content=\"1920\" \/>\n\t<meta property=\"og:image:type\" content=\"image\/jpeg\" \/>\n<meta name=\"author\" content=\"Redacci\u00f3n QP\" \/>\n<meta name=\"twitter:card\" content=\"summary_large_image\" \/>\n<meta name=\"twitter:label1\" content=\"Escrito por\" \/>\n\t<meta name=\"twitter:data1\" content=\"Redacci\u00f3n QP\" \/>\n\t<meta name=\"twitter:label2\" content=\"Tiempo de lectura\" \/>\n\t<meta name=\"twitter:data2\" content=\"2 minutos\" \/>\n<script type=\"application\/ld+json\" class=\"yoast-schema-graph\">{\"@context\":\"https:\\\/\\\/schema.org\",\"@graph\":[{\"@type\":\"Article\",\"@id\":\"https:\\\/\\\/quehacerpolitico.mx\\\/?p=106453#article\",\"isPartOf\":{\"@id\":\"https:\\\/\\\/quehacerpolitico.mx\\\/?p=106453\"},\"author\":{\"name\":\"Redacci\u00f3n QP\",\"@id\":\"https:\\\/\\\/quehacerpolitico.mx\\\/#\\\/schema\\\/person\\\/496d8ad2d1d3f8036101dca7ee39e585\"},\"headline\":\"L\u00ednea 12 del Metro de la CDMX pagaron m\u00e1s de 15 mmdp por renta de trenes que no se usan\",\"datePublished\":\"2023-11-16T17:57:50+00:00\",\"dateModified\":\"2023-11-16T18:08:17+00:00\",\"mainEntityOfPage\":{\"@id\":\"https:\\\/\\\/quehacerpolitico.mx\\\/?p=106453\"},\"wordCount\":465,\"commentCount\":0,\"image\":{\"@id\":\"https:\\\/\\\/quehacerpolitico.mx\\\/?p=106453#primaryimage\"},\"thumbnailUrl\":\"https:\\\/\\\/quehacerpolitico.mx\\\/wp-content\\\/uploads\\\/2023\\\/11\\\/IMG_2073-scaled.jpeg\",\"articleSection\":[\"CDMX\"],\"inLanguage\":\"es\",\"potentialAction\":[{\"@type\":\"CommentAction\",\"name\":\"Comment\",\"target\":[\"https:\\\/\\\/quehacerpolitico.mx\\\/?p=106453#respond\"]}]},{\"@type\":\"WebPage\",\"@id\":\"https:\\\/\\\/quehacerpolitico.mx\\\/?p=106453\",\"url\":\"https:\\\/\\\/quehacerpolitico.mx\\\/?p=106453\",\"name\":\"L\u00ednea 12 del Metro de la CDMX pagaron m\u00e1s de 15 mmdp por renta de trenes que no se usan -\",\"isPartOf\":{\"@id\":\"https:\\\/\\\/quehacerpolitico.mx\\\/#website\"},\"primaryImageOfPage\":{\"@id\":\"https:\\\/\\\/quehacerpolitico.mx\\\/?p=106453#primaryimage\"},\"image\":{\"@id\":\"https:\\\/\\\/quehacerpolitico.mx\\\/?p=106453#primaryimage\"},\"thumbnailUrl\":\"https:\\\/\\\/quehacerpolitico.mx\\\/wp-content\\\/uploads\\\/2023\\\/11\\\/IMG_2073-scaled.jpeg\",\"datePublished\":\"2023-11-16T17:57:50+00:00\",\"dateModified\":\"2023-11-16T18:08:17+00:00\",\"author\":{\"@id\":\"https:\\\/\\\/quehacerpolitico.mx\\\/#\\\/schema\\\/person\\\/496d8ad2d1d3f8036101dca7ee39e585\"},\"breadcrumb\":{\"@id\":\"https:\\\/\\\/quehacerpolitico.mx\\\/?p=106453#breadcrumb\"},\"inLanguage\":\"es\",\"potentialAction\":[{\"@type\":\"ReadAction\",\"target\":[\"https:\\\/\\\/quehacerpolitico.mx\\\/?p=106453\"]}]},{\"@type\":\"ImageObject\",\"inLanguage\":\"es\",\"@id\":\"https:\\\/\\\/quehacerpolitico.mx\\\/?p=106453#primaryimage\",\"url\":\"https:\\\/\\\/quehacerpolitico.mx\\\/wp-content\\\/uploads\\\/2023\\\/11\\\/IMG_2073-scaled.jpeg\",\"contentUrl\":\"https:\\\/\\\/quehacerpolitico.mx\\\/wp-content\\\/uploads\\\/2023\\\/11\\\/IMG_2073-scaled.jpeg\",\"width\":2560,\"height\":1920},{\"@type\":\"BreadcrumbList\",\"@id\":\"https:\\\/\\\/quehacerpolitico.mx\\\/?p=106453#breadcrumb\",\"itemListElement\":[{\"@type\":\"ListItem\",\"position\":1,\"name\":\"Inicio\",\"item\":\"https:\\\/\\\/quehacerpolitico.mx\\\/\"},{\"@type\":\"ListItem\",\"position\":2,\"name\":\"L\u00ednea 12 del Metro de la CDMX pagaron m\u00e1s de 15 mmdp por renta de trenes que no se usan\"}]},{\"@type\":\"WebSite\",\"@id\":\"https:\\\/\\\/quehacerpolitico.mx\\\/#website\",\"url\":\"https:\\\/\\\/quehacerpolitico.mx\\\/\",\"name\":\"\",\"description\":\"\",\"potentialAction\":[{\"@type\":\"SearchAction\",\"target\":{\"@type\":\"EntryPoint\",\"urlTemplate\":\"https:\\\/\\\/quehacerpolitico.mx\\\/?s={search_term_string}\"},\"query-input\":{\"@type\":\"PropertyValueSpecification\",\"valueRequired\":true,\"valueName\":\"search_term_string\"}}],\"inLanguage\":\"es\"},{\"@type\":\"Person\",\"@id\":\"https:\\\/\\\/quehacerpolitico.mx\\\/#\\\/schema\\\/person\\\/496d8ad2d1d3f8036101dca7ee39e585\",\"name\":\"Redacci\u00f3n QP\",\"image\":{\"@type\":\"ImageObject\",\"inLanguage\":\"es\",\"@id\":\"https:\\\/\\\/secure.gravatar.com\\\/avatar\\\/c7164ed6fdec453195284ad24a5ae5b6e1eed2b848477fa2a4787ba9adf39a41?s=96&d=mm&r=g\",\"url\":\"https:\\\/\\\/secure.gravatar.com\\\/avatar\\\/c7164ed6fdec453195284ad24a5ae5b6e1eed2b848477fa2a4787ba9adf39a41?s=96&d=mm&r=g\",\"contentUrl\":\"https:\\\/\\\/secure.gravatar.com\\\/avatar\\\/c7164ed6fdec453195284ad24a5ae5b6e1eed2b848477fa2a4787ba9adf39a41?s=96&d=mm&r=g\",\"caption\":\"Redacci\u00f3n QP\"},\"url\":\"https:\\\/\\\/quehacerpolitico.mx\\\/?author=2\"}]}<\/script>\n<!-- \/ Yoast SEO plugin. -->","yoast_head_json":{"title":"L\u00ednea 12 del Metro de la CDMX pagaron m\u00e1s de 15 mmdp por renta de trenes que no se usan -","robots":{"index":"index","follow":"follow","max-snippet":"max-snippet:-1","max-image-preview":"max-image-preview:large","max-video-preview":"max-video-preview:-1"},"canonical":"https:\/\/quehacerpolitico.mx\/?p=106453","og_locale":"es_MX","og_type":"article","og_title":"L\u00ednea 12 del Metro de la CDMX pagaron m\u00e1s de 15 mmdp por renta de trenes que no se usan -","og_description":"Por Redacci\u00f3n QP L\u00ednea 12 aun sin operar, paga miles de millones por renta de...","og_url":"https:\/\/quehacerpolitico.mx\/?p=106453","article_published_time":"2023-11-16T17:57:50+00:00","article_modified_time":"2023-11-16T18:08:17+00:00","og_image":[{"width":2560,"height":1920,"url":"https:\/\/quehacerpolitico.mx\/wp-content\/uploads\/2023\/11\/IMG_2073-scaled.jpeg","type":"image\/jpeg"}],"author":"Redacci\u00f3n QP","twitter_card":"summary_large_image","twitter_misc":{"Escrito por":"Redacci\u00f3n QP","Tiempo de lectura":"2 minutos"},"schema":{"@context":"https:\/\/schema.org","@graph":[{"@type":"Article","@id":"https:\/\/quehacerpolitico.mx\/?p=106453#article","isPartOf":{"@id":"https:\/\/quehacerpolitico.mx\/?p=106453"},"author":{"name":"Redacci\u00f3n QP","@id":"https:\/\/quehacerpolitico.mx\/#\/schema\/person\/496d8ad2d1d3f8036101dca7ee39e585"},"headline":"L\u00ednea 12 del Metro de la CDMX pagaron m\u00e1s de 15 mmdp por renta de trenes que no se usan","datePublished":"2023-11-16T17:57:50+00:00","dateModified":"2023-11-16T18:08:17+00:00","mainEntityOfPage":{"@id":"https:\/\/quehacerpolitico.mx\/?p=106453"},"wordCount":465,"commentCount":0,"image":{"@id":"https:\/\/quehacerpolitico.mx\/?p=106453#primaryimage"},"thumbnailUrl":"https:\/\/quehacerpolitico.mx\/wp-content\/uploads\/2023\/11\/IMG_2073-scaled.jpeg","articleSection":["CDMX"],"inLanguage":"es","potentialAction":[{"@type":"CommentAction","name":"Comment","target":["https:\/\/quehacerpolitico.mx\/?p=106453#respond"]}]},{"@type":"WebPage","@id":"https:\/\/quehacerpolitico.mx\/?p=106453","url":"https:\/\/quehacerpolitico.mx\/?p=106453","name":"L\u00ednea 12 del Metro de la CDMX pagaron m\u00e1s de 15 mmdp por renta de trenes que no se usan -","isPartOf":{"@id":"https:\/\/quehacerpolitico.mx\/#website"},"primaryImageOfPage":{"@id":"https:\/\/quehacerpolitico.mx\/?p=106453#primaryimage"},"image":{"@id":"https:\/\/quehacerpolitico.mx\/?p=106453#primaryimage"},"thumbnailUrl":"https:\/\/quehacerpolitico.mx\/wp-content\/uploads\/2023\/11\/IMG_2073-scaled.jpeg","datePublished":"2023-11-16T17:57:50+00:00","dateModified":"2023-11-16T18:08:17+00:00","author":{"@id":"https:\/\/quehacerpolitico.mx\/#\/schema\/person\/496d8ad2d1d3f8036101dca7ee39e585"},"breadcrumb":{"@id":"https:\/\/quehacerpolitico.mx\/?p=106453#breadcrumb"},"inLanguage":"es","potentialAction":[{"@type":"ReadAction","target":["https:\/\/quehacerpolitico.mx\/?p=106453"]}]},{"@type":"ImageObject","inLanguage":"es","@id":"https:\/\/quehacerpolitico.mx\/?p=106453#primaryimage","url":"https:\/\/quehacerpolitico.mx\/wp-content\/uploads\/2023\/11\/IMG_2073-scaled.jpeg","contentUrl":"https:\/\/quehacerpolitico.mx\/wp-content\/uploads\/2023\/11\/IMG_2073-scaled.jpeg","width":2560,"height":1920},{"@type":"BreadcrumbList","@id":"https:\/\/quehacerpolitico.mx\/?p=106453#breadcrumb","itemListElement":[{"@type":"ListItem","position":1,"name":"Inicio","item":"https:\/\/quehacerpolitico.mx\/"},{"@type":"ListItem","position":2,"name":"L\u00ednea 12 del Metro de la CDMX pagaron m\u00e1s de 15 mmdp por renta de trenes que no se usan"}]},{"@type":"WebSite","@id":"https:\/\/quehacerpolitico.mx\/#website","url":"https:\/\/quehacerpolitico.mx\/","name":"","description":"","potentialAction":[{"@type":"SearchAction","target":{"@type":"EntryPoint","urlTemplate":"https:\/\/quehacerpolitico.mx\/?s={search_term_string}"},"query-input":{"@type":"PropertyValueSpecification","valueRequired":true,"valueName":"search_term_string"}}],"inLanguage":"es"},{"@type":"Person","@id":"https:\/\/quehacerpolitico.mx\/#\/schema\/person\/496d8ad2d1d3f8036101dca7ee39e585","name":"Redacci\u00f3n QP","image":{"@type":"ImageObject","inLanguage":"es","@id":"https:\/\/secure.gravatar.com\/avatar\/c7164ed6fdec453195284ad24a5ae5b6e1eed2b848477fa2a4787ba9adf39a41?s=96&d=mm&r=g","url":"https:\/\/secure.gravatar.com\/avatar\/c7164ed6fdec453195284ad24a5ae5b6e1eed2b848477fa2a4787ba9adf39a41?s=96&d=mm&r=g","contentUrl":"https:\/\/secure.gravatar.com\/avatar\/c7164ed6fdec453195284ad24a5ae5b6e1eed2b848477fa2a4787ba9adf39a41?s=96&d=mm&r=g","caption":"Redacci\u00f3n QP"},"url":"https:\/\/quehacerpolitico.mx\/?author=2"}]}},"featured_image_urls":{"full":["https:\/\/quehacerpolitico.mx\/wp-content\/uploads\/2023\/11\/IMG_2073-scaled.jpeg",2560,1920,false],"thumbnail":["https:\/\/quehacerpolitico.mx\/wp-content\/uploads\/2023\/11\/IMG_2073-150x150.jpeg",150,150,true],"medium":["https:\/\/quehacerpolitico.mx\/wp-content\/uploads\/2023\/11\/IMG_2073-300x225.jpeg",300,225,true],"medium_large":["https:\/\/quehacerpolitico.mx\/wp-content\/uploads\/2023\/11\/IMG_2073-768x576.jpeg",640,480,true],"large":["https:\/\/quehacerpolitico.mx\/wp-content\/uploads\/2023\/11\/IMG_2073-1024x768.jpeg",640,480,true],"1536x1536":["https:\/\/quehacerpolitico.mx\/wp-content\/uploads\/2023\/11\/IMG_2073-1536x1152.jpeg",1536,1152,true],"2048x2048":["https:\/\/quehacerpolitico.mx\/wp-content\/uploads\/2023\/11\/IMG_2073-2048x1536.jpeg",2048,1536,true],"covernews-featured":["https:\/\/quehacerpolitico.mx\/wp-content\/uploads\/2023\/11\/IMG_2073-scaled.jpeg",1024,768,false],"covernews-medium":["https:\/\/quehacerpolitico.mx\/wp-content\/uploads\/2023\/11\/IMG_2073-scaled.jpeg",453,340,false]},"author_info":{"display_name":"Redacci\u00f3n QP","author_link":"https:\/\/quehacerpolitico.mx\/?author=2"},"category_info":"<a href=\"https:\/\/quehacerpolitico.mx\/?cat=55\" rel=\"category\">CDMX<\/a>","tag_info":"CDMX","comment_count":"0","_links":{"self":[{"href":"https:\/\/quehacerpolitico.mx\/index.php?rest_route=\/wp\/v2\/posts\/106453","targetHints":{"allow":["GET"]}}],"collection":[{"href":"https:\/\/quehacerpolitico.mx\/index.php?rest_route=\/wp\/v2\/posts"}],"about":[{"href":"https:\/\/quehacerpolitico.mx\/index.php?rest_route=\/wp\/v2\/types\/post"}],"author":[{"embeddable":true,"href":"https:\/\/quehacerpolitico.mx\/index.php?rest_route=\/wp\/v2\/users\/2"}],"replies":[{"embeddable":true,"href":"https:\/\/quehacerpolitico.mx\/index.php?rest_route=%2Fwp%2Fv2%2Fcomments&post=106453"}],"version-history":[{"count":2,"href":"https:\/\/quehacerpolitico.mx\/index.php?rest_route=\/wp\/v2\/posts\/106453\/revisions"}],"predecessor-version":[{"id":106457,"href":"https:\/\/quehacerpolitico.mx\/index.php?rest_route=\/wp\/v2\/posts\/106453\/revisions\/106457"}],"wp:featuredmedia":[{"embeddable":true,"href":"https:\/\/quehacerpolitico.mx\/index.php?rest_route=\/wp\/v2\/media\/106454"}],"wp:attachment":[{"href":"https:\/\/quehacerpolitico.mx\/index.php?rest_route=%2Fwp%2Fv2%2Fmedia&parent=106453"}],"wp:term":[{"taxonomy":"category","embeddable":true,"href":"https:\/\/quehacerpolitico.mx\/index.php?rest_route=%2Fwp%2Fv2%2Fcategories&post=106453"},{"taxonomy":"post_tag","embeddable":true,"href":"https:\/\/quehacerpolitico.mx\/index.php?rest_route=%2Fwp%2Fv2%2Ftags&post=106453"}],"curies":[{"name":"wp","href":"https:\/\/api.w.org\/{rel}","templated":true}]}}