{"id":106426,"date":"2023-11-15T17:21:27","date_gmt":"2023-11-15T17:21:27","guid":{"rendered":"https:\/\/quehacerpolitico.mx\/?p=106426"},"modified":"2023-11-15T17:21:31","modified_gmt":"2023-11-15T17:21:31","slug":"amlo-arremetio-esta-manana-contra-cretinos-que-no-pagaban-impuestos-al-servicio-de-administracion-tributaria-sat","status":"publish","type":"post","link":"https:\/\/quehacerpolitico.mx\/?p=106426","title":{"rendered":"AMLO arremeti\u00f3 esta ma\u00f1ana contra \u201ccretinos\u201d que\u00a0no pagaban impuestos\u00a0al Servicio de Administraci\u00f3n Tributaria\u00a0(SAT)"},"content":{"rendered":"\n<p>Por Redacci\u00f3n QP<\/p>\n\n\n\n<p>El presidente L\u00f3pez Obrador se refiri\u00f3 a los \u201cdel mero arriba\u201d de las empresas, quienes no pagaban impuestos al Gobierno<\/p>\n\n\n\n<p><strong>Andres Manuel L\u00f3pez Obrador<\/strong>, presidente de M\u00e9xico, arremeti\u00f3 esta ma\u00f1ana contra \u201c<strong>cretinos<\/strong>\u201d que\u00a0<strong>no pagaban impuestos<\/strong>\u00a0al<strong>Servicio de Administraci\u00f3n Tributaria<\/strong>\u00a0(<strong>SAT<\/strong>).<\/p>\n\n\n\n<p>En la conferencia matutina de Palacio Nacional, L\u00f3pez Obrador se refiri\u00f3 a los \u201cdel mero arriba\u201d de las empresas, a quienes tambi\u00e9n calific\u00f3 de \u201c<strong>caraduras<\/strong>\u201c.<\/p>\n\n\n\n<p>\u201cLe echaban la culpa a los ambulantes de que no hab\u00eda recaudaci\u00f3n porque no pagaban impuestos los de la econom\u00eda informal, cuando la gente se buscaba la vida como pod\u00eda y lo sigue haciendo, como puede, porque no ten\u00eda opciones, no ten\u00eda alternativas porque imperaba la corrupci\u00f3n\u201d, subray\u00f3.<\/p>\n\n\n\n<figure class=\"wp-block-embed is-type-video is-provider-youtube wp-block-embed-youtube wp-embed-aspect-16-9 wp-has-aspect-ratio\"><div class=\"wp-block-embed__wrapper\">\n<iframe loading=\"lazy\" title=\"Arremete AMLO contra &#039;cretinos&#039; que no pagaban impuestos\" width=\"640\" height=\"360\" src=\"https:\/\/www.youtube.com\/embed\/lI-L8fLBf9Y?feature=oembed\" frameborder=\"0\" allow=\"accelerometer; autoplay; clipboard-write; encrypted-media; gyroscope; picture-in-picture; web-share\" referrerpolicy=\"strict-origin-when-cross-origin\" allowfullscreen><\/iframe>\n<\/div><\/figure>\n\n\n\n<p>Estos caraduras, cretinos que no pagaban los impuestos, los de arriba, los de mero arriba, ech\u00e1ndole la culpa a los \u2018viene viene\u2019 y los que venden en la calle para tener algunos ingresos, porque la econom\u00eda formal no funcionaba\u201d, expuso.<\/p>\n\n\n\n<p>El mandatario mexicano tambi\u00e9n se lanz\u00f3 contra due\u00f1os de medios de comunicaci\u00f3n, de quienes detall\u00f3 que les eran condonados impuestos.<\/p>\n\n\n\n<p>\u201cLos due\u00f1os de los medios de informaci\u00f3n convencionales, constructores o grandes empresarios y para qu\u00e9 quer\u00edan el medio de informaci\u00f3n, pues para proteger y tener la influencia suficiente para que el Gobierno les diera todo lo que ped\u00edan\u201d, argument\u00f3 en el Sal\u00f3n Tesorer\u00eda.<\/p>\n\n\n\n<p>\u201c\u00bfY cu\u00e1nto costaba eso? Miles de millones de pesos, porque, entre otras cosas, no estoy hablando nada m\u00e1s de una empresa, sino de varias vinculadas con los medios de manipulaci\u00f3n, no pagaban impuestos, estoy hablando de condonaciones de miles (de millones de pesos)\u201d, puntualiz\u00f3.<\/p>\n\n\n\n<p>L\u00f3pez Obrador declar\u00f3 que prebendas que recib\u00edan periodistas por parte del Gobierno, eran \u201cuna bicoca\u201d comparado con lo que recib\u00edan los due\u00f1os de medios.<\/p>\n\n\n\n<p>\u201cTambi\u00e9n se piensa que era el&nbsp;<em>chayote<\/em>, lo que le daban a los periodistas, no, eso es una bicoca, en comparaci\u00f3n con lo que obten\u00edan los due\u00f1os, por m\u00e1s que le pagaran a un periodista\u201d, extern\u00f3.<\/p>\n\n\n\n<p>\u201cPara empezar, los que ganan bastante en el periodismo deben de ser 20, cuando mucho, pero hay miles de periodistas que ganan poco, viven en la justa median\u00eda y otros con ingresos muy precarios, \u00bfy qu\u00e9 se queda en la conciencia de muchos? En lo que llaman el imaginario colectivo, que el problema es el&nbsp;<em>chayote<\/em>, los&nbsp;<em>chayoteros<\/em>\u2018, no, no, no, eso no es nada, nada, en comparaci\u00f3n con lo otro\u201d, dijo.<\/p>\n","protected":false},"excerpt":{"rendered":"<p>Por Redacci\u00f3n QP El presidente L\u00f3pez Obrador se refiri\u00f3 a los \u201cdel mero arriba\u201d de&#8230;<\/p>\n","protected":false},"author":2,"featured_media":106427,"comment_status":"open","ping_status":"open","sticky":false,"template":"","format":"standard","meta":{"_monsterinsights_skip_tracking":false,"_monsterinsights_sitenote_active":false,"_monsterinsights_sitenote_note":"","_monsterinsights_sitenote_category":0,"footnotes":""},"categories":[2],"tags":[],"class_list":["post-106426","post","type-post","status-publish","format-standard","has-post-thumbnail","hentry","category-noticias"],"yoast_head":"<!-- This site is optimized with the Yoast SEO plugin v27.3 - https:\/\/yoast.com\/product\/yoast-seo-wordpress\/ -->\n<title>AMLO arremeti\u00f3 esta ma\u00f1ana contra \u201ccretinos\u201d que\u00a0no pagaban impuestos\u00a0al Servicio de Administraci\u00f3n Tributaria\u00a0(SAT) -<\/title>\n<meta name=\"robots\" content=\"index, follow, max-snippet:-1, max-image-preview:large, max-video-preview:-1\" \/>\n<link rel=\"canonical\" href=\"https:\/\/quehacerpolitico.mx\/?p=106426\" \/>\n<meta property=\"og:locale\" content=\"es_MX\" \/>\n<meta property=\"og:type\" content=\"article\" \/>\n<meta property=\"og:title\" content=\"AMLO arremeti\u00f3 esta ma\u00f1ana contra \u201ccretinos\u201d que\u00a0no pagaban impuestos\u00a0al Servicio de Administraci\u00f3n Tributaria\u00a0(SAT) -\" \/>\n<meta property=\"og:description\" content=\"Por Redacci\u00f3n QP El presidente L\u00f3pez Obrador se refiri\u00f3 a los \u201cdel mero arriba\u201d de...\" \/>\n<meta property=\"og:url\" content=\"https:\/\/quehacerpolitico.mx\/?p=106426\" \/>\n<meta property=\"article:published_time\" content=\"2023-11-15T17:21:27+00:00\" \/>\n<meta property=\"article:modified_time\" content=\"2023-11-15T17:21:31+00:00\" \/>\n<meta property=\"og:image\" content=\"https:\/\/quehacerpolitico.mx\/wp-content\/uploads\/2023\/11\/IMG_2043.jpeg\" \/>\n\t<meta property=\"og:image:width\" content=\"1284\" \/>\n\t<meta property=\"og:image:height\" content=\"710\" \/>\n\t<meta property=\"og:image:type\" content=\"image\/jpeg\" \/>\n<meta name=\"author\" content=\"Redacci\u00f3n QP\" \/>\n<meta name=\"twitter:card\" content=\"summary_large_image\" \/>\n<meta name=\"twitter:label1\" content=\"Escrito por\" \/>\n\t<meta name=\"twitter:data1\" content=\"Redacci\u00f3n QP\" \/>\n\t<meta name=\"twitter:label2\" content=\"Tiempo de lectura\" \/>\n\t<meta name=\"twitter:data2\" content=\"2 minutos\" \/>\n<script type=\"application\/ld+json\" class=\"yoast-schema-graph\">{\"@context\":\"https:\\\/\\\/schema.org\",\"@graph\":[{\"@type\":\"Article\",\"@id\":\"https:\\\/\\\/quehacerpolitico.mx\\\/?p=106426#article\",\"isPartOf\":{\"@id\":\"https:\\\/\\\/quehacerpolitico.mx\\\/?p=106426\"},\"author\":{\"name\":\"Redacci\u00f3n QP\",\"@id\":\"https:\\\/\\\/quehacerpolitico.mx\\\/#\\\/schema\\\/person\\\/496d8ad2d1d3f8036101dca7ee39e585\"},\"headline\":\"AMLO arremeti\u00f3 esta ma\u00f1ana contra \u201ccretinos\u201d que\u00a0no pagaban impuestos\u00a0al Servicio de Administraci\u00f3n Tributaria\u00a0(SAT)\",\"datePublished\":\"2023-11-15T17:21:27+00:00\",\"dateModified\":\"2023-11-15T17:21:31+00:00\",\"mainEntityOfPage\":{\"@id\":\"https:\\\/\\\/quehacerpolitico.mx\\\/?p=106426\"},\"wordCount\":467,\"commentCount\":0,\"image\":{\"@id\":\"https:\\\/\\\/quehacerpolitico.mx\\\/?p=106426#primaryimage\"},\"thumbnailUrl\":\"https:\\\/\\\/quehacerpolitico.mx\\\/wp-content\\\/uploads\\\/2023\\\/11\\\/IMG_2043.jpeg\",\"articleSection\":[\"Noticias\"],\"inLanguage\":\"es\",\"potentialAction\":[{\"@type\":\"CommentAction\",\"name\":\"Comment\",\"target\":[\"https:\\\/\\\/quehacerpolitico.mx\\\/?p=106426#respond\"]}]},{\"@type\":\"WebPage\",\"@id\":\"https:\\\/\\\/quehacerpolitico.mx\\\/?p=106426\",\"url\":\"https:\\\/\\\/quehacerpolitico.mx\\\/?p=106426\",\"name\":\"AMLO arremeti\u00f3 esta ma\u00f1ana contra \u201ccretinos\u201d que\u00a0no pagaban impuestos\u00a0al Servicio de Administraci\u00f3n Tributaria\u00a0(SAT) -\",\"isPartOf\":{\"@id\":\"https:\\\/\\\/quehacerpolitico.mx\\\/#website\"},\"primaryImageOfPage\":{\"@id\":\"https:\\\/\\\/quehacerpolitico.mx\\\/?p=106426#primaryimage\"},\"image\":{\"@id\":\"https:\\\/\\\/quehacerpolitico.mx\\\/?p=106426#primaryimage\"},\"thumbnailUrl\":\"https:\\\/\\\/quehacerpolitico.mx\\\/wp-content\\\/uploads\\\/2023\\\/11\\\/IMG_2043.jpeg\",\"datePublished\":\"2023-11-15T17:21:27+00:00\",\"dateModified\":\"2023-11-15T17:21:31+00:00\",\"author\":{\"@id\":\"https:\\\/\\\/quehacerpolitico.mx\\\/#\\\/schema\\\/person\\\/496d8ad2d1d3f8036101dca7ee39e585\"},\"breadcrumb\":{\"@id\":\"https:\\\/\\\/quehacerpolitico.mx\\\/?p=106426#breadcrumb\"},\"inLanguage\":\"es\",\"potentialAction\":[{\"@type\":\"ReadAction\",\"target\":[\"https:\\\/\\\/quehacerpolitico.mx\\\/?p=106426\"]}]},{\"@type\":\"ImageObject\",\"inLanguage\":\"es\",\"@id\":\"https:\\\/\\\/quehacerpolitico.mx\\\/?p=106426#primaryimage\",\"url\":\"https:\\\/\\\/quehacerpolitico.mx\\\/wp-content\\\/uploads\\\/2023\\\/11\\\/IMG_2043.jpeg\",\"contentUrl\":\"https:\\\/\\\/quehacerpolitico.mx\\\/wp-content\\\/uploads\\\/2023\\\/11\\\/IMG_2043.jpeg\",\"width\":1284,\"height\":710},{\"@type\":\"BreadcrumbList\",\"@id\":\"https:\\\/\\\/quehacerpolitico.mx\\\/?p=106426#breadcrumb\",\"itemListElement\":[{\"@type\":\"ListItem\",\"position\":1,\"name\":\"Inicio\",\"item\":\"https:\\\/\\\/quehacerpolitico.mx\\\/\"},{\"@type\":\"ListItem\",\"position\":2,\"name\":\"AMLO arremeti\u00f3 esta ma\u00f1ana contra \u201ccretinos\u201d que\u00a0no pagaban impuestos\u00a0al Servicio de Administraci\u00f3n Tributaria\u00a0(SAT)\"}]},{\"@type\":\"WebSite\",\"@id\":\"https:\\\/\\\/quehacerpolitico.mx\\\/#website\",\"url\":\"https:\\\/\\\/quehacerpolitico.mx\\\/\",\"name\":\"\",\"description\":\"\",\"potentialAction\":[{\"@type\":\"SearchAction\",\"target\":{\"@type\":\"EntryPoint\",\"urlTemplate\":\"https:\\\/\\\/quehacerpolitico.mx\\\/?s={search_term_string}\"},\"query-input\":{\"@type\":\"PropertyValueSpecification\",\"valueRequired\":true,\"valueName\":\"search_term_string\"}}],\"inLanguage\":\"es\"},{\"@type\":\"Person\",\"@id\":\"https:\\\/\\\/quehacerpolitico.mx\\\/#\\\/schema\\\/person\\\/496d8ad2d1d3f8036101dca7ee39e585\",\"name\":\"Redacci\u00f3n QP\",\"image\":{\"@type\":\"ImageObject\",\"inLanguage\":\"es\",\"@id\":\"https:\\\/\\\/secure.gravatar.com\\\/avatar\\\/c7164ed6fdec453195284ad24a5ae5b6e1eed2b848477fa2a4787ba9adf39a41?s=96&d=mm&r=g\",\"url\":\"https:\\\/\\\/secure.gravatar.com\\\/avatar\\\/c7164ed6fdec453195284ad24a5ae5b6e1eed2b848477fa2a4787ba9adf39a41?s=96&d=mm&r=g\",\"contentUrl\":\"https:\\\/\\\/secure.gravatar.com\\\/avatar\\\/c7164ed6fdec453195284ad24a5ae5b6e1eed2b848477fa2a4787ba9adf39a41?s=96&d=mm&r=g\",\"caption\":\"Redacci\u00f3n QP\"},\"url\":\"https:\\\/\\\/quehacerpolitico.mx\\\/?author=2\"}]}<\/script>\n<!-- \/ Yoast SEO plugin. -->","yoast_head_json":{"title":"AMLO arremeti\u00f3 esta ma\u00f1ana contra \u201ccretinos\u201d que\u00a0no pagaban impuestos\u00a0al Servicio de Administraci\u00f3n Tributaria\u00a0(SAT) -","robots":{"index":"index","follow":"follow","max-snippet":"max-snippet:-1","max-image-preview":"max-image-preview:large","max-video-preview":"max-video-preview:-1"},"canonical":"https:\/\/quehacerpolitico.mx\/?p=106426","og_locale":"es_MX","og_type":"article","og_title":"AMLO arremeti\u00f3 esta ma\u00f1ana contra \u201ccretinos\u201d que\u00a0no pagaban impuestos\u00a0al Servicio de Administraci\u00f3n Tributaria\u00a0(SAT) -","og_description":"Por Redacci\u00f3n QP El presidente L\u00f3pez Obrador se refiri\u00f3 a los \u201cdel mero arriba\u201d de...","og_url":"https:\/\/quehacerpolitico.mx\/?p=106426","article_published_time":"2023-11-15T17:21:27+00:00","article_modified_time":"2023-11-15T17:21:31+00:00","og_image":[{"width":1284,"height":710,"url":"https:\/\/quehacerpolitico.mx\/wp-content\/uploads\/2023\/11\/IMG_2043.jpeg","type":"image\/jpeg"}],"author":"Redacci\u00f3n QP","twitter_card":"summary_large_image","twitter_misc":{"Escrito por":"Redacci\u00f3n QP","Tiempo de lectura":"2 minutos"},"schema":{"@context":"https:\/\/schema.org","@graph":[{"@type":"Article","@id":"https:\/\/quehacerpolitico.mx\/?p=106426#article","isPartOf":{"@id":"https:\/\/quehacerpolitico.mx\/?p=106426"},"author":{"name":"Redacci\u00f3n QP","@id":"https:\/\/quehacerpolitico.mx\/#\/schema\/person\/496d8ad2d1d3f8036101dca7ee39e585"},"headline":"AMLO arremeti\u00f3 esta ma\u00f1ana contra \u201ccretinos\u201d que\u00a0no pagaban impuestos\u00a0al Servicio de Administraci\u00f3n Tributaria\u00a0(SAT)","datePublished":"2023-11-15T17:21:27+00:00","dateModified":"2023-11-15T17:21:31+00:00","mainEntityOfPage":{"@id":"https:\/\/quehacerpolitico.mx\/?p=106426"},"wordCount":467,"commentCount":0,"image":{"@id":"https:\/\/quehacerpolitico.mx\/?p=106426#primaryimage"},"thumbnailUrl":"https:\/\/quehacerpolitico.mx\/wp-content\/uploads\/2023\/11\/IMG_2043.jpeg","articleSection":["Noticias"],"inLanguage":"es","potentialAction":[{"@type":"CommentAction","name":"Comment","target":["https:\/\/quehacerpolitico.mx\/?p=106426#respond"]}]},{"@type":"WebPage","@id":"https:\/\/quehacerpolitico.mx\/?p=106426","url":"https:\/\/quehacerpolitico.mx\/?p=106426","name":"AMLO arremeti\u00f3 esta ma\u00f1ana contra \u201ccretinos\u201d que\u00a0no pagaban impuestos\u00a0al Servicio de Administraci\u00f3n Tributaria\u00a0(SAT) -","isPartOf":{"@id":"https:\/\/quehacerpolitico.mx\/#website"},"primaryImageOfPage":{"@id":"https:\/\/quehacerpolitico.mx\/?p=106426#primaryimage"},"image":{"@id":"https:\/\/quehacerpolitico.mx\/?p=106426#primaryimage"},"thumbnailUrl":"https:\/\/quehacerpolitico.mx\/wp-content\/uploads\/2023\/11\/IMG_2043.jpeg","datePublished":"2023-11-15T17:21:27+00:00","dateModified":"2023-11-15T17:21:31+00:00","author":{"@id":"https:\/\/quehacerpolitico.mx\/#\/schema\/person\/496d8ad2d1d3f8036101dca7ee39e585"},"breadcrumb":{"@id":"https:\/\/quehacerpolitico.mx\/?p=106426#breadcrumb"},"inLanguage":"es","potentialAction":[{"@type":"ReadAction","target":["https:\/\/quehacerpolitico.mx\/?p=106426"]}]},{"@type":"ImageObject","inLanguage":"es","@id":"https:\/\/quehacerpolitico.mx\/?p=106426#primaryimage","url":"https:\/\/quehacerpolitico.mx\/wp-content\/uploads\/2023\/11\/IMG_2043.jpeg","contentUrl":"https:\/\/quehacerpolitico.mx\/wp-content\/uploads\/2023\/11\/IMG_2043.jpeg","width":1284,"height":710},{"@type":"BreadcrumbList","@id":"https:\/\/quehacerpolitico.mx\/?p=106426#breadcrumb","itemListElement":[{"@type":"ListItem","position":1,"name":"Inicio","item":"https:\/\/quehacerpolitico.mx\/"},{"@type":"ListItem","position":2,"name":"AMLO arremeti\u00f3 esta ma\u00f1ana contra \u201ccretinos\u201d que\u00a0no pagaban impuestos\u00a0al Servicio de Administraci\u00f3n Tributaria\u00a0(SAT)"}]},{"@type":"WebSite","@id":"https:\/\/quehacerpolitico.mx\/#website","url":"https:\/\/quehacerpolitico.mx\/","name":"","description":"","potentialAction":[{"@type":"SearchAction","target":{"@type":"EntryPoint","urlTemplate":"https:\/\/quehacerpolitico.mx\/?s={search_term_string}"},"query-input":{"@type":"PropertyValueSpecification","valueRequired":true,"valueName":"search_term_string"}}],"inLanguage":"es"},{"@type":"Person","@id":"https:\/\/quehacerpolitico.mx\/#\/schema\/person\/496d8ad2d1d3f8036101dca7ee39e585","name":"Redacci\u00f3n QP","image":{"@type":"ImageObject","inLanguage":"es","@id":"https:\/\/secure.gravatar.com\/avatar\/c7164ed6fdec453195284ad24a5ae5b6e1eed2b848477fa2a4787ba9adf39a41?s=96&d=mm&r=g","url":"https:\/\/secure.gravatar.com\/avatar\/c7164ed6fdec453195284ad24a5ae5b6e1eed2b848477fa2a4787ba9adf39a41?s=96&d=mm&r=g","contentUrl":"https:\/\/secure.gravatar.com\/avatar\/c7164ed6fdec453195284ad24a5ae5b6e1eed2b848477fa2a4787ba9adf39a41?s=96&d=mm&r=g","caption":"Redacci\u00f3n QP"},"url":"https:\/\/quehacerpolitico.mx\/?author=2"}]}},"featured_image_urls":{"full":["https:\/\/quehacerpolitico.mx\/wp-content\/uploads\/2023\/11\/IMG_2043.jpeg",1284,710,false],"thumbnail":["https:\/\/quehacerpolitico.mx\/wp-content\/uploads\/2023\/11\/IMG_2043-150x150.jpeg",150,150,true],"medium":["https:\/\/quehacerpolitico.mx\/wp-content\/uploads\/2023\/11\/IMG_2043-300x166.jpeg",300,166,true],"medium_large":["https:\/\/quehacerpolitico.mx\/wp-content\/uploads\/2023\/11\/IMG_2043-768x425.jpeg",640,354,true],"large":["https:\/\/quehacerpolitico.mx\/wp-content\/uploads\/2023\/11\/IMG_2043-1024x566.jpeg",640,354,true],"1536x1536":["https:\/\/quehacerpolitico.mx\/wp-content\/uploads\/2023\/11\/IMG_2043.jpeg",1284,710,false],"2048x2048":["https:\/\/quehacerpolitico.mx\/wp-content\/uploads\/2023\/11\/IMG_2043.jpeg",1284,710,false],"covernews-featured":["https:\/\/quehacerpolitico.mx\/wp-content\/uploads\/2023\/11\/IMG_2043.jpeg",1024,566,false],"covernews-medium":["https:\/\/quehacerpolitico.mx\/wp-content\/uploads\/2023\/11\/IMG_2043.jpeg",540,299,false]},"author_info":{"display_name":"Redacci\u00f3n QP","author_link":"https:\/\/quehacerpolitico.mx\/?author=2"},"category_info":"<a href=\"https:\/\/quehacerpolitico.mx\/?cat=2\" rel=\"category\">Noticias<\/a>","tag_info":"Noticias","comment_count":"0","_links":{"self":[{"href":"https:\/\/quehacerpolitico.mx\/index.php?rest_route=\/wp\/v2\/posts\/106426","targetHints":{"allow":["GET"]}}],"collection":[{"href":"https:\/\/quehacerpolitico.mx\/index.php?rest_route=\/wp\/v2\/posts"}],"about":[{"href":"https:\/\/quehacerpolitico.mx\/index.php?rest_route=\/wp\/v2\/types\/post"}],"author":[{"embeddable":true,"href":"https:\/\/quehacerpolitico.mx\/index.php?rest_route=\/wp\/v2\/users\/2"}],"replies":[{"embeddable":true,"href":"https:\/\/quehacerpolitico.mx\/index.php?rest_route=%2Fwp%2Fv2%2Fcomments&post=106426"}],"version-history":[{"count":1,"href":"https:\/\/quehacerpolitico.mx\/index.php?rest_route=\/wp\/v2\/posts\/106426\/revisions"}],"predecessor-version":[{"id":106428,"href":"https:\/\/quehacerpolitico.mx\/index.php?rest_route=\/wp\/v2\/posts\/106426\/revisions\/106428"}],"wp:featuredmedia":[{"embeddable":true,"href":"https:\/\/quehacerpolitico.mx\/index.php?rest_route=\/wp\/v2\/media\/106427"}],"wp:attachment":[{"href":"https:\/\/quehacerpolitico.mx\/index.php?rest_route=%2Fwp%2Fv2%2Fmedia&parent=106426"}],"wp:term":[{"taxonomy":"category","embeddable":true,"href":"https:\/\/quehacerpolitico.mx\/index.php?rest_route=%2Fwp%2Fv2%2Fcategories&post=106426"},{"taxonomy":"post_tag","embeddable":true,"href":"https:\/\/quehacerpolitico.mx\/index.php?rest_route=%2Fwp%2Fv2%2Ftags&post=106426"}],"curies":[{"name":"wp","href":"https:\/\/api.w.org\/{rel}","templated":true}]}}