{"id":106389,"date":"2023-11-14T16:21:14","date_gmt":"2023-11-14T16:21:14","guid":{"rendered":"https:\/\/quehacerpolitico.mx\/?p=106389"},"modified":"2023-11-14T16:21:17","modified_gmt":"2023-11-14T16:21:17","slug":"internacionales-carolina-alonso-romei-israel-anuncia-la-toma-de-la-sede-del-gobierno-de-hamas-en-gaza","status":"publish","type":"post","link":"https:\/\/quehacerpolitico.mx\/?p=106389","title":{"rendered":"Internacionales\/\/\/Carolina Alonso Romei\/\/\/Israel anuncia la toma de la sede del gobierno de Ham\u00e1s en Gaza"},"content":{"rendered":"\n<p>Por Carolina Alonso Romei<\/p>\n\n\n\n<p>Internacionalista<\/p>\n\n\n\n<p>El Ej\u00e9rcito israel\u00ed inform\u00f3 este martes que sus tropas&nbsp;<strong>capturaron<\/strong>&nbsp;m\u00faltiples&nbsp;<strong>edificios<\/strong><strong>militares<\/strong>&nbsp;y&nbsp;<strong>gubernamentales<\/strong>&nbsp;del grupo islamista&nbsp;<strong>Ham\u00e1s<\/strong>&nbsp;en la&nbsp;<strong>Franja<\/strong>&nbsp;de&nbsp;<strong>Gaza<\/strong>, incluyendo \u201cla&nbsp;<strong>sede<\/strong>&nbsp;de la&nbsp;<strong>asamblea<\/strong>&nbsp;<strong>legislativa<\/strong>y del&nbsp;<strong>gobierno<\/strong>&nbsp;de&nbsp;<strong>Ham\u00e1s<\/strong>\u201c.<\/p>\n\n\n\n<p>\u201cLas fuerzas de combate combinadas de la S\u00e9ptima Brigada controlaron la sede de la asamblea legislativa y del\u00a0<strong>gobierno<\/strong>\u00a0de\u00a0<strong>Ham\u00e1s<\/strong>, el cuartel general de la Polic\u00eda de\u00a0<strong>Ham\u00e1s<\/strong>\u00a0y una\u00a0<strong>facultad<\/strong>\u00a0de\u00a0<strong>ingenier\u00eda<\/strong>\u00a0utilizada para la\u00a0<strong>producci\u00f3n<\/strong>\u00a0y el desarrollo de\u00a0<strong>armas<\/strong>\u201c, inform\u00f3 la portavoc\u00eda militar, que detall\u00f3 que estos edificios fueron capturados \u201cen los \u00faltimos d\u00edas\u201d.<\/p>\n\n\n\n<p>Entre los edificios tomados se incluye adem\u00e1s un centro de\u00a0<strong>entrenamiento<\/strong>, una sala de\u00a0<strong>comando<\/strong>\u00a0y control, y un complejo utilizado para detenciones e\u00a0<strong>interrogatorios<\/strong>.<\/p>\n\n\n\n<figure class=\"wp-block-embed is-type-video is-provider-youtube wp-block-embed-youtube wp-embed-aspect-16-9 wp-has-aspect-ratio\"><div class=\"wp-block-embed__wrapper\">\n<iframe loading=\"lazy\" title=\"ISRAEL denuncia un supuesto CENTRO de MANDO de HAM\u00c1S en un HOSPITAL INFANTIL | RTVE\" width=\"640\" height=\"360\" src=\"https:\/\/www.youtube.com\/embed\/13632AJRfEM?feature=oembed\" frameborder=\"0\" allow=\"accelerometer; autoplay; clipboard-write; encrypted-media; gyroscope; picture-in-picture; web-share\" referrerpolicy=\"strict-origin-when-cross-origin\" allowfullscreen><\/iframe>\n<\/div><\/figure>\n\n\n\n<p>\u201cLas fuerzas de combate combinadas de la Brigada Golani aseguraron con \u00e9xito la residencia del&nbsp;<strong>gobernador<\/strong>, identificada como una instalaci\u00f3n utilizada por la organizaci\u00f3n terrorista&nbsp;<strong>Ham\u00e1s<\/strong>\u201c, agreg\u00f3 el Ej\u00e9rcito, que detall\u00f3 que \u201ceste edificio albergaba tanto las&nbsp;<strong>oficinas<\/strong>&nbsp;<strong>militares<\/strong>&nbsp;y policiales de&nbsp;<strong>Ham\u00e1s<\/strong>&nbsp;como las oficinas de&nbsp;<strong>inteligencia<\/strong>&nbsp;<strong>militar<\/strong>, el cuartel general y varios puestos de avanzada de la organizaci\u00f3n\u201d.<\/p>\n\n\n\n<p>Algunos de estos edificios, denunci\u00f3 el comunicado militar, habr\u00edan sido utilizados como sitios de entrenamiento para el ataque perpetrado por el grupo islamista contra Israel el pasado 7 de octubre, que dej\u00f3 como saldo mil 200 muertos y m\u00e1s de 240\u00a0<strong>rehenes<\/strong> capturados\u00a0y llevados a\u00a0<strong>Gaza<\/strong>.<\/p>\n\n\n\n<p>Desde entonces, los ataques de represalia israel\u00edes \u2014por aire, mar y tierra\u2014 han dejado m\u00e1s de 11 mil 180 muertos, 28 mil 200 heridos, 3 mil desaparecidos y m\u00e1s de 1.5 millones de desplazados en\u00a0<strong>Gaza<\/strong>, donde tambi\u00e9n se han registrado\u00a0<strong>46 muertos<\/strong>\u00a0entre las tropas israel\u00edes que toman parte de la\u00a0<strong>ofensiva<\/strong>\u00a0<strong>terrestre<\/strong><\/p>\n\n\n\n<figure class=\"wp-block-embed is-type-video is-provider-youtube wp-block-embed-youtube wp-embed-aspect-16-9 wp-has-aspect-ratio\"><div class=\"wp-block-embed__wrapper\">\n<iframe loading=\"lazy\" title=\"Israel afirma que Ham\u00e1s perdi\u00f3 el control de Gaza; ONU denuncia grave situaci\u00f3n humanitaria | AFP\" width=\"640\" height=\"360\" src=\"https:\/\/www.youtube.com\/embed\/v11uMI3APgA?feature=oembed\" frameborder=\"0\" allow=\"accelerometer; autoplay; clipboard-write; encrypted-media; gyroscope; picture-in-picture; web-share\" referrerpolicy=\"strict-origin-when-cross-origin\" allowfullscreen><\/iframe>\n<\/div><\/figure>\n\n\n\n<p>Con informaci\u00f3n de EFE<\/p>\n","protected":false},"excerpt":{"rendered":"<p>Por Carolina Alonso Romei Internacionalista El Ej\u00e9rcito israel\u00ed inform\u00f3 este martes que sus tropas&nbsp;capturaron&nbsp;m\u00faltiples&nbsp;edificiosmilitares&nbsp;y&nbsp;gubernamentales&nbsp;del grupo&#8230;<\/p>\n","protected":false},"author":2,"featured_media":106390,"comment_status":"open","ping_status":"open","sticky":false,"template":"","format":"standard","meta":{"_monsterinsights_skip_tracking":false,"_monsterinsights_sitenote_active":false,"_monsterinsights_sitenote_note":"","_monsterinsights_sitenote_category":0,"footnotes":""},"categories":[1],"tags":[],"class_list":["post-106389","post","type-post","status-publish","format-standard","has-post-thumbnail","hentry","category-sin-categoria"],"yoast_head":"<!-- This site is optimized with the Yoast SEO plugin v27.3 - https:\/\/yoast.com\/product\/yoast-seo-wordpress\/ -->\n<title>Internacionales\/\/\/Carolina Alonso Romei\/\/\/Israel anuncia la toma de la sede del gobierno de Ham\u00e1s en Gaza -<\/title>\n<meta name=\"robots\" content=\"index, follow, max-snippet:-1, max-image-preview:large, max-video-preview:-1\" \/>\n<link rel=\"canonical\" href=\"https:\/\/quehacerpolitico.mx\/?p=106389\" \/>\n<meta property=\"og:locale\" content=\"es_MX\" \/>\n<meta property=\"og:type\" content=\"article\" \/>\n<meta property=\"og:title\" content=\"Internacionales\/\/\/Carolina Alonso Romei\/\/\/Israel anuncia la toma de la sede del gobierno de Ham\u00e1s en Gaza -\" \/>\n<meta property=\"og:description\" content=\"Por Carolina Alonso Romei Internacionalista El Ej\u00e9rcito israel\u00ed inform\u00f3 este martes que sus tropas&nbsp;capturaron&nbsp;m\u00faltiples&nbsp;edificiosmilitares&nbsp;y&nbsp;gubernamentales&nbsp;del grupo...\" \/>\n<meta property=\"og:url\" content=\"https:\/\/quehacerpolitico.mx\/?p=106389\" \/>\n<meta property=\"article:published_time\" content=\"2023-11-14T16:21:14+00:00\" \/>\n<meta property=\"article:modified_time\" content=\"2023-11-14T16:21:17+00:00\" \/>\n<meta property=\"og:image\" content=\"https:\/\/quehacerpolitico.mx\/wp-content\/uploads\/2023\/11\/IMG_2019.jpeg\" \/>\n\t<meta property=\"og:image:width\" content=\"1284\" \/>\n\t<meta property=\"og:image:height\" content=\"694\" \/>\n\t<meta property=\"og:image:type\" content=\"image\/jpeg\" \/>\n<meta name=\"author\" content=\"Redacci\u00f3n QP\" \/>\n<meta name=\"twitter:card\" content=\"summary_large_image\" \/>\n<meta name=\"twitter:label1\" content=\"Escrito por\" \/>\n\t<meta name=\"twitter:data1\" content=\"Redacci\u00f3n QP\" \/>\n\t<meta name=\"twitter:label2\" content=\"Tiempo de lectura\" \/>\n\t<meta name=\"twitter:data2\" content=\"2 minutos\" \/>\n<script type=\"application\/ld+json\" class=\"yoast-schema-graph\">{\"@context\":\"https:\\\/\\\/schema.org\",\"@graph\":[{\"@type\":\"Article\",\"@id\":\"https:\\\/\\\/quehacerpolitico.mx\\\/?p=106389#article\",\"isPartOf\":{\"@id\":\"https:\\\/\\\/quehacerpolitico.mx\\\/?p=106389\"},\"author\":{\"name\":\"Redacci\u00f3n QP\",\"@id\":\"https:\\\/\\\/quehacerpolitico.mx\\\/#\\\/schema\\\/person\\\/496d8ad2d1d3f8036101dca7ee39e585\"},\"headline\":\"Internacionales\\\/\\\/\\\/Carolina Alonso Romei\\\/\\\/\\\/Israel anuncia la toma de la sede del gobierno de Ham\u00e1s en Gaza\",\"datePublished\":\"2023-11-14T16:21:14+00:00\",\"dateModified\":\"2023-11-14T16:21:17+00:00\",\"mainEntityOfPage\":{\"@id\":\"https:\\\/\\\/quehacerpolitico.mx\\\/?p=106389\"},\"wordCount\":368,\"commentCount\":0,\"image\":{\"@id\":\"https:\\\/\\\/quehacerpolitico.mx\\\/?p=106389#primaryimage\"},\"thumbnailUrl\":\"https:\\\/\\\/quehacerpolitico.mx\\\/wp-content\\\/uploads\\\/2023\\\/11\\\/IMG_2019.jpeg\",\"articleSection\":[\"Internacionales\"],\"inLanguage\":\"es\",\"potentialAction\":[{\"@type\":\"CommentAction\",\"name\":\"Comment\",\"target\":[\"https:\\\/\\\/quehacerpolitico.mx\\\/?p=106389#respond\"]}]},{\"@type\":\"WebPage\",\"@id\":\"https:\\\/\\\/quehacerpolitico.mx\\\/?p=106389\",\"url\":\"https:\\\/\\\/quehacerpolitico.mx\\\/?p=106389\",\"name\":\"Internacionales\\\/\\\/\\\/Carolina Alonso Romei\\\/\\\/\\\/Israel anuncia la toma de la sede del gobierno de Ham\u00e1s en Gaza -\",\"isPartOf\":{\"@id\":\"https:\\\/\\\/quehacerpolitico.mx\\\/#website\"},\"primaryImageOfPage\":{\"@id\":\"https:\\\/\\\/quehacerpolitico.mx\\\/?p=106389#primaryimage\"},\"image\":{\"@id\":\"https:\\\/\\\/quehacerpolitico.mx\\\/?p=106389#primaryimage\"},\"thumbnailUrl\":\"https:\\\/\\\/quehacerpolitico.mx\\\/wp-content\\\/uploads\\\/2023\\\/11\\\/IMG_2019.jpeg\",\"datePublished\":\"2023-11-14T16:21:14+00:00\",\"dateModified\":\"2023-11-14T16:21:17+00:00\",\"author\":{\"@id\":\"https:\\\/\\\/quehacerpolitico.mx\\\/#\\\/schema\\\/person\\\/496d8ad2d1d3f8036101dca7ee39e585\"},\"breadcrumb\":{\"@id\":\"https:\\\/\\\/quehacerpolitico.mx\\\/?p=106389#breadcrumb\"},\"inLanguage\":\"es\",\"potentialAction\":[{\"@type\":\"ReadAction\",\"target\":[\"https:\\\/\\\/quehacerpolitico.mx\\\/?p=106389\"]}]},{\"@type\":\"ImageObject\",\"inLanguage\":\"es\",\"@id\":\"https:\\\/\\\/quehacerpolitico.mx\\\/?p=106389#primaryimage\",\"url\":\"https:\\\/\\\/quehacerpolitico.mx\\\/wp-content\\\/uploads\\\/2023\\\/11\\\/IMG_2019.jpeg\",\"contentUrl\":\"https:\\\/\\\/quehacerpolitico.mx\\\/wp-content\\\/uploads\\\/2023\\\/11\\\/IMG_2019.jpeg\",\"width\":1284,\"height\":694},{\"@type\":\"BreadcrumbList\",\"@id\":\"https:\\\/\\\/quehacerpolitico.mx\\\/?p=106389#breadcrumb\",\"itemListElement\":[{\"@type\":\"ListItem\",\"position\":1,\"name\":\"Inicio\",\"item\":\"https:\\\/\\\/quehacerpolitico.mx\\\/\"},{\"@type\":\"ListItem\",\"position\":2,\"name\":\"Internacionales\\\/\\\/\\\/Carolina Alonso Romei\\\/\\\/\\\/Israel anuncia la toma de la sede del gobierno de Ham\u00e1s en Gaza\"}]},{\"@type\":\"WebSite\",\"@id\":\"https:\\\/\\\/quehacerpolitico.mx\\\/#website\",\"url\":\"https:\\\/\\\/quehacerpolitico.mx\\\/\",\"name\":\"\",\"description\":\"\",\"potentialAction\":[{\"@type\":\"SearchAction\",\"target\":{\"@type\":\"EntryPoint\",\"urlTemplate\":\"https:\\\/\\\/quehacerpolitico.mx\\\/?s={search_term_string}\"},\"query-input\":{\"@type\":\"PropertyValueSpecification\",\"valueRequired\":true,\"valueName\":\"search_term_string\"}}],\"inLanguage\":\"es\"},{\"@type\":\"Person\",\"@id\":\"https:\\\/\\\/quehacerpolitico.mx\\\/#\\\/schema\\\/person\\\/496d8ad2d1d3f8036101dca7ee39e585\",\"name\":\"Redacci\u00f3n QP\",\"image\":{\"@type\":\"ImageObject\",\"inLanguage\":\"es\",\"@id\":\"https:\\\/\\\/secure.gravatar.com\\\/avatar\\\/c7164ed6fdec453195284ad24a5ae5b6e1eed2b848477fa2a4787ba9adf39a41?s=96&d=mm&r=g\",\"url\":\"https:\\\/\\\/secure.gravatar.com\\\/avatar\\\/c7164ed6fdec453195284ad24a5ae5b6e1eed2b848477fa2a4787ba9adf39a41?s=96&d=mm&r=g\",\"contentUrl\":\"https:\\\/\\\/secure.gravatar.com\\\/avatar\\\/c7164ed6fdec453195284ad24a5ae5b6e1eed2b848477fa2a4787ba9adf39a41?s=96&d=mm&r=g\",\"caption\":\"Redacci\u00f3n QP\"},\"url\":\"https:\\\/\\\/quehacerpolitico.mx\\\/?author=2\"}]}<\/script>\n<!-- \/ Yoast SEO plugin. -->","yoast_head_json":{"title":"Internacionales\/\/\/Carolina Alonso Romei\/\/\/Israel anuncia la toma de la sede del gobierno de Ham\u00e1s en Gaza -","robots":{"index":"index","follow":"follow","max-snippet":"max-snippet:-1","max-image-preview":"max-image-preview:large","max-video-preview":"max-video-preview:-1"},"canonical":"https:\/\/quehacerpolitico.mx\/?p=106389","og_locale":"es_MX","og_type":"article","og_title":"Internacionales\/\/\/Carolina Alonso Romei\/\/\/Israel anuncia la toma de la sede del gobierno de Ham\u00e1s en Gaza -","og_description":"Por Carolina Alonso Romei Internacionalista El Ej\u00e9rcito israel\u00ed inform\u00f3 este martes que sus tropas&nbsp;capturaron&nbsp;m\u00faltiples&nbsp;edificiosmilitares&nbsp;y&nbsp;gubernamentales&nbsp;del grupo...","og_url":"https:\/\/quehacerpolitico.mx\/?p=106389","article_published_time":"2023-11-14T16:21:14+00:00","article_modified_time":"2023-11-14T16:21:17+00:00","og_image":[{"width":1284,"height":694,"url":"https:\/\/quehacerpolitico.mx\/wp-content\/uploads\/2023\/11\/IMG_2019.jpeg","type":"image\/jpeg"}],"author":"Redacci\u00f3n QP","twitter_card":"summary_large_image","twitter_misc":{"Escrito por":"Redacci\u00f3n QP","Tiempo de lectura":"2 minutos"},"schema":{"@context":"https:\/\/schema.org","@graph":[{"@type":"Article","@id":"https:\/\/quehacerpolitico.mx\/?p=106389#article","isPartOf":{"@id":"https:\/\/quehacerpolitico.mx\/?p=106389"},"author":{"name":"Redacci\u00f3n QP","@id":"https:\/\/quehacerpolitico.mx\/#\/schema\/person\/496d8ad2d1d3f8036101dca7ee39e585"},"headline":"Internacionales\/\/\/Carolina Alonso Romei\/\/\/Israel anuncia la toma de la sede del gobierno de Ham\u00e1s en Gaza","datePublished":"2023-11-14T16:21:14+00:00","dateModified":"2023-11-14T16:21:17+00:00","mainEntityOfPage":{"@id":"https:\/\/quehacerpolitico.mx\/?p=106389"},"wordCount":368,"commentCount":0,"image":{"@id":"https:\/\/quehacerpolitico.mx\/?p=106389#primaryimage"},"thumbnailUrl":"https:\/\/quehacerpolitico.mx\/wp-content\/uploads\/2023\/11\/IMG_2019.jpeg","articleSection":["Internacionales"],"inLanguage":"es","potentialAction":[{"@type":"CommentAction","name":"Comment","target":["https:\/\/quehacerpolitico.mx\/?p=106389#respond"]}]},{"@type":"WebPage","@id":"https:\/\/quehacerpolitico.mx\/?p=106389","url":"https:\/\/quehacerpolitico.mx\/?p=106389","name":"Internacionales\/\/\/Carolina Alonso Romei\/\/\/Israel anuncia la toma de la sede del gobierno de Ham\u00e1s en Gaza -","isPartOf":{"@id":"https:\/\/quehacerpolitico.mx\/#website"},"primaryImageOfPage":{"@id":"https:\/\/quehacerpolitico.mx\/?p=106389#primaryimage"},"image":{"@id":"https:\/\/quehacerpolitico.mx\/?p=106389#primaryimage"},"thumbnailUrl":"https:\/\/quehacerpolitico.mx\/wp-content\/uploads\/2023\/11\/IMG_2019.jpeg","datePublished":"2023-11-14T16:21:14+00:00","dateModified":"2023-11-14T16:21:17+00:00","author":{"@id":"https:\/\/quehacerpolitico.mx\/#\/schema\/person\/496d8ad2d1d3f8036101dca7ee39e585"},"breadcrumb":{"@id":"https:\/\/quehacerpolitico.mx\/?p=106389#breadcrumb"},"inLanguage":"es","potentialAction":[{"@type":"ReadAction","target":["https:\/\/quehacerpolitico.mx\/?p=106389"]}]},{"@type":"ImageObject","inLanguage":"es","@id":"https:\/\/quehacerpolitico.mx\/?p=106389#primaryimage","url":"https:\/\/quehacerpolitico.mx\/wp-content\/uploads\/2023\/11\/IMG_2019.jpeg","contentUrl":"https:\/\/quehacerpolitico.mx\/wp-content\/uploads\/2023\/11\/IMG_2019.jpeg","width":1284,"height":694},{"@type":"BreadcrumbList","@id":"https:\/\/quehacerpolitico.mx\/?p=106389#breadcrumb","itemListElement":[{"@type":"ListItem","position":1,"name":"Inicio","item":"https:\/\/quehacerpolitico.mx\/"},{"@type":"ListItem","position":2,"name":"Internacionales\/\/\/Carolina Alonso Romei\/\/\/Israel anuncia la toma de la sede del gobierno de Ham\u00e1s en Gaza"}]},{"@type":"WebSite","@id":"https:\/\/quehacerpolitico.mx\/#website","url":"https:\/\/quehacerpolitico.mx\/","name":"","description":"","potentialAction":[{"@type":"SearchAction","target":{"@type":"EntryPoint","urlTemplate":"https:\/\/quehacerpolitico.mx\/?s={search_term_string}"},"query-input":{"@type":"PropertyValueSpecification","valueRequired":true,"valueName":"search_term_string"}}],"inLanguage":"es"},{"@type":"Person","@id":"https:\/\/quehacerpolitico.mx\/#\/schema\/person\/496d8ad2d1d3f8036101dca7ee39e585","name":"Redacci\u00f3n QP","image":{"@type":"ImageObject","inLanguage":"es","@id":"https:\/\/secure.gravatar.com\/avatar\/c7164ed6fdec453195284ad24a5ae5b6e1eed2b848477fa2a4787ba9adf39a41?s=96&d=mm&r=g","url":"https:\/\/secure.gravatar.com\/avatar\/c7164ed6fdec453195284ad24a5ae5b6e1eed2b848477fa2a4787ba9adf39a41?s=96&d=mm&r=g","contentUrl":"https:\/\/secure.gravatar.com\/avatar\/c7164ed6fdec453195284ad24a5ae5b6e1eed2b848477fa2a4787ba9adf39a41?s=96&d=mm&r=g","caption":"Redacci\u00f3n QP"},"url":"https:\/\/quehacerpolitico.mx\/?author=2"}]}},"featured_image_urls":{"full":["https:\/\/quehacerpolitico.mx\/wp-content\/uploads\/2023\/11\/IMG_2019.jpeg",1284,694,false],"thumbnail":["https:\/\/quehacerpolitico.mx\/wp-content\/uploads\/2023\/11\/IMG_2019-150x150.jpeg",150,150,true],"medium":["https:\/\/quehacerpolitico.mx\/wp-content\/uploads\/2023\/11\/IMG_2019-300x162.jpeg",300,162,true],"medium_large":["https:\/\/quehacerpolitico.mx\/wp-content\/uploads\/2023\/11\/IMG_2019-768x415.jpeg",640,346,true],"large":["https:\/\/quehacerpolitico.mx\/wp-content\/uploads\/2023\/11\/IMG_2019-1024x553.jpeg",640,346,true],"1536x1536":["https:\/\/quehacerpolitico.mx\/wp-content\/uploads\/2023\/11\/IMG_2019.jpeg",1284,694,false],"2048x2048":["https:\/\/quehacerpolitico.mx\/wp-content\/uploads\/2023\/11\/IMG_2019.jpeg",1284,694,false],"covernews-featured":["https:\/\/quehacerpolitico.mx\/wp-content\/uploads\/2023\/11\/IMG_2019.jpeg",1024,553,false],"covernews-medium":["https:\/\/quehacerpolitico.mx\/wp-content\/uploads\/2023\/11\/IMG_2019.jpeg",540,292,false]},"author_info":{"display_name":"Redacci\u00f3n QP","author_link":"https:\/\/quehacerpolitico.mx\/?author=2"},"category_info":"<a href=\"https:\/\/quehacerpolitico.mx\/?cat=1\" rel=\"category\">Internacionales<\/a>","tag_info":"Internacionales","comment_count":"0","_links":{"self":[{"href":"https:\/\/quehacerpolitico.mx\/index.php?rest_route=\/wp\/v2\/posts\/106389","targetHints":{"allow":["GET"]}}],"collection":[{"href":"https:\/\/quehacerpolitico.mx\/index.php?rest_route=\/wp\/v2\/posts"}],"about":[{"href":"https:\/\/quehacerpolitico.mx\/index.php?rest_route=\/wp\/v2\/types\/post"}],"author":[{"embeddable":true,"href":"https:\/\/quehacerpolitico.mx\/index.php?rest_route=\/wp\/v2\/users\/2"}],"replies":[{"embeddable":true,"href":"https:\/\/quehacerpolitico.mx\/index.php?rest_route=%2Fwp%2Fv2%2Fcomments&post=106389"}],"version-history":[{"count":1,"href":"https:\/\/quehacerpolitico.mx\/index.php?rest_route=\/wp\/v2\/posts\/106389\/revisions"}],"predecessor-version":[{"id":106391,"href":"https:\/\/quehacerpolitico.mx\/index.php?rest_route=\/wp\/v2\/posts\/106389\/revisions\/106391"}],"wp:featuredmedia":[{"embeddable":true,"href":"https:\/\/quehacerpolitico.mx\/index.php?rest_route=\/wp\/v2\/media\/106390"}],"wp:attachment":[{"href":"https:\/\/quehacerpolitico.mx\/index.php?rest_route=%2Fwp%2Fv2%2Fmedia&parent=106389"}],"wp:term":[{"taxonomy":"category","embeddable":true,"href":"https:\/\/quehacerpolitico.mx\/index.php?rest_route=%2Fwp%2Fv2%2Fcategories&post=106389"},{"taxonomy":"post_tag","embeddable":true,"href":"https:\/\/quehacerpolitico.mx\/index.php?rest_route=%2Fwp%2Fv2%2Ftags&post=106389"}],"curies":[{"name":"wp","href":"https:\/\/api.w.org\/{rel}","templated":true}]}}