{"id":106379,"date":"2023-11-13T19:17:58","date_gmt":"2023-11-13T19:17:58","guid":{"rendered":"https:\/\/quehacerpolitico.mx\/?p=106379"},"modified":"2023-11-13T19:18:00","modified_gmt":"2023-11-13T19:18:00","slug":"246-migrantes-en-las-inmediaciones-de-la-central-de-autobuses-del-norte-en-la-cdmx-fueron-desalojados","status":"publish","type":"post","link":"https:\/\/quehacerpolitico.mx\/?p=106379","title":{"rendered":"246 migrantes en las inmediaciones de la Central de Autobuses del Norte en la CDMX fueron desalojados"},"content":{"rendered":"\n<p>Por Redacci\u00f3n QP<\/p>\n\n\n\n<p>El Instituto Nacional de Migraci\u00f3n (<strong>INM<\/strong>) inform\u00f3 este lunes que desaloj\u00f3 y resguard\u00f3 a 246<strong>migrantes&nbsp;<\/strong>en diferentes acciones que se llevaron a cabo del viernes 10&nbsp;al domingo 12 de noviembre en la&nbsp;<strong>Alcald\u00eda Gustavo A. Madero<\/strong>de la&nbsp;<strong>Ciudad de M\u00e9xico<\/strong>.&nbsp;&nbsp;<\/p>\n\n\n\n<p>Las autoridades detallaron que los migrantes proven\u00edan de\u00a0<strong>Venezuela<\/strong>\u00a0y\u00a0<strong>Hait\u00ed<\/strong>; el grupo estaba constituido por 192 adultos y 54 menores de edad que se encontraban en \u00e1reas\u00a0<strong>p\u00fablicas<\/strong>\u00a0de la alcald\u00eda.<\/p>\n\n\n\n<figure class=\"wp-block-embed is-type-video is-provider-youtube wp-block-embed-youtube wp-embed-aspect-16-9 wp-has-aspect-ratio\"><div class=\"wp-block-embed__wrapper\">\n<iframe loading=\"lazy\" title=\"Supuesto \u201coperativo\u201d contra migrantes en la Central de Autobuses del Norte alerta a transportistas\" width=\"640\" height=\"360\" src=\"https:\/\/www.youtube.com\/embed\/c-CyJc9ELNY?feature=oembed\" frameborder=\"0\" allow=\"accelerometer; autoplay; clipboard-write; encrypted-media; gyroscope; picture-in-picture; web-share\" referrerpolicy=\"strict-origin-when-cross-origin\" allowfullscreen><\/iframe>\n<\/div><\/figure>\n\n\n\n<p><strong>INM i<\/strong>ndic\u00f3 que a petici\u00f3n del gobierno de la&nbsp;<strong>Ciudad de M\u00e9xico<\/strong>&nbsp;realiz\u00f3 el aseguramiento de los extranjeros que se encontraban en&nbsp;<strong>banquetas<\/strong>, camellones o pasillos de la Central de Autobuses del Norte.<\/p>\n\n\n\n<p>Las personas adultas fueron trasladadas a diferentes estaciones&nbsp;<strong>migratorias<\/strong>&nbsp;para que realicen el proceso administrativo correspondiente.&nbsp;<\/p>\n\n\n\n<p>Asimismo, las&nbsp;<strong>familias<\/strong>&nbsp;quedaron bajo resguardo del Sistema para el Desarrollo Integral de la Familia (<strong>DIF<\/strong>) local y de la Procuradur\u00eda de Protecci\u00f3n de Derechos de Ni\u00f1as, Ni\u00f1os y Adolescentes de la Ciudad de M\u00e9xico.<\/p>\n\n\n\n<p>Por otra parte, este s\u00e1bado la Secretar\u00eda de Seguridad P\u00fablica (<strong>SSP<\/strong>) de\u00a0<strong>Veracruz<\/strong> intercept\u00f3, a un costado de la carretera federal Xalapa-Actopan, a tres camiones con 72\u00a0<strong>migrantes<\/strong>.<\/p>\n\n\n\n<figure class=\"wp-block-embed is-type-video is-provider-youtube wp-block-embed-youtube wp-embed-aspect-16-9 wp-has-aspect-ratio\"><div class=\"wp-block-embed__wrapper\">\n<iframe loading=\"lazy\" title=\"CDMX: Migrantes se instalan afuera de la Central de Autobuses del Norte\" width=\"640\" height=\"360\" src=\"https:\/\/www.youtube.com\/embed\/lINQtoCK6gw?feature=oembed\" frameborder=\"0\" allow=\"accelerometer; autoplay; clipboard-write; encrypted-media; gyroscope; picture-in-picture; web-share\" referrerpolicy=\"strict-origin-when-cross-origin\" allowfullscreen><\/iframe>\n<\/div><\/figure>\n\n\n\n<p>La\u00a0<strong>SSP<\/strong>\u00a0de Veracruz rechaz\u00f3 dar detalles de las edades y nacionalidades de los\u00a0<strong>migrantes\u00a0<\/strong>encontrados<strong>,<\/strong>\u00a0pero confirm\u00f3 que fueron trasladados al Cuartel de San Jos\u00e9, en donde se les brind\u00f3 la atenci\u00f3n requerida<\/p>\n\n\n\n<p>La corporaci\u00f3n policiaca dio parte al Instituto Nacional de Migraci\u00f3n (<strong>INM<\/strong>) para que determine la situaci\u00f3n de los\u00a0<strong>extranjeros<\/strong>, en tanto que los conductores de las tres unidades fueron puestos a disposici\u00f3n de la Fiscal\u00eda General del Estado (<strong>FGE<\/strong>) para que sean investigados<\/p>\n\n\n\n<p>Con informaci\u00f3n de LatinUS<\/p>\n","protected":false},"excerpt":{"rendered":"<p>Por Redacci\u00f3n QP El Instituto Nacional de Migraci\u00f3n (INM) inform\u00f3 este lunes que desaloj\u00f3 y&#8230;<\/p>\n","protected":false},"author":2,"featured_media":106380,"comment_status":"open","ping_status":"open","sticky":false,"template":"","format":"standard","meta":{"_monsterinsights_skip_tracking":false,"_monsterinsights_sitenote_active":false,"_monsterinsights_sitenote_note":"","_monsterinsights_sitenote_category":0,"footnotes":""},"categories":[55],"tags":[],"class_list":["post-106379","post","type-post","status-publish","format-standard","has-post-thumbnail","hentry","category-cdmx"],"yoast_head":"<!-- This site is optimized with the Yoast SEO plugin v27.3 - https:\/\/yoast.com\/product\/yoast-seo-wordpress\/ -->\n<title>246 migrantes en las inmediaciones de la Central de Autobuses del Norte en la CDMX fueron desalojados -<\/title>\n<meta name=\"robots\" content=\"index, follow, max-snippet:-1, max-image-preview:large, max-video-preview:-1\" \/>\n<link rel=\"canonical\" href=\"https:\/\/quehacerpolitico.mx\/?p=106379\" \/>\n<meta property=\"og:locale\" content=\"es_MX\" \/>\n<meta property=\"og:type\" content=\"article\" \/>\n<meta property=\"og:title\" content=\"246 migrantes en las inmediaciones de la Central de Autobuses del Norte en la CDMX fueron desalojados -\" \/>\n<meta property=\"og:description\" content=\"Por Redacci\u00f3n QP El Instituto Nacional de Migraci\u00f3n (INM) inform\u00f3 este lunes que desaloj\u00f3 y...\" \/>\n<meta property=\"og:url\" content=\"https:\/\/quehacerpolitico.mx\/?p=106379\" \/>\n<meta property=\"article:published_time\" content=\"2023-11-13T19:17:58+00:00\" \/>\n<meta property=\"article:modified_time\" content=\"2023-11-13T19:18:00+00:00\" \/>\n<meta property=\"og:image\" content=\"https:\/\/quehacerpolitico.mx\/wp-content\/uploads\/2023\/11\/IMG_2012.jpeg\" \/>\n\t<meta property=\"og:image:width\" content=\"702\" \/>\n\t<meta property=\"og:image:height\" content=\"437\" \/>\n\t<meta property=\"og:image:type\" content=\"image\/jpeg\" \/>\n<meta name=\"author\" content=\"Redacci\u00f3n QP\" \/>\n<meta name=\"twitter:card\" content=\"summary_large_image\" \/>\n<meta name=\"twitter:label1\" content=\"Escrito por\" \/>\n\t<meta name=\"twitter:data1\" content=\"Redacci\u00f3n QP\" \/>\n\t<meta name=\"twitter:label2\" content=\"Tiempo de lectura\" \/>\n\t<meta name=\"twitter:data2\" content=\"2 minutos\" \/>\n<script type=\"application\/ld+json\" class=\"yoast-schema-graph\">{\"@context\":\"https:\\\/\\\/schema.org\",\"@graph\":[{\"@type\":\"Article\",\"@id\":\"https:\\\/\\\/quehacerpolitico.mx\\\/?p=106379#article\",\"isPartOf\":{\"@id\":\"https:\\\/\\\/quehacerpolitico.mx\\\/?p=106379\"},\"author\":{\"name\":\"Redacci\u00f3n QP\",\"@id\":\"https:\\\/\\\/quehacerpolitico.mx\\\/#\\\/schema\\\/person\\\/496d8ad2d1d3f8036101dca7ee39e585\"},\"headline\":\"246 migrantes en las inmediaciones de la Central de Autobuses del Norte en la CDMX fueron desalojados\",\"datePublished\":\"2023-11-13T19:17:58+00:00\",\"dateModified\":\"2023-11-13T19:18:00+00:00\",\"mainEntityOfPage\":{\"@id\":\"https:\\\/\\\/quehacerpolitico.mx\\\/?p=106379\"},\"wordCount\":336,\"commentCount\":0,\"image\":{\"@id\":\"https:\\\/\\\/quehacerpolitico.mx\\\/?p=106379#primaryimage\"},\"thumbnailUrl\":\"https:\\\/\\\/quehacerpolitico.mx\\\/wp-content\\\/uploads\\\/2023\\\/11\\\/IMG_2012.jpeg\",\"articleSection\":[\"CDMX\"],\"inLanguage\":\"es\",\"potentialAction\":[{\"@type\":\"CommentAction\",\"name\":\"Comment\",\"target\":[\"https:\\\/\\\/quehacerpolitico.mx\\\/?p=106379#respond\"]}]},{\"@type\":\"WebPage\",\"@id\":\"https:\\\/\\\/quehacerpolitico.mx\\\/?p=106379\",\"url\":\"https:\\\/\\\/quehacerpolitico.mx\\\/?p=106379\",\"name\":\"246 migrantes en las inmediaciones de la Central de Autobuses del Norte en la CDMX fueron desalojados -\",\"isPartOf\":{\"@id\":\"https:\\\/\\\/quehacerpolitico.mx\\\/#website\"},\"primaryImageOfPage\":{\"@id\":\"https:\\\/\\\/quehacerpolitico.mx\\\/?p=106379#primaryimage\"},\"image\":{\"@id\":\"https:\\\/\\\/quehacerpolitico.mx\\\/?p=106379#primaryimage\"},\"thumbnailUrl\":\"https:\\\/\\\/quehacerpolitico.mx\\\/wp-content\\\/uploads\\\/2023\\\/11\\\/IMG_2012.jpeg\",\"datePublished\":\"2023-11-13T19:17:58+00:00\",\"dateModified\":\"2023-11-13T19:18:00+00:00\",\"author\":{\"@id\":\"https:\\\/\\\/quehacerpolitico.mx\\\/#\\\/schema\\\/person\\\/496d8ad2d1d3f8036101dca7ee39e585\"},\"breadcrumb\":{\"@id\":\"https:\\\/\\\/quehacerpolitico.mx\\\/?p=106379#breadcrumb\"},\"inLanguage\":\"es\",\"potentialAction\":[{\"@type\":\"ReadAction\",\"target\":[\"https:\\\/\\\/quehacerpolitico.mx\\\/?p=106379\"]}]},{\"@type\":\"ImageObject\",\"inLanguage\":\"es\",\"@id\":\"https:\\\/\\\/quehacerpolitico.mx\\\/?p=106379#primaryimage\",\"url\":\"https:\\\/\\\/quehacerpolitico.mx\\\/wp-content\\\/uploads\\\/2023\\\/11\\\/IMG_2012.jpeg\",\"contentUrl\":\"https:\\\/\\\/quehacerpolitico.mx\\\/wp-content\\\/uploads\\\/2023\\\/11\\\/IMG_2012.jpeg\",\"width\":702,\"height\":437},{\"@type\":\"BreadcrumbList\",\"@id\":\"https:\\\/\\\/quehacerpolitico.mx\\\/?p=106379#breadcrumb\",\"itemListElement\":[{\"@type\":\"ListItem\",\"position\":1,\"name\":\"Inicio\",\"item\":\"https:\\\/\\\/quehacerpolitico.mx\\\/\"},{\"@type\":\"ListItem\",\"position\":2,\"name\":\"246 migrantes en las inmediaciones de la Central de Autobuses del Norte en la CDMX fueron desalojados\"}]},{\"@type\":\"WebSite\",\"@id\":\"https:\\\/\\\/quehacerpolitico.mx\\\/#website\",\"url\":\"https:\\\/\\\/quehacerpolitico.mx\\\/\",\"name\":\"\",\"description\":\"\",\"potentialAction\":[{\"@type\":\"SearchAction\",\"target\":{\"@type\":\"EntryPoint\",\"urlTemplate\":\"https:\\\/\\\/quehacerpolitico.mx\\\/?s={search_term_string}\"},\"query-input\":{\"@type\":\"PropertyValueSpecification\",\"valueRequired\":true,\"valueName\":\"search_term_string\"}}],\"inLanguage\":\"es\"},{\"@type\":\"Person\",\"@id\":\"https:\\\/\\\/quehacerpolitico.mx\\\/#\\\/schema\\\/person\\\/496d8ad2d1d3f8036101dca7ee39e585\",\"name\":\"Redacci\u00f3n QP\",\"image\":{\"@type\":\"ImageObject\",\"inLanguage\":\"es\",\"@id\":\"https:\\\/\\\/secure.gravatar.com\\\/avatar\\\/c7164ed6fdec453195284ad24a5ae5b6e1eed2b848477fa2a4787ba9adf39a41?s=96&d=mm&r=g\",\"url\":\"https:\\\/\\\/secure.gravatar.com\\\/avatar\\\/c7164ed6fdec453195284ad24a5ae5b6e1eed2b848477fa2a4787ba9adf39a41?s=96&d=mm&r=g\",\"contentUrl\":\"https:\\\/\\\/secure.gravatar.com\\\/avatar\\\/c7164ed6fdec453195284ad24a5ae5b6e1eed2b848477fa2a4787ba9adf39a41?s=96&d=mm&r=g\",\"caption\":\"Redacci\u00f3n QP\"},\"url\":\"https:\\\/\\\/quehacerpolitico.mx\\\/?author=2\"}]}<\/script>\n<!-- \/ Yoast SEO plugin. -->","yoast_head_json":{"title":"246 migrantes en las inmediaciones de la Central de Autobuses del Norte en la CDMX fueron desalojados -","robots":{"index":"index","follow":"follow","max-snippet":"max-snippet:-1","max-image-preview":"max-image-preview:large","max-video-preview":"max-video-preview:-1"},"canonical":"https:\/\/quehacerpolitico.mx\/?p=106379","og_locale":"es_MX","og_type":"article","og_title":"246 migrantes en las inmediaciones de la Central de Autobuses del Norte en la CDMX fueron desalojados -","og_description":"Por Redacci\u00f3n QP El Instituto Nacional de Migraci\u00f3n (INM) inform\u00f3 este lunes que desaloj\u00f3 y...","og_url":"https:\/\/quehacerpolitico.mx\/?p=106379","article_published_time":"2023-11-13T19:17:58+00:00","article_modified_time":"2023-11-13T19:18:00+00:00","og_image":[{"width":702,"height":437,"url":"https:\/\/quehacerpolitico.mx\/wp-content\/uploads\/2023\/11\/IMG_2012.jpeg","type":"image\/jpeg"}],"author":"Redacci\u00f3n QP","twitter_card":"summary_large_image","twitter_misc":{"Escrito por":"Redacci\u00f3n QP","Tiempo de lectura":"2 minutos"},"schema":{"@context":"https:\/\/schema.org","@graph":[{"@type":"Article","@id":"https:\/\/quehacerpolitico.mx\/?p=106379#article","isPartOf":{"@id":"https:\/\/quehacerpolitico.mx\/?p=106379"},"author":{"name":"Redacci\u00f3n QP","@id":"https:\/\/quehacerpolitico.mx\/#\/schema\/person\/496d8ad2d1d3f8036101dca7ee39e585"},"headline":"246 migrantes en las inmediaciones de la Central de Autobuses del Norte en la CDMX fueron desalojados","datePublished":"2023-11-13T19:17:58+00:00","dateModified":"2023-11-13T19:18:00+00:00","mainEntityOfPage":{"@id":"https:\/\/quehacerpolitico.mx\/?p=106379"},"wordCount":336,"commentCount":0,"image":{"@id":"https:\/\/quehacerpolitico.mx\/?p=106379#primaryimage"},"thumbnailUrl":"https:\/\/quehacerpolitico.mx\/wp-content\/uploads\/2023\/11\/IMG_2012.jpeg","articleSection":["CDMX"],"inLanguage":"es","potentialAction":[{"@type":"CommentAction","name":"Comment","target":["https:\/\/quehacerpolitico.mx\/?p=106379#respond"]}]},{"@type":"WebPage","@id":"https:\/\/quehacerpolitico.mx\/?p=106379","url":"https:\/\/quehacerpolitico.mx\/?p=106379","name":"246 migrantes en las inmediaciones de la Central de Autobuses del Norte en la CDMX fueron desalojados -","isPartOf":{"@id":"https:\/\/quehacerpolitico.mx\/#website"},"primaryImageOfPage":{"@id":"https:\/\/quehacerpolitico.mx\/?p=106379#primaryimage"},"image":{"@id":"https:\/\/quehacerpolitico.mx\/?p=106379#primaryimage"},"thumbnailUrl":"https:\/\/quehacerpolitico.mx\/wp-content\/uploads\/2023\/11\/IMG_2012.jpeg","datePublished":"2023-11-13T19:17:58+00:00","dateModified":"2023-11-13T19:18:00+00:00","author":{"@id":"https:\/\/quehacerpolitico.mx\/#\/schema\/person\/496d8ad2d1d3f8036101dca7ee39e585"},"breadcrumb":{"@id":"https:\/\/quehacerpolitico.mx\/?p=106379#breadcrumb"},"inLanguage":"es","potentialAction":[{"@type":"ReadAction","target":["https:\/\/quehacerpolitico.mx\/?p=106379"]}]},{"@type":"ImageObject","inLanguage":"es","@id":"https:\/\/quehacerpolitico.mx\/?p=106379#primaryimage","url":"https:\/\/quehacerpolitico.mx\/wp-content\/uploads\/2023\/11\/IMG_2012.jpeg","contentUrl":"https:\/\/quehacerpolitico.mx\/wp-content\/uploads\/2023\/11\/IMG_2012.jpeg","width":702,"height":437},{"@type":"BreadcrumbList","@id":"https:\/\/quehacerpolitico.mx\/?p=106379#breadcrumb","itemListElement":[{"@type":"ListItem","position":1,"name":"Inicio","item":"https:\/\/quehacerpolitico.mx\/"},{"@type":"ListItem","position":2,"name":"246 migrantes en las inmediaciones de la Central de Autobuses del Norte en la CDMX fueron desalojados"}]},{"@type":"WebSite","@id":"https:\/\/quehacerpolitico.mx\/#website","url":"https:\/\/quehacerpolitico.mx\/","name":"","description":"","potentialAction":[{"@type":"SearchAction","target":{"@type":"EntryPoint","urlTemplate":"https:\/\/quehacerpolitico.mx\/?s={search_term_string}"},"query-input":{"@type":"PropertyValueSpecification","valueRequired":true,"valueName":"search_term_string"}}],"inLanguage":"es"},{"@type":"Person","@id":"https:\/\/quehacerpolitico.mx\/#\/schema\/person\/496d8ad2d1d3f8036101dca7ee39e585","name":"Redacci\u00f3n QP","image":{"@type":"ImageObject","inLanguage":"es","@id":"https:\/\/secure.gravatar.com\/avatar\/c7164ed6fdec453195284ad24a5ae5b6e1eed2b848477fa2a4787ba9adf39a41?s=96&d=mm&r=g","url":"https:\/\/secure.gravatar.com\/avatar\/c7164ed6fdec453195284ad24a5ae5b6e1eed2b848477fa2a4787ba9adf39a41?s=96&d=mm&r=g","contentUrl":"https:\/\/secure.gravatar.com\/avatar\/c7164ed6fdec453195284ad24a5ae5b6e1eed2b848477fa2a4787ba9adf39a41?s=96&d=mm&r=g","caption":"Redacci\u00f3n QP"},"url":"https:\/\/quehacerpolitico.mx\/?author=2"}]}},"featured_image_urls":{"full":["https:\/\/quehacerpolitico.mx\/wp-content\/uploads\/2023\/11\/IMG_2012.jpeg",702,437,false],"thumbnail":["https:\/\/quehacerpolitico.mx\/wp-content\/uploads\/2023\/11\/IMG_2012-150x150.jpeg",150,150,true],"medium":["https:\/\/quehacerpolitico.mx\/wp-content\/uploads\/2023\/11\/IMG_2012-300x187.jpeg",300,187,true],"medium_large":["https:\/\/quehacerpolitico.mx\/wp-content\/uploads\/2023\/11\/IMG_2012.jpeg",640,398,false],"large":["https:\/\/quehacerpolitico.mx\/wp-content\/uploads\/2023\/11\/IMG_2012.jpeg",640,398,false],"1536x1536":["https:\/\/quehacerpolitico.mx\/wp-content\/uploads\/2023\/11\/IMG_2012.jpeg",702,437,false],"2048x2048":["https:\/\/quehacerpolitico.mx\/wp-content\/uploads\/2023\/11\/IMG_2012.jpeg",702,437,false],"covernews-featured":["https:\/\/quehacerpolitico.mx\/wp-content\/uploads\/2023\/11\/IMG_2012.jpeg",702,437,false],"covernews-medium":["https:\/\/quehacerpolitico.mx\/wp-content\/uploads\/2023\/11\/IMG_2012.jpeg",540,336,false]},"author_info":{"display_name":"Redacci\u00f3n QP","author_link":"https:\/\/quehacerpolitico.mx\/?author=2"},"category_info":"<a href=\"https:\/\/quehacerpolitico.mx\/?cat=55\" rel=\"category\">CDMX<\/a>","tag_info":"CDMX","comment_count":"0","_links":{"self":[{"href":"https:\/\/quehacerpolitico.mx\/index.php?rest_route=\/wp\/v2\/posts\/106379","targetHints":{"allow":["GET"]}}],"collection":[{"href":"https:\/\/quehacerpolitico.mx\/index.php?rest_route=\/wp\/v2\/posts"}],"about":[{"href":"https:\/\/quehacerpolitico.mx\/index.php?rest_route=\/wp\/v2\/types\/post"}],"author":[{"embeddable":true,"href":"https:\/\/quehacerpolitico.mx\/index.php?rest_route=\/wp\/v2\/users\/2"}],"replies":[{"embeddable":true,"href":"https:\/\/quehacerpolitico.mx\/index.php?rest_route=%2Fwp%2Fv2%2Fcomments&post=106379"}],"version-history":[{"count":1,"href":"https:\/\/quehacerpolitico.mx\/index.php?rest_route=\/wp\/v2\/posts\/106379\/revisions"}],"predecessor-version":[{"id":106381,"href":"https:\/\/quehacerpolitico.mx\/index.php?rest_route=\/wp\/v2\/posts\/106379\/revisions\/106381"}],"wp:featuredmedia":[{"embeddable":true,"href":"https:\/\/quehacerpolitico.mx\/index.php?rest_route=\/wp\/v2\/media\/106380"}],"wp:attachment":[{"href":"https:\/\/quehacerpolitico.mx\/index.php?rest_route=%2Fwp%2Fv2%2Fmedia&parent=106379"}],"wp:term":[{"taxonomy":"category","embeddable":true,"href":"https:\/\/quehacerpolitico.mx\/index.php?rest_route=%2Fwp%2Fv2%2Fcategories&post=106379"},{"taxonomy":"post_tag","embeddable":true,"href":"https:\/\/quehacerpolitico.mx\/index.php?rest_route=%2Fwp%2Fv2%2Ftags&post=106379"}],"curies":[{"name":"wp","href":"https:\/\/api.w.org\/{rel}","templated":true}]}}