{"id":106370,"date":"2023-11-13T18:03:28","date_gmt":"2023-11-13T18:03:28","guid":{"rendered":"https:\/\/quehacerpolitico.mx\/?p=106370"},"modified":"2023-11-13T18:07:52","modified_gmt":"2023-11-13T18:07:52","slug":"lopez-obrador-se-va-contra-karla-quintana-alteraron-el-registro-nacional-de-datos-de-personas-extraviadas-o-desaparecidas-rnped-que-contabiliza-mas-de-113-mil-para","status":"publish","type":"post","link":"https:\/\/quehacerpolitico.mx\/?p=106370","title":{"rendered":"L\u00f3pez Obrador se va contra Karla Quintana \u201calteraron\u201d el\u00a0Registro Nacional de Datos de Personas Extraviadas o Desaparecidas\u00a0(RNPED), que contabiliza m\u00e1s de 113 mil, para\u00a0\u201cafectar\u201d a mi Gobierno"},"content":{"rendered":"\n<p>Por Redacci\u00f3n QP<\/p>\n\n\n\n<p>El mandatario justific\u00f3 los esfuerzos de su Gobierno para crear un nuevo censo que reduzca el n\u00famero oficial de personas desaparecidas<\/p>\n\n\n\n<p>El presidente mexicano,\u00a0<strong>Andres Manuel L\u00f3pez Obrador<\/strong>, afirm\u00f3 este lunes que un grupo de exfuncionarios \u201calteraron\u201d el\u00a0<strong>Registro Nacional de Datos de Personas Extraviadas o Desaparecidas<\/strong>\u00a0(RNPED), que contabiliza m\u00e1s de 113 mil, para\u00a0<strong>\u201cafectar\u201d a su Gobierno<\/strong>.<\/p>\n\n\n\n<p>El mandatario justific\u00f3 en su rueda de prensa matutina los esfuerzos de su Gobierno para crear un nuevo censo que reduzca el n\u00famero oficial de desaparecidos, que el a\u00f1o pasado super\u00f3 de manera hist\u00f3rica las 100 mil personas no localizadas desde que hay registro, en 1962.<\/p>\n\n\n\n<figure class=\"wp-block-embed is-type-rich is-provider-twitter wp-block-embed-twitter\"><div class=\"wp-block-embed__wrapper\">\n<blockquote class=\"twitter-tweet\" data-width=\"550\" data-dnt=\"true\"><p lang=\"es\" dir=\"ltr\">El presidente arremeti\u00f3 contra Karla Quintana, extitular de la Comisi\u00f3n Nacional de B\u00fasqueda. <br><br>Acus\u00f3 que ella es parte de &quot;una organizaci\u00f3n pol\u00edtica de derecha&quot; que busca atacar a su Gobierno, y que el censo de desaparecidos &quot;estaba mal manejado&quot; y era &quot;ineficiente&quot; <a href=\"https:\/\/t.co\/1SmpPvJDx2\">pic.twitter.com\/1SmpPvJDx2<\/a><\/p>&mdash; Joaqu\u00edn L\u00f3pez-D\u00f3riga (@lopezdoriga) <a href=\"https:\/\/twitter.com\/lopezdoriga\/status\/1724096585426936086?ref_src=twsrc%5Etfw\">November 13, 2023<\/a><\/blockquote><script async src=\"https:\/\/platform.twitter.com\/widgets.js\" charset=\"utf-8\"><\/script>\n<\/div><\/figure>\n\n\n\n<p>Vamos a demostrar que el censo no estaba bien manejado, el registro que se ten\u00eda, y que no era nada m\u00e1s ineficiencia y que hab\u00eda una intenci\u00f3n de afectar al Gobierno que represento, as\u00ed de claro, ya ven que no me gusta andarme con rodeos\u201d, expres\u00f3 el gobernante en su conferencia, en el norte\u00f1o estado de Sonora.<\/p>\n\n\n\n<p>Sus declaraciones se producen tras las denuncias de la semana pasada de\u00a0Karla Quintana, quien renunci\u00f3 en agosto pasado como titular de la\u00a0<strong>Comisi\u00f3n Nacional de B\u00fasqueda<\/strong>\u00a0(CNB) de personas, en medio de presuntas presiones del Gobierno de L\u00f3pez Obrador para modificar el registro de personas desaparecidas y bajar las cifras.<\/p>\n\n\n\n<p>\u201cEs clara la intenci\u00f3n de este (nuevo) censo, que es el reducir los reportes de desaparici\u00f3n, principalmente en este sexenio\u201d, asever\u00f3 Quintana el martes pasado en un seminario del Colegio de M\u00e9xico (Colmex).<\/p>\n\n\n\n<p>L\u00f3pez Obrador acus\u00f3 a Quintana de \u201cactuar de manera irresponsable\u201d.<\/p>\n\n\n\n<p>\u201cLa se\u00f1ora Karla y otros que estaban manejando esto forman parte de una organizaci\u00f3n, supuestamente independiente, pero les puedo garantizar que de derecha. \u00bfC\u00f3mo llegaron al Gobierno de nosotros? Qui\u00e9n sabe. Pero todo eso lo vamos a aclarar\u201d, manifest\u00f3 el mandatario.<\/p>\n\n\n\n<p>\u201cNo es nada m\u00e1s que hayan alterado los padrones de desaparecidos, para que tengan una idea, no es cierto que haya 126 mil desaparecidos (la cifra oficial es 113 mil 141), no es cierto, y lo vamos a probar, porque hemos hecho un censo casa por casa y los desaparecidos los hemos encontrado\u201d, agreg\u00f3.<\/p>\n\n\n\n<p>El presidente defendi\u00f3 la elaboraci\u00f3n del nuevo censo, que consiste en la visita de funcionarios de la Secretar\u00eda de Bienestar a los domicilios de personas con reportes de desaparecidos.<\/p>\n\n\n\n<p>Adelant\u00f3 que presentar\u00e1 el nuevo registro dentro de cerca de un mes.<\/p>\n\n\n\n<p>\u201cVamos a informar, para que se conozca la realidad, porque estoy yo convencido, puedo estar equivocado, por eso estamos buscando las pruebas\u201d, indic\u00f3.<\/p>\n\n\n\n<p>Con informaci\u00f3n de EFE<\/p>\n","protected":false},"excerpt":{"rendered":"<p>Por Redacci\u00f3n QP El mandatario justific\u00f3 los esfuerzos de su Gobierno para crear un nuevo&#8230;<\/p>\n","protected":false},"author":2,"featured_media":106371,"comment_status":"open","ping_status":"open","sticky":false,"template":"","format":"standard","meta":{"_monsterinsights_skip_tracking":false,"_monsterinsights_sitenote_active":false,"_monsterinsights_sitenote_note":"","_monsterinsights_sitenote_category":0,"footnotes":""},"categories":[2],"tags":[],"class_list":["post-106370","post","type-post","status-publish","format-standard","has-post-thumbnail","hentry","category-noticias"],"yoast_head":"<!-- This site is optimized with the Yoast SEO plugin v27.3 - https:\/\/yoast.com\/product\/yoast-seo-wordpress\/ -->\n<title>L\u00f3pez Obrador se va contra Karla Quintana \u201calteraron\u201d el\u00a0Registro Nacional de Datos de Personas Extraviadas o Desaparecidas\u00a0(RNPED), que contabiliza m\u00e1s de 113 mil, para\u00a0\u201cafectar\u201d a mi Gobierno -<\/title>\n<meta name=\"robots\" content=\"index, follow, max-snippet:-1, max-image-preview:large, max-video-preview:-1\" \/>\n<link rel=\"canonical\" href=\"https:\/\/quehacerpolitico.mx\/?p=106370\" \/>\n<meta property=\"og:locale\" content=\"es_MX\" \/>\n<meta property=\"og:type\" content=\"article\" \/>\n<meta property=\"og:title\" content=\"L\u00f3pez Obrador se va contra Karla Quintana \u201calteraron\u201d el\u00a0Registro Nacional de Datos de Personas Extraviadas o Desaparecidas\u00a0(RNPED), que contabiliza m\u00e1s de 113 mil, para\u00a0\u201cafectar\u201d a mi Gobierno -\" \/>\n<meta property=\"og:description\" content=\"Por Redacci\u00f3n QP El mandatario justific\u00f3 los esfuerzos de su Gobierno para crear un nuevo...\" \/>\n<meta property=\"og:url\" content=\"https:\/\/quehacerpolitico.mx\/?p=106370\" \/>\n<meta property=\"article:published_time\" content=\"2023-11-13T18:03:28+00:00\" \/>\n<meta property=\"article:modified_time\" content=\"2023-11-13T18:07:52+00:00\" \/>\n<meta property=\"og:image\" content=\"https:\/\/quehacerpolitico.mx\/wp-content\/uploads\/2023\/11\/IMG_2008.jpeg\" \/>\n\t<meta property=\"og:image:width\" content=\"1284\" \/>\n\t<meta property=\"og:image:height\" content=\"708\" \/>\n\t<meta property=\"og:image:type\" content=\"image\/jpeg\" \/>\n<meta name=\"author\" content=\"Redacci\u00f3n QP\" \/>\n<meta name=\"twitter:card\" content=\"summary_large_image\" \/>\n<meta name=\"twitter:label1\" content=\"Escrito por\" \/>\n\t<meta name=\"twitter:data1\" content=\"Redacci\u00f3n QP\" \/>\n\t<meta name=\"twitter:label2\" content=\"Tiempo de lectura\" \/>\n\t<meta name=\"twitter:data2\" content=\"2 minutos\" \/>\n<script type=\"application\/ld+json\" class=\"yoast-schema-graph\">{\"@context\":\"https:\\\/\\\/schema.org\",\"@graph\":[{\"@type\":\"Article\",\"@id\":\"https:\\\/\\\/quehacerpolitico.mx\\\/?p=106370#article\",\"isPartOf\":{\"@id\":\"https:\\\/\\\/quehacerpolitico.mx\\\/?p=106370\"},\"author\":{\"name\":\"Redacci\u00f3n QP\",\"@id\":\"https:\\\/\\\/quehacerpolitico.mx\\\/#\\\/schema\\\/person\\\/496d8ad2d1d3f8036101dca7ee39e585\"},\"headline\":\"L\u00f3pez Obrador se va contra Karla Quintana \u201calteraron\u201d el\u00a0Registro Nacional de Datos de Personas Extraviadas o Desaparecidas\u00a0(RNPED), que contabiliza m\u00e1s de 113 mil, para\u00a0\u201cafectar\u201d a mi Gobierno\",\"datePublished\":\"2023-11-13T18:03:28+00:00\",\"dateModified\":\"2023-11-13T18:07:52+00:00\",\"mainEntityOfPage\":{\"@id\":\"https:\\\/\\\/quehacerpolitico.mx\\\/?p=106370\"},\"wordCount\":485,\"commentCount\":0,\"image\":{\"@id\":\"https:\\\/\\\/quehacerpolitico.mx\\\/?p=106370#primaryimage\"},\"thumbnailUrl\":\"https:\\\/\\\/quehacerpolitico.mx\\\/wp-content\\\/uploads\\\/2023\\\/11\\\/IMG_2008.jpeg\",\"articleSection\":[\"Noticias\"],\"inLanguage\":\"es\",\"potentialAction\":[{\"@type\":\"CommentAction\",\"name\":\"Comment\",\"target\":[\"https:\\\/\\\/quehacerpolitico.mx\\\/?p=106370#respond\"]}]},{\"@type\":\"WebPage\",\"@id\":\"https:\\\/\\\/quehacerpolitico.mx\\\/?p=106370\",\"url\":\"https:\\\/\\\/quehacerpolitico.mx\\\/?p=106370\",\"name\":\"L\u00f3pez Obrador se va contra Karla Quintana \u201calteraron\u201d el\u00a0Registro Nacional de Datos de Personas Extraviadas o Desaparecidas\u00a0(RNPED), que contabiliza m\u00e1s de 113 mil, para\u00a0\u201cafectar\u201d a mi Gobierno -\",\"isPartOf\":{\"@id\":\"https:\\\/\\\/quehacerpolitico.mx\\\/#website\"},\"primaryImageOfPage\":{\"@id\":\"https:\\\/\\\/quehacerpolitico.mx\\\/?p=106370#primaryimage\"},\"image\":{\"@id\":\"https:\\\/\\\/quehacerpolitico.mx\\\/?p=106370#primaryimage\"},\"thumbnailUrl\":\"https:\\\/\\\/quehacerpolitico.mx\\\/wp-content\\\/uploads\\\/2023\\\/11\\\/IMG_2008.jpeg\",\"datePublished\":\"2023-11-13T18:03:28+00:00\",\"dateModified\":\"2023-11-13T18:07:52+00:00\",\"author\":{\"@id\":\"https:\\\/\\\/quehacerpolitico.mx\\\/#\\\/schema\\\/person\\\/496d8ad2d1d3f8036101dca7ee39e585\"},\"breadcrumb\":{\"@id\":\"https:\\\/\\\/quehacerpolitico.mx\\\/?p=106370#breadcrumb\"},\"inLanguage\":\"es\",\"potentialAction\":[{\"@type\":\"ReadAction\",\"target\":[\"https:\\\/\\\/quehacerpolitico.mx\\\/?p=106370\"]}]},{\"@type\":\"ImageObject\",\"inLanguage\":\"es\",\"@id\":\"https:\\\/\\\/quehacerpolitico.mx\\\/?p=106370#primaryimage\",\"url\":\"https:\\\/\\\/quehacerpolitico.mx\\\/wp-content\\\/uploads\\\/2023\\\/11\\\/IMG_2008.jpeg\",\"contentUrl\":\"https:\\\/\\\/quehacerpolitico.mx\\\/wp-content\\\/uploads\\\/2023\\\/11\\\/IMG_2008.jpeg\",\"width\":1284,\"height\":708},{\"@type\":\"BreadcrumbList\",\"@id\":\"https:\\\/\\\/quehacerpolitico.mx\\\/?p=106370#breadcrumb\",\"itemListElement\":[{\"@type\":\"ListItem\",\"position\":1,\"name\":\"Inicio\",\"item\":\"https:\\\/\\\/quehacerpolitico.mx\\\/\"},{\"@type\":\"ListItem\",\"position\":2,\"name\":\"L\u00f3pez Obrador se va contra Karla Quintana \u201calteraron\u201d el\u00a0Registro Nacional de Datos de Personas Extraviadas o Desaparecidas\u00a0(RNPED), que contabiliza m\u00e1s de 113 mil, para\u00a0\u201cafectar\u201d a mi Gobierno\"}]},{\"@type\":\"WebSite\",\"@id\":\"https:\\\/\\\/quehacerpolitico.mx\\\/#website\",\"url\":\"https:\\\/\\\/quehacerpolitico.mx\\\/\",\"name\":\"\",\"description\":\"\",\"potentialAction\":[{\"@type\":\"SearchAction\",\"target\":{\"@type\":\"EntryPoint\",\"urlTemplate\":\"https:\\\/\\\/quehacerpolitico.mx\\\/?s={search_term_string}\"},\"query-input\":{\"@type\":\"PropertyValueSpecification\",\"valueRequired\":true,\"valueName\":\"search_term_string\"}}],\"inLanguage\":\"es\"},{\"@type\":\"Person\",\"@id\":\"https:\\\/\\\/quehacerpolitico.mx\\\/#\\\/schema\\\/person\\\/496d8ad2d1d3f8036101dca7ee39e585\",\"name\":\"Redacci\u00f3n QP\",\"image\":{\"@type\":\"ImageObject\",\"inLanguage\":\"es\",\"@id\":\"https:\\\/\\\/secure.gravatar.com\\\/avatar\\\/c7164ed6fdec453195284ad24a5ae5b6e1eed2b848477fa2a4787ba9adf39a41?s=96&d=mm&r=g\",\"url\":\"https:\\\/\\\/secure.gravatar.com\\\/avatar\\\/c7164ed6fdec453195284ad24a5ae5b6e1eed2b848477fa2a4787ba9adf39a41?s=96&d=mm&r=g\",\"contentUrl\":\"https:\\\/\\\/secure.gravatar.com\\\/avatar\\\/c7164ed6fdec453195284ad24a5ae5b6e1eed2b848477fa2a4787ba9adf39a41?s=96&d=mm&r=g\",\"caption\":\"Redacci\u00f3n QP\"},\"url\":\"https:\\\/\\\/quehacerpolitico.mx\\\/?author=2\"}]}<\/script>\n<!-- \/ Yoast SEO plugin. -->","yoast_head_json":{"title":"L\u00f3pez Obrador se va contra Karla Quintana \u201calteraron\u201d el\u00a0Registro Nacional de Datos de Personas Extraviadas o Desaparecidas\u00a0(RNPED), que contabiliza m\u00e1s de 113 mil, para\u00a0\u201cafectar\u201d a mi Gobierno -","robots":{"index":"index","follow":"follow","max-snippet":"max-snippet:-1","max-image-preview":"max-image-preview:large","max-video-preview":"max-video-preview:-1"},"canonical":"https:\/\/quehacerpolitico.mx\/?p=106370","og_locale":"es_MX","og_type":"article","og_title":"L\u00f3pez Obrador se va contra Karla Quintana \u201calteraron\u201d el\u00a0Registro Nacional de Datos de Personas Extraviadas o Desaparecidas\u00a0(RNPED), que contabiliza m\u00e1s de 113 mil, para\u00a0\u201cafectar\u201d a mi Gobierno -","og_description":"Por Redacci\u00f3n QP El mandatario justific\u00f3 los esfuerzos de su Gobierno para crear un nuevo...","og_url":"https:\/\/quehacerpolitico.mx\/?p=106370","article_published_time":"2023-11-13T18:03:28+00:00","article_modified_time":"2023-11-13T18:07:52+00:00","og_image":[{"width":1284,"height":708,"url":"https:\/\/quehacerpolitico.mx\/wp-content\/uploads\/2023\/11\/IMG_2008.jpeg","type":"image\/jpeg"}],"author":"Redacci\u00f3n QP","twitter_card":"summary_large_image","twitter_misc":{"Escrito por":"Redacci\u00f3n QP","Tiempo de lectura":"2 minutos"},"schema":{"@context":"https:\/\/schema.org","@graph":[{"@type":"Article","@id":"https:\/\/quehacerpolitico.mx\/?p=106370#article","isPartOf":{"@id":"https:\/\/quehacerpolitico.mx\/?p=106370"},"author":{"name":"Redacci\u00f3n QP","@id":"https:\/\/quehacerpolitico.mx\/#\/schema\/person\/496d8ad2d1d3f8036101dca7ee39e585"},"headline":"L\u00f3pez Obrador se va contra Karla Quintana \u201calteraron\u201d el\u00a0Registro Nacional de Datos de Personas Extraviadas o Desaparecidas\u00a0(RNPED), que contabiliza m\u00e1s de 113 mil, para\u00a0\u201cafectar\u201d a mi Gobierno","datePublished":"2023-11-13T18:03:28+00:00","dateModified":"2023-11-13T18:07:52+00:00","mainEntityOfPage":{"@id":"https:\/\/quehacerpolitico.mx\/?p=106370"},"wordCount":485,"commentCount":0,"image":{"@id":"https:\/\/quehacerpolitico.mx\/?p=106370#primaryimage"},"thumbnailUrl":"https:\/\/quehacerpolitico.mx\/wp-content\/uploads\/2023\/11\/IMG_2008.jpeg","articleSection":["Noticias"],"inLanguage":"es","potentialAction":[{"@type":"CommentAction","name":"Comment","target":["https:\/\/quehacerpolitico.mx\/?p=106370#respond"]}]},{"@type":"WebPage","@id":"https:\/\/quehacerpolitico.mx\/?p=106370","url":"https:\/\/quehacerpolitico.mx\/?p=106370","name":"L\u00f3pez Obrador se va contra Karla Quintana \u201calteraron\u201d el\u00a0Registro Nacional de Datos de Personas Extraviadas o Desaparecidas\u00a0(RNPED), que contabiliza m\u00e1s de 113 mil, para\u00a0\u201cafectar\u201d a mi Gobierno -","isPartOf":{"@id":"https:\/\/quehacerpolitico.mx\/#website"},"primaryImageOfPage":{"@id":"https:\/\/quehacerpolitico.mx\/?p=106370#primaryimage"},"image":{"@id":"https:\/\/quehacerpolitico.mx\/?p=106370#primaryimage"},"thumbnailUrl":"https:\/\/quehacerpolitico.mx\/wp-content\/uploads\/2023\/11\/IMG_2008.jpeg","datePublished":"2023-11-13T18:03:28+00:00","dateModified":"2023-11-13T18:07:52+00:00","author":{"@id":"https:\/\/quehacerpolitico.mx\/#\/schema\/person\/496d8ad2d1d3f8036101dca7ee39e585"},"breadcrumb":{"@id":"https:\/\/quehacerpolitico.mx\/?p=106370#breadcrumb"},"inLanguage":"es","potentialAction":[{"@type":"ReadAction","target":["https:\/\/quehacerpolitico.mx\/?p=106370"]}]},{"@type":"ImageObject","inLanguage":"es","@id":"https:\/\/quehacerpolitico.mx\/?p=106370#primaryimage","url":"https:\/\/quehacerpolitico.mx\/wp-content\/uploads\/2023\/11\/IMG_2008.jpeg","contentUrl":"https:\/\/quehacerpolitico.mx\/wp-content\/uploads\/2023\/11\/IMG_2008.jpeg","width":1284,"height":708},{"@type":"BreadcrumbList","@id":"https:\/\/quehacerpolitico.mx\/?p=106370#breadcrumb","itemListElement":[{"@type":"ListItem","position":1,"name":"Inicio","item":"https:\/\/quehacerpolitico.mx\/"},{"@type":"ListItem","position":2,"name":"L\u00f3pez Obrador se va contra Karla Quintana \u201calteraron\u201d el\u00a0Registro Nacional de Datos de Personas Extraviadas o Desaparecidas\u00a0(RNPED), que contabiliza m\u00e1s de 113 mil, para\u00a0\u201cafectar\u201d a mi Gobierno"}]},{"@type":"WebSite","@id":"https:\/\/quehacerpolitico.mx\/#website","url":"https:\/\/quehacerpolitico.mx\/","name":"","description":"","potentialAction":[{"@type":"SearchAction","target":{"@type":"EntryPoint","urlTemplate":"https:\/\/quehacerpolitico.mx\/?s={search_term_string}"},"query-input":{"@type":"PropertyValueSpecification","valueRequired":true,"valueName":"search_term_string"}}],"inLanguage":"es"},{"@type":"Person","@id":"https:\/\/quehacerpolitico.mx\/#\/schema\/person\/496d8ad2d1d3f8036101dca7ee39e585","name":"Redacci\u00f3n QP","image":{"@type":"ImageObject","inLanguage":"es","@id":"https:\/\/secure.gravatar.com\/avatar\/c7164ed6fdec453195284ad24a5ae5b6e1eed2b848477fa2a4787ba9adf39a41?s=96&d=mm&r=g","url":"https:\/\/secure.gravatar.com\/avatar\/c7164ed6fdec453195284ad24a5ae5b6e1eed2b848477fa2a4787ba9adf39a41?s=96&d=mm&r=g","contentUrl":"https:\/\/secure.gravatar.com\/avatar\/c7164ed6fdec453195284ad24a5ae5b6e1eed2b848477fa2a4787ba9adf39a41?s=96&d=mm&r=g","caption":"Redacci\u00f3n QP"},"url":"https:\/\/quehacerpolitico.mx\/?author=2"}]}},"featured_image_urls":{"full":["https:\/\/quehacerpolitico.mx\/wp-content\/uploads\/2023\/11\/IMG_2008.jpeg",1284,708,false],"thumbnail":["https:\/\/quehacerpolitico.mx\/wp-content\/uploads\/2023\/11\/IMG_2008-150x150.jpeg",150,150,true],"medium":["https:\/\/quehacerpolitico.mx\/wp-content\/uploads\/2023\/11\/IMG_2008-300x165.jpeg",300,165,true],"medium_large":["https:\/\/quehacerpolitico.mx\/wp-content\/uploads\/2023\/11\/IMG_2008-768x423.jpeg",640,353,true],"large":["https:\/\/quehacerpolitico.mx\/wp-content\/uploads\/2023\/11\/IMG_2008-1024x565.jpeg",640,353,true],"1536x1536":["https:\/\/quehacerpolitico.mx\/wp-content\/uploads\/2023\/11\/IMG_2008.jpeg",1284,708,false],"2048x2048":["https:\/\/quehacerpolitico.mx\/wp-content\/uploads\/2023\/11\/IMG_2008.jpeg",1284,708,false],"covernews-featured":["https:\/\/quehacerpolitico.mx\/wp-content\/uploads\/2023\/11\/IMG_2008.jpeg",1024,565,false],"covernews-medium":["https:\/\/quehacerpolitico.mx\/wp-content\/uploads\/2023\/11\/IMG_2008.jpeg",540,298,false]},"author_info":{"display_name":"Redacci\u00f3n QP","author_link":"https:\/\/quehacerpolitico.mx\/?author=2"},"category_info":"<a href=\"https:\/\/quehacerpolitico.mx\/?cat=2\" rel=\"category\">Noticias<\/a>","tag_info":"Noticias","comment_count":"0","_links":{"self":[{"href":"https:\/\/quehacerpolitico.mx\/index.php?rest_route=\/wp\/v2\/posts\/106370","targetHints":{"allow":["GET"]}}],"collection":[{"href":"https:\/\/quehacerpolitico.mx\/index.php?rest_route=\/wp\/v2\/posts"}],"about":[{"href":"https:\/\/quehacerpolitico.mx\/index.php?rest_route=\/wp\/v2\/types\/post"}],"author":[{"embeddable":true,"href":"https:\/\/quehacerpolitico.mx\/index.php?rest_route=\/wp\/v2\/users\/2"}],"replies":[{"embeddable":true,"href":"https:\/\/quehacerpolitico.mx\/index.php?rest_route=%2Fwp%2Fv2%2Fcomments&post=106370"}],"version-history":[{"count":1,"href":"https:\/\/quehacerpolitico.mx\/index.php?rest_route=\/wp\/v2\/posts\/106370\/revisions"}],"predecessor-version":[{"id":106372,"href":"https:\/\/quehacerpolitico.mx\/index.php?rest_route=\/wp\/v2\/posts\/106370\/revisions\/106372"}],"wp:featuredmedia":[{"embeddable":true,"href":"https:\/\/quehacerpolitico.mx\/index.php?rest_route=\/wp\/v2\/media\/106371"}],"wp:attachment":[{"href":"https:\/\/quehacerpolitico.mx\/index.php?rest_route=%2Fwp%2Fv2%2Fmedia&parent=106370"}],"wp:term":[{"taxonomy":"category","embeddable":true,"href":"https:\/\/quehacerpolitico.mx\/index.php?rest_route=%2Fwp%2Fv2%2Fcategories&post=106370"},{"taxonomy":"post_tag","embeddable":true,"href":"https:\/\/quehacerpolitico.mx\/index.php?rest_route=%2Fwp%2Fv2%2Ftags&post=106370"}],"curies":[{"name":"wp","href":"https:\/\/api.w.org\/{rel}","templated":true}]}}