{"id":106347,"date":"2023-11-10T23:14:20","date_gmt":"2023-11-10T23:14:20","guid":{"rendered":"https:\/\/quehacerpolitico.mx\/?p=106347"},"modified":"2023-11-10T23:14:23","modified_gmt":"2023-11-10T23:14:23","slug":"taylor-swift-y-olivia-rodrigo-lideran-las-nominaciones-de-los-grammy-peso-pluma-karol-g-y-rauw-alejandro-entre-los-latinos-favoritos","status":"publish","type":"post","link":"https:\/\/quehacerpolitico.mx\/?p=106347","title":{"rendered":"Taylor Swift y Olivia Rodrigo lideran las nominaciones de los Grammy; Peso Pluma, Karol G y Rauw Alejandro, entre los latinos favoritos"},"content":{"rendered":"\n<p>Por Redacci\u00f3n QP<\/p>\n\n\n\n<p><strong>Taylor Swift<\/strong>, Olivia Rodrigo y SZA consiguieron ser nominadas este viernes por la Academia de la Grabaci\u00f3n de Estados Unidos en las tres categor\u00edas principales de los&nbsp;<strong>Grammy<\/strong>&nbsp;\u2014las de \u00e1lbum del a\u00f1o, grabaci\u00f3n del a\u00f1o y canci\u00f3n del a\u00f1o\u2014 y aspiran a protagonizar la pr\u00f3xima edici\u00f3n de estos premios.<\/p>\n\n\n\n<p>Una entrega que se celebrar\u00e1 el pr\u00f3ximo 4 de febrero en\u00a0<strong>Los \u00c1ngeles\u00a0<\/strong>y que deja otro nombre femenino en may\u00fasculas: el de\u00a0<strong>Miley Cyrus<\/strong>, cuyo regreso gracias al disco \u201cEndless Summer Vacation\u201d ha sido reconocido con una candidatura a \u00e1lbum del a\u00f1o, y su popular tema \u201cFlowers\u201d disputar\u00e1 el premio a la mejor canci\u00f3n del curso.<\/p>\n\n\n\n<p><strong>Swift<\/strong>, Rodrigo y&nbsp;<strong>Cyrus<\/strong>&nbsp;empataron con seis candidaturas dentro de una edici\u00f3n que estar\u00e1 dominada casi totalmente por mujeres y que lider\u00f3&nbsp;<strong>SZA<\/strong>, con su disco \u201cSOS\u201d y su \u201chit\u201d \u201cKill Bill\u201d, como la m\u00e1s nominada con nueve menciones.<\/p>\n\n\n\n<p>Asimismo, la suma total de todas las producciones musicales que conforman la banda sonora de la pel\u00edcula \u201c<strong>Barbie<\/strong>\u201c, entre las que hay obras de&nbsp;<strong>Billie Eilish<\/strong>, Dua Lipa y Nicki Minaj, acumularon 11 nominaciones en siete categor\u00edas diferentes.<\/p>\n\n\n\n<h2 class=\"wp-block-heading\" id=\"h-swift-buscara-aumentar-su-legado\"><strong>Swift buscar\u00e1 aumentar su legado<\/strong><\/h2>\n\n\n\n<p><strong>Swift<\/strong>, la \u00fanica artista femenina que ha ganado tres veces en \u00e1lbum del a\u00f1o, espera que su disco \u201c<strong>Midnights<\/strong>\u201d le permita seguir agrandando su legado tras una exitosa gira internacional, \u201c<strong>The Eras Tour<\/strong>\u201c, y el aclamado estreno de un filme basado justamente en esta serie de conciertos.<\/p>\n\n\n\n<p>Por su parte,\u00a0<strong>Rodrigo<\/strong>\u00a0regresa por todo lo alto con su \u00edntimo \u00e1lbum \u201c<strong>Guts<\/strong>\u201d despu\u00e9s de erigirse como mejor nueva artista y llevarse otros dos premios m\u00e1s hace dos a\u00f1os.<\/p>\n\n\n\n<p>La representaci\u00f3n masculina&nbsp;<strong>de los Grammy<\/strong>correr\u00e1 a cargo de Jon Batiste, el referente de pop-jazz que se coron\u00f3 hace dos a\u00f1os y que ha conseguido ser candidato en las tres categor\u00edas principales con su \u00e1lbum \u201c<strong>World Music Radio<\/strong>\u201c.<\/p>\n\n\n\n<h2 class=\"wp-block-heading\" id=\"h-ningun-referente-latino-repitio-el-hito-de-bad-bunny\"><strong>Ning\u00fan referente latino repiti\u00f3 el hito de Bad Bunny<\/strong><\/h2>\n\n\n\n<p>Despu\u00e9s de que el puertorrique\u00f1o&nbsp;<strong>Bad Bunny<\/strong>hiciera historia el a\u00f1o pasado como el primer latino en acceder a uno de estos apartados con un trabajo \u00edntegramente en espa\u00f1ol, s\u00f3lo era factible que el mexicano rompe r\u00e9cords&nbsp;<strong>Peso Pluma<\/strong>&nbsp;pudiera ser reconocido en la terna de finalistas a mejor nuevo artista.<\/p>\n\n\n\n<p>Se trata de una de las categor\u00edas m\u00e1s destacadas de cada entrega, pero la Academia de la Grabaci\u00f3n de Estados Unidos prefiri\u00f3 decantarse por la rapera y trapera neoyorquina<strong>Ice Spicep<\/strong>, la cantante pop&nbsp;<strong>Victoria Mon\u00e9t<\/strong>&nbsp;o la cantautora y actriz&nbsp;<strong>Coco Jons<\/strong>, entre otras.<\/p>\n\n\n\n<p>S\u00f3lo su compatriota\u00a0<strong>Edgar Barrera,<\/strong>\u00a0que ya gan\u00f3 el Grammy a mejor \u00e1lbum latino tropical en 2015 por el disco \u201cM\u00e1s coraz\u00f3n profundo\u201d de\u00a0<strong>Carlos Vives<\/strong>, consigui\u00f3 hoy ser finalista en la categor\u00eda general de compositor del a\u00f1o.<\/p>\n\n\n\n<p>Barrera, adem\u00e1s, es el m\u00e1s nominado con 13 menciones para los pr\u00f3ximos<strong>&nbsp;Latin Grammy<\/strong>, que acoger\u00e1 por primera vez la ciudad espa\u00f1ola de Sevilla el pr\u00f3ximo 16 de noviembre.<\/p>\n\n\n\n<p>En lo que respecta a las categor\u00edas puramente latinas, el fen\u00f3meno de los corridos tumbados&nbsp;<strong>Peso Pluma&nbsp;<\/strong>s\u00ed estar\u00e1 entre los aspirantes a mejor \u00e1lbum de m\u00fasica mexicana (incluyendo texano) por su disco \u201c<strong>G\u00e9nesis<\/strong>\u201c.<\/p>\n\n\n\n<p>Adem\u00e1s, la colombiana&nbsp;<strong>Karol G,<\/strong>&nbsp;con \u201cMa\u00f1ana ser\u00e1 bonito\u201d, y el puertorrique\u00f1o&nbsp;<strong>Rauw Alejandro<\/strong>, de la mano de su trabajo titulado \u201c<strong>Saturno<\/strong>\u201c, aparecen como los principales favoritos en mejor \u00e1lbum de m\u00fasica urbana.<\/p>\n\n\n\n<p>La\u00a0<strong>66 edici\u00f3n de los Grammy<\/strong>\u00a0volver\u00e1 a desarrollarse en el Crypto.com Arena, el recinto donde juega sus partidos como local el equipo de baloncesto Los \u00c1ngeles Lakers, y contar\u00e1 con tres nuevas categor\u00edas: mejor interpretaci\u00f3n de m\u00fasica africana, mejor grabaci\u00f3n pop dance y mejor \u00e1lbum de jazz alternativo<\/p>\n\n\n\n<p>Con informaci\u00f3n de EFE<\/p>\n","protected":false},"excerpt":{"rendered":"<p>Por Redacci\u00f3n QP Taylor Swift, Olivia Rodrigo y SZA consiguieron ser nominadas este viernes por&#8230;<\/p>\n","protected":false},"author":2,"featured_media":106348,"comment_status":"open","ping_status":"open","sticky":false,"template":"","format":"standard","meta":{"_monsterinsights_skip_tracking":false,"_monsterinsights_sitenote_active":false,"_monsterinsights_sitenote_note":"","_monsterinsights_sitenote_category":0,"footnotes":""},"categories":[58],"tags":[],"class_list":["post-106347","post","type-post","status-publish","format-standard","has-post-thumbnail","hentry","category-cultura"],"yoast_head":"<!-- This site is optimized with the Yoast SEO plugin v27.3 - https:\/\/yoast.com\/product\/yoast-seo-wordpress\/ -->\n<title>Taylor Swift y Olivia Rodrigo lideran las nominaciones de los Grammy; Peso Pluma, Karol G y Rauw Alejandro, entre los latinos favoritos -<\/title>\n<meta name=\"robots\" content=\"index, follow, max-snippet:-1, max-image-preview:large, max-video-preview:-1\" \/>\n<link rel=\"canonical\" href=\"https:\/\/quehacerpolitico.mx\/?p=106347\" \/>\n<meta property=\"og:locale\" content=\"es_MX\" \/>\n<meta property=\"og:type\" content=\"article\" \/>\n<meta property=\"og:title\" content=\"Taylor Swift y Olivia Rodrigo lideran las nominaciones de los Grammy; Peso Pluma, Karol G y Rauw Alejandro, entre los latinos favoritos -\" \/>\n<meta property=\"og:description\" content=\"Por Redacci\u00f3n QP Taylor Swift, Olivia Rodrigo y SZA consiguieron ser nominadas este viernes por...\" \/>\n<meta property=\"og:url\" content=\"https:\/\/quehacerpolitico.mx\/?p=106347\" \/>\n<meta property=\"article:published_time\" content=\"2023-11-10T23:14:20+00:00\" \/>\n<meta property=\"article:modified_time\" content=\"2023-11-10T23:14:23+00:00\" \/>\n<meta property=\"og:image\" content=\"https:\/\/quehacerpolitico.mx\/wp-content\/uploads\/2023\/11\/IMG_1972.jpeg\" \/>\n\t<meta property=\"og:image:width\" content=\"726\" \/>\n\t<meta property=\"og:image:height\" content=\"422\" \/>\n\t<meta property=\"og:image:type\" content=\"image\/jpeg\" \/>\n<meta name=\"author\" content=\"Redacci\u00f3n QP\" \/>\n<meta name=\"twitter:card\" content=\"summary_large_image\" \/>\n<meta name=\"twitter:label1\" content=\"Escrito por\" \/>\n\t<meta name=\"twitter:data1\" content=\"Redacci\u00f3n QP\" \/>\n\t<meta name=\"twitter:label2\" content=\"Tiempo de lectura\" \/>\n\t<meta name=\"twitter:data2\" content=\"3 minutos\" \/>\n<script type=\"application\/ld+json\" class=\"yoast-schema-graph\">{\"@context\":\"https:\\\/\\\/schema.org\",\"@graph\":[{\"@type\":\"Article\",\"@id\":\"https:\\\/\\\/quehacerpolitico.mx\\\/?p=106347#article\",\"isPartOf\":{\"@id\":\"https:\\\/\\\/quehacerpolitico.mx\\\/?p=106347\"},\"author\":{\"name\":\"Redacci\u00f3n QP\",\"@id\":\"https:\\\/\\\/quehacerpolitico.mx\\\/#\\\/schema\\\/person\\\/496d8ad2d1d3f8036101dca7ee39e585\"},\"headline\":\"Taylor Swift y Olivia Rodrigo lideran las nominaciones de los Grammy; Peso Pluma, Karol G y Rauw Alejandro, entre los latinos favoritos\",\"datePublished\":\"2023-11-10T23:14:20+00:00\",\"dateModified\":\"2023-11-10T23:14:23+00:00\",\"mainEntityOfPage\":{\"@id\":\"https:\\\/\\\/quehacerpolitico.mx\\\/?p=106347\"},\"wordCount\":693,\"commentCount\":0,\"image\":{\"@id\":\"https:\\\/\\\/quehacerpolitico.mx\\\/?p=106347#primaryimage\"},\"thumbnailUrl\":\"https:\\\/\\\/quehacerpolitico.mx\\\/wp-content\\\/uploads\\\/2023\\\/11\\\/IMG_1972.jpeg\",\"articleSection\":[\"Cultura y Entretenimiento\"],\"inLanguage\":\"es\",\"potentialAction\":[{\"@type\":\"CommentAction\",\"name\":\"Comment\",\"target\":[\"https:\\\/\\\/quehacerpolitico.mx\\\/?p=106347#respond\"]}]},{\"@type\":\"WebPage\",\"@id\":\"https:\\\/\\\/quehacerpolitico.mx\\\/?p=106347\",\"url\":\"https:\\\/\\\/quehacerpolitico.mx\\\/?p=106347\",\"name\":\"Taylor Swift y Olivia Rodrigo lideran las nominaciones de los Grammy; Peso Pluma, Karol G y Rauw Alejandro, entre los latinos favoritos -\",\"isPartOf\":{\"@id\":\"https:\\\/\\\/quehacerpolitico.mx\\\/#website\"},\"primaryImageOfPage\":{\"@id\":\"https:\\\/\\\/quehacerpolitico.mx\\\/?p=106347#primaryimage\"},\"image\":{\"@id\":\"https:\\\/\\\/quehacerpolitico.mx\\\/?p=106347#primaryimage\"},\"thumbnailUrl\":\"https:\\\/\\\/quehacerpolitico.mx\\\/wp-content\\\/uploads\\\/2023\\\/11\\\/IMG_1972.jpeg\",\"datePublished\":\"2023-11-10T23:14:20+00:00\",\"dateModified\":\"2023-11-10T23:14:23+00:00\",\"author\":{\"@id\":\"https:\\\/\\\/quehacerpolitico.mx\\\/#\\\/schema\\\/person\\\/496d8ad2d1d3f8036101dca7ee39e585\"},\"breadcrumb\":{\"@id\":\"https:\\\/\\\/quehacerpolitico.mx\\\/?p=106347#breadcrumb\"},\"inLanguage\":\"es\",\"potentialAction\":[{\"@type\":\"ReadAction\",\"target\":[\"https:\\\/\\\/quehacerpolitico.mx\\\/?p=106347\"]}]},{\"@type\":\"ImageObject\",\"inLanguage\":\"es\",\"@id\":\"https:\\\/\\\/quehacerpolitico.mx\\\/?p=106347#primaryimage\",\"url\":\"https:\\\/\\\/quehacerpolitico.mx\\\/wp-content\\\/uploads\\\/2023\\\/11\\\/IMG_1972.jpeg\",\"contentUrl\":\"https:\\\/\\\/quehacerpolitico.mx\\\/wp-content\\\/uploads\\\/2023\\\/11\\\/IMG_1972.jpeg\",\"width\":726,\"height\":422},{\"@type\":\"BreadcrumbList\",\"@id\":\"https:\\\/\\\/quehacerpolitico.mx\\\/?p=106347#breadcrumb\",\"itemListElement\":[{\"@type\":\"ListItem\",\"position\":1,\"name\":\"Inicio\",\"item\":\"https:\\\/\\\/quehacerpolitico.mx\\\/\"},{\"@type\":\"ListItem\",\"position\":2,\"name\":\"Taylor Swift y Olivia Rodrigo lideran las nominaciones de los Grammy; Peso Pluma, Karol G y Rauw Alejandro, entre los latinos favoritos\"}]},{\"@type\":\"WebSite\",\"@id\":\"https:\\\/\\\/quehacerpolitico.mx\\\/#website\",\"url\":\"https:\\\/\\\/quehacerpolitico.mx\\\/\",\"name\":\"\",\"description\":\"\",\"potentialAction\":[{\"@type\":\"SearchAction\",\"target\":{\"@type\":\"EntryPoint\",\"urlTemplate\":\"https:\\\/\\\/quehacerpolitico.mx\\\/?s={search_term_string}\"},\"query-input\":{\"@type\":\"PropertyValueSpecification\",\"valueRequired\":true,\"valueName\":\"search_term_string\"}}],\"inLanguage\":\"es\"},{\"@type\":\"Person\",\"@id\":\"https:\\\/\\\/quehacerpolitico.mx\\\/#\\\/schema\\\/person\\\/496d8ad2d1d3f8036101dca7ee39e585\",\"name\":\"Redacci\u00f3n QP\",\"image\":{\"@type\":\"ImageObject\",\"inLanguage\":\"es\",\"@id\":\"https:\\\/\\\/secure.gravatar.com\\\/avatar\\\/c7164ed6fdec453195284ad24a5ae5b6e1eed2b848477fa2a4787ba9adf39a41?s=96&d=mm&r=g\",\"url\":\"https:\\\/\\\/secure.gravatar.com\\\/avatar\\\/c7164ed6fdec453195284ad24a5ae5b6e1eed2b848477fa2a4787ba9adf39a41?s=96&d=mm&r=g\",\"contentUrl\":\"https:\\\/\\\/secure.gravatar.com\\\/avatar\\\/c7164ed6fdec453195284ad24a5ae5b6e1eed2b848477fa2a4787ba9adf39a41?s=96&d=mm&r=g\",\"caption\":\"Redacci\u00f3n QP\"},\"url\":\"https:\\\/\\\/quehacerpolitico.mx\\\/?author=2\"}]}<\/script>\n<!-- \/ Yoast SEO plugin. -->","yoast_head_json":{"title":"Taylor Swift y Olivia Rodrigo lideran las nominaciones de los Grammy; Peso Pluma, Karol G y Rauw Alejandro, entre los latinos favoritos -","robots":{"index":"index","follow":"follow","max-snippet":"max-snippet:-1","max-image-preview":"max-image-preview:large","max-video-preview":"max-video-preview:-1"},"canonical":"https:\/\/quehacerpolitico.mx\/?p=106347","og_locale":"es_MX","og_type":"article","og_title":"Taylor Swift y Olivia Rodrigo lideran las nominaciones de los Grammy; Peso Pluma, Karol G y Rauw Alejandro, entre los latinos favoritos -","og_description":"Por Redacci\u00f3n QP Taylor Swift, Olivia Rodrigo y SZA consiguieron ser nominadas este viernes por...","og_url":"https:\/\/quehacerpolitico.mx\/?p=106347","article_published_time":"2023-11-10T23:14:20+00:00","article_modified_time":"2023-11-10T23:14:23+00:00","og_image":[{"width":726,"height":422,"url":"https:\/\/quehacerpolitico.mx\/wp-content\/uploads\/2023\/11\/IMG_1972.jpeg","type":"image\/jpeg"}],"author":"Redacci\u00f3n QP","twitter_card":"summary_large_image","twitter_misc":{"Escrito por":"Redacci\u00f3n QP","Tiempo de lectura":"3 minutos"},"schema":{"@context":"https:\/\/schema.org","@graph":[{"@type":"Article","@id":"https:\/\/quehacerpolitico.mx\/?p=106347#article","isPartOf":{"@id":"https:\/\/quehacerpolitico.mx\/?p=106347"},"author":{"name":"Redacci\u00f3n QP","@id":"https:\/\/quehacerpolitico.mx\/#\/schema\/person\/496d8ad2d1d3f8036101dca7ee39e585"},"headline":"Taylor Swift y Olivia Rodrigo lideran las nominaciones de los Grammy; Peso Pluma, Karol G y Rauw Alejandro, entre los latinos favoritos","datePublished":"2023-11-10T23:14:20+00:00","dateModified":"2023-11-10T23:14:23+00:00","mainEntityOfPage":{"@id":"https:\/\/quehacerpolitico.mx\/?p=106347"},"wordCount":693,"commentCount":0,"image":{"@id":"https:\/\/quehacerpolitico.mx\/?p=106347#primaryimage"},"thumbnailUrl":"https:\/\/quehacerpolitico.mx\/wp-content\/uploads\/2023\/11\/IMG_1972.jpeg","articleSection":["Cultura y Entretenimiento"],"inLanguage":"es","potentialAction":[{"@type":"CommentAction","name":"Comment","target":["https:\/\/quehacerpolitico.mx\/?p=106347#respond"]}]},{"@type":"WebPage","@id":"https:\/\/quehacerpolitico.mx\/?p=106347","url":"https:\/\/quehacerpolitico.mx\/?p=106347","name":"Taylor Swift y Olivia Rodrigo lideran las nominaciones de los Grammy; Peso Pluma, Karol G y Rauw Alejandro, entre los latinos favoritos -","isPartOf":{"@id":"https:\/\/quehacerpolitico.mx\/#website"},"primaryImageOfPage":{"@id":"https:\/\/quehacerpolitico.mx\/?p=106347#primaryimage"},"image":{"@id":"https:\/\/quehacerpolitico.mx\/?p=106347#primaryimage"},"thumbnailUrl":"https:\/\/quehacerpolitico.mx\/wp-content\/uploads\/2023\/11\/IMG_1972.jpeg","datePublished":"2023-11-10T23:14:20+00:00","dateModified":"2023-11-10T23:14:23+00:00","author":{"@id":"https:\/\/quehacerpolitico.mx\/#\/schema\/person\/496d8ad2d1d3f8036101dca7ee39e585"},"breadcrumb":{"@id":"https:\/\/quehacerpolitico.mx\/?p=106347#breadcrumb"},"inLanguage":"es","potentialAction":[{"@type":"ReadAction","target":["https:\/\/quehacerpolitico.mx\/?p=106347"]}]},{"@type":"ImageObject","inLanguage":"es","@id":"https:\/\/quehacerpolitico.mx\/?p=106347#primaryimage","url":"https:\/\/quehacerpolitico.mx\/wp-content\/uploads\/2023\/11\/IMG_1972.jpeg","contentUrl":"https:\/\/quehacerpolitico.mx\/wp-content\/uploads\/2023\/11\/IMG_1972.jpeg","width":726,"height":422},{"@type":"BreadcrumbList","@id":"https:\/\/quehacerpolitico.mx\/?p=106347#breadcrumb","itemListElement":[{"@type":"ListItem","position":1,"name":"Inicio","item":"https:\/\/quehacerpolitico.mx\/"},{"@type":"ListItem","position":2,"name":"Taylor Swift y Olivia Rodrigo lideran las nominaciones de los Grammy; Peso Pluma, Karol G y Rauw Alejandro, entre los latinos favoritos"}]},{"@type":"WebSite","@id":"https:\/\/quehacerpolitico.mx\/#website","url":"https:\/\/quehacerpolitico.mx\/","name":"","description":"","potentialAction":[{"@type":"SearchAction","target":{"@type":"EntryPoint","urlTemplate":"https:\/\/quehacerpolitico.mx\/?s={search_term_string}"},"query-input":{"@type":"PropertyValueSpecification","valueRequired":true,"valueName":"search_term_string"}}],"inLanguage":"es"},{"@type":"Person","@id":"https:\/\/quehacerpolitico.mx\/#\/schema\/person\/496d8ad2d1d3f8036101dca7ee39e585","name":"Redacci\u00f3n QP","image":{"@type":"ImageObject","inLanguage":"es","@id":"https:\/\/secure.gravatar.com\/avatar\/c7164ed6fdec453195284ad24a5ae5b6e1eed2b848477fa2a4787ba9adf39a41?s=96&d=mm&r=g","url":"https:\/\/secure.gravatar.com\/avatar\/c7164ed6fdec453195284ad24a5ae5b6e1eed2b848477fa2a4787ba9adf39a41?s=96&d=mm&r=g","contentUrl":"https:\/\/secure.gravatar.com\/avatar\/c7164ed6fdec453195284ad24a5ae5b6e1eed2b848477fa2a4787ba9adf39a41?s=96&d=mm&r=g","caption":"Redacci\u00f3n QP"},"url":"https:\/\/quehacerpolitico.mx\/?author=2"}]}},"featured_image_urls":{"full":["https:\/\/quehacerpolitico.mx\/wp-content\/uploads\/2023\/11\/IMG_1972.jpeg",726,422,false],"thumbnail":["https:\/\/quehacerpolitico.mx\/wp-content\/uploads\/2023\/11\/IMG_1972-150x150.jpeg",150,150,true],"medium":["https:\/\/quehacerpolitico.mx\/wp-content\/uploads\/2023\/11\/IMG_1972-300x174.jpeg",300,174,true],"medium_large":["https:\/\/quehacerpolitico.mx\/wp-content\/uploads\/2023\/11\/IMG_1972.jpeg",640,372,false],"large":["https:\/\/quehacerpolitico.mx\/wp-content\/uploads\/2023\/11\/IMG_1972.jpeg",640,372,false],"1536x1536":["https:\/\/quehacerpolitico.mx\/wp-content\/uploads\/2023\/11\/IMG_1972.jpeg",726,422,false],"2048x2048":["https:\/\/quehacerpolitico.mx\/wp-content\/uploads\/2023\/11\/IMG_1972.jpeg",726,422,false],"covernews-featured":["https:\/\/quehacerpolitico.mx\/wp-content\/uploads\/2023\/11\/IMG_1972.jpeg",726,422,false],"covernews-medium":["https:\/\/quehacerpolitico.mx\/wp-content\/uploads\/2023\/11\/IMG_1972.jpeg",540,314,false]},"author_info":{"display_name":"Redacci\u00f3n QP","author_link":"https:\/\/quehacerpolitico.mx\/?author=2"},"category_info":"<a href=\"https:\/\/quehacerpolitico.mx\/?cat=58\" rel=\"category\">Cultura y Entretenimiento<\/a>","tag_info":"Cultura y Entretenimiento","comment_count":"0","_links":{"self":[{"href":"https:\/\/quehacerpolitico.mx\/index.php?rest_route=\/wp\/v2\/posts\/106347","targetHints":{"allow":["GET"]}}],"collection":[{"href":"https:\/\/quehacerpolitico.mx\/index.php?rest_route=\/wp\/v2\/posts"}],"about":[{"href":"https:\/\/quehacerpolitico.mx\/index.php?rest_route=\/wp\/v2\/types\/post"}],"author":[{"embeddable":true,"href":"https:\/\/quehacerpolitico.mx\/index.php?rest_route=\/wp\/v2\/users\/2"}],"replies":[{"embeddable":true,"href":"https:\/\/quehacerpolitico.mx\/index.php?rest_route=%2Fwp%2Fv2%2Fcomments&post=106347"}],"version-history":[{"count":1,"href":"https:\/\/quehacerpolitico.mx\/index.php?rest_route=\/wp\/v2\/posts\/106347\/revisions"}],"predecessor-version":[{"id":106349,"href":"https:\/\/quehacerpolitico.mx\/index.php?rest_route=\/wp\/v2\/posts\/106347\/revisions\/106349"}],"wp:featuredmedia":[{"embeddable":true,"href":"https:\/\/quehacerpolitico.mx\/index.php?rest_route=\/wp\/v2\/media\/106348"}],"wp:attachment":[{"href":"https:\/\/quehacerpolitico.mx\/index.php?rest_route=%2Fwp%2Fv2%2Fmedia&parent=106347"}],"wp:term":[{"taxonomy":"category","embeddable":true,"href":"https:\/\/quehacerpolitico.mx\/index.php?rest_route=%2Fwp%2Fv2%2Fcategories&post=106347"},{"taxonomy":"post_tag","embeddable":true,"href":"https:\/\/quehacerpolitico.mx\/index.php?rest_route=%2Fwp%2Fv2%2Ftags&post=106347"}],"curies":[{"name":"wp","href":"https:\/\/api.w.org\/{rel}","templated":true}]}}