{"id":106342,"date":"2023-11-10T22:59:49","date_gmt":"2023-11-10T22:59:49","guid":{"rendered":"https:\/\/quehacerpolitico.mx\/?p=106342"},"modified":"2023-11-10T22:59:52","modified_gmt":"2023-11-10T22:59:52","slug":"el-hostigamiento-cotidiano-a-periodistas-desde-palacio-nacional-es-lamentable-aseguro-xochitl-galvez","status":"publish","type":"post","link":"https:\/\/quehacerpolitico.mx\/?p=106342","title":{"rendered":"\u201cEl hostigamiento cotidiano a periodistas desde Palacio Nacional es lamentable\u201d, asegur\u00f3 X\u00f3chitl G\u00e1lvez"},"content":{"rendered":"\n<p>Por Redacci\u00f3n QP<\/p>\n\n\n\n<p>\u201cEl hostigamiento cotidiano a periodistas desde Palacio Nacional es lamentable\u201d, asegur\u00f3 X\u00f3chitl G\u00e1lvez en la 79 asamblea anual de la SIP<\/p>\n\n\n\n<p>La precandidata presidencial para el 2024 del opositor Frente Amplio por M\u00e9xico,\u00a0<strong>X\u00f3chitl G\u00e1lvez<\/strong>, critic\u00f3 el \u201c<strong>hostigamiento cotidiano<\/strong>\u201d a los\u00a0<strong>periodistas<\/strong>\u00a0por parte del actual presidente,\u00a0<strong>Andr\u00e9s Manuel L\u00f3pez Obrador<\/strong>, al recordar que \u201cla prensa libre equilibra a los poderosos\u201d durante su participaci\u00f3n en la 79 asamblea anual de la Sociedad Interamericana de Prensa (SIP).<\/p>\n\n\n\n<figure class=\"wp-block-image size-large\"><img loading=\"lazy\" decoding=\"async\" width=\"1024\" height=\"840\" src=\"https:\/\/quehacerpolitico.mx\/wp-content\/uploads\/2023\/11\/image-34-1024x840.jpeg\" alt=\"\" class=\"wp-image-106345\" srcset=\"https:\/\/quehacerpolitico.mx\/wp-content\/uploads\/2023\/11\/image-34-1024x840.jpeg 1024w, https:\/\/quehacerpolitico.mx\/wp-content\/uploads\/2023\/11\/image-34-300x246.jpeg 300w, https:\/\/quehacerpolitico.mx\/wp-content\/uploads\/2023\/11\/image-34-768x630.jpeg 768w, https:\/\/quehacerpolitico.mx\/wp-content\/uploads\/2023\/11\/image-34-1536x1260.jpeg 1536w, https:\/\/quehacerpolitico.mx\/wp-content\/uploads\/2023\/11\/image-34-178x146.jpeg 178w, https:\/\/quehacerpolitico.mx\/wp-content\/uploads\/2023\/11\/image-34-50x41.jpeg 50w, https:\/\/quehacerpolitico.mx\/wp-content\/uploads\/2023\/11\/image-34-91x75.jpeg 91w, https:\/\/quehacerpolitico.mx\/wp-content\/uploads\/2023\/11\/image-34.jpeg 1600w\" sizes=\"auto, (max-width: 1024px) 100vw, 1024px\" \/><\/figure>\n\n\n\n<p>\u201cEl hostigamiento cotidiano a periodistas desde Palacio Nacional es lamentable\u201d, asegur\u00f3 G\u00e1lvez en un breve discurso en el encuentro celebrado en un hotel del centro de la capital mexicana.<\/p>\n\n\n\n<figure class=\"wp-block-embed is-type-rich is-provider-twitter wp-block-embed-twitter\"><div class=\"wp-block-embed__wrapper\">\n<blockquote class=\"twitter-tweet\" data-width=\"550\" data-dnt=\"true\"><p lang=\"es\" dir=\"ltr\">VIDEO | X\u00f3chitl G\u00e1lvez, representante del Frente Amplio por M\u00e9xico, firm\u00f3 este jueves ante la Sociedad Interamericana de Prensa (SIP) la Declaraci\u00f3n de Chapultepec, que establece que no debe existir ninguna ley o acto de poder que coarte la libertad de expresi\u00f3n o de prensa. En\u2026 <a href=\"https:\/\/t.co\/ScEHL8erB6\">pic.twitter.com\/ScEHL8erB6<\/a><\/p>&mdash; Grupo F\u00f3rmula (@Radio_Formula) <a href=\"https:\/\/twitter.com\/Radio_Formula\/status\/1722791611120099788?ref_src=twsrc%5Etfw\">November 10, 2023<\/a><\/blockquote><script async src=\"https:\/\/platform.twitter.com\/widgets.js\" charset=\"utf-8\"><\/script>\n<\/div><\/figure>\n\n\n\n<p>G\u00e1lvez remarc\u00f3 que el Gobierno de L\u00f3pez Obrador \u201cha&nbsp;<strong>fallado<\/strong>a la&nbsp;<strong>libertad de expresi\u00f3n<\/strong>\u201d y subray\u00f3 que desde que lleg\u00f3 al poder, en 2018, ha habido 45 asesinatos, muchos de los cuales siguen \u201cimpunes\u201d.<\/p>\n\n\n\n<p>\u201cLa prensa libre contribuye al desarrollo del pa\u00eds, los medios cuando cuentan la verdad equilibran a los poderosos\u201d, dijo.<\/p>\n\n\n\n<p>Aunque estaba programada la presencia en la inauguraci\u00f3n de la asamblea de la SIP de las dos aspirantes presidenciales para las elecciones de M\u00e9xico de 2024: la oficialista Claudia Sheinbaum y G\u00e1lvez, finalmente solo acudi\u00f3 esta \u00faltima.<\/p>\n\n\n\n<figure class=\"wp-block-image size-large\"><img loading=\"lazy\" decoding=\"async\" width=\"1024\" height=\"682\" src=\"https:\/\/quehacerpolitico.mx\/wp-content\/uploads\/2023\/11\/image-33-1024x682.jpeg\" alt=\"\" class=\"wp-image-106344\" srcset=\"https:\/\/quehacerpolitico.mx\/wp-content\/uploads\/2023\/11\/image-33-1024x682.jpeg 1024w, https:\/\/quehacerpolitico.mx\/wp-content\/uploads\/2023\/11\/image-33-300x200.jpeg 300w, https:\/\/quehacerpolitico.mx\/wp-content\/uploads\/2023\/11\/image-33-768x512.jpeg 768w, https:\/\/quehacerpolitico.mx\/wp-content\/uploads\/2023\/11\/image-33-1536x1023.jpeg 1536w, https:\/\/quehacerpolitico.mx\/wp-content\/uploads\/2023\/11\/image-33-219x146.jpeg 219w, https:\/\/quehacerpolitico.mx\/wp-content\/uploads\/2023\/11\/image-33-50x33.jpeg 50w, https:\/\/quehacerpolitico.mx\/wp-content\/uploads\/2023\/11\/image-33-113x75.jpeg 113w, https:\/\/quehacerpolitico.mx\/wp-content\/uploads\/2023\/11\/image-33.jpeg 1600w\" sizes=\"auto, (max-width: 1024px) 100vw, 1024px\" \/><\/figure>\n\n\n\n<p>En el acto inaugural, el presidente de la Sociedad Interamericana de Prensa, Michael Greenspon, expres\u00f3 su \u201cdecepci\u00f3n\u201d por la ausencia del presidente Andr\u00e9s Manuel L\u00f3pez Obrador y autoridades mexicanas en el encuentro en un evento que busca fortalecer la libertad de prensa.<\/p>\n\n\n\n<figure class=\"wp-block-embed is-type-rich is-provider-twitter wp-block-embed-twitter\"><div class=\"wp-block-embed__wrapper\">\n<blockquote class=\"twitter-tweet\" data-width=\"550\" data-dnt=\"true\"><p lang=\"es\" dir=\"ltr\">Ser periodista en M\u00e9xico es, lamentablemente, arriesgar tu integridad y la de tu familia.<br><br>Mi reconocimiento a quienes ejercen esta profesi\u00f3n que es fundamental para nuestra democracia.<br><br>Gracias a la Sociedad Interamericana de Prensa por invitarme a su 79 Asamblea General. <a href=\"https:\/\/t.co\/h0G7z9nV0w\">pic.twitter.com\/h0G7z9nV0w<\/a><\/p>&mdash; X\u00f3chitl G\u00e1lvez Ruiz (@XochitlGalvez) <a href=\"https:\/\/twitter.com\/XochitlGalvez\/status\/1722832619031683473?ref_src=twsrc%5Etfw\">November 10, 2023<\/a><\/blockquote><script async src=\"https:\/\/platform.twitter.com\/widgets.js\" charset=\"utf-8\"><\/script>\n<\/div><\/figure>\n\n\n\n<p>Entre los m\u00e1s de 80 oradores que debatir\u00e1n sobre tendencias del&nbsp;<strong>periodismo<\/strong>, su futuro y la protecci\u00f3n del trabajo period\u00edstico como esencial para las&nbsp;<strong>sociedades<\/strong>&nbsp;<strong>democr\u00e1ticas<\/strong>, tambi\u00e9n se encuentran Mart\u00edn Etchevers, del diario argentino Clar\u00edn; Jan-Albert Hootsen, del Comit\u00e9 para la Protecci\u00f3n de Periodistas (CPJ, por sus siglas en ingl\u00e9s); y la presidenta de la Agencia EFE, Gabriela Ca\u00f1as.<\/p>\n\n\n\n<p>Se presentar\u00e1, adem\u00e1s, el \u00cdndice Chapultepec 2023, que mide los niveles de libertades de prensa y expresi\u00f3n en 22 pa\u00edses de las Am\u00e9ricas, as\u00ed como informes espec\u00edficos de cada pa\u00eds.<\/p>\n\n\n\n<p>La SIP, con sede en Miami (EE.UU.) e integrada por m\u00e1s de mil 300 publicaciones de la regi\u00f3n, es una organizaci\u00f3n sin fines de lucro integrada por empresas period\u00edsticas y dedicada principalmente a defender y promover la libertad de prensa y expresi\u00f3n en el continente americano.<\/p>\n\n\n\n<p>Con informaci\u00f3n de EFE<\/p>\n","protected":false},"excerpt":{"rendered":"<p>Por Redacci\u00f3n QP \u201cEl hostigamiento cotidiano a periodistas desde Palacio Nacional es lamentable\u201d, asegur\u00f3 X\u00f3chitl&#8230;<\/p>\n","protected":false},"author":2,"featured_media":106343,"comment_status":"open","ping_status":"open","sticky":false,"template":"","format":"standard","meta":{"_monsterinsights_skip_tracking":false,"_monsterinsights_sitenote_active":false,"_monsterinsights_sitenote_note":"","_monsterinsights_sitenote_category":0,"footnotes":""},"categories":[2],"tags":[],"class_list":["post-106342","post","type-post","status-publish","format-standard","has-post-thumbnail","hentry","category-noticias"],"yoast_head":"<!-- This site is optimized with the Yoast SEO plugin v27.3 - https:\/\/yoast.com\/product\/yoast-seo-wordpress\/ -->\n<title>\u201cEl hostigamiento cotidiano a periodistas desde Palacio Nacional es lamentable\u201d, asegur\u00f3 X\u00f3chitl G\u00e1lvez -<\/title>\n<meta name=\"robots\" content=\"index, follow, max-snippet:-1, max-image-preview:large, max-video-preview:-1\" \/>\n<link rel=\"canonical\" href=\"https:\/\/quehacerpolitico.mx\/?p=106342\" \/>\n<meta property=\"og:locale\" content=\"es_MX\" \/>\n<meta property=\"og:type\" content=\"article\" \/>\n<meta property=\"og:title\" content=\"\u201cEl hostigamiento cotidiano a periodistas desde Palacio Nacional es lamentable\u201d, asegur\u00f3 X\u00f3chitl G\u00e1lvez -\" \/>\n<meta property=\"og:description\" content=\"Por Redacci\u00f3n QP \u201cEl hostigamiento cotidiano a periodistas desde Palacio Nacional es lamentable\u201d, asegur\u00f3 X\u00f3chitl...\" \/>\n<meta property=\"og:url\" content=\"https:\/\/quehacerpolitico.mx\/?p=106342\" \/>\n<meta property=\"article:published_time\" content=\"2023-11-10T22:59:49+00:00\" \/>\n<meta property=\"article:modified_time\" content=\"2023-11-10T22:59:52+00:00\" \/>\n<meta property=\"og:image\" content=\"https:\/\/quehacerpolitico.mx\/wp-content\/uploads\/2023\/11\/IMG_1969.jpeg\" \/>\n\t<meta property=\"og:image:width\" content=\"1600\" \/>\n\t<meta property=\"og:image:height\" content=\"1184\" \/>\n\t<meta property=\"og:image:type\" content=\"image\/jpeg\" \/>\n<meta name=\"author\" content=\"Redacci\u00f3n QP\" \/>\n<meta name=\"twitter:card\" content=\"summary_large_image\" \/>\n<meta name=\"twitter:label1\" content=\"Escrito por\" \/>\n\t<meta name=\"twitter:data1\" content=\"Redacci\u00f3n QP\" \/>\n\t<meta name=\"twitter:label2\" content=\"Tiempo de lectura\" \/>\n\t<meta name=\"twitter:data2\" content=\"2 minutos\" \/>\n<script type=\"application\/ld+json\" class=\"yoast-schema-graph\">{\"@context\":\"https:\\\/\\\/schema.org\",\"@graph\":[{\"@type\":\"Article\",\"@id\":\"https:\\\/\\\/quehacerpolitico.mx\\\/?p=106342#article\",\"isPartOf\":{\"@id\":\"https:\\\/\\\/quehacerpolitico.mx\\\/?p=106342\"},\"author\":{\"name\":\"Redacci\u00f3n QP\",\"@id\":\"https:\\\/\\\/quehacerpolitico.mx\\\/#\\\/schema\\\/person\\\/496d8ad2d1d3f8036101dca7ee39e585\"},\"headline\":\"\u201cEl hostigamiento cotidiano a periodistas desde Palacio Nacional es lamentable\u201d, asegur\u00f3 X\u00f3chitl G\u00e1lvez\",\"datePublished\":\"2023-11-10T22:59:49+00:00\",\"dateModified\":\"2023-11-10T22:59:52+00:00\",\"mainEntityOfPage\":{\"@id\":\"https:\\\/\\\/quehacerpolitico.mx\\\/?p=106342\"},\"wordCount\":456,\"commentCount\":0,\"image\":{\"@id\":\"https:\\\/\\\/quehacerpolitico.mx\\\/?p=106342#primaryimage\"},\"thumbnailUrl\":\"https:\\\/\\\/quehacerpolitico.mx\\\/wp-content\\\/uploads\\\/2023\\\/11\\\/IMG_1969.jpeg\",\"articleSection\":[\"Noticias\"],\"inLanguage\":\"es\",\"potentialAction\":[{\"@type\":\"CommentAction\",\"name\":\"Comment\",\"target\":[\"https:\\\/\\\/quehacerpolitico.mx\\\/?p=106342#respond\"]}]},{\"@type\":\"WebPage\",\"@id\":\"https:\\\/\\\/quehacerpolitico.mx\\\/?p=106342\",\"url\":\"https:\\\/\\\/quehacerpolitico.mx\\\/?p=106342\",\"name\":\"\u201cEl hostigamiento cotidiano a periodistas desde Palacio Nacional es lamentable\u201d, asegur\u00f3 X\u00f3chitl G\u00e1lvez -\",\"isPartOf\":{\"@id\":\"https:\\\/\\\/quehacerpolitico.mx\\\/#website\"},\"primaryImageOfPage\":{\"@id\":\"https:\\\/\\\/quehacerpolitico.mx\\\/?p=106342#primaryimage\"},\"image\":{\"@id\":\"https:\\\/\\\/quehacerpolitico.mx\\\/?p=106342#primaryimage\"},\"thumbnailUrl\":\"https:\\\/\\\/quehacerpolitico.mx\\\/wp-content\\\/uploads\\\/2023\\\/11\\\/IMG_1969.jpeg\",\"datePublished\":\"2023-11-10T22:59:49+00:00\",\"dateModified\":\"2023-11-10T22:59:52+00:00\",\"author\":{\"@id\":\"https:\\\/\\\/quehacerpolitico.mx\\\/#\\\/schema\\\/person\\\/496d8ad2d1d3f8036101dca7ee39e585\"},\"breadcrumb\":{\"@id\":\"https:\\\/\\\/quehacerpolitico.mx\\\/?p=106342#breadcrumb\"},\"inLanguage\":\"es\",\"potentialAction\":[{\"@type\":\"ReadAction\",\"target\":[\"https:\\\/\\\/quehacerpolitico.mx\\\/?p=106342\"]}]},{\"@type\":\"ImageObject\",\"inLanguage\":\"es\",\"@id\":\"https:\\\/\\\/quehacerpolitico.mx\\\/?p=106342#primaryimage\",\"url\":\"https:\\\/\\\/quehacerpolitico.mx\\\/wp-content\\\/uploads\\\/2023\\\/11\\\/IMG_1969.jpeg\",\"contentUrl\":\"https:\\\/\\\/quehacerpolitico.mx\\\/wp-content\\\/uploads\\\/2023\\\/11\\\/IMG_1969.jpeg\",\"width\":1600,\"height\":1184},{\"@type\":\"BreadcrumbList\",\"@id\":\"https:\\\/\\\/quehacerpolitico.mx\\\/?p=106342#breadcrumb\",\"itemListElement\":[{\"@type\":\"ListItem\",\"position\":1,\"name\":\"Inicio\",\"item\":\"https:\\\/\\\/quehacerpolitico.mx\\\/\"},{\"@type\":\"ListItem\",\"position\":2,\"name\":\"\u201cEl hostigamiento cotidiano a periodistas desde Palacio Nacional es lamentable\u201d, asegur\u00f3 X\u00f3chitl G\u00e1lvez\"}]},{\"@type\":\"WebSite\",\"@id\":\"https:\\\/\\\/quehacerpolitico.mx\\\/#website\",\"url\":\"https:\\\/\\\/quehacerpolitico.mx\\\/\",\"name\":\"\",\"description\":\"\",\"potentialAction\":[{\"@type\":\"SearchAction\",\"target\":{\"@type\":\"EntryPoint\",\"urlTemplate\":\"https:\\\/\\\/quehacerpolitico.mx\\\/?s={search_term_string}\"},\"query-input\":{\"@type\":\"PropertyValueSpecification\",\"valueRequired\":true,\"valueName\":\"search_term_string\"}}],\"inLanguage\":\"es\"},{\"@type\":\"Person\",\"@id\":\"https:\\\/\\\/quehacerpolitico.mx\\\/#\\\/schema\\\/person\\\/496d8ad2d1d3f8036101dca7ee39e585\",\"name\":\"Redacci\u00f3n QP\",\"image\":{\"@type\":\"ImageObject\",\"inLanguage\":\"es\",\"@id\":\"https:\\\/\\\/secure.gravatar.com\\\/avatar\\\/c7164ed6fdec453195284ad24a5ae5b6e1eed2b848477fa2a4787ba9adf39a41?s=96&d=mm&r=g\",\"url\":\"https:\\\/\\\/secure.gravatar.com\\\/avatar\\\/c7164ed6fdec453195284ad24a5ae5b6e1eed2b848477fa2a4787ba9adf39a41?s=96&d=mm&r=g\",\"contentUrl\":\"https:\\\/\\\/secure.gravatar.com\\\/avatar\\\/c7164ed6fdec453195284ad24a5ae5b6e1eed2b848477fa2a4787ba9adf39a41?s=96&d=mm&r=g\",\"caption\":\"Redacci\u00f3n QP\"},\"url\":\"https:\\\/\\\/quehacerpolitico.mx\\\/?author=2\"}]}<\/script>\n<!-- \/ Yoast SEO plugin. -->","yoast_head_json":{"title":"\u201cEl hostigamiento cotidiano a periodistas desde Palacio Nacional es lamentable\u201d, asegur\u00f3 X\u00f3chitl G\u00e1lvez -","robots":{"index":"index","follow":"follow","max-snippet":"max-snippet:-1","max-image-preview":"max-image-preview:large","max-video-preview":"max-video-preview:-1"},"canonical":"https:\/\/quehacerpolitico.mx\/?p=106342","og_locale":"es_MX","og_type":"article","og_title":"\u201cEl hostigamiento cotidiano a periodistas desde Palacio Nacional es lamentable\u201d, asegur\u00f3 X\u00f3chitl G\u00e1lvez -","og_description":"Por Redacci\u00f3n QP \u201cEl hostigamiento cotidiano a periodistas desde Palacio Nacional es lamentable\u201d, asegur\u00f3 X\u00f3chitl...","og_url":"https:\/\/quehacerpolitico.mx\/?p=106342","article_published_time":"2023-11-10T22:59:49+00:00","article_modified_time":"2023-11-10T22:59:52+00:00","og_image":[{"width":1600,"height":1184,"url":"https:\/\/quehacerpolitico.mx\/wp-content\/uploads\/2023\/11\/IMG_1969.jpeg","type":"image\/jpeg"}],"author":"Redacci\u00f3n QP","twitter_card":"summary_large_image","twitter_misc":{"Escrito por":"Redacci\u00f3n QP","Tiempo de lectura":"2 minutos"},"schema":{"@context":"https:\/\/schema.org","@graph":[{"@type":"Article","@id":"https:\/\/quehacerpolitico.mx\/?p=106342#article","isPartOf":{"@id":"https:\/\/quehacerpolitico.mx\/?p=106342"},"author":{"name":"Redacci\u00f3n QP","@id":"https:\/\/quehacerpolitico.mx\/#\/schema\/person\/496d8ad2d1d3f8036101dca7ee39e585"},"headline":"\u201cEl hostigamiento cotidiano a periodistas desde Palacio Nacional es lamentable\u201d, asegur\u00f3 X\u00f3chitl G\u00e1lvez","datePublished":"2023-11-10T22:59:49+00:00","dateModified":"2023-11-10T22:59:52+00:00","mainEntityOfPage":{"@id":"https:\/\/quehacerpolitico.mx\/?p=106342"},"wordCount":456,"commentCount":0,"image":{"@id":"https:\/\/quehacerpolitico.mx\/?p=106342#primaryimage"},"thumbnailUrl":"https:\/\/quehacerpolitico.mx\/wp-content\/uploads\/2023\/11\/IMG_1969.jpeg","articleSection":["Noticias"],"inLanguage":"es","potentialAction":[{"@type":"CommentAction","name":"Comment","target":["https:\/\/quehacerpolitico.mx\/?p=106342#respond"]}]},{"@type":"WebPage","@id":"https:\/\/quehacerpolitico.mx\/?p=106342","url":"https:\/\/quehacerpolitico.mx\/?p=106342","name":"\u201cEl hostigamiento cotidiano a periodistas desde Palacio Nacional es lamentable\u201d, asegur\u00f3 X\u00f3chitl G\u00e1lvez -","isPartOf":{"@id":"https:\/\/quehacerpolitico.mx\/#website"},"primaryImageOfPage":{"@id":"https:\/\/quehacerpolitico.mx\/?p=106342#primaryimage"},"image":{"@id":"https:\/\/quehacerpolitico.mx\/?p=106342#primaryimage"},"thumbnailUrl":"https:\/\/quehacerpolitico.mx\/wp-content\/uploads\/2023\/11\/IMG_1969.jpeg","datePublished":"2023-11-10T22:59:49+00:00","dateModified":"2023-11-10T22:59:52+00:00","author":{"@id":"https:\/\/quehacerpolitico.mx\/#\/schema\/person\/496d8ad2d1d3f8036101dca7ee39e585"},"breadcrumb":{"@id":"https:\/\/quehacerpolitico.mx\/?p=106342#breadcrumb"},"inLanguage":"es","potentialAction":[{"@type":"ReadAction","target":["https:\/\/quehacerpolitico.mx\/?p=106342"]}]},{"@type":"ImageObject","inLanguage":"es","@id":"https:\/\/quehacerpolitico.mx\/?p=106342#primaryimage","url":"https:\/\/quehacerpolitico.mx\/wp-content\/uploads\/2023\/11\/IMG_1969.jpeg","contentUrl":"https:\/\/quehacerpolitico.mx\/wp-content\/uploads\/2023\/11\/IMG_1969.jpeg","width":1600,"height":1184},{"@type":"BreadcrumbList","@id":"https:\/\/quehacerpolitico.mx\/?p=106342#breadcrumb","itemListElement":[{"@type":"ListItem","position":1,"name":"Inicio","item":"https:\/\/quehacerpolitico.mx\/"},{"@type":"ListItem","position":2,"name":"\u201cEl hostigamiento cotidiano a periodistas desde Palacio Nacional es lamentable\u201d, asegur\u00f3 X\u00f3chitl G\u00e1lvez"}]},{"@type":"WebSite","@id":"https:\/\/quehacerpolitico.mx\/#website","url":"https:\/\/quehacerpolitico.mx\/","name":"","description":"","potentialAction":[{"@type":"SearchAction","target":{"@type":"EntryPoint","urlTemplate":"https:\/\/quehacerpolitico.mx\/?s={search_term_string}"},"query-input":{"@type":"PropertyValueSpecification","valueRequired":true,"valueName":"search_term_string"}}],"inLanguage":"es"},{"@type":"Person","@id":"https:\/\/quehacerpolitico.mx\/#\/schema\/person\/496d8ad2d1d3f8036101dca7ee39e585","name":"Redacci\u00f3n QP","image":{"@type":"ImageObject","inLanguage":"es","@id":"https:\/\/secure.gravatar.com\/avatar\/c7164ed6fdec453195284ad24a5ae5b6e1eed2b848477fa2a4787ba9adf39a41?s=96&d=mm&r=g","url":"https:\/\/secure.gravatar.com\/avatar\/c7164ed6fdec453195284ad24a5ae5b6e1eed2b848477fa2a4787ba9adf39a41?s=96&d=mm&r=g","contentUrl":"https:\/\/secure.gravatar.com\/avatar\/c7164ed6fdec453195284ad24a5ae5b6e1eed2b848477fa2a4787ba9adf39a41?s=96&d=mm&r=g","caption":"Redacci\u00f3n QP"},"url":"https:\/\/quehacerpolitico.mx\/?author=2"}]}},"featured_image_urls":{"full":["https:\/\/quehacerpolitico.mx\/wp-content\/uploads\/2023\/11\/IMG_1969.jpeg",1600,1184,false],"thumbnail":["https:\/\/quehacerpolitico.mx\/wp-content\/uploads\/2023\/11\/IMG_1969-150x150.jpeg",150,150,true],"medium":["https:\/\/quehacerpolitico.mx\/wp-content\/uploads\/2023\/11\/IMG_1969-300x222.jpeg",300,222,true],"medium_large":["https:\/\/quehacerpolitico.mx\/wp-content\/uploads\/2023\/11\/IMG_1969-768x568.jpeg",640,473,true],"large":["https:\/\/quehacerpolitico.mx\/wp-content\/uploads\/2023\/11\/IMG_1969-1024x758.jpeg",640,474,true],"1536x1536":["https:\/\/quehacerpolitico.mx\/wp-content\/uploads\/2023\/11\/IMG_1969-1536x1137.jpeg",1536,1137,true],"2048x2048":["https:\/\/quehacerpolitico.mx\/wp-content\/uploads\/2023\/11\/IMG_1969.jpeg",1600,1184,false],"covernews-featured":["https:\/\/quehacerpolitico.mx\/wp-content\/uploads\/2023\/11\/IMG_1969.jpeg",1024,758,false],"covernews-medium":["https:\/\/quehacerpolitico.mx\/wp-content\/uploads\/2023\/11\/IMG_1969.jpeg",459,340,false]},"author_info":{"display_name":"Redacci\u00f3n QP","author_link":"https:\/\/quehacerpolitico.mx\/?author=2"},"category_info":"<a href=\"https:\/\/quehacerpolitico.mx\/?cat=2\" rel=\"category\">Noticias<\/a>","tag_info":"Noticias","comment_count":"0","_links":{"self":[{"href":"https:\/\/quehacerpolitico.mx\/index.php?rest_route=\/wp\/v2\/posts\/106342","targetHints":{"allow":["GET"]}}],"collection":[{"href":"https:\/\/quehacerpolitico.mx\/index.php?rest_route=\/wp\/v2\/posts"}],"about":[{"href":"https:\/\/quehacerpolitico.mx\/index.php?rest_route=\/wp\/v2\/types\/post"}],"author":[{"embeddable":true,"href":"https:\/\/quehacerpolitico.mx\/index.php?rest_route=\/wp\/v2\/users\/2"}],"replies":[{"embeddable":true,"href":"https:\/\/quehacerpolitico.mx\/index.php?rest_route=%2Fwp%2Fv2%2Fcomments&post=106342"}],"version-history":[{"count":1,"href":"https:\/\/quehacerpolitico.mx\/index.php?rest_route=\/wp\/v2\/posts\/106342\/revisions"}],"predecessor-version":[{"id":106346,"href":"https:\/\/quehacerpolitico.mx\/index.php?rest_route=\/wp\/v2\/posts\/106342\/revisions\/106346"}],"wp:featuredmedia":[{"embeddable":true,"href":"https:\/\/quehacerpolitico.mx\/index.php?rest_route=\/wp\/v2\/media\/106343"}],"wp:attachment":[{"href":"https:\/\/quehacerpolitico.mx\/index.php?rest_route=%2Fwp%2Fv2%2Fmedia&parent=106342"}],"wp:term":[{"taxonomy":"category","embeddable":true,"href":"https:\/\/quehacerpolitico.mx\/index.php?rest_route=%2Fwp%2Fv2%2Fcategories&post=106342"},{"taxonomy":"post_tag","embeddable":true,"href":"https:\/\/quehacerpolitico.mx\/index.php?rest_route=%2Fwp%2Fv2%2Ftags&post=106342"}],"curies":[{"name":"wp","href":"https:\/\/api.w.org\/{rel}","templated":true}]}}