{"id":106336,"date":"2023-11-10T22:26:27","date_gmt":"2023-11-10T22:26:27","guid":{"rendered":"https:\/\/quehacerpolitico.mx\/?p=106336"},"modified":"2023-11-10T22:26:30","modified_gmt":"2023-11-10T22:26:30","slug":"ernestina-godoy-reitero-este-viernes-que-la-institucion-a-su-cargo-no-lleva-a-cabo-espionaje-de-ningun-tipo","status":"publish","type":"post","link":"https:\/\/quehacerpolitico.mx\/?p=106336","title":{"rendered":"Ernestina Godoy reiter\u00f3 este viernes que la instituci\u00f3n a su cargo no lleva a cabo espionaje de ning\u00fan tipo"},"content":{"rendered":"\n<p>Por Redacci\u00f3n QP<\/p>\n\n\n\n<p>Ernestina Godoy anunci\u00f3 una investigaci\u00f3n \u201cexhaustiva\u201d para esclarecer lo relacionado con los supuestos actos de espionaje que inform\u00f3 el NYT<\/p>\n\n\n\n<p><strong>Ernestina Godoy<\/strong>, fiscal General de la&nbsp;<strong>Ciudad de M\u00e9xico<\/strong>, reiter\u00f3 este viernes que la instituci\u00f3n a su cargo no lleva a cabo espionaje de ning\u00fan tipo, como lo se\u00f1ala una investigaci\u00f3n publicada por&nbsp;<strong>The New York Times<\/strong>.<\/p>\n\n\n\n<p>En conferencia de prensa, la funcionaria capitalina se\u00f1al\u00f3 que los documentos utilizados por el diario \u201cno existen en la Fiscal\u00eda\u201d.<\/p>\n\n\n\n<p>Por lo anterior, anunci\u00f3 una investigaci\u00f3n \u201cexhaustiva\u201d para esclarecer lo ocurrido.<\/p>\n\n\n\n<p>Seg\u00fan un reportaje publicado por\u00a0<strong>The New York Times<\/strong>, la FGJCDMX mand\u00f3 a espiar desde 2021 l\u00edneas telef\u00f3nicas de personajes de la oposici\u00f3n y de algunas figuras del gobernante Movimiento de Regeneraci\u00f3n Nacional (Morena) en la capital del pa\u00eds y su zona metropolitana.<\/p>\n\n\n\n<figure class=\"wp-block-embed is-type-video is-provider-youtube wp-block-embed-youtube wp-embed-aspect-16-9 wp-has-aspect-ratio\"><div class=\"wp-block-embed__wrapper\">\n<iframe loading=\"lazy\" title=\"Conferencia de la Fiscal General Ernestina Godoy, con relaci\u00f3n a informaci\u00f3n difundida por NYT\" width=\"640\" height=\"360\" src=\"https:\/\/www.youtube.com\/embed\/_LKIgzHWduI?feature=oembed\" frameborder=\"0\" allow=\"accelerometer; autoplay; clipboard-write; encrypted-media; gyroscope; picture-in-picture; web-share\" referrerpolicy=\"strict-origin-when-cross-origin\" allowfullscreen><\/iframe>\n<\/div><\/figure>\n\n\n\n<p>De acuerdo con la publicaci\u00f3n, durante la jefatura de Gobierno (2018-2023) de la ahora aspirante presidencial del oficialista Movimiento Regeneraci\u00f3n Nacional (Morena), Claudia Sheinbaum, el organismo aut\u00f3nomo, cuya titular es Ernestina Godoy, solicit\u00f3 acceso a registros telef\u00f3nicos de m\u00e1s de una docena de pol\u00edticos y los obtuvo mediante la empresa Telcel, del magnate Carlos Slim.<\/p>\n\n\n\n<p>\u201cAl menos 14 expedientes judiciales revisados por The New York Times muestran que la fiscal\u00eda general indic\u00f3 a la mayor empresa de telecomunicaciones del pa\u00eds que entregase registros telef\u00f3nicos y de mensajes de texto, as\u00ed como datos de localizaci\u00f3n de m\u00e1s de una decena de funcionarios y pol\u00edticos mexicanos destacados\u201d, apunta el reportaje.<\/p>\n\n\n\n<p>Seg\u00fan el peri\u00f3dico estadounidense, Telcel reconoci\u00f3 en un documento judicial que hab\u00eda recibido los requerimientos y entregado los registros, que abarcaban desde 2021 hasta este a\u00f1o.<\/p>\n\n\n\n<p>Entre las personas que eran espiadas, seg\u00fan la publicaci\u00f3n, est\u00e1n el opositor Santiago Taboada, aspirante a gobernar la Ciudad de M\u00e9xico, y la senadora Lilly T\u00e9llez, quien buscaba ser candidata a presidenta, ambos del derechista Partido Acci\u00f3n Nacional (PAN).<\/p>\n\n\n\n<p>Tambi\u00e9n aparecen Higinio Mart\u00ednez Miranda, y Horacio Duarte Olivares, principales operadores pol\u00edticos de Morena en el Estado de M\u00e9xico.<\/p>\n\n\n\n<p>Adem\u00e1s figura la exdiputada local del Partido Verde Ecologista de M\u00e9xico (PVEM), Alessandra Rojo de la Vega, entre otros pol\u00edticos.<\/p>\n\n\n\n<p>Citada por el medio, la Fiscal\u00eda asegur\u00f3 que \u201cno esp\u00eda a personajes pol\u00edticos ni a ninguna persona. Por el contrario, investiga con fines exclusivamente jur\u00eddicos\u201d.<\/p>\n\n\n\n<p>Sin embargo, a decir de dos juristas consultados por el diario, las acciones de la FGJCDMX fueron ilegales, mientras que otro experto dijo que tal vez no sean necesariamente ilegales, pero s\u00ed un \u201cclaro abuso de poder\u201d.<\/p>\n\n\n\n<p>Taboada, alcalde de la demarcaci\u00f3n interna Benito Ju\u00e1rez investigado por presunta corrupci\u00f3n inmobiliaria, afirm\u00f3 en redes sociales que la informaci\u00f3n \u201ccomprueba la persecuci\u00f3n pol\u00edtica de la fiscal\u00eda\u201d.<\/p>\n\n\n\n<p>\u201cComo lo denunci\u00e9 hace meses, hoy se revela en un medio internacional la evidencia. Es claro el miedo que le tienen a nuestro proyecto de cambio para la CDMX\u201d, sostuvo en la red X.<\/p>\n\n\n\n<p>Este caso se suma al revelado en mayo pasado en un reportaje del mismo diario en el que, citando varias fuentes en contacto directo con el entonces subsecretario federal de Derechos Humanos, Alejandro Encinas, report\u00f3 que este hab\u00eda sido v\u00edctima de espionaje con el sistema Pegasus de la Secretar\u00eda de la Defensa Nacional (Sedena).<\/p>\n\n\n\n<p>Sin embargo, en ese momento el presidente Andr\u00e9s Manuel L\u00f3pez Obrador minimiz\u00f3 el hecho. Como en otras ocasiones, L\u00f3pez Obrador rechaz\u00f3 los se\u00f1alamientos al recordar que \u00e9l fue v\u00edctima de espionaje de los anteriores presidentes.<\/p>\n\n\n\n<p>Con informaci\u00f3n de EFE<\/p>\n","protected":false},"excerpt":{"rendered":"<p>Por Redacci\u00f3n QP Ernestina Godoy anunci\u00f3 una investigaci\u00f3n \u201cexhaustiva\u201d para esclarecer lo relacionado con los&#8230;<\/p>\n","protected":false},"author":2,"featured_media":106337,"comment_status":"open","ping_status":"open","sticky":false,"template":"","format":"standard","meta":{"_monsterinsights_skip_tracking":false,"_monsterinsights_sitenote_active":false,"_monsterinsights_sitenote_note":"","_monsterinsights_sitenote_category":0,"footnotes":""},"categories":[55],"tags":[],"class_list":["post-106336","post","type-post","status-publish","format-standard","has-post-thumbnail","hentry","category-cdmx"],"yoast_head":"<!-- This site is optimized with the Yoast SEO plugin v27.3 - https:\/\/yoast.com\/product\/yoast-seo-wordpress\/ -->\n<title>Ernestina Godoy reiter\u00f3 este viernes que la instituci\u00f3n a su cargo no lleva a cabo espionaje de ning\u00fan tipo -<\/title>\n<meta name=\"robots\" content=\"index, follow, max-snippet:-1, max-image-preview:large, max-video-preview:-1\" \/>\n<link rel=\"canonical\" href=\"https:\/\/quehacerpolitico.mx\/?p=106336\" \/>\n<meta property=\"og:locale\" content=\"es_MX\" \/>\n<meta property=\"og:type\" content=\"article\" \/>\n<meta property=\"og:title\" content=\"Ernestina Godoy reiter\u00f3 este viernes que la instituci\u00f3n a su cargo no lleva a cabo espionaje de ning\u00fan tipo -\" \/>\n<meta property=\"og:description\" content=\"Por Redacci\u00f3n QP Ernestina Godoy anunci\u00f3 una investigaci\u00f3n \u201cexhaustiva\u201d para esclarecer lo relacionado con los...\" \/>\n<meta property=\"og:url\" content=\"https:\/\/quehacerpolitico.mx\/?p=106336\" \/>\n<meta property=\"article:published_time\" content=\"2023-11-10T22:26:27+00:00\" \/>\n<meta property=\"article:modified_time\" content=\"2023-11-10T22:26:30+00:00\" \/>\n<meta property=\"og:image\" content=\"https:\/\/quehacerpolitico.mx\/wp-content\/uploads\/2023\/11\/IMG_1967.jpeg\" \/>\n\t<meta property=\"og:image:width\" content=\"1284\" \/>\n\t<meta property=\"og:image:height\" content=\"697\" \/>\n\t<meta property=\"og:image:type\" content=\"image\/jpeg\" \/>\n<meta name=\"author\" content=\"Redacci\u00f3n QP\" \/>\n<meta name=\"twitter:card\" content=\"summary_large_image\" \/>\n<meta name=\"twitter:label1\" content=\"Escrito por\" \/>\n\t<meta name=\"twitter:data1\" content=\"Redacci\u00f3n QP\" \/>\n\t<meta name=\"twitter:label2\" content=\"Tiempo de lectura\" \/>\n\t<meta name=\"twitter:data2\" content=\"3 minutos\" \/>\n<script type=\"application\/ld+json\" class=\"yoast-schema-graph\">{\"@context\":\"https:\\\/\\\/schema.org\",\"@graph\":[{\"@type\":\"Article\",\"@id\":\"https:\\\/\\\/quehacerpolitico.mx\\\/?p=106336#article\",\"isPartOf\":{\"@id\":\"https:\\\/\\\/quehacerpolitico.mx\\\/?p=106336\"},\"author\":{\"name\":\"Redacci\u00f3n QP\",\"@id\":\"https:\\\/\\\/quehacerpolitico.mx\\\/#\\\/schema\\\/person\\\/496d8ad2d1d3f8036101dca7ee39e585\"},\"headline\":\"Ernestina Godoy reiter\u00f3 este viernes que la instituci\u00f3n a su cargo no lleva a cabo espionaje de ning\u00fan tipo\",\"datePublished\":\"2023-11-10T22:26:27+00:00\",\"dateModified\":\"2023-11-10T22:26:30+00:00\",\"mainEntityOfPage\":{\"@id\":\"https:\\\/\\\/quehacerpolitico.mx\\\/?p=106336\"},\"wordCount\":658,\"commentCount\":0,\"image\":{\"@id\":\"https:\\\/\\\/quehacerpolitico.mx\\\/?p=106336#primaryimage\"},\"thumbnailUrl\":\"https:\\\/\\\/quehacerpolitico.mx\\\/wp-content\\\/uploads\\\/2023\\\/11\\\/IMG_1967.jpeg\",\"articleSection\":[\"CDMX\"],\"inLanguage\":\"es\",\"potentialAction\":[{\"@type\":\"CommentAction\",\"name\":\"Comment\",\"target\":[\"https:\\\/\\\/quehacerpolitico.mx\\\/?p=106336#respond\"]}]},{\"@type\":\"WebPage\",\"@id\":\"https:\\\/\\\/quehacerpolitico.mx\\\/?p=106336\",\"url\":\"https:\\\/\\\/quehacerpolitico.mx\\\/?p=106336\",\"name\":\"Ernestina Godoy reiter\u00f3 este viernes que la instituci\u00f3n a su cargo no lleva a cabo espionaje de ning\u00fan tipo -\",\"isPartOf\":{\"@id\":\"https:\\\/\\\/quehacerpolitico.mx\\\/#website\"},\"primaryImageOfPage\":{\"@id\":\"https:\\\/\\\/quehacerpolitico.mx\\\/?p=106336#primaryimage\"},\"image\":{\"@id\":\"https:\\\/\\\/quehacerpolitico.mx\\\/?p=106336#primaryimage\"},\"thumbnailUrl\":\"https:\\\/\\\/quehacerpolitico.mx\\\/wp-content\\\/uploads\\\/2023\\\/11\\\/IMG_1967.jpeg\",\"datePublished\":\"2023-11-10T22:26:27+00:00\",\"dateModified\":\"2023-11-10T22:26:30+00:00\",\"author\":{\"@id\":\"https:\\\/\\\/quehacerpolitico.mx\\\/#\\\/schema\\\/person\\\/496d8ad2d1d3f8036101dca7ee39e585\"},\"breadcrumb\":{\"@id\":\"https:\\\/\\\/quehacerpolitico.mx\\\/?p=106336#breadcrumb\"},\"inLanguage\":\"es\",\"potentialAction\":[{\"@type\":\"ReadAction\",\"target\":[\"https:\\\/\\\/quehacerpolitico.mx\\\/?p=106336\"]}]},{\"@type\":\"ImageObject\",\"inLanguage\":\"es\",\"@id\":\"https:\\\/\\\/quehacerpolitico.mx\\\/?p=106336#primaryimage\",\"url\":\"https:\\\/\\\/quehacerpolitico.mx\\\/wp-content\\\/uploads\\\/2023\\\/11\\\/IMG_1967.jpeg\",\"contentUrl\":\"https:\\\/\\\/quehacerpolitico.mx\\\/wp-content\\\/uploads\\\/2023\\\/11\\\/IMG_1967.jpeg\",\"width\":1284,\"height\":697},{\"@type\":\"BreadcrumbList\",\"@id\":\"https:\\\/\\\/quehacerpolitico.mx\\\/?p=106336#breadcrumb\",\"itemListElement\":[{\"@type\":\"ListItem\",\"position\":1,\"name\":\"Inicio\",\"item\":\"https:\\\/\\\/quehacerpolitico.mx\\\/\"},{\"@type\":\"ListItem\",\"position\":2,\"name\":\"Ernestina Godoy reiter\u00f3 este viernes que la instituci\u00f3n a su cargo no lleva a cabo espionaje de ning\u00fan tipo\"}]},{\"@type\":\"WebSite\",\"@id\":\"https:\\\/\\\/quehacerpolitico.mx\\\/#website\",\"url\":\"https:\\\/\\\/quehacerpolitico.mx\\\/\",\"name\":\"\",\"description\":\"\",\"potentialAction\":[{\"@type\":\"SearchAction\",\"target\":{\"@type\":\"EntryPoint\",\"urlTemplate\":\"https:\\\/\\\/quehacerpolitico.mx\\\/?s={search_term_string}\"},\"query-input\":{\"@type\":\"PropertyValueSpecification\",\"valueRequired\":true,\"valueName\":\"search_term_string\"}}],\"inLanguage\":\"es\"},{\"@type\":\"Person\",\"@id\":\"https:\\\/\\\/quehacerpolitico.mx\\\/#\\\/schema\\\/person\\\/496d8ad2d1d3f8036101dca7ee39e585\",\"name\":\"Redacci\u00f3n QP\",\"image\":{\"@type\":\"ImageObject\",\"inLanguage\":\"es\",\"@id\":\"https:\\\/\\\/secure.gravatar.com\\\/avatar\\\/c7164ed6fdec453195284ad24a5ae5b6e1eed2b848477fa2a4787ba9adf39a41?s=96&d=mm&r=g\",\"url\":\"https:\\\/\\\/secure.gravatar.com\\\/avatar\\\/c7164ed6fdec453195284ad24a5ae5b6e1eed2b848477fa2a4787ba9adf39a41?s=96&d=mm&r=g\",\"contentUrl\":\"https:\\\/\\\/secure.gravatar.com\\\/avatar\\\/c7164ed6fdec453195284ad24a5ae5b6e1eed2b848477fa2a4787ba9adf39a41?s=96&d=mm&r=g\",\"caption\":\"Redacci\u00f3n QP\"},\"url\":\"https:\\\/\\\/quehacerpolitico.mx\\\/?author=2\"}]}<\/script>\n<!-- \/ Yoast SEO plugin. -->","yoast_head_json":{"title":"Ernestina Godoy reiter\u00f3 este viernes que la instituci\u00f3n a su cargo no lleva a cabo espionaje de ning\u00fan tipo -","robots":{"index":"index","follow":"follow","max-snippet":"max-snippet:-1","max-image-preview":"max-image-preview:large","max-video-preview":"max-video-preview:-1"},"canonical":"https:\/\/quehacerpolitico.mx\/?p=106336","og_locale":"es_MX","og_type":"article","og_title":"Ernestina Godoy reiter\u00f3 este viernes que la instituci\u00f3n a su cargo no lleva a cabo espionaje de ning\u00fan tipo -","og_description":"Por Redacci\u00f3n QP Ernestina Godoy anunci\u00f3 una investigaci\u00f3n \u201cexhaustiva\u201d para esclarecer lo relacionado con los...","og_url":"https:\/\/quehacerpolitico.mx\/?p=106336","article_published_time":"2023-11-10T22:26:27+00:00","article_modified_time":"2023-11-10T22:26:30+00:00","og_image":[{"width":1284,"height":697,"url":"https:\/\/quehacerpolitico.mx\/wp-content\/uploads\/2023\/11\/IMG_1967.jpeg","type":"image\/jpeg"}],"author":"Redacci\u00f3n QP","twitter_card":"summary_large_image","twitter_misc":{"Escrito por":"Redacci\u00f3n QP","Tiempo de lectura":"3 minutos"},"schema":{"@context":"https:\/\/schema.org","@graph":[{"@type":"Article","@id":"https:\/\/quehacerpolitico.mx\/?p=106336#article","isPartOf":{"@id":"https:\/\/quehacerpolitico.mx\/?p=106336"},"author":{"name":"Redacci\u00f3n QP","@id":"https:\/\/quehacerpolitico.mx\/#\/schema\/person\/496d8ad2d1d3f8036101dca7ee39e585"},"headline":"Ernestina Godoy reiter\u00f3 este viernes que la instituci\u00f3n a su cargo no lleva a cabo espionaje de ning\u00fan tipo","datePublished":"2023-11-10T22:26:27+00:00","dateModified":"2023-11-10T22:26:30+00:00","mainEntityOfPage":{"@id":"https:\/\/quehacerpolitico.mx\/?p=106336"},"wordCount":658,"commentCount":0,"image":{"@id":"https:\/\/quehacerpolitico.mx\/?p=106336#primaryimage"},"thumbnailUrl":"https:\/\/quehacerpolitico.mx\/wp-content\/uploads\/2023\/11\/IMG_1967.jpeg","articleSection":["CDMX"],"inLanguage":"es","potentialAction":[{"@type":"CommentAction","name":"Comment","target":["https:\/\/quehacerpolitico.mx\/?p=106336#respond"]}]},{"@type":"WebPage","@id":"https:\/\/quehacerpolitico.mx\/?p=106336","url":"https:\/\/quehacerpolitico.mx\/?p=106336","name":"Ernestina Godoy reiter\u00f3 este viernes que la instituci\u00f3n a su cargo no lleva a cabo espionaje de ning\u00fan tipo -","isPartOf":{"@id":"https:\/\/quehacerpolitico.mx\/#website"},"primaryImageOfPage":{"@id":"https:\/\/quehacerpolitico.mx\/?p=106336#primaryimage"},"image":{"@id":"https:\/\/quehacerpolitico.mx\/?p=106336#primaryimage"},"thumbnailUrl":"https:\/\/quehacerpolitico.mx\/wp-content\/uploads\/2023\/11\/IMG_1967.jpeg","datePublished":"2023-11-10T22:26:27+00:00","dateModified":"2023-11-10T22:26:30+00:00","author":{"@id":"https:\/\/quehacerpolitico.mx\/#\/schema\/person\/496d8ad2d1d3f8036101dca7ee39e585"},"breadcrumb":{"@id":"https:\/\/quehacerpolitico.mx\/?p=106336#breadcrumb"},"inLanguage":"es","potentialAction":[{"@type":"ReadAction","target":["https:\/\/quehacerpolitico.mx\/?p=106336"]}]},{"@type":"ImageObject","inLanguage":"es","@id":"https:\/\/quehacerpolitico.mx\/?p=106336#primaryimage","url":"https:\/\/quehacerpolitico.mx\/wp-content\/uploads\/2023\/11\/IMG_1967.jpeg","contentUrl":"https:\/\/quehacerpolitico.mx\/wp-content\/uploads\/2023\/11\/IMG_1967.jpeg","width":1284,"height":697},{"@type":"BreadcrumbList","@id":"https:\/\/quehacerpolitico.mx\/?p=106336#breadcrumb","itemListElement":[{"@type":"ListItem","position":1,"name":"Inicio","item":"https:\/\/quehacerpolitico.mx\/"},{"@type":"ListItem","position":2,"name":"Ernestina Godoy reiter\u00f3 este viernes que la instituci\u00f3n a su cargo no lleva a cabo espionaje de ning\u00fan tipo"}]},{"@type":"WebSite","@id":"https:\/\/quehacerpolitico.mx\/#website","url":"https:\/\/quehacerpolitico.mx\/","name":"","description":"","potentialAction":[{"@type":"SearchAction","target":{"@type":"EntryPoint","urlTemplate":"https:\/\/quehacerpolitico.mx\/?s={search_term_string}"},"query-input":{"@type":"PropertyValueSpecification","valueRequired":true,"valueName":"search_term_string"}}],"inLanguage":"es"},{"@type":"Person","@id":"https:\/\/quehacerpolitico.mx\/#\/schema\/person\/496d8ad2d1d3f8036101dca7ee39e585","name":"Redacci\u00f3n QP","image":{"@type":"ImageObject","inLanguage":"es","@id":"https:\/\/secure.gravatar.com\/avatar\/c7164ed6fdec453195284ad24a5ae5b6e1eed2b848477fa2a4787ba9adf39a41?s=96&d=mm&r=g","url":"https:\/\/secure.gravatar.com\/avatar\/c7164ed6fdec453195284ad24a5ae5b6e1eed2b848477fa2a4787ba9adf39a41?s=96&d=mm&r=g","contentUrl":"https:\/\/secure.gravatar.com\/avatar\/c7164ed6fdec453195284ad24a5ae5b6e1eed2b848477fa2a4787ba9adf39a41?s=96&d=mm&r=g","caption":"Redacci\u00f3n QP"},"url":"https:\/\/quehacerpolitico.mx\/?author=2"}]}},"featured_image_urls":{"full":["https:\/\/quehacerpolitico.mx\/wp-content\/uploads\/2023\/11\/IMG_1967.jpeg",1284,697,false],"thumbnail":["https:\/\/quehacerpolitico.mx\/wp-content\/uploads\/2023\/11\/IMG_1967-150x150.jpeg",150,150,true],"medium":["https:\/\/quehacerpolitico.mx\/wp-content\/uploads\/2023\/11\/IMG_1967-300x163.jpeg",300,163,true],"medium_large":["https:\/\/quehacerpolitico.mx\/wp-content\/uploads\/2023\/11\/IMG_1967-768x417.jpeg",640,348,true],"large":["https:\/\/quehacerpolitico.mx\/wp-content\/uploads\/2023\/11\/IMG_1967-1024x556.jpeg",640,348,true],"1536x1536":["https:\/\/quehacerpolitico.mx\/wp-content\/uploads\/2023\/11\/IMG_1967.jpeg",1284,697,false],"2048x2048":["https:\/\/quehacerpolitico.mx\/wp-content\/uploads\/2023\/11\/IMG_1967.jpeg",1284,697,false],"covernews-featured":["https:\/\/quehacerpolitico.mx\/wp-content\/uploads\/2023\/11\/IMG_1967.jpeg",1024,556,false],"covernews-medium":["https:\/\/quehacerpolitico.mx\/wp-content\/uploads\/2023\/11\/IMG_1967.jpeg",540,293,false]},"author_info":{"display_name":"Redacci\u00f3n QP","author_link":"https:\/\/quehacerpolitico.mx\/?author=2"},"category_info":"<a href=\"https:\/\/quehacerpolitico.mx\/?cat=55\" rel=\"category\">CDMX<\/a>","tag_info":"CDMX","comment_count":"0","_links":{"self":[{"href":"https:\/\/quehacerpolitico.mx\/index.php?rest_route=\/wp\/v2\/posts\/106336","targetHints":{"allow":["GET"]}}],"collection":[{"href":"https:\/\/quehacerpolitico.mx\/index.php?rest_route=\/wp\/v2\/posts"}],"about":[{"href":"https:\/\/quehacerpolitico.mx\/index.php?rest_route=\/wp\/v2\/types\/post"}],"author":[{"embeddable":true,"href":"https:\/\/quehacerpolitico.mx\/index.php?rest_route=\/wp\/v2\/users\/2"}],"replies":[{"embeddable":true,"href":"https:\/\/quehacerpolitico.mx\/index.php?rest_route=%2Fwp%2Fv2%2Fcomments&post=106336"}],"version-history":[{"count":1,"href":"https:\/\/quehacerpolitico.mx\/index.php?rest_route=\/wp\/v2\/posts\/106336\/revisions"}],"predecessor-version":[{"id":106338,"href":"https:\/\/quehacerpolitico.mx\/index.php?rest_route=\/wp\/v2\/posts\/106336\/revisions\/106338"}],"wp:featuredmedia":[{"embeddable":true,"href":"https:\/\/quehacerpolitico.mx\/index.php?rest_route=\/wp\/v2\/media\/106337"}],"wp:attachment":[{"href":"https:\/\/quehacerpolitico.mx\/index.php?rest_route=%2Fwp%2Fv2%2Fmedia&parent=106336"}],"wp:term":[{"taxonomy":"category","embeddable":true,"href":"https:\/\/quehacerpolitico.mx\/index.php?rest_route=%2Fwp%2Fv2%2Fcategories&post=106336"},{"taxonomy":"post_tag","embeddable":true,"href":"https:\/\/quehacerpolitico.mx\/index.php?rest_route=%2Fwp%2Fv2%2Ftags&post=106336"}],"curies":[{"name":"wp","href":"https:\/\/api.w.org\/{rel}","templated":true}]}}