{"id":106327,"date":"2023-11-10T21:11:39","date_gmt":"2023-11-10T21:11:39","guid":{"rendered":"https:\/\/quehacerpolitico.mx\/?p=106327"},"modified":"2023-11-10T21:11:42","modified_gmt":"2023-11-10T21:11:42","slug":"lamentable-el-actuar-de-norma-pina-esta-situacion-le-exigo-que-aparezca-publicamente-para-explicar-su-decision-de-no-entregar-los-fideicomisos-amlo","status":"publish","type":"post","link":"https:\/\/quehacerpolitico.mx\/?p=106327","title":{"rendered":"\u201clamentable\u201d el actuar de Norma Pi\u00f1a, esta situaci\u00f3n, le exigo que aparezca p\u00fablicamente para explicar su decisi\u00f3n de no entregar los fideicomisos: AMLO"},"content":{"rendered":"\n<p>Por Redacci\u00f3n QP<\/p>\n\n\n\n<p>L\u00f3pez Obrador calific\u00f3 como \u201clamentable\u201d que la ministra Norma Pi\u00f1a no haya cumplido su compromiso de dar fideicomisos del PJ a Guerrero<\/p>\n\n\n\n<p>El presidente de M\u00e9xico,\u00a0<strong>Andres Manuel L\u00f3pez Obrador<\/strong>,\u00a0volvi\u00f3 a arremeter contra la ministra presidenta de la\u00a0<strong>Suprema Corte de Justicia de la Naci\u00f3n<\/strong>\u00a0(<strong>SCJN<\/strong>),\u00a0<strong>Norma Luc\u00eda Pi\u00f1a<\/strong>, por no cumplir su\u00a0<strong>compromiso<\/strong>\u00a0de dar los\u00a0<strong>fideicomisos<\/strong>\u00a0del\u00a0<strong>Poder Judicial,<\/strong>\u00a0que ascienden a\u00a0<strong>15 mil millones de pesos<\/strong>, para los\u00a0<strong>damnificados<\/strong> por el\u00a0<strong>hurac\u00e1n Otis<\/strong>\u00a0en\u00a0<strong>Guerrero<\/strong>.<\/p>\n\n\n\n<p>En la conferencia matutina realizada este viernes desde\u00a0<strong>Tijuana<\/strong>,\u00a0<strong>Baja California<\/strong>, L\u00f3pez Obrador calific\u00f3 como \u201clamentable\u201d esta situaci\u00f3n, y le exigi\u00f3 que aparezca p\u00fablicamente para explicar su decisi\u00f3n.<\/p>\n\n\n\n<p>Es muy lamentable que estas cosas sucedan porque se trata de la presidenta de la Suprema Corte, que en un escrito que me dirige se compromete a aportar los recursos del fideicomisos para beneficio de los damnificados de Acapulco y ahora cambian, ya est\u00e1n metiendo amparos y con sus aliados del PAN, haciendo estas maniobras leguleyas\u201d, argument\u00f3.<\/p>\n\n\n\n<figure class=\"wp-block-embed is-type-video is-provider-youtube wp-block-embed-youtube wp-embed-aspect-16-9 wp-has-aspect-ratio\"><div class=\"wp-block-embed__wrapper\">\nhttps:\/\/youtu.be\/YF39oE8GFa4?si=RCo5uBxT3AAUstTx\n<\/div><\/figure>\n\n\n\n<p>No solo fue la presidenta de la Corte, luego del oficio hay un acuerdo del Congreso, y firman hasta el representante del PAN, y ahora se rajan, se echan para atr\u00e1s\u201d, subray\u00f3.<\/p>\n\n\n\n<p>Ya no es solo uno, son no s\u00e9 cu\u00e1ntos amparos y la se\u00f1ora ni siquiera se pronuncia, ya no vuelve a hablar, mejor que nos diga que cambi\u00f3 de parecer o la presionaron o por qu\u00e9 no va a cumplir\u201d, puntualiz\u00f3.<\/p>\n\n\n\n<p>El mandatario mexicano prometi\u00f3 a la gente de Acapulco \u201cque no se preocupen, no les va a faltar nada\u201d<\/p>\n\n\n\n<p>\u201cPero c\u00f3mo es posible que tengan tantos privilegios los ministros que ganan 700 mil pesos mensuales, ganan m\u00e1s que los ministros del Gobierno de EE.UU., habiendo tantas necesidades, y adem\u00e1s violando la Constituci\u00f3n, porque el art\u00edculo 127 establece que nadie puede ganar m\u00e1s que el presidente de la Rep\u00fablica\u201d, lanz\u00f3<\/p>\n\n\n\n<p>La secretaria de Gobernaci\u00f3n (<strong>Segob<\/strong>),<strong>\u00a0Luisa Mar\u00eda Alcalde<\/strong>, confirm\u00f3 que se tuvo una reuni\u00f3n con la ministra Norma Pi\u00f1a, quien apunt\u00f3 que los amparos promovidos por trabajadores del Poder Judicial, y ahora con una acci\u00f3n de inconstitucionalidad promovida por senadores, no es posible dar dicho dinero a Acapulco hasta que se resuelvan los recursos judiciales.<\/p>\n\n\n\n<p>\u201cSe tuvo un encuentro con la ministra presidenta, se nos inform\u00f3 que derivado de estos amparos y de la acci\u00f3n de inconstitucionalidad que presentaron 50 senadores, pues que habr\u00eda que esperar esa resoluci\u00f3n por parte de los ministros, que no era posible que se pudiera tomar esa determinaci\u00f3n hasta en tanto no se resuelva por la Corte\u201d, refiri\u00f3.<\/p>\n","protected":false},"excerpt":{"rendered":"<p>Por Redacci\u00f3n QP L\u00f3pez Obrador calific\u00f3 como \u201clamentable\u201d que la ministra Norma Pi\u00f1a no haya&#8230;<\/p>\n","protected":false},"author":2,"featured_media":106328,"comment_status":"open","ping_status":"open","sticky":false,"template":"","format":"standard","meta":{"_monsterinsights_skip_tracking":false,"_monsterinsights_sitenote_active":false,"_monsterinsights_sitenote_note":"","_monsterinsights_sitenote_category":0,"footnotes":""},"categories":[2],"tags":[],"class_list":["post-106327","post","type-post","status-publish","format-standard","has-post-thumbnail","hentry","category-noticias"],"yoast_head":"<!-- This site is optimized with the Yoast SEO plugin v27.3 - https:\/\/yoast.com\/product\/yoast-seo-wordpress\/ -->\n<title>\u201clamentable\u201d el actuar de Norma Pi\u00f1a, esta situaci\u00f3n, le exigo que aparezca p\u00fablicamente para explicar su decisi\u00f3n de no entregar los fideicomisos: AMLO -<\/title>\n<meta name=\"robots\" content=\"index, follow, max-snippet:-1, max-image-preview:large, max-video-preview:-1\" \/>\n<link rel=\"canonical\" href=\"https:\/\/quehacerpolitico.mx\/?p=106327\" \/>\n<meta property=\"og:locale\" content=\"es_MX\" \/>\n<meta property=\"og:type\" content=\"article\" \/>\n<meta property=\"og:title\" content=\"\u201clamentable\u201d el actuar de Norma Pi\u00f1a, esta situaci\u00f3n, le exigo que aparezca p\u00fablicamente para explicar su decisi\u00f3n de no entregar los fideicomisos: AMLO -\" \/>\n<meta property=\"og:description\" content=\"Por Redacci\u00f3n QP L\u00f3pez Obrador calific\u00f3 como \u201clamentable\u201d que la ministra Norma Pi\u00f1a no haya...\" \/>\n<meta property=\"og:url\" content=\"https:\/\/quehacerpolitico.mx\/?p=106327\" \/>\n<meta property=\"article:published_time\" content=\"2023-11-10T21:11:39+00:00\" \/>\n<meta property=\"article:modified_time\" content=\"2023-11-10T21:11:42+00:00\" \/>\n<meta property=\"og:image\" content=\"https:\/\/quehacerpolitico.mx\/wp-content\/uploads\/2023\/11\/IMG_1963.jpeg\" \/>\n\t<meta property=\"og:image:width\" content=\"1284\" \/>\n\t<meta property=\"og:image:height\" content=\"715\" \/>\n\t<meta property=\"og:image:type\" content=\"image\/jpeg\" \/>\n<meta name=\"author\" content=\"Redacci\u00f3n QP\" \/>\n<meta name=\"twitter:card\" content=\"summary_large_image\" \/>\n<meta name=\"twitter:label1\" content=\"Escrito por\" \/>\n\t<meta name=\"twitter:data1\" content=\"Redacci\u00f3n QP\" \/>\n\t<meta name=\"twitter:label2\" content=\"Tiempo de lectura\" \/>\n\t<meta name=\"twitter:data2\" content=\"2 minutos\" \/>\n<script type=\"application\/ld+json\" class=\"yoast-schema-graph\">{\"@context\":\"https:\\\/\\\/schema.org\",\"@graph\":[{\"@type\":\"Article\",\"@id\":\"https:\\\/\\\/quehacerpolitico.mx\\\/?p=106327#article\",\"isPartOf\":{\"@id\":\"https:\\\/\\\/quehacerpolitico.mx\\\/?p=106327\"},\"author\":{\"name\":\"Redacci\u00f3n QP\",\"@id\":\"https:\\\/\\\/quehacerpolitico.mx\\\/#\\\/schema\\\/person\\\/496d8ad2d1d3f8036101dca7ee39e585\"},\"headline\":\"\u201clamentable\u201d el actuar de Norma Pi\u00f1a, esta situaci\u00f3n, le exigo que aparezca p\u00fablicamente para explicar su decisi\u00f3n de no entregar los fideicomisos: AMLO\",\"datePublished\":\"2023-11-10T21:11:39+00:00\",\"dateModified\":\"2023-11-10T21:11:42+00:00\",\"mainEntityOfPage\":{\"@id\":\"https:\\\/\\\/quehacerpolitico.mx\\\/?p=106327\"},\"wordCount\":489,\"commentCount\":0,\"image\":{\"@id\":\"https:\\\/\\\/quehacerpolitico.mx\\\/?p=106327#primaryimage\"},\"thumbnailUrl\":\"https:\\\/\\\/quehacerpolitico.mx\\\/wp-content\\\/uploads\\\/2023\\\/11\\\/IMG_1963.jpeg\",\"articleSection\":[\"Noticias\"],\"inLanguage\":\"es\",\"potentialAction\":[{\"@type\":\"CommentAction\",\"name\":\"Comment\",\"target\":[\"https:\\\/\\\/quehacerpolitico.mx\\\/?p=106327#respond\"]}]},{\"@type\":\"WebPage\",\"@id\":\"https:\\\/\\\/quehacerpolitico.mx\\\/?p=106327\",\"url\":\"https:\\\/\\\/quehacerpolitico.mx\\\/?p=106327\",\"name\":\"\u201clamentable\u201d el actuar de Norma Pi\u00f1a, esta situaci\u00f3n, le exigo que aparezca p\u00fablicamente para explicar su decisi\u00f3n de no entregar los fideicomisos: AMLO -\",\"isPartOf\":{\"@id\":\"https:\\\/\\\/quehacerpolitico.mx\\\/#website\"},\"primaryImageOfPage\":{\"@id\":\"https:\\\/\\\/quehacerpolitico.mx\\\/?p=106327#primaryimage\"},\"image\":{\"@id\":\"https:\\\/\\\/quehacerpolitico.mx\\\/?p=106327#primaryimage\"},\"thumbnailUrl\":\"https:\\\/\\\/quehacerpolitico.mx\\\/wp-content\\\/uploads\\\/2023\\\/11\\\/IMG_1963.jpeg\",\"datePublished\":\"2023-11-10T21:11:39+00:00\",\"dateModified\":\"2023-11-10T21:11:42+00:00\",\"author\":{\"@id\":\"https:\\\/\\\/quehacerpolitico.mx\\\/#\\\/schema\\\/person\\\/496d8ad2d1d3f8036101dca7ee39e585\"},\"breadcrumb\":{\"@id\":\"https:\\\/\\\/quehacerpolitico.mx\\\/?p=106327#breadcrumb\"},\"inLanguage\":\"es\",\"potentialAction\":[{\"@type\":\"ReadAction\",\"target\":[\"https:\\\/\\\/quehacerpolitico.mx\\\/?p=106327\"]}]},{\"@type\":\"ImageObject\",\"inLanguage\":\"es\",\"@id\":\"https:\\\/\\\/quehacerpolitico.mx\\\/?p=106327#primaryimage\",\"url\":\"https:\\\/\\\/quehacerpolitico.mx\\\/wp-content\\\/uploads\\\/2023\\\/11\\\/IMG_1963.jpeg\",\"contentUrl\":\"https:\\\/\\\/quehacerpolitico.mx\\\/wp-content\\\/uploads\\\/2023\\\/11\\\/IMG_1963.jpeg\",\"width\":1284,\"height\":715},{\"@type\":\"BreadcrumbList\",\"@id\":\"https:\\\/\\\/quehacerpolitico.mx\\\/?p=106327#breadcrumb\",\"itemListElement\":[{\"@type\":\"ListItem\",\"position\":1,\"name\":\"Inicio\",\"item\":\"https:\\\/\\\/quehacerpolitico.mx\\\/\"},{\"@type\":\"ListItem\",\"position\":2,\"name\":\"\u201clamentable\u201d el actuar de Norma Pi\u00f1a, esta situaci\u00f3n, le exigo que aparezca p\u00fablicamente para explicar su decisi\u00f3n de no entregar los fideicomisos: AMLO\"}]},{\"@type\":\"WebSite\",\"@id\":\"https:\\\/\\\/quehacerpolitico.mx\\\/#website\",\"url\":\"https:\\\/\\\/quehacerpolitico.mx\\\/\",\"name\":\"\",\"description\":\"\",\"potentialAction\":[{\"@type\":\"SearchAction\",\"target\":{\"@type\":\"EntryPoint\",\"urlTemplate\":\"https:\\\/\\\/quehacerpolitico.mx\\\/?s={search_term_string}\"},\"query-input\":{\"@type\":\"PropertyValueSpecification\",\"valueRequired\":true,\"valueName\":\"search_term_string\"}}],\"inLanguage\":\"es\"},{\"@type\":\"Person\",\"@id\":\"https:\\\/\\\/quehacerpolitico.mx\\\/#\\\/schema\\\/person\\\/496d8ad2d1d3f8036101dca7ee39e585\",\"name\":\"Redacci\u00f3n QP\",\"image\":{\"@type\":\"ImageObject\",\"inLanguage\":\"es\",\"@id\":\"https:\\\/\\\/secure.gravatar.com\\\/avatar\\\/c7164ed6fdec453195284ad24a5ae5b6e1eed2b848477fa2a4787ba9adf39a41?s=96&d=mm&r=g\",\"url\":\"https:\\\/\\\/secure.gravatar.com\\\/avatar\\\/c7164ed6fdec453195284ad24a5ae5b6e1eed2b848477fa2a4787ba9adf39a41?s=96&d=mm&r=g\",\"contentUrl\":\"https:\\\/\\\/secure.gravatar.com\\\/avatar\\\/c7164ed6fdec453195284ad24a5ae5b6e1eed2b848477fa2a4787ba9adf39a41?s=96&d=mm&r=g\",\"caption\":\"Redacci\u00f3n QP\"},\"url\":\"https:\\\/\\\/quehacerpolitico.mx\\\/?author=2\"}]}<\/script>\n<!-- \/ Yoast SEO plugin. -->","yoast_head_json":{"title":"\u201clamentable\u201d el actuar de Norma Pi\u00f1a, esta situaci\u00f3n, le exigo que aparezca p\u00fablicamente para explicar su decisi\u00f3n de no entregar los fideicomisos: AMLO -","robots":{"index":"index","follow":"follow","max-snippet":"max-snippet:-1","max-image-preview":"max-image-preview:large","max-video-preview":"max-video-preview:-1"},"canonical":"https:\/\/quehacerpolitico.mx\/?p=106327","og_locale":"es_MX","og_type":"article","og_title":"\u201clamentable\u201d el actuar de Norma Pi\u00f1a, esta situaci\u00f3n, le exigo que aparezca p\u00fablicamente para explicar su decisi\u00f3n de no entregar los fideicomisos: AMLO -","og_description":"Por Redacci\u00f3n QP L\u00f3pez Obrador calific\u00f3 como \u201clamentable\u201d que la ministra Norma Pi\u00f1a no haya...","og_url":"https:\/\/quehacerpolitico.mx\/?p=106327","article_published_time":"2023-11-10T21:11:39+00:00","article_modified_time":"2023-11-10T21:11:42+00:00","og_image":[{"width":1284,"height":715,"url":"https:\/\/quehacerpolitico.mx\/wp-content\/uploads\/2023\/11\/IMG_1963.jpeg","type":"image\/jpeg"}],"author":"Redacci\u00f3n QP","twitter_card":"summary_large_image","twitter_misc":{"Escrito por":"Redacci\u00f3n QP","Tiempo de lectura":"2 minutos"},"schema":{"@context":"https:\/\/schema.org","@graph":[{"@type":"Article","@id":"https:\/\/quehacerpolitico.mx\/?p=106327#article","isPartOf":{"@id":"https:\/\/quehacerpolitico.mx\/?p=106327"},"author":{"name":"Redacci\u00f3n QP","@id":"https:\/\/quehacerpolitico.mx\/#\/schema\/person\/496d8ad2d1d3f8036101dca7ee39e585"},"headline":"\u201clamentable\u201d el actuar de Norma Pi\u00f1a, esta situaci\u00f3n, le exigo que aparezca p\u00fablicamente para explicar su decisi\u00f3n de no entregar los fideicomisos: AMLO","datePublished":"2023-11-10T21:11:39+00:00","dateModified":"2023-11-10T21:11:42+00:00","mainEntityOfPage":{"@id":"https:\/\/quehacerpolitico.mx\/?p=106327"},"wordCount":489,"commentCount":0,"image":{"@id":"https:\/\/quehacerpolitico.mx\/?p=106327#primaryimage"},"thumbnailUrl":"https:\/\/quehacerpolitico.mx\/wp-content\/uploads\/2023\/11\/IMG_1963.jpeg","articleSection":["Noticias"],"inLanguage":"es","potentialAction":[{"@type":"CommentAction","name":"Comment","target":["https:\/\/quehacerpolitico.mx\/?p=106327#respond"]}]},{"@type":"WebPage","@id":"https:\/\/quehacerpolitico.mx\/?p=106327","url":"https:\/\/quehacerpolitico.mx\/?p=106327","name":"\u201clamentable\u201d el actuar de Norma Pi\u00f1a, esta situaci\u00f3n, le exigo que aparezca p\u00fablicamente para explicar su decisi\u00f3n de no entregar los fideicomisos: AMLO -","isPartOf":{"@id":"https:\/\/quehacerpolitico.mx\/#website"},"primaryImageOfPage":{"@id":"https:\/\/quehacerpolitico.mx\/?p=106327#primaryimage"},"image":{"@id":"https:\/\/quehacerpolitico.mx\/?p=106327#primaryimage"},"thumbnailUrl":"https:\/\/quehacerpolitico.mx\/wp-content\/uploads\/2023\/11\/IMG_1963.jpeg","datePublished":"2023-11-10T21:11:39+00:00","dateModified":"2023-11-10T21:11:42+00:00","author":{"@id":"https:\/\/quehacerpolitico.mx\/#\/schema\/person\/496d8ad2d1d3f8036101dca7ee39e585"},"breadcrumb":{"@id":"https:\/\/quehacerpolitico.mx\/?p=106327#breadcrumb"},"inLanguage":"es","potentialAction":[{"@type":"ReadAction","target":["https:\/\/quehacerpolitico.mx\/?p=106327"]}]},{"@type":"ImageObject","inLanguage":"es","@id":"https:\/\/quehacerpolitico.mx\/?p=106327#primaryimage","url":"https:\/\/quehacerpolitico.mx\/wp-content\/uploads\/2023\/11\/IMG_1963.jpeg","contentUrl":"https:\/\/quehacerpolitico.mx\/wp-content\/uploads\/2023\/11\/IMG_1963.jpeg","width":1284,"height":715},{"@type":"BreadcrumbList","@id":"https:\/\/quehacerpolitico.mx\/?p=106327#breadcrumb","itemListElement":[{"@type":"ListItem","position":1,"name":"Inicio","item":"https:\/\/quehacerpolitico.mx\/"},{"@type":"ListItem","position":2,"name":"\u201clamentable\u201d el actuar de Norma Pi\u00f1a, esta situaci\u00f3n, le exigo que aparezca p\u00fablicamente para explicar su decisi\u00f3n de no entregar los fideicomisos: AMLO"}]},{"@type":"WebSite","@id":"https:\/\/quehacerpolitico.mx\/#website","url":"https:\/\/quehacerpolitico.mx\/","name":"","description":"","potentialAction":[{"@type":"SearchAction","target":{"@type":"EntryPoint","urlTemplate":"https:\/\/quehacerpolitico.mx\/?s={search_term_string}"},"query-input":{"@type":"PropertyValueSpecification","valueRequired":true,"valueName":"search_term_string"}}],"inLanguage":"es"},{"@type":"Person","@id":"https:\/\/quehacerpolitico.mx\/#\/schema\/person\/496d8ad2d1d3f8036101dca7ee39e585","name":"Redacci\u00f3n QP","image":{"@type":"ImageObject","inLanguage":"es","@id":"https:\/\/secure.gravatar.com\/avatar\/c7164ed6fdec453195284ad24a5ae5b6e1eed2b848477fa2a4787ba9adf39a41?s=96&d=mm&r=g","url":"https:\/\/secure.gravatar.com\/avatar\/c7164ed6fdec453195284ad24a5ae5b6e1eed2b848477fa2a4787ba9adf39a41?s=96&d=mm&r=g","contentUrl":"https:\/\/secure.gravatar.com\/avatar\/c7164ed6fdec453195284ad24a5ae5b6e1eed2b848477fa2a4787ba9adf39a41?s=96&d=mm&r=g","caption":"Redacci\u00f3n QP"},"url":"https:\/\/quehacerpolitico.mx\/?author=2"}]}},"featured_image_urls":{"full":["https:\/\/quehacerpolitico.mx\/wp-content\/uploads\/2023\/11\/IMG_1963.jpeg",1284,715,false],"thumbnail":["https:\/\/quehacerpolitico.mx\/wp-content\/uploads\/2023\/11\/IMG_1963-150x150.jpeg",150,150,true],"medium":["https:\/\/quehacerpolitico.mx\/wp-content\/uploads\/2023\/11\/IMG_1963-300x167.jpeg",300,167,true],"medium_large":["https:\/\/quehacerpolitico.mx\/wp-content\/uploads\/2023\/11\/IMG_1963-768x428.jpeg",640,357,true],"large":["https:\/\/quehacerpolitico.mx\/wp-content\/uploads\/2023\/11\/IMG_1963-1024x570.jpeg",640,356,true],"1536x1536":["https:\/\/quehacerpolitico.mx\/wp-content\/uploads\/2023\/11\/IMG_1963.jpeg",1284,715,false],"2048x2048":["https:\/\/quehacerpolitico.mx\/wp-content\/uploads\/2023\/11\/IMG_1963.jpeg",1284,715,false],"covernews-featured":["https:\/\/quehacerpolitico.mx\/wp-content\/uploads\/2023\/11\/IMG_1963.jpeg",1024,570,false],"covernews-medium":["https:\/\/quehacerpolitico.mx\/wp-content\/uploads\/2023\/11\/IMG_1963.jpeg",540,301,false]},"author_info":{"display_name":"Redacci\u00f3n QP","author_link":"https:\/\/quehacerpolitico.mx\/?author=2"},"category_info":"<a href=\"https:\/\/quehacerpolitico.mx\/?cat=2\" rel=\"category\">Noticias<\/a>","tag_info":"Noticias","comment_count":"0","_links":{"self":[{"href":"https:\/\/quehacerpolitico.mx\/index.php?rest_route=\/wp\/v2\/posts\/106327","targetHints":{"allow":["GET"]}}],"collection":[{"href":"https:\/\/quehacerpolitico.mx\/index.php?rest_route=\/wp\/v2\/posts"}],"about":[{"href":"https:\/\/quehacerpolitico.mx\/index.php?rest_route=\/wp\/v2\/types\/post"}],"author":[{"embeddable":true,"href":"https:\/\/quehacerpolitico.mx\/index.php?rest_route=\/wp\/v2\/users\/2"}],"replies":[{"embeddable":true,"href":"https:\/\/quehacerpolitico.mx\/index.php?rest_route=%2Fwp%2Fv2%2Fcomments&post=106327"}],"version-history":[{"count":1,"href":"https:\/\/quehacerpolitico.mx\/index.php?rest_route=\/wp\/v2\/posts\/106327\/revisions"}],"predecessor-version":[{"id":106329,"href":"https:\/\/quehacerpolitico.mx\/index.php?rest_route=\/wp\/v2\/posts\/106327\/revisions\/106329"}],"wp:featuredmedia":[{"embeddable":true,"href":"https:\/\/quehacerpolitico.mx\/index.php?rest_route=\/wp\/v2\/media\/106328"}],"wp:attachment":[{"href":"https:\/\/quehacerpolitico.mx\/index.php?rest_route=%2Fwp%2Fv2%2Fmedia&parent=106327"}],"wp:term":[{"taxonomy":"category","embeddable":true,"href":"https:\/\/quehacerpolitico.mx\/index.php?rest_route=%2Fwp%2Fv2%2Fcategories&post=106327"},{"taxonomy":"post_tag","embeddable":true,"href":"https:\/\/quehacerpolitico.mx\/index.php?rest_route=%2Fwp%2Fv2%2Ftags&post=106327"}],"curies":[{"name":"wp","href":"https:\/\/api.w.org\/{rel}","templated":true}]}}