{"id":106324,"date":"2023-11-10T18:19:48","date_gmt":"2023-11-10T18:19:48","guid":{"rendered":"https:\/\/quehacerpolitico.mx\/?p=106324"},"modified":"2023-11-10T18:19:51","modified_gmt":"2023-11-10T18:19:51","slug":"la-produccion-industrial-en-mexico-crecio-3-7-por-ciento-interanual-en-los-primeros-tres-trimestres-de-2023","status":"publish","type":"post","link":"https:\/\/quehacerpolitico.mx\/?p=106324","title":{"rendered":"La\u00a0producci\u00f3n industrial\u00a0en M\u00e9xico creci\u00f3 3.7 por ciento interanual en los primeros tres trimestres de 2023"},"content":{"rendered":"\n<p>Por Redacci\u00f3n QP<\/p>\n\n\n\n<p>El dato es resultado del alza interanual, con base en cifras originales, de todos los rubros, encabezados por la construcci\u00f3n<\/p>\n\n\n\n<p>La\u00a0<strong>producci\u00f3n industrial<\/strong>\u00a0en M\u00e9xico creci\u00f3 3.7 por ciento interanual en los primeros tres trimestres de 2023, impulsada en particular por la construcci\u00f3n,\u00a0informo el Instituto Nacional de Estad\u00edstica y Geograf\u00eda (Inegi).<\/p>\n\n\n\n<p>El dato es resultado del alza interanual, con base en cifras originales, de todos los rubros, encabezados por la construcci\u00f3n (13.7 por ciento) y la generaci\u00f3n, transmisi\u00f3n y distribuci\u00f3n de energ\u00eda el\u00e9ctrica, suministro de agua y de gas (3.3 por ciento).<\/p>\n\n\n\n<p>Les siguieron los avances de la miner\u00eda (2.3 por ciento), y de las industrias manufactureras (1.5 por ciento).<\/p>\n\n\n\n<p>Tan solo en septiembre, la producci\u00f3n industrial se elev\u00f3 3.9 por ciento frente al mismo mes de 2022.<\/p>\n\n\n\n<p>Esto es producto de las subidas interanuales de la construcci\u00f3n (18.6 por ciento), la generaci\u00f3n de electricidad y suministro de agua y gas (7 por ciento), la manufactura (0.8 por ciento), y la miner\u00eda (0.5 por ciento).<\/p>\n\n\n\n<p>Asimismo, el indicador mensual de la actividad industrial (IMAI) creci\u00f3 0.2 por ciento, en t\u00e9rminos reales y con cifras desestacionalizadas, en septiembre pasado frente al mes anterior.<\/p>\n\n\n\n<p>Esto ocurri\u00f3 por el avance mensual de la manufactura (1.7 por ciento), pero el resto de los ramos retrocedieron: la construcci\u00f3n (-4.1 por ciento), la miner\u00eda (-1 por ciento), y la generaci\u00f3n de electricidad y suministro de agua y gas (-0.2 por ciento).<\/p>\n\n\n\n<p>Las cifras reflejan el comportamiento de la econom\u00eda de M\u00e9xico, cuyo Producto Interno Bruto (PIB) creci\u00f3 3.3 por ciento interanual y 0.9 por ciento trimestral en el tercer trimestre de 2023, con lo que acumula un incremento de 3.5 por ciento en lo que va del a\u00f1o, seg\u00fan la estimaci\u00f3n oportuna del Inegi.<\/p>\n\n\n\n<p>Adem\u00e1s, el Gobierno expuso esta semana que M\u00e9xico capt\u00f3 una cifra r\u00e9cord de casi 33 mil millones de d\u00f3lares en&nbsp;<strong>inversi\u00f3n extranjera directa<\/strong>&nbsp;(IED) en los primeros tres trimestres del a\u00f1o, algo que los analistas atribuyen al fen\u00f3meno de relocalizaci\u00f3n de cadenas o \u201cnearshoring\u201d.<\/p>\n\n\n\n<p>La producci\u00f3n industrial en M\u00e9xico creci\u00f3 3.3 por ciento anual en 2022, en particular por las manufacturas y con incrementos en todos los sectores.<\/p>\n\n\n\n<p>El PIB de M\u00e9xico creci\u00f3 3.9 por ciento en 2022 impulsado por todos los sectores, mientras que en 2021 se increment\u00f3 6.1 por ciento, seg\u00fan las cifras actualizadas del Inegi.<\/p>\n\n\n\n<p>M\u00e9xico fue uno de los pa\u00edses de Latinoam\u00e9rica que tard\u00f3 m\u00e1s en recuperar su PIB tras la pandemia de COVID-19, que caus\u00f3 una contracci\u00f3n hist\u00f3rica de 8.8 por ciento en 2020.<\/p>\n\n\n\n<p>Para este 2023, el Gobierno estima que la econom\u00eda de M\u00e9xico crecer\u00e1 al menos un 3 por ciento.<\/p>\n\n\n\n<p>Con informaci\u00f3n de EFE<\/p>\n","protected":false},"excerpt":{"rendered":"<p>Por Redacci\u00f3n QP El dato es resultado del alza interanual, con base en cifras originales,&#8230;<\/p>\n","protected":false},"author":2,"featured_media":106325,"comment_status":"open","ping_status":"open","sticky":false,"template":"","format":"standard","meta":{"_monsterinsights_skip_tracking":false,"_monsterinsights_sitenote_active":false,"_monsterinsights_sitenote_note":"","_monsterinsights_sitenote_category":0,"footnotes":""},"categories":[56],"tags":[],"class_list":["post-106324","post","type-post","status-publish","format-standard","has-post-thumbnail","hentry","category-economia"],"yoast_head":"<!-- This site is optimized with the Yoast SEO plugin v27.3 - https:\/\/yoast.com\/product\/yoast-seo-wordpress\/ -->\n<title>La\u00a0producci\u00f3n industrial\u00a0en M\u00e9xico creci\u00f3 3.7 por ciento interanual en los primeros tres trimestres de 2023 -<\/title>\n<meta name=\"robots\" content=\"index, follow, max-snippet:-1, max-image-preview:large, max-video-preview:-1\" \/>\n<link rel=\"canonical\" href=\"https:\/\/quehacerpolitico.mx\/?p=106324\" \/>\n<meta property=\"og:locale\" content=\"es_MX\" \/>\n<meta property=\"og:type\" content=\"article\" \/>\n<meta property=\"og:title\" content=\"La\u00a0producci\u00f3n industrial\u00a0en M\u00e9xico creci\u00f3 3.7 por ciento interanual en los primeros tres trimestres de 2023 -\" \/>\n<meta property=\"og:description\" content=\"Por Redacci\u00f3n QP El dato es resultado del alza interanual, con base en cifras originales,...\" \/>\n<meta property=\"og:url\" content=\"https:\/\/quehacerpolitico.mx\/?p=106324\" \/>\n<meta property=\"article:published_time\" content=\"2023-11-10T18:19:48+00:00\" \/>\n<meta property=\"article:modified_time\" content=\"2023-11-10T18:19:51+00:00\" \/>\n<meta property=\"og:image\" content=\"https:\/\/quehacerpolitico.mx\/wp-content\/uploads\/2023\/11\/IMG_1959.jpeg\" \/>\n\t<meta property=\"og:image:width\" content=\"738\" \/>\n\t<meta property=\"og:image:height\" content=\"415\" \/>\n\t<meta property=\"og:image:type\" content=\"image\/jpeg\" \/>\n<meta name=\"author\" content=\"Redacci\u00f3n QP\" \/>\n<meta name=\"twitter:card\" content=\"summary_large_image\" \/>\n<meta name=\"twitter:label1\" content=\"Escrito por\" \/>\n\t<meta name=\"twitter:data1\" content=\"Redacci\u00f3n QP\" \/>\n\t<meta name=\"twitter:label2\" content=\"Tiempo de lectura\" \/>\n\t<meta name=\"twitter:data2\" content=\"2 minutos\" \/>\n<script type=\"application\/ld+json\" class=\"yoast-schema-graph\">{\"@context\":\"https:\\\/\\\/schema.org\",\"@graph\":[{\"@type\":\"Article\",\"@id\":\"https:\\\/\\\/quehacerpolitico.mx\\\/?p=106324#article\",\"isPartOf\":{\"@id\":\"https:\\\/\\\/quehacerpolitico.mx\\\/?p=106324\"},\"author\":{\"name\":\"Redacci\u00f3n QP\",\"@id\":\"https:\\\/\\\/quehacerpolitico.mx\\\/#\\\/schema\\\/person\\\/496d8ad2d1d3f8036101dca7ee39e585\"},\"headline\":\"La\u00a0producci\u00f3n industrial\u00a0en M\u00e9xico creci\u00f3 3.7 por ciento interanual en los primeros tres trimestres de 2023\",\"datePublished\":\"2023-11-10T18:19:48+00:00\",\"dateModified\":\"2023-11-10T18:19:51+00:00\",\"mainEntityOfPage\":{\"@id\":\"https:\\\/\\\/quehacerpolitico.mx\\\/?p=106324\"},\"wordCount\":481,\"commentCount\":0,\"image\":{\"@id\":\"https:\\\/\\\/quehacerpolitico.mx\\\/?p=106324#primaryimage\"},\"thumbnailUrl\":\"https:\\\/\\\/quehacerpolitico.mx\\\/wp-content\\\/uploads\\\/2023\\\/11\\\/IMG_1959.jpeg\",\"articleSection\":[\"Econom\u00eda\"],\"inLanguage\":\"es\",\"potentialAction\":[{\"@type\":\"CommentAction\",\"name\":\"Comment\",\"target\":[\"https:\\\/\\\/quehacerpolitico.mx\\\/?p=106324#respond\"]}]},{\"@type\":\"WebPage\",\"@id\":\"https:\\\/\\\/quehacerpolitico.mx\\\/?p=106324\",\"url\":\"https:\\\/\\\/quehacerpolitico.mx\\\/?p=106324\",\"name\":\"La\u00a0producci\u00f3n industrial\u00a0en M\u00e9xico creci\u00f3 3.7 por ciento interanual en los primeros tres trimestres de 2023 -\",\"isPartOf\":{\"@id\":\"https:\\\/\\\/quehacerpolitico.mx\\\/#website\"},\"primaryImageOfPage\":{\"@id\":\"https:\\\/\\\/quehacerpolitico.mx\\\/?p=106324#primaryimage\"},\"image\":{\"@id\":\"https:\\\/\\\/quehacerpolitico.mx\\\/?p=106324#primaryimage\"},\"thumbnailUrl\":\"https:\\\/\\\/quehacerpolitico.mx\\\/wp-content\\\/uploads\\\/2023\\\/11\\\/IMG_1959.jpeg\",\"datePublished\":\"2023-11-10T18:19:48+00:00\",\"dateModified\":\"2023-11-10T18:19:51+00:00\",\"author\":{\"@id\":\"https:\\\/\\\/quehacerpolitico.mx\\\/#\\\/schema\\\/person\\\/496d8ad2d1d3f8036101dca7ee39e585\"},\"breadcrumb\":{\"@id\":\"https:\\\/\\\/quehacerpolitico.mx\\\/?p=106324#breadcrumb\"},\"inLanguage\":\"es\",\"potentialAction\":[{\"@type\":\"ReadAction\",\"target\":[\"https:\\\/\\\/quehacerpolitico.mx\\\/?p=106324\"]}]},{\"@type\":\"ImageObject\",\"inLanguage\":\"es\",\"@id\":\"https:\\\/\\\/quehacerpolitico.mx\\\/?p=106324#primaryimage\",\"url\":\"https:\\\/\\\/quehacerpolitico.mx\\\/wp-content\\\/uploads\\\/2023\\\/11\\\/IMG_1959.jpeg\",\"contentUrl\":\"https:\\\/\\\/quehacerpolitico.mx\\\/wp-content\\\/uploads\\\/2023\\\/11\\\/IMG_1959.jpeg\",\"width\":738,\"height\":415},{\"@type\":\"BreadcrumbList\",\"@id\":\"https:\\\/\\\/quehacerpolitico.mx\\\/?p=106324#breadcrumb\",\"itemListElement\":[{\"@type\":\"ListItem\",\"position\":1,\"name\":\"Inicio\",\"item\":\"https:\\\/\\\/quehacerpolitico.mx\\\/\"},{\"@type\":\"ListItem\",\"position\":2,\"name\":\"La\u00a0producci\u00f3n industrial\u00a0en M\u00e9xico creci\u00f3 3.7 por ciento interanual en los primeros tres trimestres de 2023\"}]},{\"@type\":\"WebSite\",\"@id\":\"https:\\\/\\\/quehacerpolitico.mx\\\/#website\",\"url\":\"https:\\\/\\\/quehacerpolitico.mx\\\/\",\"name\":\"\",\"description\":\"\",\"potentialAction\":[{\"@type\":\"SearchAction\",\"target\":{\"@type\":\"EntryPoint\",\"urlTemplate\":\"https:\\\/\\\/quehacerpolitico.mx\\\/?s={search_term_string}\"},\"query-input\":{\"@type\":\"PropertyValueSpecification\",\"valueRequired\":true,\"valueName\":\"search_term_string\"}}],\"inLanguage\":\"es\"},{\"@type\":\"Person\",\"@id\":\"https:\\\/\\\/quehacerpolitico.mx\\\/#\\\/schema\\\/person\\\/496d8ad2d1d3f8036101dca7ee39e585\",\"name\":\"Redacci\u00f3n QP\",\"image\":{\"@type\":\"ImageObject\",\"inLanguage\":\"es\",\"@id\":\"https:\\\/\\\/secure.gravatar.com\\\/avatar\\\/c7164ed6fdec453195284ad24a5ae5b6e1eed2b848477fa2a4787ba9adf39a41?s=96&d=mm&r=g\",\"url\":\"https:\\\/\\\/secure.gravatar.com\\\/avatar\\\/c7164ed6fdec453195284ad24a5ae5b6e1eed2b848477fa2a4787ba9adf39a41?s=96&d=mm&r=g\",\"contentUrl\":\"https:\\\/\\\/secure.gravatar.com\\\/avatar\\\/c7164ed6fdec453195284ad24a5ae5b6e1eed2b848477fa2a4787ba9adf39a41?s=96&d=mm&r=g\",\"caption\":\"Redacci\u00f3n QP\"},\"url\":\"https:\\\/\\\/quehacerpolitico.mx\\\/?author=2\"}]}<\/script>\n<!-- \/ Yoast SEO plugin. -->","yoast_head_json":{"title":"La\u00a0producci\u00f3n industrial\u00a0en M\u00e9xico creci\u00f3 3.7 por ciento interanual en los primeros tres trimestres de 2023 -","robots":{"index":"index","follow":"follow","max-snippet":"max-snippet:-1","max-image-preview":"max-image-preview:large","max-video-preview":"max-video-preview:-1"},"canonical":"https:\/\/quehacerpolitico.mx\/?p=106324","og_locale":"es_MX","og_type":"article","og_title":"La\u00a0producci\u00f3n industrial\u00a0en M\u00e9xico creci\u00f3 3.7 por ciento interanual en los primeros tres trimestres de 2023 -","og_description":"Por Redacci\u00f3n QP El dato es resultado del alza interanual, con base en cifras originales,...","og_url":"https:\/\/quehacerpolitico.mx\/?p=106324","article_published_time":"2023-11-10T18:19:48+00:00","article_modified_time":"2023-11-10T18:19:51+00:00","og_image":[{"width":738,"height":415,"url":"https:\/\/quehacerpolitico.mx\/wp-content\/uploads\/2023\/11\/IMG_1959.jpeg","type":"image\/jpeg"}],"author":"Redacci\u00f3n QP","twitter_card":"summary_large_image","twitter_misc":{"Escrito por":"Redacci\u00f3n QP","Tiempo de lectura":"2 minutos"},"schema":{"@context":"https:\/\/schema.org","@graph":[{"@type":"Article","@id":"https:\/\/quehacerpolitico.mx\/?p=106324#article","isPartOf":{"@id":"https:\/\/quehacerpolitico.mx\/?p=106324"},"author":{"name":"Redacci\u00f3n QP","@id":"https:\/\/quehacerpolitico.mx\/#\/schema\/person\/496d8ad2d1d3f8036101dca7ee39e585"},"headline":"La\u00a0producci\u00f3n industrial\u00a0en M\u00e9xico creci\u00f3 3.7 por ciento interanual en los primeros tres trimestres de 2023","datePublished":"2023-11-10T18:19:48+00:00","dateModified":"2023-11-10T18:19:51+00:00","mainEntityOfPage":{"@id":"https:\/\/quehacerpolitico.mx\/?p=106324"},"wordCount":481,"commentCount":0,"image":{"@id":"https:\/\/quehacerpolitico.mx\/?p=106324#primaryimage"},"thumbnailUrl":"https:\/\/quehacerpolitico.mx\/wp-content\/uploads\/2023\/11\/IMG_1959.jpeg","articleSection":["Econom\u00eda"],"inLanguage":"es","potentialAction":[{"@type":"CommentAction","name":"Comment","target":["https:\/\/quehacerpolitico.mx\/?p=106324#respond"]}]},{"@type":"WebPage","@id":"https:\/\/quehacerpolitico.mx\/?p=106324","url":"https:\/\/quehacerpolitico.mx\/?p=106324","name":"La\u00a0producci\u00f3n industrial\u00a0en M\u00e9xico creci\u00f3 3.7 por ciento interanual en los primeros tres trimestres de 2023 -","isPartOf":{"@id":"https:\/\/quehacerpolitico.mx\/#website"},"primaryImageOfPage":{"@id":"https:\/\/quehacerpolitico.mx\/?p=106324#primaryimage"},"image":{"@id":"https:\/\/quehacerpolitico.mx\/?p=106324#primaryimage"},"thumbnailUrl":"https:\/\/quehacerpolitico.mx\/wp-content\/uploads\/2023\/11\/IMG_1959.jpeg","datePublished":"2023-11-10T18:19:48+00:00","dateModified":"2023-11-10T18:19:51+00:00","author":{"@id":"https:\/\/quehacerpolitico.mx\/#\/schema\/person\/496d8ad2d1d3f8036101dca7ee39e585"},"breadcrumb":{"@id":"https:\/\/quehacerpolitico.mx\/?p=106324#breadcrumb"},"inLanguage":"es","potentialAction":[{"@type":"ReadAction","target":["https:\/\/quehacerpolitico.mx\/?p=106324"]}]},{"@type":"ImageObject","inLanguage":"es","@id":"https:\/\/quehacerpolitico.mx\/?p=106324#primaryimage","url":"https:\/\/quehacerpolitico.mx\/wp-content\/uploads\/2023\/11\/IMG_1959.jpeg","contentUrl":"https:\/\/quehacerpolitico.mx\/wp-content\/uploads\/2023\/11\/IMG_1959.jpeg","width":738,"height":415},{"@type":"BreadcrumbList","@id":"https:\/\/quehacerpolitico.mx\/?p=106324#breadcrumb","itemListElement":[{"@type":"ListItem","position":1,"name":"Inicio","item":"https:\/\/quehacerpolitico.mx\/"},{"@type":"ListItem","position":2,"name":"La\u00a0producci\u00f3n industrial\u00a0en M\u00e9xico creci\u00f3 3.7 por ciento interanual en los primeros tres trimestres de 2023"}]},{"@type":"WebSite","@id":"https:\/\/quehacerpolitico.mx\/#website","url":"https:\/\/quehacerpolitico.mx\/","name":"","description":"","potentialAction":[{"@type":"SearchAction","target":{"@type":"EntryPoint","urlTemplate":"https:\/\/quehacerpolitico.mx\/?s={search_term_string}"},"query-input":{"@type":"PropertyValueSpecification","valueRequired":true,"valueName":"search_term_string"}}],"inLanguage":"es"},{"@type":"Person","@id":"https:\/\/quehacerpolitico.mx\/#\/schema\/person\/496d8ad2d1d3f8036101dca7ee39e585","name":"Redacci\u00f3n QP","image":{"@type":"ImageObject","inLanguage":"es","@id":"https:\/\/secure.gravatar.com\/avatar\/c7164ed6fdec453195284ad24a5ae5b6e1eed2b848477fa2a4787ba9adf39a41?s=96&d=mm&r=g","url":"https:\/\/secure.gravatar.com\/avatar\/c7164ed6fdec453195284ad24a5ae5b6e1eed2b848477fa2a4787ba9adf39a41?s=96&d=mm&r=g","contentUrl":"https:\/\/secure.gravatar.com\/avatar\/c7164ed6fdec453195284ad24a5ae5b6e1eed2b848477fa2a4787ba9adf39a41?s=96&d=mm&r=g","caption":"Redacci\u00f3n QP"},"url":"https:\/\/quehacerpolitico.mx\/?author=2"}]}},"featured_image_urls":{"full":["https:\/\/quehacerpolitico.mx\/wp-content\/uploads\/2023\/11\/IMG_1959.jpeg",738,415,false],"thumbnail":["https:\/\/quehacerpolitico.mx\/wp-content\/uploads\/2023\/11\/IMG_1959-150x150.jpeg",150,150,true],"medium":["https:\/\/quehacerpolitico.mx\/wp-content\/uploads\/2023\/11\/IMG_1959-300x169.jpeg",300,169,true],"medium_large":["https:\/\/quehacerpolitico.mx\/wp-content\/uploads\/2023\/11\/IMG_1959.jpeg",640,360,false],"large":["https:\/\/quehacerpolitico.mx\/wp-content\/uploads\/2023\/11\/IMG_1959.jpeg",640,360,false],"1536x1536":["https:\/\/quehacerpolitico.mx\/wp-content\/uploads\/2023\/11\/IMG_1959.jpeg",738,415,false],"2048x2048":["https:\/\/quehacerpolitico.mx\/wp-content\/uploads\/2023\/11\/IMG_1959.jpeg",738,415,false],"covernews-featured":["https:\/\/quehacerpolitico.mx\/wp-content\/uploads\/2023\/11\/IMG_1959.jpeg",738,415,false],"covernews-medium":["https:\/\/quehacerpolitico.mx\/wp-content\/uploads\/2023\/11\/IMG_1959.jpeg",540,304,false]},"author_info":{"display_name":"Redacci\u00f3n QP","author_link":"https:\/\/quehacerpolitico.mx\/?author=2"},"category_info":"<a href=\"https:\/\/quehacerpolitico.mx\/?cat=56\" rel=\"category\">Econom\u00eda<\/a>","tag_info":"Econom\u00eda","comment_count":"0","_links":{"self":[{"href":"https:\/\/quehacerpolitico.mx\/index.php?rest_route=\/wp\/v2\/posts\/106324","targetHints":{"allow":["GET"]}}],"collection":[{"href":"https:\/\/quehacerpolitico.mx\/index.php?rest_route=\/wp\/v2\/posts"}],"about":[{"href":"https:\/\/quehacerpolitico.mx\/index.php?rest_route=\/wp\/v2\/types\/post"}],"author":[{"embeddable":true,"href":"https:\/\/quehacerpolitico.mx\/index.php?rest_route=\/wp\/v2\/users\/2"}],"replies":[{"embeddable":true,"href":"https:\/\/quehacerpolitico.mx\/index.php?rest_route=%2Fwp%2Fv2%2Fcomments&post=106324"}],"version-history":[{"count":1,"href":"https:\/\/quehacerpolitico.mx\/index.php?rest_route=\/wp\/v2\/posts\/106324\/revisions"}],"predecessor-version":[{"id":106326,"href":"https:\/\/quehacerpolitico.mx\/index.php?rest_route=\/wp\/v2\/posts\/106324\/revisions\/106326"}],"wp:featuredmedia":[{"embeddable":true,"href":"https:\/\/quehacerpolitico.mx\/index.php?rest_route=\/wp\/v2\/media\/106325"}],"wp:attachment":[{"href":"https:\/\/quehacerpolitico.mx\/index.php?rest_route=%2Fwp%2Fv2%2Fmedia&parent=106324"}],"wp:term":[{"taxonomy":"category","embeddable":true,"href":"https:\/\/quehacerpolitico.mx\/index.php?rest_route=%2Fwp%2Fv2%2Fcategories&post=106324"},{"taxonomy":"post_tag","embeddable":true,"href":"https:\/\/quehacerpolitico.mx\/index.php?rest_route=%2Fwp%2Fv2%2Ftags&post=106324"}],"curies":[{"name":"wp","href":"https:\/\/api.w.org\/{rel}","templated":true}]}}