{"id":106292,"date":"2023-11-09T18:39:47","date_gmt":"2023-11-09T18:39:47","guid":{"rendered":"https:\/\/quehacerpolitico.mx\/?p=106292"},"modified":"2023-11-09T18:39:49","modified_gmt":"2023-11-09T18:39:49","slug":"lucia-meza-guzman-senadora-por-morelos-renuncio-a-morena-y-anuncio-esta-manana-que-sera-la-abanderada-del-frente-amplio-por-mexico-a-la-gubernatura-del-estado-de-morelos","status":"publish","type":"post","link":"https:\/\/quehacerpolitico.mx\/?p=106292","title":{"rendered":"Luc\u00eda Meza Guzm\u00e1n, senadora por\u00a0Morelos, renunci\u00f3 a Morena y anunci\u00f3 esta ma\u00f1ana que ser\u00e1 la abanderada del Frente Amplio por M\u00e9xico a la gubernatura del estado de Morelos"},"content":{"rendered":"\n<p>Por Redacci\u00f3n QP<\/p>\n\n\n\n<p>Luc\u00eda Meza Guzm\u00e1n, senadora por\u00a0<strong>Morelos<\/strong>, anunci\u00f3 esta ma\u00f1ana que ser\u00e1 la abanderada del Frente Amplio por M\u00e9xico a la gubernatura del estado de Morelos luego de que renunci\u00f3 anoche como militante de\u00a0<strong>Morena<\/strong> porque asegur\u00f3 que ese partido pol\u00edtico vulner\u00f3 sus derechos pol\u00edtico-electorales.<\/p>\n\n\n\n<p><strong>Meza<\/strong>\u00a0public\u00f3 esta ma\u00f1ana una foto junto a los dirigentes nacionales de los tres partidos que conforman el\u00a0<strong>Frente Amplio por M\u00e9xico<\/strong>, Alejandro Moreno (PRI), Jes\u00fas Zambrano (PRD) y Marko Cort\u00e9s (PAN).<\/p>\n\n\n\n<p>\u201cAgradezco la apertura de los dirigentes del&nbsp;<strong>Frente Amplio por M\u00e9xico<\/strong>, para impulsar un proyecto para que, junto con los partidos locales, las y los morelenses, rescatemos a nuestro querido estado. Porque, en Morelos, el pueblo manda\u201d, escribi\u00f3.<\/p>\n\n\n\n<p>En un comunicado, los dirigentes del frente opositor afirmaron que con la senadora tienen a \u201cuna mujer morelense que se suma a la reconstrucci\u00f3n de&nbsp;<strong>M\u00e9xico<\/strong>&nbsp;y a un cambio profundo para&nbsp;<strong>Morelos<\/strong>\u201c.<\/p>\n\n\n\n<p>Horas antes de la reuni\u00f3n con los dirigentes,&nbsp;<strong>Luc\u00eda Meza Guzm\u00e1n<\/strong>&nbsp;public\u00f3 una estrofa del himno estatal conocido como \u201cLa Marcha Morelense\u201d acompa\u00f1ada de una imagen suya con el lema: \u201ccon la FRENTE en alto. Por la dignidad de Morelos\u201d.<\/p>\n\n\n\n<p>La estrofa de \u201cLa Marcha Morelense\u201d que cita la senadora es: \u201cUnidos como hermanos los hijos de&nbsp;<strong>Morelos<\/strong>, amemos nuestro estado con todo el coraz\u00f3n. Hagamos que sea grande y siempre respetada, la parte m\u00e1s hermosa de nuestra gran Naci\u00f3n\u201d<a href=\"https:\/\/x.com\/LucyMezaGzm\/status\/1722640709671428400?s=20\">.<\/a><\/p>\n\n\n\n<p>Despu\u00e9s public\u00f3 en sus redes la imagen junto a los l\u00edderes nacionales de la coalici\u00f3n PAN-PRI-PRD.<\/p>\n\n\n\n<p>Anoche, en un documento dirigido al presidente nacional de Morena,\u00a0<strong>Mario Delgado<\/strong>\u00a0Carrillo, la ahora senadora independiente advirti\u00f3 que\u00a0<strong>Morelos<\/strong>\u00a0\u201cvive una emergencia de seguridad y corrupci\u00f3n\u201d y en referencia a Cuauht\u00e9moc Blanco, asegur\u00f3 que lamenta que\u00a0<strong>Morena<\/strong>\u00a0no ponga atenci\u00f3n a una entidad que es gobernada \u201cpor un bandido\u201d que \u201cquiere mantenerse en el poder\u201d.<\/p>\n\n\n\n<figure class=\"wp-block-image size-large\"><img loading=\"lazy\" decoding=\"async\" width=\"724\" height=\"1024\" src=\"https:\/\/quehacerpolitico.mx\/wp-content\/uploads\/2023\/11\/image-31-724x1024.jpeg\" alt=\"\" class=\"wp-image-106293\" srcset=\"https:\/\/quehacerpolitico.mx\/wp-content\/uploads\/2023\/11\/image-31-724x1024.jpeg 724w, https:\/\/quehacerpolitico.mx\/wp-content\/uploads\/2023\/11\/image-31-212x300.jpeg 212w, https:\/\/quehacerpolitico.mx\/wp-content\/uploads\/2023\/11\/image-31-768x1086.jpeg 768w, https:\/\/quehacerpolitico.mx\/wp-content\/uploads\/2023\/11\/image-31-1087x1536.jpeg 1087w, https:\/\/quehacerpolitico.mx\/wp-content\/uploads\/2023\/11\/image-31-103x146.jpeg 103w, https:\/\/quehacerpolitico.mx\/wp-content\/uploads\/2023\/11\/image-31-35x50.jpeg 35w, https:\/\/quehacerpolitico.mx\/wp-content\/uploads\/2023\/11\/image-31-53x75.jpeg 53w, https:\/\/quehacerpolitico.mx\/wp-content\/uploads\/2023\/11\/image-31.jpeg 1284w\" sizes=\"auto, (max-width: 724px) 100vw, 724px\" \/><\/figure>\n\n\n\n<p>\u201cEs por ello que hoy vengo a presentar mi renuncia a&nbsp;<strong>Morena<\/strong>\u201d, dice la senadora. En tanto, concluye su misiva se\u00f1alando que \u201cen Morelos el pueblo manda\u201d, y asegur\u00f3 que consult\u00f3 a m\u00e1s de 100 mil&nbsp;<strong>morelenses<\/strong>&nbsp;respecto a su futuro pol\u00edtico, y \u201cuna aplastante mayor\u00eda decidi\u00f3 acompa\u00f1arme en la lucha por la recuperaci\u00f3n de la dignidad\u201d de ese estado.<\/p>\n\n\n\n<p>La renuncia fue entregada a las oficinas de\u00a0<strong>Morena<\/strong>\u00a0la noche del mi\u00e9rcoles a las 8:23 de la noche y luego se hizo p\u00fablica alrededor de dos horas despu\u00e9s.<\/p>\n","protected":false},"excerpt":{"rendered":"<p>Por Redacci\u00f3n QP Luc\u00eda Meza Guzm\u00e1n, senadora por\u00a0Morelos, anunci\u00f3 esta ma\u00f1ana que ser\u00e1 la abanderada&#8230;<\/p>\n","protected":false},"author":2,"featured_media":106294,"comment_status":"open","ping_status":"open","sticky":false,"template":"","format":"standard","meta":{"_monsterinsights_skip_tracking":false,"_monsterinsights_sitenote_active":false,"_monsterinsights_sitenote_note":"","_monsterinsights_sitenote_category":0,"footnotes":""},"categories":[2],"tags":[],"class_list":["post-106292","post","type-post","status-publish","format-standard","has-post-thumbnail","hentry","category-noticias"],"yoast_head":"<!-- This site is optimized with the Yoast SEO plugin v27.3 - https:\/\/yoast.com\/product\/yoast-seo-wordpress\/ -->\n<title>Luc\u00eda Meza Guzm\u00e1n, senadora por\u00a0Morelos, renunci\u00f3 a Morena y anunci\u00f3 esta ma\u00f1ana que ser\u00e1 la abanderada del Frente Amplio por M\u00e9xico a la gubernatura del estado de Morelos -<\/title>\n<meta name=\"robots\" content=\"index, follow, max-snippet:-1, max-image-preview:large, max-video-preview:-1\" \/>\n<link rel=\"canonical\" href=\"https:\/\/quehacerpolitico.mx\/?p=106292\" \/>\n<meta property=\"og:locale\" content=\"es_MX\" \/>\n<meta property=\"og:type\" content=\"article\" \/>\n<meta property=\"og:title\" content=\"Luc\u00eda Meza Guzm\u00e1n, senadora por\u00a0Morelos, renunci\u00f3 a Morena y anunci\u00f3 esta ma\u00f1ana que ser\u00e1 la abanderada del Frente Amplio por M\u00e9xico a la gubernatura del estado de Morelos -\" \/>\n<meta property=\"og:description\" content=\"Por Redacci\u00f3n QP Luc\u00eda Meza Guzm\u00e1n, senadora por\u00a0Morelos, anunci\u00f3 esta ma\u00f1ana que ser\u00e1 la abanderada...\" \/>\n<meta property=\"og:url\" content=\"https:\/\/quehacerpolitico.mx\/?p=106292\" \/>\n<meta property=\"article:published_time\" content=\"2023-11-09T18:39:47+00:00\" \/>\n<meta property=\"article:modified_time\" content=\"2023-11-09T18:39:49+00:00\" \/>\n<meta property=\"og:image\" content=\"https:\/\/quehacerpolitico.mx\/wp-content\/uploads\/2023\/11\/IMG_1941.jpeg\" \/>\n\t<meta property=\"og:image:width\" content=\"1200\" \/>\n\t<meta property=\"og:image:height\" content=\"620\" \/>\n\t<meta property=\"og:image:type\" content=\"image\/jpeg\" \/>\n<meta name=\"author\" content=\"Redacci\u00f3n QP\" \/>\n<meta name=\"twitter:card\" content=\"summary_large_image\" \/>\n<meta name=\"twitter:label1\" content=\"Escrito por\" \/>\n\t<meta name=\"twitter:data1\" content=\"Redacci\u00f3n QP\" \/>\n\t<meta name=\"twitter:label2\" content=\"Tiempo de lectura\" \/>\n\t<meta name=\"twitter:data2\" content=\"2 minutos\" \/>\n<script type=\"application\/ld+json\" class=\"yoast-schema-graph\">{\"@context\":\"https:\\\/\\\/schema.org\",\"@graph\":[{\"@type\":\"Article\",\"@id\":\"https:\\\/\\\/quehacerpolitico.mx\\\/?p=106292#article\",\"isPartOf\":{\"@id\":\"https:\\\/\\\/quehacerpolitico.mx\\\/?p=106292\"},\"author\":{\"name\":\"Redacci\u00f3n QP\",\"@id\":\"https:\\\/\\\/quehacerpolitico.mx\\\/#\\\/schema\\\/person\\\/496d8ad2d1d3f8036101dca7ee39e585\"},\"headline\":\"Luc\u00eda Meza Guzm\u00e1n, senadora por\u00a0Morelos, renunci\u00f3 a Morena y anunci\u00f3 esta ma\u00f1ana que ser\u00e1 la abanderada del Frente Amplio por M\u00e9xico a la gubernatura del estado de Morelos\",\"datePublished\":\"2023-11-09T18:39:47+00:00\",\"dateModified\":\"2023-11-09T18:39:49+00:00\",\"mainEntityOfPage\":{\"@id\":\"https:\\\/\\\/quehacerpolitico.mx\\\/?p=106292\"},\"wordCount\":468,\"commentCount\":0,\"image\":{\"@id\":\"https:\\\/\\\/quehacerpolitico.mx\\\/?p=106292#primaryimage\"},\"thumbnailUrl\":\"https:\\\/\\\/quehacerpolitico.mx\\\/wp-content\\\/uploads\\\/2023\\\/11\\\/IMG_1941.jpeg\",\"articleSection\":[\"Noticias\"],\"inLanguage\":\"es\",\"potentialAction\":[{\"@type\":\"CommentAction\",\"name\":\"Comment\",\"target\":[\"https:\\\/\\\/quehacerpolitico.mx\\\/?p=106292#respond\"]}]},{\"@type\":\"WebPage\",\"@id\":\"https:\\\/\\\/quehacerpolitico.mx\\\/?p=106292\",\"url\":\"https:\\\/\\\/quehacerpolitico.mx\\\/?p=106292\",\"name\":\"Luc\u00eda Meza Guzm\u00e1n, senadora por\u00a0Morelos, renunci\u00f3 a Morena y anunci\u00f3 esta ma\u00f1ana que ser\u00e1 la abanderada del Frente Amplio por M\u00e9xico a la gubernatura del estado de Morelos -\",\"isPartOf\":{\"@id\":\"https:\\\/\\\/quehacerpolitico.mx\\\/#website\"},\"primaryImageOfPage\":{\"@id\":\"https:\\\/\\\/quehacerpolitico.mx\\\/?p=106292#primaryimage\"},\"image\":{\"@id\":\"https:\\\/\\\/quehacerpolitico.mx\\\/?p=106292#primaryimage\"},\"thumbnailUrl\":\"https:\\\/\\\/quehacerpolitico.mx\\\/wp-content\\\/uploads\\\/2023\\\/11\\\/IMG_1941.jpeg\",\"datePublished\":\"2023-11-09T18:39:47+00:00\",\"dateModified\":\"2023-11-09T18:39:49+00:00\",\"author\":{\"@id\":\"https:\\\/\\\/quehacerpolitico.mx\\\/#\\\/schema\\\/person\\\/496d8ad2d1d3f8036101dca7ee39e585\"},\"breadcrumb\":{\"@id\":\"https:\\\/\\\/quehacerpolitico.mx\\\/?p=106292#breadcrumb\"},\"inLanguage\":\"es\",\"potentialAction\":[{\"@type\":\"ReadAction\",\"target\":[\"https:\\\/\\\/quehacerpolitico.mx\\\/?p=106292\"]}]},{\"@type\":\"ImageObject\",\"inLanguage\":\"es\",\"@id\":\"https:\\\/\\\/quehacerpolitico.mx\\\/?p=106292#primaryimage\",\"url\":\"https:\\\/\\\/quehacerpolitico.mx\\\/wp-content\\\/uploads\\\/2023\\\/11\\\/IMG_1941.jpeg\",\"contentUrl\":\"https:\\\/\\\/quehacerpolitico.mx\\\/wp-content\\\/uploads\\\/2023\\\/11\\\/IMG_1941.jpeg\",\"width\":1200,\"height\":620},{\"@type\":\"BreadcrumbList\",\"@id\":\"https:\\\/\\\/quehacerpolitico.mx\\\/?p=106292#breadcrumb\",\"itemListElement\":[{\"@type\":\"ListItem\",\"position\":1,\"name\":\"Inicio\",\"item\":\"https:\\\/\\\/quehacerpolitico.mx\\\/\"},{\"@type\":\"ListItem\",\"position\":2,\"name\":\"Luc\u00eda Meza Guzm\u00e1n, senadora por\u00a0Morelos, renunci\u00f3 a Morena y anunci\u00f3 esta ma\u00f1ana que ser\u00e1 la abanderada del Frente Amplio por M\u00e9xico a la gubernatura del estado de Morelos\"}]},{\"@type\":\"WebSite\",\"@id\":\"https:\\\/\\\/quehacerpolitico.mx\\\/#website\",\"url\":\"https:\\\/\\\/quehacerpolitico.mx\\\/\",\"name\":\"\",\"description\":\"\",\"potentialAction\":[{\"@type\":\"SearchAction\",\"target\":{\"@type\":\"EntryPoint\",\"urlTemplate\":\"https:\\\/\\\/quehacerpolitico.mx\\\/?s={search_term_string}\"},\"query-input\":{\"@type\":\"PropertyValueSpecification\",\"valueRequired\":true,\"valueName\":\"search_term_string\"}}],\"inLanguage\":\"es\"},{\"@type\":\"Person\",\"@id\":\"https:\\\/\\\/quehacerpolitico.mx\\\/#\\\/schema\\\/person\\\/496d8ad2d1d3f8036101dca7ee39e585\",\"name\":\"Redacci\u00f3n QP\",\"image\":{\"@type\":\"ImageObject\",\"inLanguage\":\"es\",\"@id\":\"https:\\\/\\\/secure.gravatar.com\\\/avatar\\\/c7164ed6fdec453195284ad24a5ae5b6e1eed2b848477fa2a4787ba9adf39a41?s=96&d=mm&r=g\",\"url\":\"https:\\\/\\\/secure.gravatar.com\\\/avatar\\\/c7164ed6fdec453195284ad24a5ae5b6e1eed2b848477fa2a4787ba9adf39a41?s=96&d=mm&r=g\",\"contentUrl\":\"https:\\\/\\\/secure.gravatar.com\\\/avatar\\\/c7164ed6fdec453195284ad24a5ae5b6e1eed2b848477fa2a4787ba9adf39a41?s=96&d=mm&r=g\",\"caption\":\"Redacci\u00f3n QP\"},\"url\":\"https:\\\/\\\/quehacerpolitico.mx\\\/?author=2\"}]}<\/script>\n<!-- \/ Yoast SEO plugin. -->","yoast_head_json":{"title":"Luc\u00eda Meza Guzm\u00e1n, senadora por\u00a0Morelos, renunci\u00f3 a Morena y anunci\u00f3 esta ma\u00f1ana que ser\u00e1 la abanderada del Frente Amplio por M\u00e9xico a la gubernatura del estado de Morelos -","robots":{"index":"index","follow":"follow","max-snippet":"max-snippet:-1","max-image-preview":"max-image-preview:large","max-video-preview":"max-video-preview:-1"},"canonical":"https:\/\/quehacerpolitico.mx\/?p=106292","og_locale":"es_MX","og_type":"article","og_title":"Luc\u00eda Meza Guzm\u00e1n, senadora por\u00a0Morelos, renunci\u00f3 a Morena y anunci\u00f3 esta ma\u00f1ana que ser\u00e1 la abanderada del Frente Amplio por M\u00e9xico a la gubernatura del estado de Morelos -","og_description":"Por Redacci\u00f3n QP Luc\u00eda Meza Guzm\u00e1n, senadora por\u00a0Morelos, anunci\u00f3 esta ma\u00f1ana que ser\u00e1 la abanderada...","og_url":"https:\/\/quehacerpolitico.mx\/?p=106292","article_published_time":"2023-11-09T18:39:47+00:00","article_modified_time":"2023-11-09T18:39:49+00:00","og_image":[{"width":1200,"height":620,"url":"https:\/\/quehacerpolitico.mx\/wp-content\/uploads\/2023\/11\/IMG_1941.jpeg","type":"image\/jpeg"}],"author":"Redacci\u00f3n QP","twitter_card":"summary_large_image","twitter_misc":{"Escrito por":"Redacci\u00f3n QP","Tiempo de lectura":"2 minutos"},"schema":{"@context":"https:\/\/schema.org","@graph":[{"@type":"Article","@id":"https:\/\/quehacerpolitico.mx\/?p=106292#article","isPartOf":{"@id":"https:\/\/quehacerpolitico.mx\/?p=106292"},"author":{"name":"Redacci\u00f3n QP","@id":"https:\/\/quehacerpolitico.mx\/#\/schema\/person\/496d8ad2d1d3f8036101dca7ee39e585"},"headline":"Luc\u00eda Meza Guzm\u00e1n, senadora por\u00a0Morelos, renunci\u00f3 a Morena y anunci\u00f3 esta ma\u00f1ana que ser\u00e1 la abanderada del Frente Amplio por M\u00e9xico a la gubernatura del estado de Morelos","datePublished":"2023-11-09T18:39:47+00:00","dateModified":"2023-11-09T18:39:49+00:00","mainEntityOfPage":{"@id":"https:\/\/quehacerpolitico.mx\/?p=106292"},"wordCount":468,"commentCount":0,"image":{"@id":"https:\/\/quehacerpolitico.mx\/?p=106292#primaryimage"},"thumbnailUrl":"https:\/\/quehacerpolitico.mx\/wp-content\/uploads\/2023\/11\/IMG_1941.jpeg","articleSection":["Noticias"],"inLanguage":"es","potentialAction":[{"@type":"CommentAction","name":"Comment","target":["https:\/\/quehacerpolitico.mx\/?p=106292#respond"]}]},{"@type":"WebPage","@id":"https:\/\/quehacerpolitico.mx\/?p=106292","url":"https:\/\/quehacerpolitico.mx\/?p=106292","name":"Luc\u00eda Meza Guzm\u00e1n, senadora por\u00a0Morelos, renunci\u00f3 a Morena y anunci\u00f3 esta ma\u00f1ana que ser\u00e1 la abanderada del Frente Amplio por M\u00e9xico a la gubernatura del estado de Morelos -","isPartOf":{"@id":"https:\/\/quehacerpolitico.mx\/#website"},"primaryImageOfPage":{"@id":"https:\/\/quehacerpolitico.mx\/?p=106292#primaryimage"},"image":{"@id":"https:\/\/quehacerpolitico.mx\/?p=106292#primaryimage"},"thumbnailUrl":"https:\/\/quehacerpolitico.mx\/wp-content\/uploads\/2023\/11\/IMG_1941.jpeg","datePublished":"2023-11-09T18:39:47+00:00","dateModified":"2023-11-09T18:39:49+00:00","author":{"@id":"https:\/\/quehacerpolitico.mx\/#\/schema\/person\/496d8ad2d1d3f8036101dca7ee39e585"},"breadcrumb":{"@id":"https:\/\/quehacerpolitico.mx\/?p=106292#breadcrumb"},"inLanguage":"es","potentialAction":[{"@type":"ReadAction","target":["https:\/\/quehacerpolitico.mx\/?p=106292"]}]},{"@type":"ImageObject","inLanguage":"es","@id":"https:\/\/quehacerpolitico.mx\/?p=106292#primaryimage","url":"https:\/\/quehacerpolitico.mx\/wp-content\/uploads\/2023\/11\/IMG_1941.jpeg","contentUrl":"https:\/\/quehacerpolitico.mx\/wp-content\/uploads\/2023\/11\/IMG_1941.jpeg","width":1200,"height":620},{"@type":"BreadcrumbList","@id":"https:\/\/quehacerpolitico.mx\/?p=106292#breadcrumb","itemListElement":[{"@type":"ListItem","position":1,"name":"Inicio","item":"https:\/\/quehacerpolitico.mx\/"},{"@type":"ListItem","position":2,"name":"Luc\u00eda Meza Guzm\u00e1n, senadora por\u00a0Morelos, renunci\u00f3 a Morena y anunci\u00f3 esta ma\u00f1ana que ser\u00e1 la abanderada del Frente Amplio por M\u00e9xico a la gubernatura del estado de Morelos"}]},{"@type":"WebSite","@id":"https:\/\/quehacerpolitico.mx\/#website","url":"https:\/\/quehacerpolitico.mx\/","name":"","description":"","potentialAction":[{"@type":"SearchAction","target":{"@type":"EntryPoint","urlTemplate":"https:\/\/quehacerpolitico.mx\/?s={search_term_string}"},"query-input":{"@type":"PropertyValueSpecification","valueRequired":true,"valueName":"search_term_string"}}],"inLanguage":"es"},{"@type":"Person","@id":"https:\/\/quehacerpolitico.mx\/#\/schema\/person\/496d8ad2d1d3f8036101dca7ee39e585","name":"Redacci\u00f3n QP","image":{"@type":"ImageObject","inLanguage":"es","@id":"https:\/\/secure.gravatar.com\/avatar\/c7164ed6fdec453195284ad24a5ae5b6e1eed2b848477fa2a4787ba9adf39a41?s=96&d=mm&r=g","url":"https:\/\/secure.gravatar.com\/avatar\/c7164ed6fdec453195284ad24a5ae5b6e1eed2b848477fa2a4787ba9adf39a41?s=96&d=mm&r=g","contentUrl":"https:\/\/secure.gravatar.com\/avatar\/c7164ed6fdec453195284ad24a5ae5b6e1eed2b848477fa2a4787ba9adf39a41?s=96&d=mm&r=g","caption":"Redacci\u00f3n QP"},"url":"https:\/\/quehacerpolitico.mx\/?author=2"}]}},"featured_image_urls":{"full":["https:\/\/quehacerpolitico.mx\/wp-content\/uploads\/2023\/11\/IMG_1941.jpeg",1200,620,false],"thumbnail":["https:\/\/quehacerpolitico.mx\/wp-content\/uploads\/2023\/11\/IMG_1941-150x150.jpeg",150,150,true],"medium":["https:\/\/quehacerpolitico.mx\/wp-content\/uploads\/2023\/11\/IMG_1941-300x155.jpeg",300,155,true],"medium_large":["https:\/\/quehacerpolitico.mx\/wp-content\/uploads\/2023\/11\/IMG_1941-768x397.jpeg",640,331,true],"large":["https:\/\/quehacerpolitico.mx\/wp-content\/uploads\/2023\/11\/IMG_1941-1024x529.jpeg",640,331,true],"1536x1536":["https:\/\/quehacerpolitico.mx\/wp-content\/uploads\/2023\/11\/IMG_1941.jpeg",1200,620,false],"2048x2048":["https:\/\/quehacerpolitico.mx\/wp-content\/uploads\/2023\/11\/IMG_1941.jpeg",1200,620,false],"covernews-featured":["https:\/\/quehacerpolitico.mx\/wp-content\/uploads\/2023\/11\/IMG_1941.jpeg",1024,529,false],"covernews-medium":["https:\/\/quehacerpolitico.mx\/wp-content\/uploads\/2023\/11\/IMG_1941.jpeg",540,279,false]},"author_info":{"display_name":"Redacci\u00f3n QP","author_link":"https:\/\/quehacerpolitico.mx\/?author=2"},"category_info":"<a href=\"https:\/\/quehacerpolitico.mx\/?cat=2\" rel=\"category\">Noticias<\/a>","tag_info":"Noticias","comment_count":"0","_links":{"self":[{"href":"https:\/\/quehacerpolitico.mx\/index.php?rest_route=\/wp\/v2\/posts\/106292","targetHints":{"allow":["GET"]}}],"collection":[{"href":"https:\/\/quehacerpolitico.mx\/index.php?rest_route=\/wp\/v2\/posts"}],"about":[{"href":"https:\/\/quehacerpolitico.mx\/index.php?rest_route=\/wp\/v2\/types\/post"}],"author":[{"embeddable":true,"href":"https:\/\/quehacerpolitico.mx\/index.php?rest_route=\/wp\/v2\/users\/2"}],"replies":[{"embeddable":true,"href":"https:\/\/quehacerpolitico.mx\/index.php?rest_route=%2Fwp%2Fv2%2Fcomments&post=106292"}],"version-history":[{"count":1,"href":"https:\/\/quehacerpolitico.mx\/index.php?rest_route=\/wp\/v2\/posts\/106292\/revisions"}],"predecessor-version":[{"id":106295,"href":"https:\/\/quehacerpolitico.mx\/index.php?rest_route=\/wp\/v2\/posts\/106292\/revisions\/106295"}],"wp:featuredmedia":[{"embeddable":true,"href":"https:\/\/quehacerpolitico.mx\/index.php?rest_route=\/wp\/v2\/media\/106294"}],"wp:attachment":[{"href":"https:\/\/quehacerpolitico.mx\/index.php?rest_route=%2Fwp%2Fv2%2Fmedia&parent=106292"}],"wp:term":[{"taxonomy":"category","embeddable":true,"href":"https:\/\/quehacerpolitico.mx\/index.php?rest_route=%2Fwp%2Fv2%2Fcategories&post=106292"},{"taxonomy":"post_tag","embeddable":true,"href":"https:\/\/quehacerpolitico.mx\/index.php?rest_route=%2Fwp%2Fv2%2Ftags&post=106292"}],"curies":[{"name":"wp","href":"https:\/\/api.w.org\/{rel}","templated":true}]}}