{"id":106285,"date":"2023-11-09T18:10:11","date_gmt":"2023-11-09T18:10:11","guid":{"rendered":"https:\/\/quehacerpolitico.mx\/?p=106285"},"modified":"2023-11-09T18:10:15","modified_gmt":"2023-11-09T18:10:15","slug":"tengo-un-compromiso-con-omar-amlo-luego-de-proponer-a-omar-fayad-exgobernador-de-hidalgo-como-embajador-de-noruega","status":"publish","type":"post","link":"https:\/\/quehacerpolitico.mx\/?p=106285","title":{"rendered":"\u201cTengo un compromiso con Omar\u201d AMLO luego de proponer a Omar Fayad, exgobernador de Hidalgo, como embajador de Noruega"},"content":{"rendered":"\n<p>Por Redacci\u00f3n QP<\/p>\n\n\n\n<p>L\u00f3pez Obrador reconoci\u00f3 el \u201chumanismo\u201d del exgobernador de Hidalgo, Omar Fayad, en la tragedia de la explosi\u00f3n de Tlahuelilpan<\/p>\n\n\n\n<p><strong>Andres Manuel L\u00f3pez Obrador<\/strong>, presidente de M\u00e9xico, reconoci\u00f3 tener un\u00a0<strong>compromiso<\/strong>\u00a0con el exgobernador de\u00a0<strong>Hidalgo<\/strong>,,\u00a0<strong>Omar Fayad<\/strong>, quien fue\u00a0<strong>propuesto<\/strong>\u00a0por el Gobierno de la 4T como\u00a0embajador en Noruega.<\/p>\n\n\n\n<p>En la conferencia matutina de Palacio Nacional, L\u00f3pez Obrador afirm\u00f3 que el \u201c<strong>humanismo<\/strong>\u201d del exgobernador de Hidalgo durante la tragedia de\u00a0<strong>Tlahuelilpan<\/strong>, donde en enero de 2019 ocurri\u00f3 una explosi\u00f3n de una\u00a0<strong>toma clandestina<\/strong>\u00a0que dej\u00f3 como saldo\u00a0<strong>137\u00a0 muertos<\/strong>, le hace hoy reconocerlo con una representaci\u00f3n diplom\u00e1tica.<\/p>\n\n\n\n<figure class=\"wp-block-embed is-type-video is-provider-youtube wp-block-embed-youtube wp-embed-aspect-16-9 wp-has-aspect-ratio\"><div class=\"wp-block-embed__wrapper\">\n<iframe loading=\"lazy\" title=\"AMLO confirma a Omar Fayad como embajador de M\u00e9xico en Noruega\" width=\"640\" height=\"360\" src=\"https:\/\/www.youtube.com\/embed\/hlkaGrynxZY?feature=oembed\" frameborder=\"0\" allow=\"accelerometer; autoplay; clipboard-write; encrypted-media; gyroscope; picture-in-picture; web-share\" referrerpolicy=\"strict-origin-when-cross-origin\" allowfullscreen><\/iframe>\n<\/div><\/figure>\n\n\n\n<p>Muy bien lo de Omar. \u00bfpor qu\u00e9 lo propuse? Tengo con Omar un compromiso\u201d, indic\u00f3 en el Sal\u00f3n Tesorer\u00eda.<\/p>\n\n\n\n<p>\u201cMiren, si me dicen despu\u00e9s de la pandemia, cu\u00e1l es el momento m\u00e1s dif\u00edcil que he enfrentado, es lo de Tlahuelilpan Hidalgo, cuando con lo del huachicol una tragedia terrible, que me doli\u00f3 much\u00edsimo (\u2026) Llegu\u00e9 y ya estaba ah\u00ed Omar, y no se despeg\u00f3, no se despeg\u00f3\u201d, declar\u00f3.<\/p>\n\n\n\n<p>\u201cA mi me impacta mucho eso, por la cuesti\u00f3n humana, independientemente de cualquier cosa, eso nunca voy a dejar de agradecer. Cada quien tiene su manera de sentir, qui\u00e9n sirve, qui\u00e9n no sirve, respeto eso, pero para mi esos momentos de humanismo son fundamentales\u201d, explic\u00f3.<\/p>\n\n\n\n<p>A pregunta expresa de si el que\u00a0<em>s<\/em>e porta bien se gana su Embajada , L\u00f3pez Obrador declar\u00f3 que \u201cclaro, el que tiene un acto de dignidad, merecer ser reconocido, no es de buenos o malos\u201d.<\/p>\n\n\n\n<p>\u00bfPor qu\u00e9 no?, \u00bfcu\u00e1l es el problema? Hasta ahora ninguno del\u00a0<strong>Servicio Exterior<\/strong>\u00a0ha traicionado o ha hablado mal de M\u00e9xico. Nunca han estado en contra de M\u00e9xico y del\u00a0<strong>Gobierno de M\u00e9xico<\/strong>, sino que hay quienes han hecho una labor excepcional\u201d, subray\u00f3.<\/p>\n\n\n\n<p><strong>Omar Fayad<\/strong>, exgobernador de&nbsp;<strong>Hidalgo<\/strong>&nbsp;que renunci\u00f3 al Partido Revolucionario Institucional (<strong>PRI)<\/strong>, fue propuesto el mi\u00e9rcoles por la Canciller\u00eda como embajador de M\u00e9xico en&nbsp;<strong>Noruega<\/strong>.<\/p>\n\n\n\n<p>Por medio de una carta,&nbsp;<strong>Publio Rivera Rivas<\/strong>, director general de Coordinaci\u00f3n Pol\u00edtica de la Secretar\u00eda de Relaciones Exteriores (SRE), solicit\u00f3 a titular de la Unidad de Enlace de la Secretar\u00eda de Gobernaci\u00f3n, Esteban Mart\u00ednez, que entregue a la Mesa Directiva del Senado de la Rep\u00fablica el nombramiento diplom\u00e1tico de Fayad Meneses.<\/p>\n\n\n\n<p>Este nombramiento se da casi cinco meses despu\u00e9s de la\u00a0renuncia del exgobernador de Hidalgo al\u00a0<strong>Partido Revolucionario Institucional<\/strong>\u00a0(PRI), instituci\u00f3n en la que milit\u00f3 por 40 a\u00f1os.<\/p>\n\n\n\n<p>La tragedia de Tlahuelilpan, Hidalgo, se registr\u00f3 19 de enero de 2019, con la expulsi\u00f3n descontrolada de gasolina en el kil\u00f3metro 226 del oleoducto que corre del puerto veracruzano de Tuxpan a la ciudad de Tula.<\/p>\n\n\n\n<p>La acumulaci\u00f3n del hidrocarburo en la superficie y su saturaci\u00f3n en el ambiente ocasion\u00f3 una fuerte explosi\u00f3n que dej\u00f3 un saldo de 137 decesos: 69 personas fallecieron en el lugar y de los 81 hospitalizados por quemaduras, murieron 68; solo 13 fueron dados de alta con lesiones.<\/p>\n","protected":false},"excerpt":{"rendered":"<p>Por Redacci\u00f3n QP L\u00f3pez Obrador reconoci\u00f3 el \u201chumanismo\u201d del exgobernador de Hidalgo, Omar Fayad, en&#8230;<\/p>\n","protected":false},"author":2,"featured_media":106286,"comment_status":"open","ping_status":"open","sticky":false,"template":"","format":"standard","meta":{"_monsterinsights_skip_tracking":false,"_monsterinsights_sitenote_active":false,"_monsterinsights_sitenote_note":"","_monsterinsights_sitenote_category":0,"footnotes":""},"categories":[2],"tags":[],"class_list":["post-106285","post","type-post","status-publish","format-standard","has-post-thumbnail","hentry","category-noticias"],"yoast_head":"<!-- This site is optimized with the Yoast SEO plugin v27.3 - https:\/\/yoast.com\/product\/yoast-seo-wordpress\/ -->\n<title>\u201cTengo un compromiso con Omar\u201d AMLO luego de proponer a Omar Fayad, exgobernador de Hidalgo, como embajador de Noruega -<\/title>\n<meta name=\"robots\" content=\"index, follow, max-snippet:-1, max-image-preview:large, max-video-preview:-1\" \/>\n<link rel=\"canonical\" href=\"https:\/\/quehacerpolitico.mx\/?p=106285\" \/>\n<meta property=\"og:locale\" content=\"es_MX\" \/>\n<meta property=\"og:type\" content=\"article\" \/>\n<meta property=\"og:title\" content=\"\u201cTengo un compromiso con Omar\u201d AMLO luego de proponer a Omar Fayad, exgobernador de Hidalgo, como embajador de Noruega -\" \/>\n<meta property=\"og:description\" content=\"Por Redacci\u00f3n QP L\u00f3pez Obrador reconoci\u00f3 el \u201chumanismo\u201d del exgobernador de Hidalgo, Omar Fayad, en...\" \/>\n<meta property=\"og:url\" content=\"https:\/\/quehacerpolitico.mx\/?p=106285\" \/>\n<meta property=\"article:published_time\" content=\"2023-11-09T18:10:11+00:00\" \/>\n<meta property=\"article:modified_time\" content=\"2023-11-09T18:10:15+00:00\" \/>\n<meta property=\"og:image\" content=\"https:\/\/quehacerpolitico.mx\/wp-content\/uploads\/2023\/11\/IMG_1938.jpeg\" \/>\n\t<meta property=\"og:image:width\" content=\"1267\" \/>\n\t<meta property=\"og:image:height\" content=\"703\" \/>\n\t<meta property=\"og:image:type\" content=\"image\/jpeg\" \/>\n<meta name=\"author\" content=\"Redacci\u00f3n QP\" \/>\n<meta name=\"twitter:card\" content=\"summary_large_image\" \/>\n<meta name=\"twitter:label1\" content=\"Escrito por\" \/>\n\t<meta name=\"twitter:data1\" content=\"Redacci\u00f3n QP\" \/>\n\t<meta name=\"twitter:label2\" content=\"Tiempo de lectura\" \/>\n\t<meta name=\"twitter:data2\" content=\"3 minutos\" \/>\n<script type=\"application\/ld+json\" class=\"yoast-schema-graph\">{\"@context\":\"https:\\\/\\\/schema.org\",\"@graph\":[{\"@type\":\"Article\",\"@id\":\"https:\\\/\\\/quehacerpolitico.mx\\\/?p=106285#article\",\"isPartOf\":{\"@id\":\"https:\\\/\\\/quehacerpolitico.mx\\\/?p=106285\"},\"author\":{\"name\":\"Redacci\u00f3n QP\",\"@id\":\"https:\\\/\\\/quehacerpolitico.mx\\\/#\\\/schema\\\/person\\\/496d8ad2d1d3f8036101dca7ee39e585\"},\"headline\":\"\u201cTengo un compromiso con Omar\u201d AMLO luego de proponer a Omar Fayad, exgobernador de Hidalgo, como embajador de Noruega\",\"datePublished\":\"2023-11-09T18:10:11+00:00\",\"dateModified\":\"2023-11-09T18:10:15+00:00\",\"mainEntityOfPage\":{\"@id\":\"https:\\\/\\\/quehacerpolitico.mx\\\/?p=106285\"},\"wordCount\":541,\"commentCount\":0,\"image\":{\"@id\":\"https:\\\/\\\/quehacerpolitico.mx\\\/?p=106285#primaryimage\"},\"thumbnailUrl\":\"https:\\\/\\\/quehacerpolitico.mx\\\/wp-content\\\/uploads\\\/2023\\\/11\\\/IMG_1938.jpeg\",\"articleSection\":[\"Noticias\"],\"inLanguage\":\"es\",\"potentialAction\":[{\"@type\":\"CommentAction\",\"name\":\"Comment\",\"target\":[\"https:\\\/\\\/quehacerpolitico.mx\\\/?p=106285#respond\"]}]},{\"@type\":\"WebPage\",\"@id\":\"https:\\\/\\\/quehacerpolitico.mx\\\/?p=106285\",\"url\":\"https:\\\/\\\/quehacerpolitico.mx\\\/?p=106285\",\"name\":\"\u201cTengo un compromiso con Omar\u201d AMLO luego de proponer a Omar Fayad, exgobernador de Hidalgo, como embajador de Noruega -\",\"isPartOf\":{\"@id\":\"https:\\\/\\\/quehacerpolitico.mx\\\/#website\"},\"primaryImageOfPage\":{\"@id\":\"https:\\\/\\\/quehacerpolitico.mx\\\/?p=106285#primaryimage\"},\"image\":{\"@id\":\"https:\\\/\\\/quehacerpolitico.mx\\\/?p=106285#primaryimage\"},\"thumbnailUrl\":\"https:\\\/\\\/quehacerpolitico.mx\\\/wp-content\\\/uploads\\\/2023\\\/11\\\/IMG_1938.jpeg\",\"datePublished\":\"2023-11-09T18:10:11+00:00\",\"dateModified\":\"2023-11-09T18:10:15+00:00\",\"author\":{\"@id\":\"https:\\\/\\\/quehacerpolitico.mx\\\/#\\\/schema\\\/person\\\/496d8ad2d1d3f8036101dca7ee39e585\"},\"breadcrumb\":{\"@id\":\"https:\\\/\\\/quehacerpolitico.mx\\\/?p=106285#breadcrumb\"},\"inLanguage\":\"es\",\"potentialAction\":[{\"@type\":\"ReadAction\",\"target\":[\"https:\\\/\\\/quehacerpolitico.mx\\\/?p=106285\"]}]},{\"@type\":\"ImageObject\",\"inLanguage\":\"es\",\"@id\":\"https:\\\/\\\/quehacerpolitico.mx\\\/?p=106285#primaryimage\",\"url\":\"https:\\\/\\\/quehacerpolitico.mx\\\/wp-content\\\/uploads\\\/2023\\\/11\\\/IMG_1938.jpeg\",\"contentUrl\":\"https:\\\/\\\/quehacerpolitico.mx\\\/wp-content\\\/uploads\\\/2023\\\/11\\\/IMG_1938.jpeg\",\"width\":1267,\"height\":703},{\"@type\":\"BreadcrumbList\",\"@id\":\"https:\\\/\\\/quehacerpolitico.mx\\\/?p=106285#breadcrumb\",\"itemListElement\":[{\"@type\":\"ListItem\",\"position\":1,\"name\":\"Inicio\",\"item\":\"https:\\\/\\\/quehacerpolitico.mx\\\/\"},{\"@type\":\"ListItem\",\"position\":2,\"name\":\"\u201cTengo un compromiso con Omar\u201d AMLO luego de proponer a Omar Fayad, exgobernador de Hidalgo, como embajador de Noruega\"}]},{\"@type\":\"WebSite\",\"@id\":\"https:\\\/\\\/quehacerpolitico.mx\\\/#website\",\"url\":\"https:\\\/\\\/quehacerpolitico.mx\\\/\",\"name\":\"\",\"description\":\"\",\"potentialAction\":[{\"@type\":\"SearchAction\",\"target\":{\"@type\":\"EntryPoint\",\"urlTemplate\":\"https:\\\/\\\/quehacerpolitico.mx\\\/?s={search_term_string}\"},\"query-input\":{\"@type\":\"PropertyValueSpecification\",\"valueRequired\":true,\"valueName\":\"search_term_string\"}}],\"inLanguage\":\"es\"},{\"@type\":\"Person\",\"@id\":\"https:\\\/\\\/quehacerpolitico.mx\\\/#\\\/schema\\\/person\\\/496d8ad2d1d3f8036101dca7ee39e585\",\"name\":\"Redacci\u00f3n QP\",\"image\":{\"@type\":\"ImageObject\",\"inLanguage\":\"es\",\"@id\":\"https:\\\/\\\/secure.gravatar.com\\\/avatar\\\/c7164ed6fdec453195284ad24a5ae5b6e1eed2b848477fa2a4787ba9adf39a41?s=96&d=mm&r=g\",\"url\":\"https:\\\/\\\/secure.gravatar.com\\\/avatar\\\/c7164ed6fdec453195284ad24a5ae5b6e1eed2b848477fa2a4787ba9adf39a41?s=96&d=mm&r=g\",\"contentUrl\":\"https:\\\/\\\/secure.gravatar.com\\\/avatar\\\/c7164ed6fdec453195284ad24a5ae5b6e1eed2b848477fa2a4787ba9adf39a41?s=96&d=mm&r=g\",\"caption\":\"Redacci\u00f3n QP\"},\"url\":\"https:\\\/\\\/quehacerpolitico.mx\\\/?author=2\"}]}<\/script>\n<!-- \/ Yoast SEO plugin. -->","yoast_head_json":{"title":"\u201cTengo un compromiso con Omar\u201d AMLO luego de proponer a Omar Fayad, exgobernador de Hidalgo, como embajador de Noruega -","robots":{"index":"index","follow":"follow","max-snippet":"max-snippet:-1","max-image-preview":"max-image-preview:large","max-video-preview":"max-video-preview:-1"},"canonical":"https:\/\/quehacerpolitico.mx\/?p=106285","og_locale":"es_MX","og_type":"article","og_title":"\u201cTengo un compromiso con Omar\u201d AMLO luego de proponer a Omar Fayad, exgobernador de Hidalgo, como embajador de Noruega -","og_description":"Por Redacci\u00f3n QP L\u00f3pez Obrador reconoci\u00f3 el \u201chumanismo\u201d del exgobernador de Hidalgo, Omar Fayad, en...","og_url":"https:\/\/quehacerpolitico.mx\/?p=106285","article_published_time":"2023-11-09T18:10:11+00:00","article_modified_time":"2023-11-09T18:10:15+00:00","og_image":[{"width":1267,"height":703,"url":"https:\/\/quehacerpolitico.mx\/wp-content\/uploads\/2023\/11\/IMG_1938.jpeg","type":"image\/jpeg"}],"author":"Redacci\u00f3n QP","twitter_card":"summary_large_image","twitter_misc":{"Escrito por":"Redacci\u00f3n QP","Tiempo de lectura":"3 minutos"},"schema":{"@context":"https:\/\/schema.org","@graph":[{"@type":"Article","@id":"https:\/\/quehacerpolitico.mx\/?p=106285#article","isPartOf":{"@id":"https:\/\/quehacerpolitico.mx\/?p=106285"},"author":{"name":"Redacci\u00f3n QP","@id":"https:\/\/quehacerpolitico.mx\/#\/schema\/person\/496d8ad2d1d3f8036101dca7ee39e585"},"headline":"\u201cTengo un compromiso con Omar\u201d AMLO luego de proponer a Omar Fayad, exgobernador de Hidalgo, como embajador de Noruega","datePublished":"2023-11-09T18:10:11+00:00","dateModified":"2023-11-09T18:10:15+00:00","mainEntityOfPage":{"@id":"https:\/\/quehacerpolitico.mx\/?p=106285"},"wordCount":541,"commentCount":0,"image":{"@id":"https:\/\/quehacerpolitico.mx\/?p=106285#primaryimage"},"thumbnailUrl":"https:\/\/quehacerpolitico.mx\/wp-content\/uploads\/2023\/11\/IMG_1938.jpeg","articleSection":["Noticias"],"inLanguage":"es","potentialAction":[{"@type":"CommentAction","name":"Comment","target":["https:\/\/quehacerpolitico.mx\/?p=106285#respond"]}]},{"@type":"WebPage","@id":"https:\/\/quehacerpolitico.mx\/?p=106285","url":"https:\/\/quehacerpolitico.mx\/?p=106285","name":"\u201cTengo un compromiso con Omar\u201d AMLO luego de proponer a Omar Fayad, exgobernador de Hidalgo, como embajador de Noruega -","isPartOf":{"@id":"https:\/\/quehacerpolitico.mx\/#website"},"primaryImageOfPage":{"@id":"https:\/\/quehacerpolitico.mx\/?p=106285#primaryimage"},"image":{"@id":"https:\/\/quehacerpolitico.mx\/?p=106285#primaryimage"},"thumbnailUrl":"https:\/\/quehacerpolitico.mx\/wp-content\/uploads\/2023\/11\/IMG_1938.jpeg","datePublished":"2023-11-09T18:10:11+00:00","dateModified":"2023-11-09T18:10:15+00:00","author":{"@id":"https:\/\/quehacerpolitico.mx\/#\/schema\/person\/496d8ad2d1d3f8036101dca7ee39e585"},"breadcrumb":{"@id":"https:\/\/quehacerpolitico.mx\/?p=106285#breadcrumb"},"inLanguage":"es","potentialAction":[{"@type":"ReadAction","target":["https:\/\/quehacerpolitico.mx\/?p=106285"]}]},{"@type":"ImageObject","inLanguage":"es","@id":"https:\/\/quehacerpolitico.mx\/?p=106285#primaryimage","url":"https:\/\/quehacerpolitico.mx\/wp-content\/uploads\/2023\/11\/IMG_1938.jpeg","contentUrl":"https:\/\/quehacerpolitico.mx\/wp-content\/uploads\/2023\/11\/IMG_1938.jpeg","width":1267,"height":703},{"@type":"BreadcrumbList","@id":"https:\/\/quehacerpolitico.mx\/?p=106285#breadcrumb","itemListElement":[{"@type":"ListItem","position":1,"name":"Inicio","item":"https:\/\/quehacerpolitico.mx\/"},{"@type":"ListItem","position":2,"name":"\u201cTengo un compromiso con Omar\u201d AMLO luego de proponer a Omar Fayad, exgobernador de Hidalgo, como embajador de Noruega"}]},{"@type":"WebSite","@id":"https:\/\/quehacerpolitico.mx\/#website","url":"https:\/\/quehacerpolitico.mx\/","name":"","description":"","potentialAction":[{"@type":"SearchAction","target":{"@type":"EntryPoint","urlTemplate":"https:\/\/quehacerpolitico.mx\/?s={search_term_string}"},"query-input":{"@type":"PropertyValueSpecification","valueRequired":true,"valueName":"search_term_string"}}],"inLanguage":"es"},{"@type":"Person","@id":"https:\/\/quehacerpolitico.mx\/#\/schema\/person\/496d8ad2d1d3f8036101dca7ee39e585","name":"Redacci\u00f3n QP","image":{"@type":"ImageObject","inLanguage":"es","@id":"https:\/\/secure.gravatar.com\/avatar\/c7164ed6fdec453195284ad24a5ae5b6e1eed2b848477fa2a4787ba9adf39a41?s=96&d=mm&r=g","url":"https:\/\/secure.gravatar.com\/avatar\/c7164ed6fdec453195284ad24a5ae5b6e1eed2b848477fa2a4787ba9adf39a41?s=96&d=mm&r=g","contentUrl":"https:\/\/secure.gravatar.com\/avatar\/c7164ed6fdec453195284ad24a5ae5b6e1eed2b848477fa2a4787ba9adf39a41?s=96&d=mm&r=g","caption":"Redacci\u00f3n QP"},"url":"https:\/\/quehacerpolitico.mx\/?author=2"}]}},"featured_image_urls":{"full":["https:\/\/quehacerpolitico.mx\/wp-content\/uploads\/2023\/11\/IMG_1938.jpeg",1267,703,false],"thumbnail":["https:\/\/quehacerpolitico.mx\/wp-content\/uploads\/2023\/11\/IMG_1938-150x150.jpeg",150,150,true],"medium":["https:\/\/quehacerpolitico.mx\/wp-content\/uploads\/2023\/11\/IMG_1938-300x166.jpeg",300,166,true],"medium_large":["https:\/\/quehacerpolitico.mx\/wp-content\/uploads\/2023\/11\/IMG_1938-768x426.jpeg",640,355,true],"large":["https:\/\/quehacerpolitico.mx\/wp-content\/uploads\/2023\/11\/IMG_1938-1024x568.jpeg",640,355,true],"1536x1536":["https:\/\/quehacerpolitico.mx\/wp-content\/uploads\/2023\/11\/IMG_1938.jpeg",1267,703,false],"2048x2048":["https:\/\/quehacerpolitico.mx\/wp-content\/uploads\/2023\/11\/IMG_1938.jpeg",1267,703,false],"covernews-featured":["https:\/\/quehacerpolitico.mx\/wp-content\/uploads\/2023\/11\/IMG_1938.jpeg",1024,568,false],"covernews-medium":["https:\/\/quehacerpolitico.mx\/wp-content\/uploads\/2023\/11\/IMG_1938.jpeg",540,300,false]},"author_info":{"display_name":"Redacci\u00f3n QP","author_link":"https:\/\/quehacerpolitico.mx\/?author=2"},"category_info":"<a href=\"https:\/\/quehacerpolitico.mx\/?cat=2\" rel=\"category\">Noticias<\/a>","tag_info":"Noticias","comment_count":"0","_links":{"self":[{"href":"https:\/\/quehacerpolitico.mx\/index.php?rest_route=\/wp\/v2\/posts\/106285","targetHints":{"allow":["GET"]}}],"collection":[{"href":"https:\/\/quehacerpolitico.mx\/index.php?rest_route=\/wp\/v2\/posts"}],"about":[{"href":"https:\/\/quehacerpolitico.mx\/index.php?rest_route=\/wp\/v2\/types\/post"}],"author":[{"embeddable":true,"href":"https:\/\/quehacerpolitico.mx\/index.php?rest_route=\/wp\/v2\/users\/2"}],"replies":[{"embeddable":true,"href":"https:\/\/quehacerpolitico.mx\/index.php?rest_route=%2Fwp%2Fv2%2Fcomments&post=106285"}],"version-history":[{"count":1,"href":"https:\/\/quehacerpolitico.mx\/index.php?rest_route=\/wp\/v2\/posts\/106285\/revisions"}],"predecessor-version":[{"id":106287,"href":"https:\/\/quehacerpolitico.mx\/index.php?rest_route=\/wp\/v2\/posts\/106285\/revisions\/106287"}],"wp:featuredmedia":[{"embeddable":true,"href":"https:\/\/quehacerpolitico.mx\/index.php?rest_route=\/wp\/v2\/media\/106286"}],"wp:attachment":[{"href":"https:\/\/quehacerpolitico.mx\/index.php?rest_route=%2Fwp%2Fv2%2Fmedia&parent=106285"}],"wp:term":[{"taxonomy":"category","embeddable":true,"href":"https:\/\/quehacerpolitico.mx\/index.php?rest_route=%2Fwp%2Fv2%2Fcategories&post=106285"},{"taxonomy":"post_tag","embeddable":true,"href":"https:\/\/quehacerpolitico.mx\/index.php?rest_route=%2Fwp%2Fv2%2Ftags&post=106285"}],"curies":[{"name":"wp","href":"https:\/\/api.w.org\/{rel}","templated":true}]}}