{"id":106282,"date":"2023-11-09T17:55:02","date_gmt":"2023-11-09T17:55:02","guid":{"rendered":"https:\/\/quehacerpolitico.mx\/?p=106282"},"modified":"2023-11-09T17:55:06","modified_gmt":"2023-11-09T17:55:06","slug":"estoy-contentisimo-amlo-celebra-aprobacion-del-presupuesto2024","status":"publish","type":"post","link":"https:\/\/quehacerpolitico.mx\/?p=106282","title":{"rendered":"&#8220;Estoy content\u00edsimo&#8221;, AMLO celebra aprobaci\u00f3n del #Presupuesto2024"},"content":{"rendered":"\n<p>Por Redacci\u00f3n QP<\/p>\n\n\n\n<p>El presidente L\u00f3pez Obrador celebr\u00f3 que diputados hayan aprobado esta ma\u00f1ana el Presupuesto 2024 sin dar \u2018moches\u2019<\/p>\n\n\n\n<p>El presidente\u00a0<strong>Andres Manuel L\u00f3pez Obrador<\/strong>\u00a0celebr\u00f3 este jueves 9 de noviembre la\u00a0<strong>aprobaci\u00f3n<\/strong>\u00a0en la\u00a0<strong>C\u00e1mara de Diputados<\/strong>\u00a0del\u00a0<strong>Presupuesto de Egresos de la Federaci\u00f3n<\/strong>\u00a0(PEF) para el\u00a0Ejercicio Fiscal 2024.<\/p>\n\n\n\n<figure class=\"wp-block-embed is-type-video is-provider-youtube wp-block-embed-youtube wp-embed-aspect-16-9 wp-has-aspect-ratio\"><div class=\"wp-block-embed__wrapper\">\n<iframe loading=\"lazy\" title=\"\u201cEstoy content\u00edsimo\u201d: AMLO celebr\u00f3 aprobaci\u00f3n del Presupuesto de Egresos 2024\" width=\"640\" height=\"360\" src=\"https:\/\/www.youtube.com\/embed\/wUBub8K98Gw?feature=oembed\" frameborder=\"0\" allow=\"accelerometer; autoplay; clipboard-write; encrypted-media; gyroscope; picture-in-picture; web-share\" referrerpolicy=\"strict-origin-when-cross-origin\" allowfullscreen><\/iframe>\n<\/div><\/figure>\n\n\n\n<p>En la conferencia matutina de Palacio Nacional, L\u00f3pez Obrador presumi\u00f3 que dicha aprobaci\u00f3n en sn L\u00e1zaro se hizo \u201csin moches\u201d a legisladores, lo que calific\u00f3 dicha situaci\u00f3n como \u201chist\u00f3rica\u201d.<\/p>\n\n\n\n<p>\u201cHace muy poco, yo creo que ni hora, se aprob\u00f3 el Presupuesto, y estoy content\u00edsimo, muy contento, me acaban hace muy poco de aprobar el presupuesto par el a\u00f1o pr\u00f3ximo. es muy buena noticia, porque es el presupuesto para el bienestar, para seguir combatiendo la pobreza y para seguir reduciendo la desigualdad econ\u00f3mica y social. Adicionalmente, es el \u00faltimo presupuesto que me toca presentar\u201d, dijo.<\/p>\n\n\n\n<p>\u201cTodos los presupuestos en el Gobierno que encabezo se han aprobado sin moches, es hist\u00f3rico, in\u00e9dito en los \u00faltimos tiempos cuando el presupuesto se repart\u00ed entre partidos, grupos, los de la mal llamada sociedad civil, organizaciones sociales, se dispersaban y le tocaba todo el presupuesto o la mayor parte a los pol\u00edticos, a los hombres del r\u00e9gimen, a los medios de informaci\u00f3n les tocaba el presupuesto,\u00a0<em>maiceaban<\/em>\u00a0a todos para que no hubiesen cr\u00edticas\u201d, declar\u00f3<\/p>\n\n\n\n<p>\u201cCompraban voluntades, compraban conciencias, compraban lealtades. compraban aplausos. Los medios nada m\u00e1s se dedicaban a prender incienso al presidente, lo que diga el presidente, cu\u00e1ndo iban. haber insultos al presidente si estaban bien&nbsp;<em>maiceados<\/em>, y adem\u00e1s ten\u00edan todos los privilegios, pero no le llegaba nada al pueblo, el presupuesto se dilu\u00eda, mejor dicho se pulverizaba para mantener estabilidad pol\u00edtica, control pol\u00edtico, para mantener la rep\u00fablica simulada, y eso costaba much\u00edsimo, todo se resolv\u00eda con dinero\u201d, puntualiz\u00f3 al tabasque\u00f1o<\/p>\n\n\n\n<p>Este jueves por la ma\u00f1ana, la C\u00e1mara de Diputados luego de tres d\u00edas de discusiones el&nbsp;<strong>Presupuesto de Egresos de la Federaci\u00f3n<\/strong>&nbsp;<strong>2024<\/strong>.<\/p>\n\n\n\n<p>Dicho Presupuesto de Egresos 2024 fue aprobado este jueves en San L\u00e1zaro con un total de 266 votos a favor, 204 en contra y 1 abstenci\u00f3n.<\/p>\n\n\n\n<p>Luego de tres d\u00edas de discusi\u00f3n, y tras rechazar diversas propuestas de la oposici\u00f3n, diputados lograron el aval una reserva que plantea utilizar el dinero de los<strong>&nbsp;13 fideicomisos<\/strong>&nbsp;extintos del&nbsp;<strong>Poder Judicial de la Federaci\u00f3n<\/strong>&nbsp;(PJF), que ascienden&nbsp;<strong>a 15 mil millones de pesos<\/strong>&nbsp;para los damnificados por el&nbsp;<strong>hurac\u00e1n Otis<\/strong>&nbsp;en&nbsp;<strong>Guerrero<\/strong>.<\/p>\n","protected":false},"excerpt":{"rendered":"<p>Por Redacci\u00f3n QP El presidente L\u00f3pez Obrador celebr\u00f3 que diputados hayan aprobado esta ma\u00f1ana el&#8230;<\/p>\n","protected":false},"author":2,"featured_media":106283,"comment_status":"open","ping_status":"open","sticky":false,"template":"","format":"standard","meta":{"_monsterinsights_skip_tracking":false,"_monsterinsights_sitenote_active":false,"_monsterinsights_sitenote_note":"","_monsterinsights_sitenote_category":0,"footnotes":""},"categories":[2],"tags":[],"class_list":["post-106282","post","type-post","status-publish","format-standard","has-post-thumbnail","hentry","category-noticias"],"yoast_head":"<!-- This site is optimized with the Yoast SEO plugin v27.3 - https:\/\/yoast.com\/product\/yoast-seo-wordpress\/ -->\n<title>&quot;Estoy content\u00edsimo&quot;, AMLO celebra aprobaci\u00f3n del #Presupuesto2024 -<\/title>\n<meta name=\"robots\" content=\"index, follow, max-snippet:-1, max-image-preview:large, max-video-preview:-1\" \/>\n<link rel=\"canonical\" href=\"https:\/\/quehacerpolitico.mx\/?p=106282\" \/>\n<meta property=\"og:locale\" content=\"es_MX\" \/>\n<meta property=\"og:type\" content=\"article\" \/>\n<meta property=\"og:title\" content=\"&quot;Estoy content\u00edsimo&quot;, AMLO celebra aprobaci\u00f3n del #Presupuesto2024 -\" \/>\n<meta property=\"og:description\" content=\"Por Redacci\u00f3n QP El presidente L\u00f3pez Obrador celebr\u00f3 que diputados hayan aprobado esta ma\u00f1ana el...\" \/>\n<meta property=\"og:url\" content=\"https:\/\/quehacerpolitico.mx\/?p=106282\" \/>\n<meta property=\"article:published_time\" content=\"2023-11-09T17:55:02+00:00\" \/>\n<meta property=\"article:modified_time\" content=\"2023-11-09T17:55:06+00:00\" \/>\n<meta property=\"og:image\" content=\"https:\/\/quehacerpolitico.mx\/wp-content\/uploads\/2023\/11\/IMG_1936.jpeg\" \/>\n\t<meta property=\"og:image:width\" content=\"1284\" \/>\n\t<meta property=\"og:image:height\" content=\"697\" \/>\n\t<meta property=\"og:image:type\" content=\"image\/jpeg\" \/>\n<meta name=\"author\" content=\"Redacci\u00f3n QP\" \/>\n<meta name=\"twitter:card\" content=\"summary_large_image\" \/>\n<meta name=\"twitter:label1\" content=\"Escrito por\" \/>\n\t<meta name=\"twitter:data1\" content=\"Redacci\u00f3n QP\" \/>\n\t<meta name=\"twitter:label2\" content=\"Tiempo de lectura\" \/>\n\t<meta name=\"twitter:data2\" content=\"2 minutos\" \/>\n<script type=\"application\/ld+json\" class=\"yoast-schema-graph\">{\"@context\":\"https:\\\/\\\/schema.org\",\"@graph\":[{\"@type\":\"Article\",\"@id\":\"https:\\\/\\\/quehacerpolitico.mx\\\/?p=106282#article\",\"isPartOf\":{\"@id\":\"https:\\\/\\\/quehacerpolitico.mx\\\/?p=106282\"},\"author\":{\"name\":\"Redacci\u00f3n QP\",\"@id\":\"https:\\\/\\\/quehacerpolitico.mx\\\/#\\\/schema\\\/person\\\/496d8ad2d1d3f8036101dca7ee39e585\"},\"headline\":\"&#8220;Estoy content\u00edsimo&#8221;, AMLO celebra aprobaci\u00f3n del #Presupuesto2024\",\"datePublished\":\"2023-11-09T17:55:02+00:00\",\"dateModified\":\"2023-11-09T17:55:06+00:00\",\"mainEntityOfPage\":{\"@id\":\"https:\\\/\\\/quehacerpolitico.mx\\\/?p=106282\"},\"wordCount\":466,\"commentCount\":0,\"image\":{\"@id\":\"https:\\\/\\\/quehacerpolitico.mx\\\/?p=106282#primaryimage\"},\"thumbnailUrl\":\"https:\\\/\\\/quehacerpolitico.mx\\\/wp-content\\\/uploads\\\/2023\\\/11\\\/IMG_1936.jpeg\",\"articleSection\":[\"Noticias\"],\"inLanguage\":\"es\",\"potentialAction\":[{\"@type\":\"CommentAction\",\"name\":\"Comment\",\"target\":[\"https:\\\/\\\/quehacerpolitico.mx\\\/?p=106282#respond\"]}]},{\"@type\":\"WebPage\",\"@id\":\"https:\\\/\\\/quehacerpolitico.mx\\\/?p=106282\",\"url\":\"https:\\\/\\\/quehacerpolitico.mx\\\/?p=106282\",\"name\":\"\\\"Estoy content\u00edsimo\\\", AMLO celebra aprobaci\u00f3n del #Presupuesto2024 -\",\"isPartOf\":{\"@id\":\"https:\\\/\\\/quehacerpolitico.mx\\\/#website\"},\"primaryImageOfPage\":{\"@id\":\"https:\\\/\\\/quehacerpolitico.mx\\\/?p=106282#primaryimage\"},\"image\":{\"@id\":\"https:\\\/\\\/quehacerpolitico.mx\\\/?p=106282#primaryimage\"},\"thumbnailUrl\":\"https:\\\/\\\/quehacerpolitico.mx\\\/wp-content\\\/uploads\\\/2023\\\/11\\\/IMG_1936.jpeg\",\"datePublished\":\"2023-11-09T17:55:02+00:00\",\"dateModified\":\"2023-11-09T17:55:06+00:00\",\"author\":{\"@id\":\"https:\\\/\\\/quehacerpolitico.mx\\\/#\\\/schema\\\/person\\\/496d8ad2d1d3f8036101dca7ee39e585\"},\"breadcrumb\":{\"@id\":\"https:\\\/\\\/quehacerpolitico.mx\\\/?p=106282#breadcrumb\"},\"inLanguage\":\"es\",\"potentialAction\":[{\"@type\":\"ReadAction\",\"target\":[\"https:\\\/\\\/quehacerpolitico.mx\\\/?p=106282\"]}]},{\"@type\":\"ImageObject\",\"inLanguage\":\"es\",\"@id\":\"https:\\\/\\\/quehacerpolitico.mx\\\/?p=106282#primaryimage\",\"url\":\"https:\\\/\\\/quehacerpolitico.mx\\\/wp-content\\\/uploads\\\/2023\\\/11\\\/IMG_1936.jpeg\",\"contentUrl\":\"https:\\\/\\\/quehacerpolitico.mx\\\/wp-content\\\/uploads\\\/2023\\\/11\\\/IMG_1936.jpeg\",\"width\":1284,\"height\":697},{\"@type\":\"BreadcrumbList\",\"@id\":\"https:\\\/\\\/quehacerpolitico.mx\\\/?p=106282#breadcrumb\",\"itemListElement\":[{\"@type\":\"ListItem\",\"position\":1,\"name\":\"Inicio\",\"item\":\"https:\\\/\\\/quehacerpolitico.mx\\\/\"},{\"@type\":\"ListItem\",\"position\":2,\"name\":\"&#8220;Estoy content\u00edsimo&#8221;, AMLO celebra aprobaci\u00f3n del #Presupuesto2024\"}]},{\"@type\":\"WebSite\",\"@id\":\"https:\\\/\\\/quehacerpolitico.mx\\\/#website\",\"url\":\"https:\\\/\\\/quehacerpolitico.mx\\\/\",\"name\":\"\",\"description\":\"\",\"potentialAction\":[{\"@type\":\"SearchAction\",\"target\":{\"@type\":\"EntryPoint\",\"urlTemplate\":\"https:\\\/\\\/quehacerpolitico.mx\\\/?s={search_term_string}\"},\"query-input\":{\"@type\":\"PropertyValueSpecification\",\"valueRequired\":true,\"valueName\":\"search_term_string\"}}],\"inLanguage\":\"es\"},{\"@type\":\"Person\",\"@id\":\"https:\\\/\\\/quehacerpolitico.mx\\\/#\\\/schema\\\/person\\\/496d8ad2d1d3f8036101dca7ee39e585\",\"name\":\"Redacci\u00f3n QP\",\"image\":{\"@type\":\"ImageObject\",\"inLanguage\":\"es\",\"@id\":\"https:\\\/\\\/secure.gravatar.com\\\/avatar\\\/c7164ed6fdec453195284ad24a5ae5b6e1eed2b848477fa2a4787ba9adf39a41?s=96&d=mm&r=g\",\"url\":\"https:\\\/\\\/secure.gravatar.com\\\/avatar\\\/c7164ed6fdec453195284ad24a5ae5b6e1eed2b848477fa2a4787ba9adf39a41?s=96&d=mm&r=g\",\"contentUrl\":\"https:\\\/\\\/secure.gravatar.com\\\/avatar\\\/c7164ed6fdec453195284ad24a5ae5b6e1eed2b848477fa2a4787ba9adf39a41?s=96&d=mm&r=g\",\"caption\":\"Redacci\u00f3n QP\"},\"url\":\"https:\\\/\\\/quehacerpolitico.mx\\\/?author=2\"}]}<\/script>\n<!-- \/ Yoast SEO plugin. -->","yoast_head_json":{"title":"\"Estoy content\u00edsimo\", AMLO celebra aprobaci\u00f3n del #Presupuesto2024 -","robots":{"index":"index","follow":"follow","max-snippet":"max-snippet:-1","max-image-preview":"max-image-preview:large","max-video-preview":"max-video-preview:-1"},"canonical":"https:\/\/quehacerpolitico.mx\/?p=106282","og_locale":"es_MX","og_type":"article","og_title":"\"Estoy content\u00edsimo\", AMLO celebra aprobaci\u00f3n del #Presupuesto2024 -","og_description":"Por Redacci\u00f3n QP El presidente L\u00f3pez Obrador celebr\u00f3 que diputados hayan aprobado esta ma\u00f1ana el...","og_url":"https:\/\/quehacerpolitico.mx\/?p=106282","article_published_time":"2023-11-09T17:55:02+00:00","article_modified_time":"2023-11-09T17:55:06+00:00","og_image":[{"width":1284,"height":697,"url":"https:\/\/quehacerpolitico.mx\/wp-content\/uploads\/2023\/11\/IMG_1936.jpeg","type":"image\/jpeg"}],"author":"Redacci\u00f3n QP","twitter_card":"summary_large_image","twitter_misc":{"Escrito por":"Redacci\u00f3n QP","Tiempo de lectura":"2 minutos"},"schema":{"@context":"https:\/\/schema.org","@graph":[{"@type":"Article","@id":"https:\/\/quehacerpolitico.mx\/?p=106282#article","isPartOf":{"@id":"https:\/\/quehacerpolitico.mx\/?p=106282"},"author":{"name":"Redacci\u00f3n QP","@id":"https:\/\/quehacerpolitico.mx\/#\/schema\/person\/496d8ad2d1d3f8036101dca7ee39e585"},"headline":"&#8220;Estoy content\u00edsimo&#8221;, AMLO celebra aprobaci\u00f3n del #Presupuesto2024","datePublished":"2023-11-09T17:55:02+00:00","dateModified":"2023-11-09T17:55:06+00:00","mainEntityOfPage":{"@id":"https:\/\/quehacerpolitico.mx\/?p=106282"},"wordCount":466,"commentCount":0,"image":{"@id":"https:\/\/quehacerpolitico.mx\/?p=106282#primaryimage"},"thumbnailUrl":"https:\/\/quehacerpolitico.mx\/wp-content\/uploads\/2023\/11\/IMG_1936.jpeg","articleSection":["Noticias"],"inLanguage":"es","potentialAction":[{"@type":"CommentAction","name":"Comment","target":["https:\/\/quehacerpolitico.mx\/?p=106282#respond"]}]},{"@type":"WebPage","@id":"https:\/\/quehacerpolitico.mx\/?p=106282","url":"https:\/\/quehacerpolitico.mx\/?p=106282","name":"\"Estoy content\u00edsimo\", AMLO celebra aprobaci\u00f3n del #Presupuesto2024 -","isPartOf":{"@id":"https:\/\/quehacerpolitico.mx\/#website"},"primaryImageOfPage":{"@id":"https:\/\/quehacerpolitico.mx\/?p=106282#primaryimage"},"image":{"@id":"https:\/\/quehacerpolitico.mx\/?p=106282#primaryimage"},"thumbnailUrl":"https:\/\/quehacerpolitico.mx\/wp-content\/uploads\/2023\/11\/IMG_1936.jpeg","datePublished":"2023-11-09T17:55:02+00:00","dateModified":"2023-11-09T17:55:06+00:00","author":{"@id":"https:\/\/quehacerpolitico.mx\/#\/schema\/person\/496d8ad2d1d3f8036101dca7ee39e585"},"breadcrumb":{"@id":"https:\/\/quehacerpolitico.mx\/?p=106282#breadcrumb"},"inLanguage":"es","potentialAction":[{"@type":"ReadAction","target":["https:\/\/quehacerpolitico.mx\/?p=106282"]}]},{"@type":"ImageObject","inLanguage":"es","@id":"https:\/\/quehacerpolitico.mx\/?p=106282#primaryimage","url":"https:\/\/quehacerpolitico.mx\/wp-content\/uploads\/2023\/11\/IMG_1936.jpeg","contentUrl":"https:\/\/quehacerpolitico.mx\/wp-content\/uploads\/2023\/11\/IMG_1936.jpeg","width":1284,"height":697},{"@type":"BreadcrumbList","@id":"https:\/\/quehacerpolitico.mx\/?p=106282#breadcrumb","itemListElement":[{"@type":"ListItem","position":1,"name":"Inicio","item":"https:\/\/quehacerpolitico.mx\/"},{"@type":"ListItem","position":2,"name":"&#8220;Estoy content\u00edsimo&#8221;, AMLO celebra aprobaci\u00f3n del #Presupuesto2024"}]},{"@type":"WebSite","@id":"https:\/\/quehacerpolitico.mx\/#website","url":"https:\/\/quehacerpolitico.mx\/","name":"","description":"","potentialAction":[{"@type":"SearchAction","target":{"@type":"EntryPoint","urlTemplate":"https:\/\/quehacerpolitico.mx\/?s={search_term_string}"},"query-input":{"@type":"PropertyValueSpecification","valueRequired":true,"valueName":"search_term_string"}}],"inLanguage":"es"},{"@type":"Person","@id":"https:\/\/quehacerpolitico.mx\/#\/schema\/person\/496d8ad2d1d3f8036101dca7ee39e585","name":"Redacci\u00f3n QP","image":{"@type":"ImageObject","inLanguage":"es","@id":"https:\/\/secure.gravatar.com\/avatar\/c7164ed6fdec453195284ad24a5ae5b6e1eed2b848477fa2a4787ba9adf39a41?s=96&d=mm&r=g","url":"https:\/\/secure.gravatar.com\/avatar\/c7164ed6fdec453195284ad24a5ae5b6e1eed2b848477fa2a4787ba9adf39a41?s=96&d=mm&r=g","contentUrl":"https:\/\/secure.gravatar.com\/avatar\/c7164ed6fdec453195284ad24a5ae5b6e1eed2b848477fa2a4787ba9adf39a41?s=96&d=mm&r=g","caption":"Redacci\u00f3n QP"},"url":"https:\/\/quehacerpolitico.mx\/?author=2"}]}},"featured_image_urls":{"full":["https:\/\/quehacerpolitico.mx\/wp-content\/uploads\/2023\/11\/IMG_1936.jpeg",1284,697,false],"thumbnail":["https:\/\/quehacerpolitico.mx\/wp-content\/uploads\/2023\/11\/IMG_1936-150x150.jpeg",150,150,true],"medium":["https:\/\/quehacerpolitico.mx\/wp-content\/uploads\/2023\/11\/IMG_1936-300x163.jpeg",300,163,true],"medium_large":["https:\/\/quehacerpolitico.mx\/wp-content\/uploads\/2023\/11\/IMG_1936-768x417.jpeg",640,348,true],"large":["https:\/\/quehacerpolitico.mx\/wp-content\/uploads\/2023\/11\/IMG_1936-1024x556.jpeg",640,348,true],"1536x1536":["https:\/\/quehacerpolitico.mx\/wp-content\/uploads\/2023\/11\/IMG_1936.jpeg",1284,697,false],"2048x2048":["https:\/\/quehacerpolitico.mx\/wp-content\/uploads\/2023\/11\/IMG_1936.jpeg",1284,697,false],"covernews-featured":["https:\/\/quehacerpolitico.mx\/wp-content\/uploads\/2023\/11\/IMG_1936.jpeg",1024,556,false],"covernews-medium":["https:\/\/quehacerpolitico.mx\/wp-content\/uploads\/2023\/11\/IMG_1936.jpeg",540,293,false]},"author_info":{"display_name":"Redacci\u00f3n QP","author_link":"https:\/\/quehacerpolitico.mx\/?author=2"},"category_info":"<a href=\"https:\/\/quehacerpolitico.mx\/?cat=2\" rel=\"category\">Noticias<\/a>","tag_info":"Noticias","comment_count":"0","_links":{"self":[{"href":"https:\/\/quehacerpolitico.mx\/index.php?rest_route=\/wp\/v2\/posts\/106282","targetHints":{"allow":["GET"]}}],"collection":[{"href":"https:\/\/quehacerpolitico.mx\/index.php?rest_route=\/wp\/v2\/posts"}],"about":[{"href":"https:\/\/quehacerpolitico.mx\/index.php?rest_route=\/wp\/v2\/types\/post"}],"author":[{"embeddable":true,"href":"https:\/\/quehacerpolitico.mx\/index.php?rest_route=\/wp\/v2\/users\/2"}],"replies":[{"embeddable":true,"href":"https:\/\/quehacerpolitico.mx\/index.php?rest_route=%2Fwp%2Fv2%2Fcomments&post=106282"}],"version-history":[{"count":1,"href":"https:\/\/quehacerpolitico.mx\/index.php?rest_route=\/wp\/v2\/posts\/106282\/revisions"}],"predecessor-version":[{"id":106284,"href":"https:\/\/quehacerpolitico.mx\/index.php?rest_route=\/wp\/v2\/posts\/106282\/revisions\/106284"}],"wp:featuredmedia":[{"embeddable":true,"href":"https:\/\/quehacerpolitico.mx\/index.php?rest_route=\/wp\/v2\/media\/106283"}],"wp:attachment":[{"href":"https:\/\/quehacerpolitico.mx\/index.php?rest_route=%2Fwp%2Fv2%2Fmedia&parent=106282"}],"wp:term":[{"taxonomy":"category","embeddable":true,"href":"https:\/\/quehacerpolitico.mx\/index.php?rest_route=%2Fwp%2Fv2%2Fcategories&post=106282"},{"taxonomy":"post_tag","embeddable":true,"href":"https:\/\/quehacerpolitico.mx\/index.php?rest_route=%2Fwp%2Fv2%2Ftags&post=106282"}],"curies":[{"name":"wp","href":"https:\/\/api.w.org\/{rel}","templated":true}]}}