{"id":106278,"date":"2023-11-09T17:25:59","date_gmt":"2023-11-09T17:25:59","guid":{"rendered":"https:\/\/quehacerpolitico.mx\/?p=106278"},"modified":"2023-11-09T17:26:02","modified_gmt":"2023-11-09T17:26:02","slug":"gobierno-declara-el-fin-de-la-emergencia-en-acapulco-y-coyuca-de-benitez-a-15-dias-del-paso-de-otis","status":"publish","type":"post","link":"https:\/\/quehacerpolitico.mx\/?p=106278","title":{"rendered":"Gobierno declara el fin de la emergencia en Acapulco y Coyuca de Ben\u00edtez a 15 d\u00edas del paso de \u201cOtis\u201d"},"content":{"rendered":"\n<p>Por Redacci\u00f3n QP<\/p>\n\n\n\n<p>La&nbsp;<strong>Coordinaci\u00f3n Nacional de Protecci\u00f3n Civil<\/strong>&nbsp;dio por terminada la&nbsp;<strong>emergencia<\/strong>&nbsp;en&nbsp;<strong>Acapulco y Coyuca de Ben\u00edtez<\/strong>, 15 d\u00edas despu\u00e9s que el hurac\u00e1n \u201cOtis\u201d tocara tierra en&nbsp;<strong>Guerreo<\/strong>&nbsp;y dejara da\u00f1os devastadores.&nbsp;<\/p>\n\n\n\n<p>A trav\u00e9s de un documento publicado en el Diario Oficial de la Federaci\u00f3n (<strong>DOF<\/strong>) la ma\u00f1ana de este jueves se dio a conocer el aviso del t\u00e9rmino de la\u00a0<strong>declaratoria de emergencia.<\/strong><\/p>\n\n\n\n<figure class=\"wp-block-image size-large\"><img loading=\"lazy\" decoding=\"async\" width=\"792\" height=\"1024\" src=\"https:\/\/quehacerpolitico.mx\/wp-content\/uploads\/2023\/11\/image-29-792x1024.jpeg\" alt=\"\" class=\"wp-image-106280\" srcset=\"https:\/\/quehacerpolitico.mx\/wp-content\/uploads\/2023\/11\/image-29-792x1024.jpeg 792w, https:\/\/quehacerpolitico.mx\/wp-content\/uploads\/2023\/11\/image-29-232x300.jpeg 232w, https:\/\/quehacerpolitico.mx\/wp-content\/uploads\/2023\/11\/image-29-768x994.jpeg 768w, https:\/\/quehacerpolitico.mx\/wp-content\/uploads\/2023\/11\/image-29-1187x1536.jpeg 1187w, https:\/\/quehacerpolitico.mx\/wp-content\/uploads\/2023\/11\/image-29-113x146.jpeg 113w, https:\/\/quehacerpolitico.mx\/wp-content\/uploads\/2023\/11\/image-29-39x50.jpeg 39w, https:\/\/quehacerpolitico.mx\/wp-content\/uploads\/2023\/11\/image-29-58x75.jpeg 58w, https:\/\/quehacerpolitico.mx\/wp-content\/uploads\/2023\/11\/image-29.jpeg 1583w\" sizes=\"auto, (max-width: 792px) 100vw, 792px\" \/><\/figure>\n\n\n\n<p>\u201cDe conformidad con el art\u00edculo 10 de los lineamientos, se da por concluida la Declaratoria de Emergencia (Acuerdo por el que se Establece el T\u00e9rmino de Situaci\u00f3n de Emergencia) por la ocurrencia de&nbsp;<strong>lluvia severa y vientos fuertes&nbsp;<\/strong>el d\u00eda 24 de octubre de 2023, en los municipios de Acapulco de Ju\u00e1rez y Coyuca de Ben\u00edtez del estado de&nbsp;<strong>Guerrero<\/strong>\u201d, se lee en el texto.&nbsp;<\/p>\n\n\n\n<p>El texto refiere que desde el 2 de noviembre la direcci\u00f3n general de&nbsp;<strong>Protecci\u00f3n Civil<\/strong>consider\u00f3 que ya no \u201cpersisten&nbsp;las condiciones de emergencia para continuar con la vigencia de la declaratoria\u201d<a href=\"https:\/\/dof.gob.mx\/nota_detalle.php?codigo=5708072&amp;fecha=09\/11\/2023#gsc.tab=0\">.<\/a><\/p>\n\n\n\n<p>El pasado 3 de noviembre, la&nbsp;<strong>Coordinaci\u00f3n Nacional de Protecci\u00f3n Civil<\/strong>&nbsp;corrigi\u00f3 la declaratoria de emergencia que hab\u00eda emitido un d\u00eda antes para los municipios en Guerrero afectados por el hurac\u00e1n \u201cOtis\u201d, con lo que solamente Acapulco de Ju\u00e1rez y Coyuca de Ben\u00edtez podr\u00edan acceder a recursos para la reconstrucci\u00f3n de los da\u00f1os sufridos en las viviendas y la infraestructura p\u00fablica.<\/p>\n\n\n\n<p>La nota aclaratoria tambi\u00e9n se public\u00f3 en&nbsp;<strong>DOF<\/strong>, luego de que la Secretar\u00eda de Seguridad y Protecci\u00f3n Ciudadana (SSPC) emiti\u00f3 la declaratoria de desastre natural para&nbsp;<strong>47 municipios guerrerenses<\/strong>.<\/p>\n\n\n\n<p>Entre los 47 municipios que inicialmente ten\u00edan la declaratoria de desastre natural se encontraban los colindantes con&nbsp;<strong>Acapulco<\/strong>&nbsp;y<strong>Coyuca de Ben\u00edtez<\/strong>, como&nbsp;<strong>Chilpancingo<\/strong>,&nbsp;<strong>Atoyac de \u00c1lvarez<\/strong>,&nbsp;<strong>Benito Ju\u00e1rez<\/strong>&nbsp;y&nbsp;<strong>San Miguel Totoloapan<\/strong>, los cuales fueron eliminados pese a que estos estaban considerados con afectaciones por la lluvia severa y los vientos fuertes registrados en la zona el 24 de octubre, as\u00ed como por las inundaciones del 25 de octubre.<\/p>\n","protected":false},"excerpt":{"rendered":"<p>Por Redacci\u00f3n QP La&nbsp;Coordinaci\u00f3n Nacional de Protecci\u00f3n Civil&nbsp;dio por terminada la&nbsp;emergencia&nbsp;en&nbsp;Acapulco y Coyuca de Ben\u00edtez,&#8230;<\/p>\n","protected":false},"author":2,"featured_media":106279,"comment_status":"open","ping_status":"open","sticky":false,"template":"","format":"standard","meta":{"_monsterinsights_skip_tracking":false,"_monsterinsights_sitenote_active":false,"_monsterinsights_sitenote_note":"","_monsterinsights_sitenote_category":0,"footnotes":""},"categories":[2],"tags":[],"class_list":["post-106278","post","type-post","status-publish","format-standard","has-post-thumbnail","hentry","category-noticias"],"yoast_head":"<!-- This site is optimized with the Yoast SEO plugin v27.3 - https:\/\/yoast.com\/product\/yoast-seo-wordpress\/ -->\n<title>Gobierno declara el fin de la emergencia en Acapulco y Coyuca de Ben\u00edtez a 15 d\u00edas del paso de \u201cOtis\u201d -<\/title>\n<meta name=\"robots\" content=\"index, follow, max-snippet:-1, max-image-preview:large, max-video-preview:-1\" \/>\n<link rel=\"canonical\" href=\"https:\/\/quehacerpolitico.mx\/?p=106278\" \/>\n<meta property=\"og:locale\" content=\"es_MX\" \/>\n<meta property=\"og:type\" content=\"article\" \/>\n<meta property=\"og:title\" content=\"Gobierno declara el fin de la emergencia en Acapulco y Coyuca de Ben\u00edtez a 15 d\u00edas del paso de \u201cOtis\u201d -\" \/>\n<meta property=\"og:description\" content=\"Por Redacci\u00f3n QP La&nbsp;Coordinaci\u00f3n Nacional de Protecci\u00f3n Civil&nbsp;dio por terminada la&nbsp;emergencia&nbsp;en&nbsp;Acapulco y Coyuca de Ben\u00edtez,...\" \/>\n<meta property=\"og:url\" content=\"https:\/\/quehacerpolitico.mx\/?p=106278\" \/>\n<meta property=\"article:published_time\" content=\"2023-11-09T17:25:59+00:00\" \/>\n<meta property=\"article:modified_time\" content=\"2023-11-09T17:26:02+00:00\" \/>\n<meta property=\"og:image\" content=\"https:\/\/quehacerpolitico.mx\/wp-content\/uploads\/2023\/11\/IMG_1934.jpeg\" \/>\n\t<meta property=\"og:image:width\" content=\"768\" \/>\n\t<meta property=\"og:image:height\" content=\"432\" \/>\n\t<meta property=\"og:image:type\" content=\"image\/jpeg\" \/>\n<meta name=\"author\" content=\"Redacci\u00f3n QP\" \/>\n<meta name=\"twitter:card\" content=\"summary_large_image\" \/>\n<meta name=\"twitter:label1\" content=\"Escrito por\" \/>\n\t<meta name=\"twitter:data1\" content=\"Redacci\u00f3n QP\" \/>\n\t<meta name=\"twitter:label2\" content=\"Tiempo de lectura\" \/>\n\t<meta name=\"twitter:data2\" content=\"2 minutos\" \/>\n<script type=\"application\/ld+json\" class=\"yoast-schema-graph\">{\"@context\":\"https:\\\/\\\/schema.org\",\"@graph\":[{\"@type\":\"Article\",\"@id\":\"https:\\\/\\\/quehacerpolitico.mx\\\/?p=106278#article\",\"isPartOf\":{\"@id\":\"https:\\\/\\\/quehacerpolitico.mx\\\/?p=106278\"},\"author\":{\"name\":\"Redacci\u00f3n QP\",\"@id\":\"https:\\\/\\\/quehacerpolitico.mx\\\/#\\\/schema\\\/person\\\/496d8ad2d1d3f8036101dca7ee39e585\"},\"headline\":\"Gobierno declara el fin de la emergencia en Acapulco y Coyuca de Ben\u00edtez a 15 d\u00edas del paso de \u201cOtis\u201d\",\"datePublished\":\"2023-11-09T17:25:59+00:00\",\"dateModified\":\"2023-11-09T17:26:02+00:00\",\"mainEntityOfPage\":{\"@id\":\"https:\\\/\\\/quehacerpolitico.mx\\\/?p=106278\"},\"wordCount\":395,\"commentCount\":0,\"image\":{\"@id\":\"https:\\\/\\\/quehacerpolitico.mx\\\/?p=106278#primaryimage\"},\"thumbnailUrl\":\"https:\\\/\\\/quehacerpolitico.mx\\\/wp-content\\\/uploads\\\/2023\\\/11\\\/IMG_1934.jpeg\",\"articleSection\":[\"Noticias\"],\"inLanguage\":\"es\",\"potentialAction\":[{\"@type\":\"CommentAction\",\"name\":\"Comment\",\"target\":[\"https:\\\/\\\/quehacerpolitico.mx\\\/?p=106278#respond\"]}]},{\"@type\":\"WebPage\",\"@id\":\"https:\\\/\\\/quehacerpolitico.mx\\\/?p=106278\",\"url\":\"https:\\\/\\\/quehacerpolitico.mx\\\/?p=106278\",\"name\":\"Gobierno declara el fin de la emergencia en Acapulco y Coyuca de Ben\u00edtez a 15 d\u00edas del paso de \u201cOtis\u201d -\",\"isPartOf\":{\"@id\":\"https:\\\/\\\/quehacerpolitico.mx\\\/#website\"},\"primaryImageOfPage\":{\"@id\":\"https:\\\/\\\/quehacerpolitico.mx\\\/?p=106278#primaryimage\"},\"image\":{\"@id\":\"https:\\\/\\\/quehacerpolitico.mx\\\/?p=106278#primaryimage\"},\"thumbnailUrl\":\"https:\\\/\\\/quehacerpolitico.mx\\\/wp-content\\\/uploads\\\/2023\\\/11\\\/IMG_1934.jpeg\",\"datePublished\":\"2023-11-09T17:25:59+00:00\",\"dateModified\":\"2023-11-09T17:26:02+00:00\",\"author\":{\"@id\":\"https:\\\/\\\/quehacerpolitico.mx\\\/#\\\/schema\\\/person\\\/496d8ad2d1d3f8036101dca7ee39e585\"},\"breadcrumb\":{\"@id\":\"https:\\\/\\\/quehacerpolitico.mx\\\/?p=106278#breadcrumb\"},\"inLanguage\":\"es\",\"potentialAction\":[{\"@type\":\"ReadAction\",\"target\":[\"https:\\\/\\\/quehacerpolitico.mx\\\/?p=106278\"]}]},{\"@type\":\"ImageObject\",\"inLanguage\":\"es\",\"@id\":\"https:\\\/\\\/quehacerpolitico.mx\\\/?p=106278#primaryimage\",\"url\":\"https:\\\/\\\/quehacerpolitico.mx\\\/wp-content\\\/uploads\\\/2023\\\/11\\\/IMG_1934.jpeg\",\"contentUrl\":\"https:\\\/\\\/quehacerpolitico.mx\\\/wp-content\\\/uploads\\\/2023\\\/11\\\/IMG_1934.jpeg\",\"width\":768,\"height\":432},{\"@type\":\"BreadcrumbList\",\"@id\":\"https:\\\/\\\/quehacerpolitico.mx\\\/?p=106278#breadcrumb\",\"itemListElement\":[{\"@type\":\"ListItem\",\"position\":1,\"name\":\"Inicio\",\"item\":\"https:\\\/\\\/quehacerpolitico.mx\\\/\"},{\"@type\":\"ListItem\",\"position\":2,\"name\":\"Gobierno declara el fin de la emergencia en Acapulco y Coyuca de Ben\u00edtez a 15 d\u00edas del paso de \u201cOtis\u201d\"}]},{\"@type\":\"WebSite\",\"@id\":\"https:\\\/\\\/quehacerpolitico.mx\\\/#website\",\"url\":\"https:\\\/\\\/quehacerpolitico.mx\\\/\",\"name\":\"\",\"description\":\"\",\"potentialAction\":[{\"@type\":\"SearchAction\",\"target\":{\"@type\":\"EntryPoint\",\"urlTemplate\":\"https:\\\/\\\/quehacerpolitico.mx\\\/?s={search_term_string}\"},\"query-input\":{\"@type\":\"PropertyValueSpecification\",\"valueRequired\":true,\"valueName\":\"search_term_string\"}}],\"inLanguage\":\"es\"},{\"@type\":\"Person\",\"@id\":\"https:\\\/\\\/quehacerpolitico.mx\\\/#\\\/schema\\\/person\\\/496d8ad2d1d3f8036101dca7ee39e585\",\"name\":\"Redacci\u00f3n QP\",\"image\":{\"@type\":\"ImageObject\",\"inLanguage\":\"es\",\"@id\":\"https:\\\/\\\/secure.gravatar.com\\\/avatar\\\/c7164ed6fdec453195284ad24a5ae5b6e1eed2b848477fa2a4787ba9adf39a41?s=96&d=mm&r=g\",\"url\":\"https:\\\/\\\/secure.gravatar.com\\\/avatar\\\/c7164ed6fdec453195284ad24a5ae5b6e1eed2b848477fa2a4787ba9adf39a41?s=96&d=mm&r=g\",\"contentUrl\":\"https:\\\/\\\/secure.gravatar.com\\\/avatar\\\/c7164ed6fdec453195284ad24a5ae5b6e1eed2b848477fa2a4787ba9adf39a41?s=96&d=mm&r=g\",\"caption\":\"Redacci\u00f3n QP\"},\"url\":\"https:\\\/\\\/quehacerpolitico.mx\\\/?author=2\"}]}<\/script>\n<!-- \/ Yoast SEO plugin. -->","yoast_head_json":{"title":"Gobierno declara el fin de la emergencia en Acapulco y Coyuca de Ben\u00edtez a 15 d\u00edas del paso de \u201cOtis\u201d -","robots":{"index":"index","follow":"follow","max-snippet":"max-snippet:-1","max-image-preview":"max-image-preview:large","max-video-preview":"max-video-preview:-1"},"canonical":"https:\/\/quehacerpolitico.mx\/?p=106278","og_locale":"es_MX","og_type":"article","og_title":"Gobierno declara el fin de la emergencia en Acapulco y Coyuca de Ben\u00edtez a 15 d\u00edas del paso de \u201cOtis\u201d -","og_description":"Por Redacci\u00f3n QP La&nbsp;Coordinaci\u00f3n Nacional de Protecci\u00f3n Civil&nbsp;dio por terminada la&nbsp;emergencia&nbsp;en&nbsp;Acapulco y Coyuca de Ben\u00edtez,...","og_url":"https:\/\/quehacerpolitico.mx\/?p=106278","article_published_time":"2023-11-09T17:25:59+00:00","article_modified_time":"2023-11-09T17:26:02+00:00","og_image":[{"width":768,"height":432,"url":"https:\/\/quehacerpolitico.mx\/wp-content\/uploads\/2023\/11\/IMG_1934.jpeg","type":"image\/jpeg"}],"author":"Redacci\u00f3n QP","twitter_card":"summary_large_image","twitter_misc":{"Escrito por":"Redacci\u00f3n QP","Tiempo de lectura":"2 minutos"},"schema":{"@context":"https:\/\/schema.org","@graph":[{"@type":"Article","@id":"https:\/\/quehacerpolitico.mx\/?p=106278#article","isPartOf":{"@id":"https:\/\/quehacerpolitico.mx\/?p=106278"},"author":{"name":"Redacci\u00f3n QP","@id":"https:\/\/quehacerpolitico.mx\/#\/schema\/person\/496d8ad2d1d3f8036101dca7ee39e585"},"headline":"Gobierno declara el fin de la emergencia en Acapulco y Coyuca de Ben\u00edtez a 15 d\u00edas del paso de \u201cOtis\u201d","datePublished":"2023-11-09T17:25:59+00:00","dateModified":"2023-11-09T17:26:02+00:00","mainEntityOfPage":{"@id":"https:\/\/quehacerpolitico.mx\/?p=106278"},"wordCount":395,"commentCount":0,"image":{"@id":"https:\/\/quehacerpolitico.mx\/?p=106278#primaryimage"},"thumbnailUrl":"https:\/\/quehacerpolitico.mx\/wp-content\/uploads\/2023\/11\/IMG_1934.jpeg","articleSection":["Noticias"],"inLanguage":"es","potentialAction":[{"@type":"CommentAction","name":"Comment","target":["https:\/\/quehacerpolitico.mx\/?p=106278#respond"]}]},{"@type":"WebPage","@id":"https:\/\/quehacerpolitico.mx\/?p=106278","url":"https:\/\/quehacerpolitico.mx\/?p=106278","name":"Gobierno declara el fin de la emergencia en Acapulco y Coyuca de Ben\u00edtez a 15 d\u00edas del paso de \u201cOtis\u201d -","isPartOf":{"@id":"https:\/\/quehacerpolitico.mx\/#website"},"primaryImageOfPage":{"@id":"https:\/\/quehacerpolitico.mx\/?p=106278#primaryimage"},"image":{"@id":"https:\/\/quehacerpolitico.mx\/?p=106278#primaryimage"},"thumbnailUrl":"https:\/\/quehacerpolitico.mx\/wp-content\/uploads\/2023\/11\/IMG_1934.jpeg","datePublished":"2023-11-09T17:25:59+00:00","dateModified":"2023-11-09T17:26:02+00:00","author":{"@id":"https:\/\/quehacerpolitico.mx\/#\/schema\/person\/496d8ad2d1d3f8036101dca7ee39e585"},"breadcrumb":{"@id":"https:\/\/quehacerpolitico.mx\/?p=106278#breadcrumb"},"inLanguage":"es","potentialAction":[{"@type":"ReadAction","target":["https:\/\/quehacerpolitico.mx\/?p=106278"]}]},{"@type":"ImageObject","inLanguage":"es","@id":"https:\/\/quehacerpolitico.mx\/?p=106278#primaryimage","url":"https:\/\/quehacerpolitico.mx\/wp-content\/uploads\/2023\/11\/IMG_1934.jpeg","contentUrl":"https:\/\/quehacerpolitico.mx\/wp-content\/uploads\/2023\/11\/IMG_1934.jpeg","width":768,"height":432},{"@type":"BreadcrumbList","@id":"https:\/\/quehacerpolitico.mx\/?p=106278#breadcrumb","itemListElement":[{"@type":"ListItem","position":1,"name":"Inicio","item":"https:\/\/quehacerpolitico.mx\/"},{"@type":"ListItem","position":2,"name":"Gobierno declara el fin de la emergencia en Acapulco y Coyuca de Ben\u00edtez a 15 d\u00edas del paso de \u201cOtis\u201d"}]},{"@type":"WebSite","@id":"https:\/\/quehacerpolitico.mx\/#website","url":"https:\/\/quehacerpolitico.mx\/","name":"","description":"","potentialAction":[{"@type":"SearchAction","target":{"@type":"EntryPoint","urlTemplate":"https:\/\/quehacerpolitico.mx\/?s={search_term_string}"},"query-input":{"@type":"PropertyValueSpecification","valueRequired":true,"valueName":"search_term_string"}}],"inLanguage":"es"},{"@type":"Person","@id":"https:\/\/quehacerpolitico.mx\/#\/schema\/person\/496d8ad2d1d3f8036101dca7ee39e585","name":"Redacci\u00f3n QP","image":{"@type":"ImageObject","inLanguage":"es","@id":"https:\/\/secure.gravatar.com\/avatar\/c7164ed6fdec453195284ad24a5ae5b6e1eed2b848477fa2a4787ba9adf39a41?s=96&d=mm&r=g","url":"https:\/\/secure.gravatar.com\/avatar\/c7164ed6fdec453195284ad24a5ae5b6e1eed2b848477fa2a4787ba9adf39a41?s=96&d=mm&r=g","contentUrl":"https:\/\/secure.gravatar.com\/avatar\/c7164ed6fdec453195284ad24a5ae5b6e1eed2b848477fa2a4787ba9adf39a41?s=96&d=mm&r=g","caption":"Redacci\u00f3n QP"},"url":"https:\/\/quehacerpolitico.mx\/?author=2"}]}},"featured_image_urls":{"full":["https:\/\/quehacerpolitico.mx\/wp-content\/uploads\/2023\/11\/IMG_1934.jpeg",768,432,false],"thumbnail":["https:\/\/quehacerpolitico.mx\/wp-content\/uploads\/2023\/11\/IMG_1934-150x150.jpeg",150,150,true],"medium":["https:\/\/quehacerpolitico.mx\/wp-content\/uploads\/2023\/11\/IMG_1934-300x169.jpeg",300,169,true],"medium_large":["https:\/\/quehacerpolitico.mx\/wp-content\/uploads\/2023\/11\/IMG_1934.jpeg",640,360,false],"large":["https:\/\/quehacerpolitico.mx\/wp-content\/uploads\/2023\/11\/IMG_1934.jpeg",640,360,false],"1536x1536":["https:\/\/quehacerpolitico.mx\/wp-content\/uploads\/2023\/11\/IMG_1934.jpeg",768,432,false],"2048x2048":["https:\/\/quehacerpolitico.mx\/wp-content\/uploads\/2023\/11\/IMG_1934.jpeg",768,432,false],"covernews-featured":["https:\/\/quehacerpolitico.mx\/wp-content\/uploads\/2023\/11\/IMG_1934.jpeg",768,432,false],"covernews-medium":["https:\/\/quehacerpolitico.mx\/wp-content\/uploads\/2023\/11\/IMG_1934.jpeg",540,304,false]},"author_info":{"display_name":"Redacci\u00f3n QP","author_link":"https:\/\/quehacerpolitico.mx\/?author=2"},"category_info":"<a href=\"https:\/\/quehacerpolitico.mx\/?cat=2\" rel=\"category\">Noticias<\/a>","tag_info":"Noticias","comment_count":"0","_links":{"self":[{"href":"https:\/\/quehacerpolitico.mx\/index.php?rest_route=\/wp\/v2\/posts\/106278","targetHints":{"allow":["GET"]}}],"collection":[{"href":"https:\/\/quehacerpolitico.mx\/index.php?rest_route=\/wp\/v2\/posts"}],"about":[{"href":"https:\/\/quehacerpolitico.mx\/index.php?rest_route=\/wp\/v2\/types\/post"}],"author":[{"embeddable":true,"href":"https:\/\/quehacerpolitico.mx\/index.php?rest_route=\/wp\/v2\/users\/2"}],"replies":[{"embeddable":true,"href":"https:\/\/quehacerpolitico.mx\/index.php?rest_route=%2Fwp%2Fv2%2Fcomments&post=106278"}],"version-history":[{"count":1,"href":"https:\/\/quehacerpolitico.mx\/index.php?rest_route=\/wp\/v2\/posts\/106278\/revisions"}],"predecessor-version":[{"id":106281,"href":"https:\/\/quehacerpolitico.mx\/index.php?rest_route=\/wp\/v2\/posts\/106278\/revisions\/106281"}],"wp:featuredmedia":[{"embeddable":true,"href":"https:\/\/quehacerpolitico.mx\/index.php?rest_route=\/wp\/v2\/media\/106279"}],"wp:attachment":[{"href":"https:\/\/quehacerpolitico.mx\/index.php?rest_route=%2Fwp%2Fv2%2Fmedia&parent=106278"}],"wp:term":[{"taxonomy":"category","embeddable":true,"href":"https:\/\/quehacerpolitico.mx\/index.php?rest_route=%2Fwp%2Fv2%2Fcategories&post=106278"},{"taxonomy":"post_tag","embeddable":true,"href":"https:\/\/quehacerpolitico.mx\/index.php?rest_route=%2Fwp%2Fv2%2Ftags&post=106278"}],"curies":[{"name":"wp","href":"https:\/\/api.w.org\/{rel}","templated":true}]}}