{"id":106237,"date":"2023-11-08T19:46:28","date_gmt":"2023-11-08T19:46:28","guid":{"rendered":"https:\/\/quehacerpolitico.mx\/?p=106237"},"modified":"2023-11-08T19:46:32","modified_gmt":"2023-11-08T19:46:32","slug":"xochitl-galvez-se-registra-como-precandidata-del-pan-a-la-presidencia","status":"publish","type":"post","link":"https:\/\/quehacerpolitico.mx\/?p=106237","title":{"rendered":"X\u00f3chitl G\u00e1lvez se registra como precandidata del PAN a la presidencia"},"content":{"rendered":"\n<p>Por Redacci\u00f3n QP<\/p>\n\n\n\n<p>Tras esto, la senadora se convierte en la primera aspirante oficial para las elecciones de junio de 2024<\/p>\n\n\n\n<p>La senadora\u00a0X\u00f3chitl Galvez formaliz\u00f3 hoy mi\u00e9rcoles su registro como precandidata presidencial del Partido Acci\u00f3n Nacional (PAN) para las elecciones de junio de 2024, con lo que se convierte en la primera aspirante oficial.<\/p>\n\n\n\n<p>La legisladora lleg\u00f3 a la sede nacional del\u00a0PAN en Ciudad de M\u00e9xico en medio del grito de una militancia que vitoreaba &#8220;presidenta, presidenta&#8221;, mientras una batucada al fondo acompa\u00f1aba la fiesta en el principal auditorio del Comit\u00e9 Ejecutivo Nacional (CEN).<\/p>\n\n\n\n<figure class=\"wp-block-embed is-type-video is-provider-youtube wp-block-embed-youtube wp-embed-aspect-16-9 wp-has-aspect-ratio\"><div class=\"wp-block-embed__wrapper\">\n<iframe loading=\"lazy\" title=\"Llegando al PAN para registrarme al proceso de precandidata a la Presidencia de M\u00e9xico\" width=\"640\" height=\"360\" src=\"https:\/\/www.youtube.com\/embed\/4zTqqlXkPVM?feature=oembed\" frameborder=\"0\" allow=\"accelerometer; autoplay; clipboard-write; encrypted-media; gyroscope; picture-in-picture; web-share\" referrerpolicy=\"strict-origin-when-cross-origin\" allowfullscreen><\/iframe>\n<\/div><\/figure>\n\n\n\n<p>Las banderas ondeaban con el blanco y azul del PAN, mientras G\u00e1lvez\u00a0<strong>entregaba sus documentos para formalizar su precandidatura para encabezar al opositor Frente Amplio por M\u00e9xico,<\/strong>donde tambi\u00e9n est\u00e1n los partidos de la Revoluci\u00f3n Democr\u00e1tica (PRD) y el Revolucionario Institucional (PRI).<\/p>\n\n\n\n<figure class=\"wp-block-image size-large\"><img loading=\"lazy\" decoding=\"async\" width=\"1024\" height=\"682\" src=\"https:\/\/quehacerpolitico.mx\/wp-content\/uploads\/2023\/11\/image-21-1024x682.jpeg\" alt=\"\" class=\"wp-image-106238\" srcset=\"https:\/\/quehacerpolitico.mx\/wp-content\/uploads\/2023\/11\/image-21-1024x682.jpeg 1024w, https:\/\/quehacerpolitico.mx\/wp-content\/uploads\/2023\/11\/image-21-300x200.jpeg 300w, https:\/\/quehacerpolitico.mx\/wp-content\/uploads\/2023\/11\/image-21-768x512.jpeg 768w, https:\/\/quehacerpolitico.mx\/wp-content\/uploads\/2023\/11\/image-21-1536x1023.jpeg 1536w, https:\/\/quehacerpolitico.mx\/wp-content\/uploads\/2023\/11\/image-21-219x146.jpeg 219w, https:\/\/quehacerpolitico.mx\/wp-content\/uploads\/2023\/11\/image-21-50x33.jpeg 50w, https:\/\/quehacerpolitico.mx\/wp-content\/uploads\/2023\/11\/image-21-113x75.jpeg 113w, https:\/\/quehacerpolitico.mx\/wp-content\/uploads\/2023\/11\/image-21.jpeg 2048w\" sizes=\"auto, (max-width: 1024px) 100vw, 1024px\" \/><\/figure>\n\n\n\n<p>G\u00e1lvez acudi\u00f3 con sus hijos, Diana y Juan Pablo, quienes, dijo, son su motor y el impulso para levantarse diario.<\/p>\n\n\n\n<p>&#8220;Tengan la certeza de que vamos a cambiar a este pa\u00eds&#8221;, enfatiz\u00f3 mientras la militancia presente gritaba &#8220;s\u00ed se puede, s\u00ed se puede&#8221;.<\/p>\n\n\n\n<figure class=\"wp-block-embed is-type-video is-provider-youtube wp-block-embed-youtube wp-embed-aspect-16-9 wp-has-aspect-ratio\"><div class=\"wp-block-embed__wrapper\">\n<iframe loading=\"lazy\" title=\"Quiero ser precandidata del PAN a la Presidencia de M\u00e9xico #PANConX\u00f3chitl\" width=\"640\" height=\"360\" src=\"https:\/\/www.youtube.com\/embed\/slQlwzxmGjo?feature=oembed\" frameborder=\"0\" allow=\"accelerometer; autoplay; clipboard-write; encrypted-media; gyroscope; picture-in-picture; web-share\" referrerpolicy=\"strict-origin-when-cross-origin\" allowfullscreen><\/iframe>\n<\/div><\/figure>\n\n\n\n<p>Aunque el\u00a0Frente Amplio por M\u00e9xico anunci\u00f3 a G\u00e1lvez como su futura candidata el pasado 3 de septiembre y el Movimiento Regeneraci\u00f3n Nacional (Morena) a Claudia Sheinbaum el 6 de septiembre, los partidos se adelantaron a los tiempos oficiales del Instituto Nacional Electoral (INE), que establece que las precampa\u00f1as o contiendas internas empiezan el 20 de noviembre.<\/p>\n\n\n\n<p>Ahora como precandidata, G\u00e1lvez\u00a0<strong>podr\u00e1 comenzar su recorrido por el pa\u00eds a partir del 20 de noviembre,<\/strong>\u00a0en lo que se espera sea una contienda frontal contra Sheinbaum, virtual aspirante a la presidencia por el partido del Presidente Andr\u00e9s Manuel L\u00f3pez Obrador.<\/p>\n\n\n\n<p>Con informaci\u00f3n de EFE<\/p>\n","protected":false},"excerpt":{"rendered":"<p>Por Redacci\u00f3n QP Tras esto, la senadora se convierte en la primera aspirante oficial para&#8230;<\/p>\n","protected":false},"author":2,"featured_media":106239,"comment_status":"open","ping_status":"open","sticky":false,"template":"","format":"standard","meta":{"_monsterinsights_skip_tracking":false,"_monsterinsights_sitenote_active":false,"_monsterinsights_sitenote_note":"","_monsterinsights_sitenote_category":0,"footnotes":""},"categories":[2],"tags":[],"class_list":["post-106237","post","type-post","status-publish","format-standard","has-post-thumbnail","hentry","category-noticias"],"yoast_head":"<!-- This site is optimized with the Yoast SEO plugin v27.3 - https:\/\/yoast.com\/product\/yoast-seo-wordpress\/ -->\n<title>X\u00f3chitl G\u00e1lvez se registra como precandidata del PAN a la presidencia -<\/title>\n<meta name=\"robots\" content=\"index, follow, max-snippet:-1, max-image-preview:large, max-video-preview:-1\" \/>\n<link rel=\"canonical\" href=\"https:\/\/quehacerpolitico.mx\/?p=106237\" \/>\n<meta property=\"og:locale\" content=\"es_MX\" \/>\n<meta property=\"og:type\" content=\"article\" \/>\n<meta property=\"og:title\" content=\"X\u00f3chitl G\u00e1lvez se registra como precandidata del PAN a la presidencia -\" \/>\n<meta property=\"og:description\" content=\"Por Redacci\u00f3n QP Tras esto, la senadora se convierte en la primera aspirante oficial para...\" \/>\n<meta property=\"og:url\" content=\"https:\/\/quehacerpolitico.mx\/?p=106237\" \/>\n<meta property=\"article:published_time\" content=\"2023-11-08T19:46:28+00:00\" \/>\n<meta property=\"article:modified_time\" content=\"2023-11-08T19:46:32+00:00\" \/>\n<meta property=\"og:image\" content=\"https:\/\/quehacerpolitico.mx\/wp-content\/uploads\/2023\/11\/IMG_1899.jpeg\" \/>\n\t<meta property=\"og:image:width\" content=\"2048\" \/>\n\t<meta property=\"og:image:height\" content=\"1364\" \/>\n\t<meta property=\"og:image:type\" content=\"image\/jpeg\" \/>\n<meta name=\"author\" content=\"Redacci\u00f3n QP\" \/>\n<meta name=\"twitter:card\" content=\"summary_large_image\" \/>\n<meta name=\"twitter:label1\" content=\"Escrito por\" \/>\n\t<meta name=\"twitter:data1\" content=\"Redacci\u00f3n QP\" \/>\n\t<meta name=\"twitter:label2\" content=\"Tiempo de lectura\" \/>\n\t<meta name=\"twitter:data2\" content=\"2 minutos\" \/>\n<script type=\"application\/ld+json\" class=\"yoast-schema-graph\">{\"@context\":\"https:\\\/\\\/schema.org\",\"@graph\":[{\"@type\":\"Article\",\"@id\":\"https:\\\/\\\/quehacerpolitico.mx\\\/?p=106237#article\",\"isPartOf\":{\"@id\":\"https:\\\/\\\/quehacerpolitico.mx\\\/?p=106237\"},\"author\":{\"name\":\"Redacci\u00f3n QP\",\"@id\":\"https:\\\/\\\/quehacerpolitico.mx\\\/#\\\/schema\\\/person\\\/496d8ad2d1d3f8036101dca7ee39e585\"},\"headline\":\"X\u00f3chitl G\u00e1lvez se registra como precandidata del PAN a la presidencia\",\"datePublished\":\"2023-11-08T19:46:28+00:00\",\"dateModified\":\"2023-11-08T19:46:32+00:00\",\"mainEntityOfPage\":{\"@id\":\"https:\\\/\\\/quehacerpolitico.mx\\\/?p=106237\"},\"wordCount\":337,\"commentCount\":0,\"image\":{\"@id\":\"https:\\\/\\\/quehacerpolitico.mx\\\/?p=106237#primaryimage\"},\"thumbnailUrl\":\"https:\\\/\\\/quehacerpolitico.mx\\\/wp-content\\\/uploads\\\/2023\\\/11\\\/IMG_1899.jpeg\",\"articleSection\":[\"Noticias\"],\"inLanguage\":\"es\",\"potentialAction\":[{\"@type\":\"CommentAction\",\"name\":\"Comment\",\"target\":[\"https:\\\/\\\/quehacerpolitico.mx\\\/?p=106237#respond\"]}]},{\"@type\":\"WebPage\",\"@id\":\"https:\\\/\\\/quehacerpolitico.mx\\\/?p=106237\",\"url\":\"https:\\\/\\\/quehacerpolitico.mx\\\/?p=106237\",\"name\":\"X\u00f3chitl G\u00e1lvez se registra como precandidata del PAN a la presidencia -\",\"isPartOf\":{\"@id\":\"https:\\\/\\\/quehacerpolitico.mx\\\/#website\"},\"primaryImageOfPage\":{\"@id\":\"https:\\\/\\\/quehacerpolitico.mx\\\/?p=106237#primaryimage\"},\"image\":{\"@id\":\"https:\\\/\\\/quehacerpolitico.mx\\\/?p=106237#primaryimage\"},\"thumbnailUrl\":\"https:\\\/\\\/quehacerpolitico.mx\\\/wp-content\\\/uploads\\\/2023\\\/11\\\/IMG_1899.jpeg\",\"datePublished\":\"2023-11-08T19:46:28+00:00\",\"dateModified\":\"2023-11-08T19:46:32+00:00\",\"author\":{\"@id\":\"https:\\\/\\\/quehacerpolitico.mx\\\/#\\\/schema\\\/person\\\/496d8ad2d1d3f8036101dca7ee39e585\"},\"breadcrumb\":{\"@id\":\"https:\\\/\\\/quehacerpolitico.mx\\\/?p=106237#breadcrumb\"},\"inLanguage\":\"es\",\"potentialAction\":[{\"@type\":\"ReadAction\",\"target\":[\"https:\\\/\\\/quehacerpolitico.mx\\\/?p=106237\"]}]},{\"@type\":\"ImageObject\",\"inLanguage\":\"es\",\"@id\":\"https:\\\/\\\/quehacerpolitico.mx\\\/?p=106237#primaryimage\",\"url\":\"https:\\\/\\\/quehacerpolitico.mx\\\/wp-content\\\/uploads\\\/2023\\\/11\\\/IMG_1899.jpeg\",\"contentUrl\":\"https:\\\/\\\/quehacerpolitico.mx\\\/wp-content\\\/uploads\\\/2023\\\/11\\\/IMG_1899.jpeg\",\"width\":2048,\"height\":1364},{\"@type\":\"BreadcrumbList\",\"@id\":\"https:\\\/\\\/quehacerpolitico.mx\\\/?p=106237#breadcrumb\",\"itemListElement\":[{\"@type\":\"ListItem\",\"position\":1,\"name\":\"Inicio\",\"item\":\"https:\\\/\\\/quehacerpolitico.mx\\\/\"},{\"@type\":\"ListItem\",\"position\":2,\"name\":\"X\u00f3chitl G\u00e1lvez se registra como precandidata del PAN a la presidencia\"}]},{\"@type\":\"WebSite\",\"@id\":\"https:\\\/\\\/quehacerpolitico.mx\\\/#website\",\"url\":\"https:\\\/\\\/quehacerpolitico.mx\\\/\",\"name\":\"\",\"description\":\"\",\"potentialAction\":[{\"@type\":\"SearchAction\",\"target\":{\"@type\":\"EntryPoint\",\"urlTemplate\":\"https:\\\/\\\/quehacerpolitico.mx\\\/?s={search_term_string}\"},\"query-input\":{\"@type\":\"PropertyValueSpecification\",\"valueRequired\":true,\"valueName\":\"search_term_string\"}}],\"inLanguage\":\"es\"},{\"@type\":\"Person\",\"@id\":\"https:\\\/\\\/quehacerpolitico.mx\\\/#\\\/schema\\\/person\\\/496d8ad2d1d3f8036101dca7ee39e585\",\"name\":\"Redacci\u00f3n QP\",\"image\":{\"@type\":\"ImageObject\",\"inLanguage\":\"es\",\"@id\":\"https:\\\/\\\/secure.gravatar.com\\\/avatar\\\/c7164ed6fdec453195284ad24a5ae5b6e1eed2b848477fa2a4787ba9adf39a41?s=96&d=mm&r=g\",\"url\":\"https:\\\/\\\/secure.gravatar.com\\\/avatar\\\/c7164ed6fdec453195284ad24a5ae5b6e1eed2b848477fa2a4787ba9adf39a41?s=96&d=mm&r=g\",\"contentUrl\":\"https:\\\/\\\/secure.gravatar.com\\\/avatar\\\/c7164ed6fdec453195284ad24a5ae5b6e1eed2b848477fa2a4787ba9adf39a41?s=96&d=mm&r=g\",\"caption\":\"Redacci\u00f3n QP\"},\"url\":\"https:\\\/\\\/quehacerpolitico.mx\\\/?author=2\"}]}<\/script>\n<!-- \/ Yoast SEO plugin. -->","yoast_head_json":{"title":"X\u00f3chitl G\u00e1lvez se registra como precandidata del PAN a la presidencia -","robots":{"index":"index","follow":"follow","max-snippet":"max-snippet:-1","max-image-preview":"max-image-preview:large","max-video-preview":"max-video-preview:-1"},"canonical":"https:\/\/quehacerpolitico.mx\/?p=106237","og_locale":"es_MX","og_type":"article","og_title":"X\u00f3chitl G\u00e1lvez se registra como precandidata del PAN a la presidencia -","og_description":"Por Redacci\u00f3n QP Tras esto, la senadora se convierte en la primera aspirante oficial para...","og_url":"https:\/\/quehacerpolitico.mx\/?p=106237","article_published_time":"2023-11-08T19:46:28+00:00","article_modified_time":"2023-11-08T19:46:32+00:00","og_image":[{"width":2048,"height":1364,"url":"https:\/\/quehacerpolitico.mx\/wp-content\/uploads\/2023\/11\/IMG_1899.jpeg","type":"image\/jpeg"}],"author":"Redacci\u00f3n QP","twitter_card":"summary_large_image","twitter_misc":{"Escrito por":"Redacci\u00f3n QP","Tiempo de lectura":"2 minutos"},"schema":{"@context":"https:\/\/schema.org","@graph":[{"@type":"Article","@id":"https:\/\/quehacerpolitico.mx\/?p=106237#article","isPartOf":{"@id":"https:\/\/quehacerpolitico.mx\/?p=106237"},"author":{"name":"Redacci\u00f3n QP","@id":"https:\/\/quehacerpolitico.mx\/#\/schema\/person\/496d8ad2d1d3f8036101dca7ee39e585"},"headline":"X\u00f3chitl G\u00e1lvez se registra como precandidata del PAN a la presidencia","datePublished":"2023-11-08T19:46:28+00:00","dateModified":"2023-11-08T19:46:32+00:00","mainEntityOfPage":{"@id":"https:\/\/quehacerpolitico.mx\/?p=106237"},"wordCount":337,"commentCount":0,"image":{"@id":"https:\/\/quehacerpolitico.mx\/?p=106237#primaryimage"},"thumbnailUrl":"https:\/\/quehacerpolitico.mx\/wp-content\/uploads\/2023\/11\/IMG_1899.jpeg","articleSection":["Noticias"],"inLanguage":"es","potentialAction":[{"@type":"CommentAction","name":"Comment","target":["https:\/\/quehacerpolitico.mx\/?p=106237#respond"]}]},{"@type":"WebPage","@id":"https:\/\/quehacerpolitico.mx\/?p=106237","url":"https:\/\/quehacerpolitico.mx\/?p=106237","name":"X\u00f3chitl G\u00e1lvez se registra como precandidata del PAN a la presidencia -","isPartOf":{"@id":"https:\/\/quehacerpolitico.mx\/#website"},"primaryImageOfPage":{"@id":"https:\/\/quehacerpolitico.mx\/?p=106237#primaryimage"},"image":{"@id":"https:\/\/quehacerpolitico.mx\/?p=106237#primaryimage"},"thumbnailUrl":"https:\/\/quehacerpolitico.mx\/wp-content\/uploads\/2023\/11\/IMG_1899.jpeg","datePublished":"2023-11-08T19:46:28+00:00","dateModified":"2023-11-08T19:46:32+00:00","author":{"@id":"https:\/\/quehacerpolitico.mx\/#\/schema\/person\/496d8ad2d1d3f8036101dca7ee39e585"},"breadcrumb":{"@id":"https:\/\/quehacerpolitico.mx\/?p=106237#breadcrumb"},"inLanguage":"es","potentialAction":[{"@type":"ReadAction","target":["https:\/\/quehacerpolitico.mx\/?p=106237"]}]},{"@type":"ImageObject","inLanguage":"es","@id":"https:\/\/quehacerpolitico.mx\/?p=106237#primaryimage","url":"https:\/\/quehacerpolitico.mx\/wp-content\/uploads\/2023\/11\/IMG_1899.jpeg","contentUrl":"https:\/\/quehacerpolitico.mx\/wp-content\/uploads\/2023\/11\/IMG_1899.jpeg","width":2048,"height":1364},{"@type":"BreadcrumbList","@id":"https:\/\/quehacerpolitico.mx\/?p=106237#breadcrumb","itemListElement":[{"@type":"ListItem","position":1,"name":"Inicio","item":"https:\/\/quehacerpolitico.mx\/"},{"@type":"ListItem","position":2,"name":"X\u00f3chitl G\u00e1lvez se registra como precandidata del PAN a la presidencia"}]},{"@type":"WebSite","@id":"https:\/\/quehacerpolitico.mx\/#website","url":"https:\/\/quehacerpolitico.mx\/","name":"","description":"","potentialAction":[{"@type":"SearchAction","target":{"@type":"EntryPoint","urlTemplate":"https:\/\/quehacerpolitico.mx\/?s={search_term_string}"},"query-input":{"@type":"PropertyValueSpecification","valueRequired":true,"valueName":"search_term_string"}}],"inLanguage":"es"},{"@type":"Person","@id":"https:\/\/quehacerpolitico.mx\/#\/schema\/person\/496d8ad2d1d3f8036101dca7ee39e585","name":"Redacci\u00f3n QP","image":{"@type":"ImageObject","inLanguage":"es","@id":"https:\/\/secure.gravatar.com\/avatar\/c7164ed6fdec453195284ad24a5ae5b6e1eed2b848477fa2a4787ba9adf39a41?s=96&d=mm&r=g","url":"https:\/\/secure.gravatar.com\/avatar\/c7164ed6fdec453195284ad24a5ae5b6e1eed2b848477fa2a4787ba9adf39a41?s=96&d=mm&r=g","contentUrl":"https:\/\/secure.gravatar.com\/avatar\/c7164ed6fdec453195284ad24a5ae5b6e1eed2b848477fa2a4787ba9adf39a41?s=96&d=mm&r=g","caption":"Redacci\u00f3n QP"},"url":"https:\/\/quehacerpolitico.mx\/?author=2"}]}},"featured_image_urls":{"full":["https:\/\/quehacerpolitico.mx\/wp-content\/uploads\/2023\/11\/IMG_1899.jpeg",2048,1364,false],"thumbnail":["https:\/\/quehacerpolitico.mx\/wp-content\/uploads\/2023\/11\/IMG_1899-150x150.jpeg",150,150,true],"medium":["https:\/\/quehacerpolitico.mx\/wp-content\/uploads\/2023\/11\/IMG_1899-300x200.jpeg",300,200,true],"medium_large":["https:\/\/quehacerpolitico.mx\/wp-content\/uploads\/2023\/11\/IMG_1899-768x512.jpeg",640,427,true],"large":["https:\/\/quehacerpolitico.mx\/wp-content\/uploads\/2023\/11\/IMG_1899-1024x682.jpeg",640,426,true],"1536x1536":["https:\/\/quehacerpolitico.mx\/wp-content\/uploads\/2023\/11\/IMG_1899-1536x1023.jpeg",1536,1023,true],"2048x2048":["https:\/\/quehacerpolitico.mx\/wp-content\/uploads\/2023\/11\/IMG_1899.jpeg",2048,1364,false],"covernews-featured":["https:\/\/quehacerpolitico.mx\/wp-content\/uploads\/2023\/11\/IMG_1899.jpeg",1024,682,false],"covernews-medium":["https:\/\/quehacerpolitico.mx\/wp-content\/uploads\/2023\/11\/IMG_1899.jpeg",510,340,false]},"author_info":{"display_name":"Redacci\u00f3n QP","author_link":"https:\/\/quehacerpolitico.mx\/?author=2"},"category_info":"<a href=\"https:\/\/quehacerpolitico.mx\/?cat=2\" rel=\"category\">Noticias<\/a>","tag_info":"Noticias","comment_count":"0","_links":{"self":[{"href":"https:\/\/quehacerpolitico.mx\/index.php?rest_route=\/wp\/v2\/posts\/106237","targetHints":{"allow":["GET"]}}],"collection":[{"href":"https:\/\/quehacerpolitico.mx\/index.php?rest_route=\/wp\/v2\/posts"}],"about":[{"href":"https:\/\/quehacerpolitico.mx\/index.php?rest_route=\/wp\/v2\/types\/post"}],"author":[{"embeddable":true,"href":"https:\/\/quehacerpolitico.mx\/index.php?rest_route=\/wp\/v2\/users\/2"}],"replies":[{"embeddable":true,"href":"https:\/\/quehacerpolitico.mx\/index.php?rest_route=%2Fwp%2Fv2%2Fcomments&post=106237"}],"version-history":[{"count":1,"href":"https:\/\/quehacerpolitico.mx\/index.php?rest_route=\/wp\/v2\/posts\/106237\/revisions"}],"predecessor-version":[{"id":106240,"href":"https:\/\/quehacerpolitico.mx\/index.php?rest_route=\/wp\/v2\/posts\/106237\/revisions\/106240"}],"wp:featuredmedia":[{"embeddable":true,"href":"https:\/\/quehacerpolitico.mx\/index.php?rest_route=\/wp\/v2\/media\/106239"}],"wp:attachment":[{"href":"https:\/\/quehacerpolitico.mx\/index.php?rest_route=%2Fwp%2Fv2%2Fmedia&parent=106237"}],"wp:term":[{"taxonomy":"category","embeddable":true,"href":"https:\/\/quehacerpolitico.mx\/index.php?rest_route=%2Fwp%2Fv2%2Fcategories&post=106237"},{"taxonomy":"post_tag","embeddable":true,"href":"https:\/\/quehacerpolitico.mx\/index.php?rest_route=%2Fwp%2Fv2%2Ftags&post=106237"}],"curies":[{"name":"wp","href":"https:\/\/api.w.org\/{rel}","templated":true}]}}