{"id":106140,"date":"2023-11-04T00:27:24","date_gmt":"2023-11-04T00:27:24","guid":{"rendered":"https:\/\/quehacerpolitico.mx\/?p=106140"},"modified":"2023-11-04T00:27:27","modified_gmt":"2023-11-04T00:27:27","slug":"ni-xochitl-ni-sheinbaum-hicieron-plagio-en-sus-tesis-eso-determino-la-unam","status":"publish","type":"post","link":"https:\/\/quehacerpolitico.mx\/?p=106140","title":{"rendered":"Ni Xochitl ni Sheinbaum hicieron plagio en sus tesis, eso determin\u00f3 la UNAM"},"content":{"rendered":"\n<p>Por Redacci\u00f3n QP<\/p>\n\n\n\n<p>A trav\u00e9s de un comunicado, la Universidad Aut\u00f3noma de M\u00e9xico resolvi\u00f3 que no hay plagio en la tesis de la virtual candidata del Frente Amplio de M\u00e9xico<\/p>\n\n\n\n<p>La senadora<strong>&nbsp;X\u00f3chitl G\u00e1lvez<\/strong>, abanderada presidencial del&nbsp;<strong>Frente Amplio por M\u00e9xico (FAM)&nbsp;<\/strong>se enfrent\u00f3 ante acusaciones de plagio en su grado de licenciatura en Ingenier\u00eda en Computaci\u00f3n, en 2010. Asimismo, la<strong>&nbsp;Dra. Claudia Sheinbaum Pardo<\/strong>, abanderada de Morena. recibi\u00f3 acusaciones similares. Ante esto, la&nbsp;<strong>Universidad Aut\u00f3noma de M\u00e9xico (UNAM<\/strong>), realiz\u00f3 una minuciosa revisi\u00f3n a ambos trabajos.<\/p>\n\n\n\n<p>Este viernes 3 de noviembre, la UNAM difundi\u00f3 un comunicado de prensa mediante el cual inform\u00f3 que tanto la Coordinadora de la Defensa de la Cuarta Transformaci\u00f3n, Claudia Sheinbaum Pardo, como la representante del FAM<strong>\u00a0no cometieron plagio en sus trabajos de titulaci\u00f3n.<\/strong><\/p>\n\n\n\n<figure class=\"wp-block-image size-large\"><img loading=\"lazy\" decoding=\"async\" width=\"790\" height=\"1024\" src=\"https:\/\/quehacerpolitico.mx\/wp-content\/uploads\/2023\/11\/image-13-790x1024.jpeg\" alt=\"\" class=\"wp-image-106142\" srcset=\"https:\/\/quehacerpolitico.mx\/wp-content\/uploads\/2023\/11\/image-13-790x1024.jpeg 790w, https:\/\/quehacerpolitico.mx\/wp-content\/uploads\/2023\/11\/image-13-231x300.jpeg 231w, https:\/\/quehacerpolitico.mx\/wp-content\/uploads\/2023\/11\/image-13-768x995.jpeg 768w, https:\/\/quehacerpolitico.mx\/wp-content\/uploads\/2023\/11\/image-13-1185x1536.jpeg 1185w, https:\/\/quehacerpolitico.mx\/wp-content\/uploads\/2023\/11\/image-13-113x146.jpeg 113w, https:\/\/quehacerpolitico.mx\/wp-content\/uploads\/2023\/11\/image-13-39x50.jpeg 39w, https:\/\/quehacerpolitico.mx\/wp-content\/uploads\/2023\/11\/image-13-58x75.jpeg 58w, https:\/\/quehacerpolitico.mx\/wp-content\/uploads\/2023\/11\/image-13.jpeg 1202w\" sizes=\"auto, (max-width: 790px) 100vw, 790px\" \/><\/figure>\n\n\n\n<figure class=\"wp-block-image size-large\"><img loading=\"lazy\" decoding=\"async\" width=\"781\" height=\"1024\" src=\"https:\/\/quehacerpolitico.mx\/wp-content\/uploads\/2023\/11\/image-12-781x1024.jpeg\" alt=\"\" class=\"wp-image-106141\" srcset=\"https:\/\/quehacerpolitico.mx\/wp-content\/uploads\/2023\/11\/image-12-781x1024.jpeg 781w, https:\/\/quehacerpolitico.mx\/wp-content\/uploads\/2023\/11\/image-12-229x300.jpeg 229w, https:\/\/quehacerpolitico.mx\/wp-content\/uploads\/2023\/11\/image-12-768x1007.jpeg 768w, https:\/\/quehacerpolitico.mx\/wp-content\/uploads\/2023\/11\/image-12-1172x1536.jpeg 1172w, https:\/\/quehacerpolitico.mx\/wp-content\/uploads\/2023\/11\/image-12-111x146.jpeg 111w, https:\/\/quehacerpolitico.mx\/wp-content\/uploads\/2023\/11\/image-12-38x50.jpeg 38w, https:\/\/quehacerpolitico.mx\/wp-content\/uploads\/2023\/11\/image-12-57x75.jpeg 57w, https:\/\/quehacerpolitico.mx\/wp-content\/uploads\/2023\/11\/image-12.jpeg 1190w\" sizes=\"auto, (max-width: 781px) 100vw, 781px\" \/><\/figure>\n\n\n\n<p>El presidente del\u00a0<strong>Consejo T\u00e9cnico de la Facultad de Ingenier\u00eda hizo entrega del dictamen en torno al informe profesional presentado en su momento por la ingeniera Bertha X\u00f3chitl G\u00e1lvez Ruiz<\/strong>, el cual concluye que\u00a0se trata de un trabajo original\u00a0que cumple con las finalidades de la modalidad de titulaci\u00f3n con la que se gradu\u00f3.<\/p>\n\n\n\n<p>Asimismo, el dictamen solicita a la autora que env\u00ede las precisiones a las citas ausentes en su informe profesional.<\/p>\n\n\n\n<p>Respecto al caso de la<strong>\u00a0Dra. Sheinbaum, la UNAM explic\u00f3 que la Rector\u00eda solicit\u00f3 una opini\u00f3n inicial a la Direcci\u00f3n General de Bibliotecas y Servicios Digitales de Informaci\u00f3n sobre las posibles coincidencias de sus tesis de licenciatura con otros textos.<\/strong>\u00a0Al respecto se se\u00f1ala que\u00a0no fueron halladas similitudes ni omisiones mayores en el reconocimiento de otros autores en la tesis analizada.<\/p>\n\n\n\n<h2 class=\"wp-block-heading\">La UNAM toma postura respecto a casos de plagios<\/h2>\n\n\n\n<p>En el mismo comunicado, la m\u00e1xima casa de estudios reiter\u00f3 su compromiso con la honestidad acad\u00e9mica de sus estudiantes, acad\u00e9micos y egresados. Al tiempo que entiende que los casos antes referidos son de figuras p\u00fablicas y que las denuncias sobre las supuestas irregularidades est\u00e1n enmarcadas dentro de la contienda pol\u00edtico-electoral del pr\u00f3ximo 2024.<\/p>\n\n\n\n<p>Asimismo, la UNAM ha establecido que a partir de esta fecha y para evitar que la casa de estudios sea utilizada con fines partidistas, s\u00f3lo emitir\u00e1 dict\u00e1menes sobre posibles plagios en aquellos casos en donde sea imprescindible la presentaci\u00f3n de un grado acad\u00e9mico para desempe\u00f1ar un cargo de responsabilidad.<\/p>\n","protected":false},"excerpt":{"rendered":"<p>Por Redacci\u00f3n QP A trav\u00e9s de un comunicado, la Universidad Aut\u00f3noma de M\u00e9xico resolvi\u00f3 que&#8230;<\/p>\n","protected":false},"author":2,"featured_media":106143,"comment_status":"open","ping_status":"open","sticky":false,"template":"","format":"standard","meta":{"_monsterinsights_skip_tracking":false,"_monsterinsights_sitenote_active":false,"_monsterinsights_sitenote_note":"","_monsterinsights_sitenote_category":0,"footnotes":""},"categories":[2],"tags":[],"class_list":["post-106140","post","type-post","status-publish","format-standard","has-post-thumbnail","hentry","category-noticias"],"yoast_head":"<!-- This site is optimized with the Yoast SEO plugin v27.3 - https:\/\/yoast.com\/product\/yoast-seo-wordpress\/ -->\n<title>Ni Xochitl ni Sheinbaum hicieron plagio en sus tesis, eso determin\u00f3 la UNAM -<\/title>\n<meta name=\"robots\" content=\"index, follow, max-snippet:-1, max-image-preview:large, max-video-preview:-1\" \/>\n<link rel=\"canonical\" href=\"https:\/\/quehacerpolitico.mx\/?p=106140\" \/>\n<meta property=\"og:locale\" content=\"es_MX\" \/>\n<meta property=\"og:type\" content=\"article\" \/>\n<meta property=\"og:title\" content=\"Ni Xochitl ni Sheinbaum hicieron plagio en sus tesis, eso determin\u00f3 la UNAM -\" \/>\n<meta property=\"og:description\" content=\"Por Redacci\u00f3n QP A trav\u00e9s de un comunicado, la Universidad Aut\u00f3noma de M\u00e9xico resolvi\u00f3 que...\" \/>\n<meta property=\"og:url\" content=\"https:\/\/quehacerpolitico.mx\/?p=106140\" \/>\n<meta property=\"article:published_time\" content=\"2023-11-04T00:27:24+00:00\" \/>\n<meta property=\"article:modified_time\" content=\"2023-11-04T00:27:27+00:00\" \/>\n<meta property=\"og:image\" content=\"https:\/\/quehacerpolitico.mx\/wp-content\/uploads\/2023\/11\/IMG_1819.jpeg\" \/>\n\t<meta property=\"og:image:width\" content=\"640\" \/>\n\t<meta property=\"og:image:height\" content=\"359\" \/>\n\t<meta property=\"og:image:type\" content=\"image\/jpeg\" \/>\n<meta name=\"author\" content=\"Redacci\u00f3n QP\" \/>\n<meta name=\"twitter:card\" content=\"summary_large_image\" \/>\n<meta name=\"twitter:label1\" content=\"Escrito por\" \/>\n\t<meta name=\"twitter:data1\" content=\"Redacci\u00f3n QP\" \/>\n\t<meta name=\"twitter:label2\" content=\"Tiempo de lectura\" \/>\n\t<meta name=\"twitter:data2\" content=\"2 minutos\" \/>\n<script type=\"application\/ld+json\" class=\"yoast-schema-graph\">{\"@context\":\"https:\\\/\\\/schema.org\",\"@graph\":[{\"@type\":\"Article\",\"@id\":\"https:\\\/\\\/quehacerpolitico.mx\\\/?p=106140#article\",\"isPartOf\":{\"@id\":\"https:\\\/\\\/quehacerpolitico.mx\\\/?p=106140\"},\"author\":{\"name\":\"Redacci\u00f3n QP\",\"@id\":\"https:\\\/\\\/quehacerpolitico.mx\\\/#\\\/schema\\\/person\\\/496d8ad2d1d3f8036101dca7ee39e585\"},\"headline\":\"Ni Xochitl ni Sheinbaum hicieron plagio en sus tesis, eso determin\u00f3 la UNAM\",\"datePublished\":\"2023-11-04T00:27:24+00:00\",\"dateModified\":\"2023-11-04T00:27:27+00:00\",\"mainEntityOfPage\":{\"@id\":\"https:\\\/\\\/quehacerpolitico.mx\\\/?p=106140\"},\"wordCount\":429,\"commentCount\":0,\"image\":{\"@id\":\"https:\\\/\\\/quehacerpolitico.mx\\\/?p=106140#primaryimage\"},\"thumbnailUrl\":\"https:\\\/\\\/quehacerpolitico.mx\\\/wp-content\\\/uploads\\\/2023\\\/11\\\/IMG_1819.jpeg\",\"articleSection\":[\"Noticias\"],\"inLanguage\":\"es\",\"potentialAction\":[{\"@type\":\"CommentAction\",\"name\":\"Comment\",\"target\":[\"https:\\\/\\\/quehacerpolitico.mx\\\/?p=106140#respond\"]}]},{\"@type\":\"WebPage\",\"@id\":\"https:\\\/\\\/quehacerpolitico.mx\\\/?p=106140\",\"url\":\"https:\\\/\\\/quehacerpolitico.mx\\\/?p=106140\",\"name\":\"Ni Xochitl ni Sheinbaum hicieron plagio en sus tesis, eso determin\u00f3 la UNAM -\",\"isPartOf\":{\"@id\":\"https:\\\/\\\/quehacerpolitico.mx\\\/#website\"},\"primaryImageOfPage\":{\"@id\":\"https:\\\/\\\/quehacerpolitico.mx\\\/?p=106140#primaryimage\"},\"image\":{\"@id\":\"https:\\\/\\\/quehacerpolitico.mx\\\/?p=106140#primaryimage\"},\"thumbnailUrl\":\"https:\\\/\\\/quehacerpolitico.mx\\\/wp-content\\\/uploads\\\/2023\\\/11\\\/IMG_1819.jpeg\",\"datePublished\":\"2023-11-04T00:27:24+00:00\",\"dateModified\":\"2023-11-04T00:27:27+00:00\",\"author\":{\"@id\":\"https:\\\/\\\/quehacerpolitico.mx\\\/#\\\/schema\\\/person\\\/496d8ad2d1d3f8036101dca7ee39e585\"},\"breadcrumb\":{\"@id\":\"https:\\\/\\\/quehacerpolitico.mx\\\/?p=106140#breadcrumb\"},\"inLanguage\":\"es\",\"potentialAction\":[{\"@type\":\"ReadAction\",\"target\":[\"https:\\\/\\\/quehacerpolitico.mx\\\/?p=106140\"]}]},{\"@type\":\"ImageObject\",\"inLanguage\":\"es\",\"@id\":\"https:\\\/\\\/quehacerpolitico.mx\\\/?p=106140#primaryimage\",\"url\":\"https:\\\/\\\/quehacerpolitico.mx\\\/wp-content\\\/uploads\\\/2023\\\/11\\\/IMG_1819.jpeg\",\"contentUrl\":\"https:\\\/\\\/quehacerpolitico.mx\\\/wp-content\\\/uploads\\\/2023\\\/11\\\/IMG_1819.jpeg\",\"width\":640,\"height\":359},{\"@type\":\"BreadcrumbList\",\"@id\":\"https:\\\/\\\/quehacerpolitico.mx\\\/?p=106140#breadcrumb\",\"itemListElement\":[{\"@type\":\"ListItem\",\"position\":1,\"name\":\"Inicio\",\"item\":\"https:\\\/\\\/quehacerpolitico.mx\\\/\"},{\"@type\":\"ListItem\",\"position\":2,\"name\":\"Ni Xochitl ni Sheinbaum hicieron plagio en sus tesis, eso determin\u00f3 la UNAM\"}]},{\"@type\":\"WebSite\",\"@id\":\"https:\\\/\\\/quehacerpolitico.mx\\\/#website\",\"url\":\"https:\\\/\\\/quehacerpolitico.mx\\\/\",\"name\":\"\",\"description\":\"\",\"potentialAction\":[{\"@type\":\"SearchAction\",\"target\":{\"@type\":\"EntryPoint\",\"urlTemplate\":\"https:\\\/\\\/quehacerpolitico.mx\\\/?s={search_term_string}\"},\"query-input\":{\"@type\":\"PropertyValueSpecification\",\"valueRequired\":true,\"valueName\":\"search_term_string\"}}],\"inLanguage\":\"es\"},{\"@type\":\"Person\",\"@id\":\"https:\\\/\\\/quehacerpolitico.mx\\\/#\\\/schema\\\/person\\\/496d8ad2d1d3f8036101dca7ee39e585\",\"name\":\"Redacci\u00f3n QP\",\"image\":{\"@type\":\"ImageObject\",\"inLanguage\":\"es\",\"@id\":\"https:\\\/\\\/secure.gravatar.com\\\/avatar\\\/c7164ed6fdec453195284ad24a5ae5b6e1eed2b848477fa2a4787ba9adf39a41?s=96&d=mm&r=g\",\"url\":\"https:\\\/\\\/secure.gravatar.com\\\/avatar\\\/c7164ed6fdec453195284ad24a5ae5b6e1eed2b848477fa2a4787ba9adf39a41?s=96&d=mm&r=g\",\"contentUrl\":\"https:\\\/\\\/secure.gravatar.com\\\/avatar\\\/c7164ed6fdec453195284ad24a5ae5b6e1eed2b848477fa2a4787ba9adf39a41?s=96&d=mm&r=g\",\"caption\":\"Redacci\u00f3n QP\"},\"url\":\"https:\\\/\\\/quehacerpolitico.mx\\\/?author=2\"}]}<\/script>\n<!-- \/ Yoast SEO plugin. -->","yoast_head_json":{"title":"Ni Xochitl ni Sheinbaum hicieron plagio en sus tesis, eso determin\u00f3 la UNAM -","robots":{"index":"index","follow":"follow","max-snippet":"max-snippet:-1","max-image-preview":"max-image-preview:large","max-video-preview":"max-video-preview:-1"},"canonical":"https:\/\/quehacerpolitico.mx\/?p=106140","og_locale":"es_MX","og_type":"article","og_title":"Ni Xochitl ni Sheinbaum hicieron plagio en sus tesis, eso determin\u00f3 la UNAM -","og_description":"Por Redacci\u00f3n QP A trav\u00e9s de un comunicado, la Universidad Aut\u00f3noma de M\u00e9xico resolvi\u00f3 que...","og_url":"https:\/\/quehacerpolitico.mx\/?p=106140","article_published_time":"2023-11-04T00:27:24+00:00","article_modified_time":"2023-11-04T00:27:27+00:00","og_image":[{"width":640,"height":359,"url":"https:\/\/quehacerpolitico.mx\/wp-content\/uploads\/2023\/11\/IMG_1819.jpeg","type":"image\/jpeg"}],"author":"Redacci\u00f3n QP","twitter_card":"summary_large_image","twitter_misc":{"Escrito por":"Redacci\u00f3n QP","Tiempo de lectura":"2 minutos"},"schema":{"@context":"https:\/\/schema.org","@graph":[{"@type":"Article","@id":"https:\/\/quehacerpolitico.mx\/?p=106140#article","isPartOf":{"@id":"https:\/\/quehacerpolitico.mx\/?p=106140"},"author":{"name":"Redacci\u00f3n QP","@id":"https:\/\/quehacerpolitico.mx\/#\/schema\/person\/496d8ad2d1d3f8036101dca7ee39e585"},"headline":"Ni Xochitl ni Sheinbaum hicieron plagio en sus tesis, eso determin\u00f3 la UNAM","datePublished":"2023-11-04T00:27:24+00:00","dateModified":"2023-11-04T00:27:27+00:00","mainEntityOfPage":{"@id":"https:\/\/quehacerpolitico.mx\/?p=106140"},"wordCount":429,"commentCount":0,"image":{"@id":"https:\/\/quehacerpolitico.mx\/?p=106140#primaryimage"},"thumbnailUrl":"https:\/\/quehacerpolitico.mx\/wp-content\/uploads\/2023\/11\/IMG_1819.jpeg","articleSection":["Noticias"],"inLanguage":"es","potentialAction":[{"@type":"CommentAction","name":"Comment","target":["https:\/\/quehacerpolitico.mx\/?p=106140#respond"]}]},{"@type":"WebPage","@id":"https:\/\/quehacerpolitico.mx\/?p=106140","url":"https:\/\/quehacerpolitico.mx\/?p=106140","name":"Ni Xochitl ni Sheinbaum hicieron plagio en sus tesis, eso determin\u00f3 la UNAM -","isPartOf":{"@id":"https:\/\/quehacerpolitico.mx\/#website"},"primaryImageOfPage":{"@id":"https:\/\/quehacerpolitico.mx\/?p=106140#primaryimage"},"image":{"@id":"https:\/\/quehacerpolitico.mx\/?p=106140#primaryimage"},"thumbnailUrl":"https:\/\/quehacerpolitico.mx\/wp-content\/uploads\/2023\/11\/IMG_1819.jpeg","datePublished":"2023-11-04T00:27:24+00:00","dateModified":"2023-11-04T00:27:27+00:00","author":{"@id":"https:\/\/quehacerpolitico.mx\/#\/schema\/person\/496d8ad2d1d3f8036101dca7ee39e585"},"breadcrumb":{"@id":"https:\/\/quehacerpolitico.mx\/?p=106140#breadcrumb"},"inLanguage":"es","potentialAction":[{"@type":"ReadAction","target":["https:\/\/quehacerpolitico.mx\/?p=106140"]}]},{"@type":"ImageObject","inLanguage":"es","@id":"https:\/\/quehacerpolitico.mx\/?p=106140#primaryimage","url":"https:\/\/quehacerpolitico.mx\/wp-content\/uploads\/2023\/11\/IMG_1819.jpeg","contentUrl":"https:\/\/quehacerpolitico.mx\/wp-content\/uploads\/2023\/11\/IMG_1819.jpeg","width":640,"height":359},{"@type":"BreadcrumbList","@id":"https:\/\/quehacerpolitico.mx\/?p=106140#breadcrumb","itemListElement":[{"@type":"ListItem","position":1,"name":"Inicio","item":"https:\/\/quehacerpolitico.mx\/"},{"@type":"ListItem","position":2,"name":"Ni Xochitl ni Sheinbaum hicieron plagio en sus tesis, eso determin\u00f3 la UNAM"}]},{"@type":"WebSite","@id":"https:\/\/quehacerpolitico.mx\/#website","url":"https:\/\/quehacerpolitico.mx\/","name":"","description":"","potentialAction":[{"@type":"SearchAction","target":{"@type":"EntryPoint","urlTemplate":"https:\/\/quehacerpolitico.mx\/?s={search_term_string}"},"query-input":{"@type":"PropertyValueSpecification","valueRequired":true,"valueName":"search_term_string"}}],"inLanguage":"es"},{"@type":"Person","@id":"https:\/\/quehacerpolitico.mx\/#\/schema\/person\/496d8ad2d1d3f8036101dca7ee39e585","name":"Redacci\u00f3n QP","image":{"@type":"ImageObject","inLanguage":"es","@id":"https:\/\/secure.gravatar.com\/avatar\/c7164ed6fdec453195284ad24a5ae5b6e1eed2b848477fa2a4787ba9adf39a41?s=96&d=mm&r=g","url":"https:\/\/secure.gravatar.com\/avatar\/c7164ed6fdec453195284ad24a5ae5b6e1eed2b848477fa2a4787ba9adf39a41?s=96&d=mm&r=g","contentUrl":"https:\/\/secure.gravatar.com\/avatar\/c7164ed6fdec453195284ad24a5ae5b6e1eed2b848477fa2a4787ba9adf39a41?s=96&d=mm&r=g","caption":"Redacci\u00f3n QP"},"url":"https:\/\/quehacerpolitico.mx\/?author=2"}]}},"featured_image_urls":{"full":["https:\/\/quehacerpolitico.mx\/wp-content\/uploads\/2023\/11\/IMG_1819.jpeg",640,359,false],"thumbnail":["https:\/\/quehacerpolitico.mx\/wp-content\/uploads\/2023\/11\/IMG_1819-150x150.jpeg",150,150,true],"medium":["https:\/\/quehacerpolitico.mx\/wp-content\/uploads\/2023\/11\/IMG_1819-300x168.jpeg",300,168,true],"medium_large":["https:\/\/quehacerpolitico.mx\/wp-content\/uploads\/2023\/11\/IMG_1819.jpeg",640,359,false],"large":["https:\/\/quehacerpolitico.mx\/wp-content\/uploads\/2023\/11\/IMG_1819.jpeg",640,359,false],"1536x1536":["https:\/\/quehacerpolitico.mx\/wp-content\/uploads\/2023\/11\/IMG_1819.jpeg",640,359,false],"2048x2048":["https:\/\/quehacerpolitico.mx\/wp-content\/uploads\/2023\/11\/IMG_1819.jpeg",640,359,false],"covernews-featured":["https:\/\/quehacerpolitico.mx\/wp-content\/uploads\/2023\/11\/IMG_1819.jpeg",640,359,false],"covernews-medium":["https:\/\/quehacerpolitico.mx\/wp-content\/uploads\/2023\/11\/IMG_1819.jpeg",540,303,false]},"author_info":{"display_name":"Redacci\u00f3n QP","author_link":"https:\/\/quehacerpolitico.mx\/?author=2"},"category_info":"<a href=\"https:\/\/quehacerpolitico.mx\/?cat=2\" rel=\"category\">Noticias<\/a>","tag_info":"Noticias","comment_count":"0","_links":{"self":[{"href":"https:\/\/quehacerpolitico.mx\/index.php?rest_route=\/wp\/v2\/posts\/106140","targetHints":{"allow":["GET"]}}],"collection":[{"href":"https:\/\/quehacerpolitico.mx\/index.php?rest_route=\/wp\/v2\/posts"}],"about":[{"href":"https:\/\/quehacerpolitico.mx\/index.php?rest_route=\/wp\/v2\/types\/post"}],"author":[{"embeddable":true,"href":"https:\/\/quehacerpolitico.mx\/index.php?rest_route=\/wp\/v2\/users\/2"}],"replies":[{"embeddable":true,"href":"https:\/\/quehacerpolitico.mx\/index.php?rest_route=%2Fwp%2Fv2%2Fcomments&post=106140"}],"version-history":[{"count":1,"href":"https:\/\/quehacerpolitico.mx\/index.php?rest_route=\/wp\/v2\/posts\/106140\/revisions"}],"predecessor-version":[{"id":106144,"href":"https:\/\/quehacerpolitico.mx\/index.php?rest_route=\/wp\/v2\/posts\/106140\/revisions\/106144"}],"wp:featuredmedia":[{"embeddable":true,"href":"https:\/\/quehacerpolitico.mx\/index.php?rest_route=\/wp\/v2\/media\/106143"}],"wp:attachment":[{"href":"https:\/\/quehacerpolitico.mx\/index.php?rest_route=%2Fwp%2Fv2%2Fmedia&parent=106140"}],"wp:term":[{"taxonomy":"category","embeddable":true,"href":"https:\/\/quehacerpolitico.mx\/index.php?rest_route=%2Fwp%2Fv2%2Fcategories&post=106140"},{"taxonomy":"post_tag","embeddable":true,"href":"https:\/\/quehacerpolitico.mx\/index.php?rest_route=%2Fwp%2Fv2%2Ftags&post=106140"}],"curies":[{"name":"wp","href":"https:\/\/api.w.org\/{rel}","templated":true}]}}