{"id":106134,"date":"2023-11-03T20:51:19","date_gmt":"2023-11-03T20:51:19","guid":{"rendered":"https:\/\/quehacerpolitico.mx\/?p=106134"},"modified":"2023-11-03T20:51:21","modified_gmt":"2023-11-03T20:51:21","slug":"harfuch-no-la-tiene-tan-clara-ya-que-podria-ganar-en-la-encuesta-pero-perder-en-la-mesa-por-el-tema-de-la-paridad-de-genero","status":"publish","type":"post","link":"https:\/\/quehacerpolitico.mx\/?p=106134","title":{"rendered":"Harfuch no la tiene tan Clara ya que podr\u00eda ganar en la encuesta pero perder en la mesa por el tema de la paridad de g\u00e9nero"},"content":{"rendered":"\n<p>Por Redacci\u00f3n QP<\/p>\n\n\n\n<p>El presidente nacional de Morena,&nbsp;<strong>Mario Delgado Carrillo<\/strong>, admiti\u00f3 que&nbsp;<strong>Omar Garc\u00eda Harfuch<\/strong>&nbsp;puede ser el ganador de la encuesta para elegir al coordinador de la transformaci\u00f3n en la&nbsp;<strong>Ciudad de M\u00e9xico<\/strong>, pero perder en la mesa por el tema de la paridad de g\u00e9nero.<\/p>\n\n\n\n<p>En entrevista a su llegada al aeropuerto de San Luis Potos\u00ed, explic\u00f3 que el exsecretario de Seguridad Ciudadana de la capital del pa\u00eds es uno de los siete aspirantes hombres que puede quedar fuera en acatamiento a lo que han ordenado las<strong> autoridades electorales<\/strong>.<\/p>\n\n\n\n<p>Se le pregunt\u00f3 al l\u00edder de&nbsp;<strong>Morena<\/strong>&nbsp;si hab\u00eda la posibilidad de que&nbsp;<strong>Garc\u00eda Harfuch<\/strong>&nbsp;gane la encuesta en la Ciudad de M\u00e9xico, pero pierda en la mesa finalmente por el tema de la paridad de g\u00e9nero, a lo que respondi\u00f3 que s\u00ed.&nbsp;<\/p>\n\n\n\n<p>\u201cS\u00ed, es una de las posibilidades, como \u00e9l as\u00ed hay por lo menos en las otras entidades, en siete entidades m\u00e1s, hay esa posibilidad de que un hombre que gane su&nbsp;<strong>encuesta<\/strong>&nbsp;termine no siendo el candidato por la regla de paridad\u201d, coment\u00f3.<\/p>\n\n\n\n<p>Sobre la posibilidad de divisiones o ruptura entre Morena y aliados,&nbsp;<strong>Delgado Carrillo&nbsp;<\/strong>consider\u00f3 que no deben darse \u201cpretextos para eso y por parte del partido tiene que prevalecer mucha transparencia, mucha claridad en las reglas en el tema de las encuestas\u201d.<\/p>\n\n\n\n<p>\u201cPrimero, c\u00f3mo se levantaron las\u00a0<strong>encuestas espejo<\/strong>\u00a0para que haya certidumbre, despu\u00e9s, va a ser el tema de g\u00e9nero, que no le corresponde exclusivamente a un estado, es una decisi\u00f3n que se toma en conjunto en las nueve entidades\u201d, indic\u00f3.<\/p>\n\n\n\n<p><strong>Garc\u00eda Harfuch<\/strong>&nbsp;es aspirante a coordinador de la transformaci\u00f3n de la Ciudad de M\u00e9xico, y en caso de ganar la encuesta, ser\u00e1 el candidato a la J<strong>efatura de Gobierno<\/strong>&nbsp;en las elecciones del pr\u00f3ximo 2 de junio.<\/p>\n\n\n\n<p>El dirigente nacional de&nbsp;<strong>Morena<\/strong>&nbsp;aclar\u00f3 que la definici\u00f3n por paridad de g\u00e9nero \u201ctiene que ver con el resultado en cada una de las entidades, pero ese resultado en t\u00e9rminos relativos con los dem\u00e1s, si es mayor o menor la competitividad de las mujeres, ah\u00ed es como se define\u201d.<\/p>\n\n\n\n<p>\u201cEntonces no se puede tomar una decisi\u00f3n de manera aislada, es una decisi\u00f3n en conjunto, en bloque\u201d, apunt\u00f3.<\/p>\n\n\n\n<p>Delgado Carrillo mencion\u00f3 que est\u00e1 en comunicaci\u00f3n constante tanto con\u00a0<strong>Garc\u00eda Harfuch\u00a0<\/strong>como con la exalcaldesa de Iztapalapa,\u00a0<strong>Clara Brugada<\/strong>, por lo que descart\u00f3 que haya \u00e1nimos de ruptura.<\/p>\n\n\n\n<p>\u201cLa verdad es que no veo un \u00e1nimo de ruptura, obviamente es una contienda real, hay simpatizantes de ambos lados, y pues ellos quisieran que ganara la encuesta, su preferido o preferida, pero al igual que fue en la nacional, una vez que se resuelva, va a haber mucha unidad\u201d, vaticin\u00f3.<\/p>\n\n\n\n<p>En cuanto al excanciller&nbsp;<strong>Marcelo Ebrard&nbsp;<\/strong>inform\u00f3 que est\u00e1n a la espera de la respuesta de la Comisi\u00f3n de Honestidad de Morena, \u201cestamos esperando su respuesta, su impugnaci\u00f3n est\u00e1 siendo atendida, ojal\u00e1 pronto termine este vac\u00edo de informaci\u00f3n y tome decisiones a favor del movimiento.<\/p>\n\n\n\n<p>Delgado Carrillo descart\u00f3 nuevamente que&nbsp;<strong>Ebrard<\/strong>&nbsp;vaya a sumarse a las filas de&nbsp;<strong>Movimiento Ciudadano<\/strong>&nbsp;como aspirante a la presidencia<a href=\"https:\/\/twitter.com\/OHarfuch\" target=\"_blank\" rel=\"noreferrer noopener\">.<\/a><\/p>\n","protected":false},"excerpt":{"rendered":"<p>Por Redacci\u00f3n QP El presidente nacional de Morena,&nbsp;Mario Delgado Carrillo, admiti\u00f3 que&nbsp;Omar Garc\u00eda Harfuch&nbsp;puede ser&#8230;<\/p>\n","protected":false},"author":2,"featured_media":106135,"comment_status":"open","ping_status":"open","sticky":false,"template":"","format":"standard","meta":{"_monsterinsights_skip_tracking":false,"_monsterinsights_sitenote_active":false,"_monsterinsights_sitenote_note":"","_monsterinsights_sitenote_category":0,"footnotes":""},"categories":[55],"tags":[],"class_list":["post-106134","post","type-post","status-publish","format-standard","has-post-thumbnail","hentry","category-cdmx"],"yoast_head":"<!-- This site is optimized with the Yoast SEO plugin v27.3 - https:\/\/yoast.com\/product\/yoast-seo-wordpress\/ -->\n<title>Harfuch no la tiene tan Clara ya que podr\u00eda ganar en la encuesta pero perder en la mesa por el tema de la paridad de g\u00e9nero -<\/title>\n<meta name=\"robots\" content=\"index, follow, max-snippet:-1, max-image-preview:large, max-video-preview:-1\" \/>\n<link rel=\"canonical\" href=\"https:\/\/quehacerpolitico.mx\/?p=106134\" \/>\n<meta property=\"og:locale\" content=\"es_MX\" \/>\n<meta property=\"og:type\" content=\"article\" \/>\n<meta property=\"og:title\" content=\"Harfuch no la tiene tan Clara ya que podr\u00eda ganar en la encuesta pero perder en la mesa por el tema de la paridad de g\u00e9nero -\" \/>\n<meta property=\"og:description\" content=\"Por Redacci\u00f3n QP El presidente nacional de Morena,&nbsp;Mario Delgado Carrillo, admiti\u00f3 que&nbsp;Omar Garc\u00eda Harfuch&nbsp;puede ser...\" \/>\n<meta property=\"og:url\" content=\"https:\/\/quehacerpolitico.mx\/?p=106134\" \/>\n<meta property=\"article:published_time\" content=\"2023-11-03T20:51:19+00:00\" \/>\n<meta property=\"article:modified_time\" content=\"2023-11-03T20:51:21+00:00\" \/>\n<meta property=\"og:image\" content=\"https:\/\/quehacerpolitico.mx\/wp-content\/uploads\/2023\/11\/IMG_1815.jpeg\" \/>\n\t<meta property=\"og:image:width\" content=\"764\" \/>\n\t<meta property=\"og:image:height\" content=\"401\" \/>\n\t<meta property=\"og:image:type\" content=\"image\/jpeg\" \/>\n<meta name=\"author\" content=\"Redacci\u00f3n QP\" \/>\n<meta name=\"twitter:card\" content=\"summary_large_image\" \/>\n<meta name=\"twitter:label1\" content=\"Escrito por\" \/>\n\t<meta name=\"twitter:data1\" content=\"Redacci\u00f3n QP\" \/>\n\t<meta name=\"twitter:label2\" content=\"Tiempo de lectura\" \/>\n\t<meta name=\"twitter:data2\" content=\"3 minutos\" \/>\n<script type=\"application\/ld+json\" class=\"yoast-schema-graph\">{\"@context\":\"https:\\\/\\\/schema.org\",\"@graph\":[{\"@type\":\"Article\",\"@id\":\"https:\\\/\\\/quehacerpolitico.mx\\\/?p=106134#article\",\"isPartOf\":{\"@id\":\"https:\\\/\\\/quehacerpolitico.mx\\\/?p=106134\"},\"author\":{\"name\":\"Redacci\u00f3n QP\",\"@id\":\"https:\\\/\\\/quehacerpolitico.mx\\\/#\\\/schema\\\/person\\\/496d8ad2d1d3f8036101dca7ee39e585\"},\"headline\":\"Harfuch no la tiene tan Clara ya que podr\u00eda ganar en la encuesta pero perder en la mesa por el tema de la paridad de g\u00e9nero\",\"datePublished\":\"2023-11-03T20:51:19+00:00\",\"dateModified\":\"2023-11-03T20:51:21+00:00\",\"mainEntityOfPage\":{\"@id\":\"https:\\\/\\\/quehacerpolitico.mx\\\/?p=106134\"},\"wordCount\":592,\"commentCount\":0,\"image\":{\"@id\":\"https:\\\/\\\/quehacerpolitico.mx\\\/?p=106134#primaryimage\"},\"thumbnailUrl\":\"https:\\\/\\\/quehacerpolitico.mx\\\/wp-content\\\/uploads\\\/2023\\\/11\\\/IMG_1815.jpeg\",\"articleSection\":[\"CDMX\"],\"inLanguage\":\"es\",\"potentialAction\":[{\"@type\":\"CommentAction\",\"name\":\"Comment\",\"target\":[\"https:\\\/\\\/quehacerpolitico.mx\\\/?p=106134#respond\"]}]},{\"@type\":\"WebPage\",\"@id\":\"https:\\\/\\\/quehacerpolitico.mx\\\/?p=106134\",\"url\":\"https:\\\/\\\/quehacerpolitico.mx\\\/?p=106134\",\"name\":\"Harfuch no la tiene tan Clara ya que podr\u00eda ganar en la encuesta pero perder en la mesa por el tema de la paridad de g\u00e9nero -\",\"isPartOf\":{\"@id\":\"https:\\\/\\\/quehacerpolitico.mx\\\/#website\"},\"primaryImageOfPage\":{\"@id\":\"https:\\\/\\\/quehacerpolitico.mx\\\/?p=106134#primaryimage\"},\"image\":{\"@id\":\"https:\\\/\\\/quehacerpolitico.mx\\\/?p=106134#primaryimage\"},\"thumbnailUrl\":\"https:\\\/\\\/quehacerpolitico.mx\\\/wp-content\\\/uploads\\\/2023\\\/11\\\/IMG_1815.jpeg\",\"datePublished\":\"2023-11-03T20:51:19+00:00\",\"dateModified\":\"2023-11-03T20:51:21+00:00\",\"author\":{\"@id\":\"https:\\\/\\\/quehacerpolitico.mx\\\/#\\\/schema\\\/person\\\/496d8ad2d1d3f8036101dca7ee39e585\"},\"breadcrumb\":{\"@id\":\"https:\\\/\\\/quehacerpolitico.mx\\\/?p=106134#breadcrumb\"},\"inLanguage\":\"es\",\"potentialAction\":[{\"@type\":\"ReadAction\",\"target\":[\"https:\\\/\\\/quehacerpolitico.mx\\\/?p=106134\"]}]},{\"@type\":\"ImageObject\",\"inLanguage\":\"es\",\"@id\":\"https:\\\/\\\/quehacerpolitico.mx\\\/?p=106134#primaryimage\",\"url\":\"https:\\\/\\\/quehacerpolitico.mx\\\/wp-content\\\/uploads\\\/2023\\\/11\\\/IMG_1815.jpeg\",\"contentUrl\":\"https:\\\/\\\/quehacerpolitico.mx\\\/wp-content\\\/uploads\\\/2023\\\/11\\\/IMG_1815.jpeg\",\"width\":764,\"height\":401},{\"@type\":\"BreadcrumbList\",\"@id\":\"https:\\\/\\\/quehacerpolitico.mx\\\/?p=106134#breadcrumb\",\"itemListElement\":[{\"@type\":\"ListItem\",\"position\":1,\"name\":\"Inicio\",\"item\":\"https:\\\/\\\/quehacerpolitico.mx\\\/\"},{\"@type\":\"ListItem\",\"position\":2,\"name\":\"Harfuch no la tiene tan Clara ya que podr\u00eda ganar en la encuesta pero perder en la mesa por el tema de la paridad de g\u00e9nero\"}]},{\"@type\":\"WebSite\",\"@id\":\"https:\\\/\\\/quehacerpolitico.mx\\\/#website\",\"url\":\"https:\\\/\\\/quehacerpolitico.mx\\\/\",\"name\":\"\",\"description\":\"\",\"potentialAction\":[{\"@type\":\"SearchAction\",\"target\":{\"@type\":\"EntryPoint\",\"urlTemplate\":\"https:\\\/\\\/quehacerpolitico.mx\\\/?s={search_term_string}\"},\"query-input\":{\"@type\":\"PropertyValueSpecification\",\"valueRequired\":true,\"valueName\":\"search_term_string\"}}],\"inLanguage\":\"es\"},{\"@type\":\"Person\",\"@id\":\"https:\\\/\\\/quehacerpolitico.mx\\\/#\\\/schema\\\/person\\\/496d8ad2d1d3f8036101dca7ee39e585\",\"name\":\"Redacci\u00f3n QP\",\"image\":{\"@type\":\"ImageObject\",\"inLanguage\":\"es\",\"@id\":\"https:\\\/\\\/secure.gravatar.com\\\/avatar\\\/c7164ed6fdec453195284ad24a5ae5b6e1eed2b848477fa2a4787ba9adf39a41?s=96&d=mm&r=g\",\"url\":\"https:\\\/\\\/secure.gravatar.com\\\/avatar\\\/c7164ed6fdec453195284ad24a5ae5b6e1eed2b848477fa2a4787ba9adf39a41?s=96&d=mm&r=g\",\"contentUrl\":\"https:\\\/\\\/secure.gravatar.com\\\/avatar\\\/c7164ed6fdec453195284ad24a5ae5b6e1eed2b848477fa2a4787ba9adf39a41?s=96&d=mm&r=g\",\"caption\":\"Redacci\u00f3n QP\"},\"url\":\"https:\\\/\\\/quehacerpolitico.mx\\\/?author=2\"}]}<\/script>\n<!-- \/ Yoast SEO plugin. -->","yoast_head_json":{"title":"Harfuch no la tiene tan Clara ya que podr\u00eda ganar en la encuesta pero perder en la mesa por el tema de la paridad de g\u00e9nero -","robots":{"index":"index","follow":"follow","max-snippet":"max-snippet:-1","max-image-preview":"max-image-preview:large","max-video-preview":"max-video-preview:-1"},"canonical":"https:\/\/quehacerpolitico.mx\/?p=106134","og_locale":"es_MX","og_type":"article","og_title":"Harfuch no la tiene tan Clara ya que podr\u00eda ganar en la encuesta pero perder en la mesa por el tema de la paridad de g\u00e9nero -","og_description":"Por Redacci\u00f3n QP El presidente nacional de Morena,&nbsp;Mario Delgado Carrillo, admiti\u00f3 que&nbsp;Omar Garc\u00eda Harfuch&nbsp;puede ser...","og_url":"https:\/\/quehacerpolitico.mx\/?p=106134","article_published_time":"2023-11-03T20:51:19+00:00","article_modified_time":"2023-11-03T20:51:21+00:00","og_image":[{"width":764,"height":401,"url":"https:\/\/quehacerpolitico.mx\/wp-content\/uploads\/2023\/11\/IMG_1815.jpeg","type":"image\/jpeg"}],"author":"Redacci\u00f3n QP","twitter_card":"summary_large_image","twitter_misc":{"Escrito por":"Redacci\u00f3n QP","Tiempo de lectura":"3 minutos"},"schema":{"@context":"https:\/\/schema.org","@graph":[{"@type":"Article","@id":"https:\/\/quehacerpolitico.mx\/?p=106134#article","isPartOf":{"@id":"https:\/\/quehacerpolitico.mx\/?p=106134"},"author":{"name":"Redacci\u00f3n QP","@id":"https:\/\/quehacerpolitico.mx\/#\/schema\/person\/496d8ad2d1d3f8036101dca7ee39e585"},"headline":"Harfuch no la tiene tan Clara ya que podr\u00eda ganar en la encuesta pero perder en la mesa por el tema de la paridad de g\u00e9nero","datePublished":"2023-11-03T20:51:19+00:00","dateModified":"2023-11-03T20:51:21+00:00","mainEntityOfPage":{"@id":"https:\/\/quehacerpolitico.mx\/?p=106134"},"wordCount":592,"commentCount":0,"image":{"@id":"https:\/\/quehacerpolitico.mx\/?p=106134#primaryimage"},"thumbnailUrl":"https:\/\/quehacerpolitico.mx\/wp-content\/uploads\/2023\/11\/IMG_1815.jpeg","articleSection":["CDMX"],"inLanguage":"es","potentialAction":[{"@type":"CommentAction","name":"Comment","target":["https:\/\/quehacerpolitico.mx\/?p=106134#respond"]}]},{"@type":"WebPage","@id":"https:\/\/quehacerpolitico.mx\/?p=106134","url":"https:\/\/quehacerpolitico.mx\/?p=106134","name":"Harfuch no la tiene tan Clara ya que podr\u00eda ganar en la encuesta pero perder en la mesa por el tema de la paridad de g\u00e9nero -","isPartOf":{"@id":"https:\/\/quehacerpolitico.mx\/#website"},"primaryImageOfPage":{"@id":"https:\/\/quehacerpolitico.mx\/?p=106134#primaryimage"},"image":{"@id":"https:\/\/quehacerpolitico.mx\/?p=106134#primaryimage"},"thumbnailUrl":"https:\/\/quehacerpolitico.mx\/wp-content\/uploads\/2023\/11\/IMG_1815.jpeg","datePublished":"2023-11-03T20:51:19+00:00","dateModified":"2023-11-03T20:51:21+00:00","author":{"@id":"https:\/\/quehacerpolitico.mx\/#\/schema\/person\/496d8ad2d1d3f8036101dca7ee39e585"},"breadcrumb":{"@id":"https:\/\/quehacerpolitico.mx\/?p=106134#breadcrumb"},"inLanguage":"es","potentialAction":[{"@type":"ReadAction","target":["https:\/\/quehacerpolitico.mx\/?p=106134"]}]},{"@type":"ImageObject","inLanguage":"es","@id":"https:\/\/quehacerpolitico.mx\/?p=106134#primaryimage","url":"https:\/\/quehacerpolitico.mx\/wp-content\/uploads\/2023\/11\/IMG_1815.jpeg","contentUrl":"https:\/\/quehacerpolitico.mx\/wp-content\/uploads\/2023\/11\/IMG_1815.jpeg","width":764,"height":401},{"@type":"BreadcrumbList","@id":"https:\/\/quehacerpolitico.mx\/?p=106134#breadcrumb","itemListElement":[{"@type":"ListItem","position":1,"name":"Inicio","item":"https:\/\/quehacerpolitico.mx\/"},{"@type":"ListItem","position":2,"name":"Harfuch no la tiene tan Clara ya que podr\u00eda ganar en la encuesta pero perder en la mesa por el tema de la paridad de g\u00e9nero"}]},{"@type":"WebSite","@id":"https:\/\/quehacerpolitico.mx\/#website","url":"https:\/\/quehacerpolitico.mx\/","name":"","description":"","potentialAction":[{"@type":"SearchAction","target":{"@type":"EntryPoint","urlTemplate":"https:\/\/quehacerpolitico.mx\/?s={search_term_string}"},"query-input":{"@type":"PropertyValueSpecification","valueRequired":true,"valueName":"search_term_string"}}],"inLanguage":"es"},{"@type":"Person","@id":"https:\/\/quehacerpolitico.mx\/#\/schema\/person\/496d8ad2d1d3f8036101dca7ee39e585","name":"Redacci\u00f3n QP","image":{"@type":"ImageObject","inLanguage":"es","@id":"https:\/\/secure.gravatar.com\/avatar\/c7164ed6fdec453195284ad24a5ae5b6e1eed2b848477fa2a4787ba9adf39a41?s=96&d=mm&r=g","url":"https:\/\/secure.gravatar.com\/avatar\/c7164ed6fdec453195284ad24a5ae5b6e1eed2b848477fa2a4787ba9adf39a41?s=96&d=mm&r=g","contentUrl":"https:\/\/secure.gravatar.com\/avatar\/c7164ed6fdec453195284ad24a5ae5b6e1eed2b848477fa2a4787ba9adf39a41?s=96&d=mm&r=g","caption":"Redacci\u00f3n QP"},"url":"https:\/\/quehacerpolitico.mx\/?author=2"}]}},"featured_image_urls":{"full":["https:\/\/quehacerpolitico.mx\/wp-content\/uploads\/2023\/11\/IMG_1815.jpeg",764,401,false],"thumbnail":["https:\/\/quehacerpolitico.mx\/wp-content\/uploads\/2023\/11\/IMG_1815-150x150.jpeg",150,150,true],"medium":["https:\/\/quehacerpolitico.mx\/wp-content\/uploads\/2023\/11\/IMG_1815-300x157.jpeg",300,157,true],"medium_large":["https:\/\/quehacerpolitico.mx\/wp-content\/uploads\/2023\/11\/IMG_1815.jpeg",640,336,false],"large":["https:\/\/quehacerpolitico.mx\/wp-content\/uploads\/2023\/11\/IMG_1815.jpeg",640,336,false],"1536x1536":["https:\/\/quehacerpolitico.mx\/wp-content\/uploads\/2023\/11\/IMG_1815.jpeg",764,401,false],"2048x2048":["https:\/\/quehacerpolitico.mx\/wp-content\/uploads\/2023\/11\/IMG_1815.jpeg",764,401,false],"covernews-featured":["https:\/\/quehacerpolitico.mx\/wp-content\/uploads\/2023\/11\/IMG_1815.jpeg",764,401,false],"covernews-medium":["https:\/\/quehacerpolitico.mx\/wp-content\/uploads\/2023\/11\/IMG_1815.jpeg",540,283,false]},"author_info":{"display_name":"Redacci\u00f3n QP","author_link":"https:\/\/quehacerpolitico.mx\/?author=2"},"category_info":"<a href=\"https:\/\/quehacerpolitico.mx\/?cat=55\" rel=\"category\">CDMX<\/a>","tag_info":"CDMX","comment_count":"0","_links":{"self":[{"href":"https:\/\/quehacerpolitico.mx\/index.php?rest_route=\/wp\/v2\/posts\/106134","targetHints":{"allow":["GET"]}}],"collection":[{"href":"https:\/\/quehacerpolitico.mx\/index.php?rest_route=\/wp\/v2\/posts"}],"about":[{"href":"https:\/\/quehacerpolitico.mx\/index.php?rest_route=\/wp\/v2\/types\/post"}],"author":[{"embeddable":true,"href":"https:\/\/quehacerpolitico.mx\/index.php?rest_route=\/wp\/v2\/users\/2"}],"replies":[{"embeddable":true,"href":"https:\/\/quehacerpolitico.mx\/index.php?rest_route=%2Fwp%2Fv2%2Fcomments&post=106134"}],"version-history":[{"count":1,"href":"https:\/\/quehacerpolitico.mx\/index.php?rest_route=\/wp\/v2\/posts\/106134\/revisions"}],"predecessor-version":[{"id":106136,"href":"https:\/\/quehacerpolitico.mx\/index.php?rest_route=\/wp\/v2\/posts\/106134\/revisions\/106136"}],"wp:featuredmedia":[{"embeddable":true,"href":"https:\/\/quehacerpolitico.mx\/index.php?rest_route=\/wp\/v2\/media\/106135"}],"wp:attachment":[{"href":"https:\/\/quehacerpolitico.mx\/index.php?rest_route=%2Fwp%2Fv2%2Fmedia&parent=106134"}],"wp:term":[{"taxonomy":"category","embeddable":true,"href":"https:\/\/quehacerpolitico.mx\/index.php?rest_route=%2Fwp%2Fv2%2Fcategories&post=106134"},{"taxonomy":"post_tag","embeddable":true,"href":"https:\/\/quehacerpolitico.mx\/index.php?rest_route=%2Fwp%2Fv2%2Ftags&post=106134"}],"curies":[{"name":"wp","href":"https:\/\/api.w.org\/{rel}","templated":true}]}}