{"id":106113,"date":"2023-11-03T18:54:54","date_gmt":"2023-11-03T18:54:54","guid":{"rendered":"https:\/\/quehacerpolitico.mx\/?p=106113"},"modified":"2023-11-03T18:54:57","modified_gmt":"2023-11-03T18:54:57","slug":"los-primeros-apoyos-economicos-y-fiscales-asi-como-para-diferir-pagos-de-creditos-y-seguros-a-mexicanos-afectados-por-el-azote-del-huracan-otis","status":"publish","type":"post","link":"https:\/\/quehacerpolitico.mx\/?p=106113","title":{"rendered":"Los primeros\u00a0apoyos\u00a0econ\u00f3micos\u00a0y fiscales, as\u00ed como para diferir\u00a0pagos de cr\u00e9ditos y\u00a0seguros a mexicanos afectados por el azote del hurac\u00e1n \u201cOtis\u201d"},"content":{"rendered":"\n<p>Por Redacci\u00f3n QP<\/p>\n\n\n\n<p>Los primeros&nbsp;<strong>apoyos<\/strong>&nbsp;<strong>econ\u00f3micos<\/strong>&nbsp;y fiscales, as\u00ed como para diferir<strong>&nbsp;pagos de cr\u00e9ditos y<\/strong>&nbsp;seguros a mexicanos afectados por el azote del hurac\u00e1n \u201c<strong>Otis<\/strong>\u201d, en las costas del estado de&nbsp;<strong>Guerrero<\/strong>, se oficializaron este jueves a trav\u00e9s del&nbsp;<strong>Diario Oficial de la Federaci\u00f3n<\/strong>&nbsp;(DOF).<\/p>\n\n\n\n<p>El Banco de M\u00e9xico (Banxico) emiti\u00f3 una circular para informar a bancos e instituciones en el pa\u00eds que otorgan cr\u00e9ditos sobre la posibilidad de no cobrar el pago m\u00ednimo a sus clientes hasta por seis meses, el pr\u00f3ximo 30 de abril de 2024.<\/p>\n\n\n\n<p>\u201cEn consecuencia, las entidades financieras no quedar\u00e1n obligadas a realizar el cobro de los correspondientes montos de pago m\u00ednimo calculados (\u2026) cuando as\u00ed lo determinen y convengan con los clientes respectivos\u201d, se lee en la edici\u00f3n vespertina del DOF.<\/p>\n\n\n\n<p>En tanto, los principales&nbsp;<strong>bancos<\/strong>&nbsp;en el pa\u00eds, como Banorte, BBVA M\u00e9xico, Citibanamex, HSBC, Santander, Scotiabank, entre otros, ya han anunciado medidas para diferir hasta seis meses cr\u00e9ditos de n\u00f3mina, personales, automotrices, hipotecarios, de tarjetas, para peque\u00f1as y medianas empresas (pymes), entre otros.<\/p>\n\n\n\n<p>Adem\u00e1s, la Secretar\u00eda de Hacienda y la Comisi\u00f3n Nacional de Seguros y Fianzas (CNSF) acordaron una moratoria para el pago de&nbsp;<strong>primas<\/strong>&nbsp;a aseguradoras por hasta tres meses y ser\u00e1 solo para p\u00f3lizas vigentes de mexicanos afectados en&nbsp;<strong>Guerrero<\/strong>&nbsp;por el cicl\u00f3n \u201c<strong>Otis<\/strong>\u201d, en las costas del Pac\u00edfico mexicano.<\/p>\n\n\n\n<p>Asimismo, el Instituto Mexicano del Seguro Social (IMSS) dio a conocer en la edici\u00f3n vespertina del DOF que los empleadores mexicanos podr\u00e1n solicitar el diferimiento de sus obligaciones fiscales patronales por hasta seis meses.<\/p>\n\n\n\n<p>Adem\u00e1s, instruy\u00f3 que se otorguen \u201cfacilidades necesarias para la celebraci\u00f3n de convenios de pago a plazos, ya sea en forma diferida o en parcialidades, de los cr\u00e9ditos adeudados que se hayan causado durante los meses de octubre, noviembre y diciembre de 2023\u201d.<\/p>\n\n\n\n<p>Lo mismo ocurre para otras instituciones como el Instituto de Seguridad y Servicios Sociales de los Trabajadores del Estado (ISSSTE), el Fondo de la Vivienda del Instituto de Seguridad y Servicios Sociales de los Trabajadores del Estado (Fovisste) y el Instituto del Fondo Nacional de la Vivienda para los Trabajadores (Infonavit).<\/p>\n\n\n\n<p>Tan s\u00f3lo por el aplazamiento de estas obligaciones patronales, el gobierno de M\u00e9xico ha calculado dejar de percibir poco m\u00e1s de 9 mil millones de pesos (500 millones de d\u00f3lares), mientras que evalu\u00f3 en 61,313 millones de pesos (m\u00e1s de 3,400 millones de d\u00f3lares) las reparaciones y apoyos sociales en&nbsp;<strong>Guerrero<\/strong>&nbsp;tras el azote \u201c<strong>Otis<\/strong>\u201d.<\/p>\n\n\n\n<p>A esta cantidad se suman 9,109 millones de pesos (unos 506 millones de d\u00f3lares) de&nbsp;<strong>impuestos<\/strong>&nbsp;que se dejar\u00e1n de cobrar en la sure\u00f1a entidad de M\u00e9xico.<\/p>\n\n\n\n<p>Por \u00faltimo, la financiera para el Bienestar del Gobierno de M\u00e9xico confirm\u00f3 que ya tiene listos los 500 millones de pesos (casi 28 millones de d\u00f3lares) para otorgar 20 mil cr\u00e9ditos a pymes afectadas por \u201c<strong>Otis<\/strong>\u201d hace m\u00e1s de una semana.<\/p>\n\n\n\n<p>Los cr\u00e9ditos ser\u00e1n otorgados a negocios censados por un monto de 25 mil pesos (1,389 d\u00f3lares) para pagar a un plazo de 36 meses y su primer pago ser\u00eda hasta el 2024 por un monto mensual de 824 pesos (46 d\u00f3lares).<\/p>\n\n\n\n<p>Los apoyos llegan a la par de la declaratoria de desastre para 47 de los 84 municipios de&nbsp;<strong>Guerrero<\/strong>, donde destacan las localidades de&nbsp;<strong>Acapulco<\/strong>&nbsp;y&nbsp;<strong>Coyuca de Ben\u00edtez<\/strong>, las dos m\u00e1s afectadas por el meteoro, adem\u00e1s de&nbsp;<strong>Chilpancingo<\/strong>, la capital de Guerrero.<\/p>\n\n\n\n<p>El presidente Andr\u00e9s Manuel L\u00f3pez Obrador ha prometido \u201cponer de pie\u201d a&nbsp;<strong>Acapulco<\/strong>&nbsp;para&nbsp;<strong>Navidad<\/strong>, al descartar el pron\u00f3stico de las c\u00e1maras empresariales, que han advertido de un plazo de dos a\u00f1os para la reconstrucci\u00f3n.&nbsp;<\/p>\n\n\n\n<p>A m\u00e1s de una semana del golpe de \u201c<strong>Otis<\/strong>\u201d como categor\u00eda 5 en el puerto de&nbsp;<strong>Acapulco<\/strong>, uno de los principales destinos tur\u00edsticos del pa\u00eds, su saldo es de 46 fallecidos y 58 desaparecidos, mientras contin\u00faan las labores de b\u00fasqueda y rescate de personas en la ciudad m\u00e1s impactada<a href=\"https:\/\/www.dof.gob.mx\/nota_detalle.php?codigo=5707567&amp;fecha=02\/11\/2023#gsc.tab=0\">.&nbsp;<\/a><\/p>\n\n\n\n<p><em>Con informaci\u00f3n de EFE<\/em><\/p>\n","protected":false},"excerpt":{"rendered":"<p>Por Redacci\u00f3n QP Los primeros&nbsp;apoyos&nbsp;econ\u00f3micos&nbsp;y fiscales, as\u00ed como para diferir&nbsp;pagos de cr\u00e9ditos y&nbsp;seguros a mexicanos&#8230;<\/p>\n","protected":false},"author":2,"featured_media":106114,"comment_status":"open","ping_status":"open","sticky":false,"template":"","format":"standard","meta":{"_monsterinsights_skip_tracking":false,"_monsterinsights_sitenote_active":false,"_monsterinsights_sitenote_note":"","_monsterinsights_sitenote_category":0,"footnotes":""},"categories":[2],"tags":[],"class_list":["post-106113","post","type-post","status-publish","format-standard","has-post-thumbnail","hentry","category-noticias"],"yoast_head":"<!-- This site is optimized with the Yoast SEO plugin v27.3 - https:\/\/yoast.com\/product\/yoast-seo-wordpress\/ -->\n<title>Los primeros\u00a0apoyos\u00a0econ\u00f3micos\u00a0y fiscales, as\u00ed como para diferir\u00a0pagos de cr\u00e9ditos y\u00a0seguros a mexicanos afectados por el azote del hurac\u00e1n \u201cOtis\u201d -<\/title>\n<meta name=\"robots\" content=\"index, follow, max-snippet:-1, max-image-preview:large, max-video-preview:-1\" \/>\n<link rel=\"canonical\" href=\"https:\/\/quehacerpolitico.mx\/?p=106113\" \/>\n<meta property=\"og:locale\" content=\"es_MX\" \/>\n<meta property=\"og:type\" content=\"article\" \/>\n<meta property=\"og:title\" content=\"Los primeros\u00a0apoyos\u00a0econ\u00f3micos\u00a0y fiscales, as\u00ed como para diferir\u00a0pagos de cr\u00e9ditos y\u00a0seguros a mexicanos afectados por el azote del hurac\u00e1n \u201cOtis\u201d -\" \/>\n<meta property=\"og:description\" content=\"Por Redacci\u00f3n QP Los primeros&nbsp;apoyos&nbsp;econ\u00f3micos&nbsp;y fiscales, as\u00ed como para diferir&nbsp;pagos de cr\u00e9ditos y&nbsp;seguros a mexicanos...\" \/>\n<meta property=\"og:url\" content=\"https:\/\/quehacerpolitico.mx\/?p=106113\" \/>\n<meta property=\"article:published_time\" content=\"2023-11-03T18:54:54+00:00\" \/>\n<meta property=\"article:modified_time\" content=\"2023-11-03T18:54:57+00:00\" \/>\n<meta property=\"og:image\" content=\"https:\/\/quehacerpolitico.mx\/wp-content\/uploads\/2023\/11\/IMG_1806.jpeg\" \/>\n\t<meta property=\"og:image:width\" content=\"678\" \/>\n\t<meta property=\"og:image:height\" content=\"452\" \/>\n\t<meta property=\"og:image:type\" content=\"image\/jpeg\" \/>\n<meta name=\"author\" content=\"Redacci\u00f3n QP\" \/>\n<meta name=\"twitter:card\" content=\"summary_large_image\" \/>\n<meta name=\"twitter:label1\" content=\"Escrito por\" \/>\n\t<meta name=\"twitter:data1\" content=\"Redacci\u00f3n QP\" \/>\n\t<meta name=\"twitter:label2\" content=\"Tiempo de lectura\" \/>\n\t<meta name=\"twitter:data2\" content=\"4 minutos\" \/>\n<script type=\"application\/ld+json\" class=\"yoast-schema-graph\">{\"@context\":\"https:\\\/\\\/schema.org\",\"@graph\":[{\"@type\":\"Article\",\"@id\":\"https:\\\/\\\/quehacerpolitico.mx\\\/?p=106113#article\",\"isPartOf\":{\"@id\":\"https:\\\/\\\/quehacerpolitico.mx\\\/?p=106113\"},\"author\":{\"name\":\"Redacci\u00f3n QP\",\"@id\":\"https:\\\/\\\/quehacerpolitico.mx\\\/#\\\/schema\\\/person\\\/496d8ad2d1d3f8036101dca7ee39e585\"},\"headline\":\"Los primeros\u00a0apoyos\u00a0econ\u00f3micos\u00a0y fiscales, as\u00ed como para diferir\u00a0pagos de cr\u00e9ditos y\u00a0seguros a mexicanos afectados por el azote del hurac\u00e1n \u201cOtis\u201d\",\"datePublished\":\"2023-11-03T18:54:54+00:00\",\"dateModified\":\"2023-11-03T18:54:57+00:00\",\"mainEntityOfPage\":{\"@id\":\"https:\\\/\\\/quehacerpolitico.mx\\\/?p=106113\"},\"wordCount\":741,\"commentCount\":0,\"image\":{\"@id\":\"https:\\\/\\\/quehacerpolitico.mx\\\/?p=106113#primaryimage\"},\"thumbnailUrl\":\"https:\\\/\\\/quehacerpolitico.mx\\\/wp-content\\\/uploads\\\/2023\\\/11\\\/IMG_1806.jpeg\",\"articleSection\":[\"Noticias\"],\"inLanguage\":\"es\",\"potentialAction\":[{\"@type\":\"CommentAction\",\"name\":\"Comment\",\"target\":[\"https:\\\/\\\/quehacerpolitico.mx\\\/?p=106113#respond\"]}]},{\"@type\":\"WebPage\",\"@id\":\"https:\\\/\\\/quehacerpolitico.mx\\\/?p=106113\",\"url\":\"https:\\\/\\\/quehacerpolitico.mx\\\/?p=106113\",\"name\":\"Los primeros\u00a0apoyos\u00a0econ\u00f3micos\u00a0y fiscales, as\u00ed como para diferir\u00a0pagos de cr\u00e9ditos y\u00a0seguros a mexicanos afectados por el azote del hurac\u00e1n \u201cOtis\u201d -\",\"isPartOf\":{\"@id\":\"https:\\\/\\\/quehacerpolitico.mx\\\/#website\"},\"primaryImageOfPage\":{\"@id\":\"https:\\\/\\\/quehacerpolitico.mx\\\/?p=106113#primaryimage\"},\"image\":{\"@id\":\"https:\\\/\\\/quehacerpolitico.mx\\\/?p=106113#primaryimage\"},\"thumbnailUrl\":\"https:\\\/\\\/quehacerpolitico.mx\\\/wp-content\\\/uploads\\\/2023\\\/11\\\/IMG_1806.jpeg\",\"datePublished\":\"2023-11-03T18:54:54+00:00\",\"dateModified\":\"2023-11-03T18:54:57+00:00\",\"author\":{\"@id\":\"https:\\\/\\\/quehacerpolitico.mx\\\/#\\\/schema\\\/person\\\/496d8ad2d1d3f8036101dca7ee39e585\"},\"breadcrumb\":{\"@id\":\"https:\\\/\\\/quehacerpolitico.mx\\\/?p=106113#breadcrumb\"},\"inLanguage\":\"es\",\"potentialAction\":[{\"@type\":\"ReadAction\",\"target\":[\"https:\\\/\\\/quehacerpolitico.mx\\\/?p=106113\"]}]},{\"@type\":\"ImageObject\",\"inLanguage\":\"es\",\"@id\":\"https:\\\/\\\/quehacerpolitico.mx\\\/?p=106113#primaryimage\",\"url\":\"https:\\\/\\\/quehacerpolitico.mx\\\/wp-content\\\/uploads\\\/2023\\\/11\\\/IMG_1806.jpeg\",\"contentUrl\":\"https:\\\/\\\/quehacerpolitico.mx\\\/wp-content\\\/uploads\\\/2023\\\/11\\\/IMG_1806.jpeg\",\"width\":678,\"height\":452},{\"@type\":\"BreadcrumbList\",\"@id\":\"https:\\\/\\\/quehacerpolitico.mx\\\/?p=106113#breadcrumb\",\"itemListElement\":[{\"@type\":\"ListItem\",\"position\":1,\"name\":\"Inicio\",\"item\":\"https:\\\/\\\/quehacerpolitico.mx\\\/\"},{\"@type\":\"ListItem\",\"position\":2,\"name\":\"Los primeros\u00a0apoyos\u00a0econ\u00f3micos\u00a0y fiscales, as\u00ed como para diferir\u00a0pagos de cr\u00e9ditos y\u00a0seguros a mexicanos afectados por el azote del hurac\u00e1n \u201cOtis\u201d\"}]},{\"@type\":\"WebSite\",\"@id\":\"https:\\\/\\\/quehacerpolitico.mx\\\/#website\",\"url\":\"https:\\\/\\\/quehacerpolitico.mx\\\/\",\"name\":\"\",\"description\":\"\",\"potentialAction\":[{\"@type\":\"SearchAction\",\"target\":{\"@type\":\"EntryPoint\",\"urlTemplate\":\"https:\\\/\\\/quehacerpolitico.mx\\\/?s={search_term_string}\"},\"query-input\":{\"@type\":\"PropertyValueSpecification\",\"valueRequired\":true,\"valueName\":\"search_term_string\"}}],\"inLanguage\":\"es\"},{\"@type\":\"Person\",\"@id\":\"https:\\\/\\\/quehacerpolitico.mx\\\/#\\\/schema\\\/person\\\/496d8ad2d1d3f8036101dca7ee39e585\",\"name\":\"Redacci\u00f3n QP\",\"image\":{\"@type\":\"ImageObject\",\"inLanguage\":\"es\",\"@id\":\"https:\\\/\\\/secure.gravatar.com\\\/avatar\\\/c7164ed6fdec453195284ad24a5ae5b6e1eed2b848477fa2a4787ba9adf39a41?s=96&d=mm&r=g\",\"url\":\"https:\\\/\\\/secure.gravatar.com\\\/avatar\\\/c7164ed6fdec453195284ad24a5ae5b6e1eed2b848477fa2a4787ba9adf39a41?s=96&d=mm&r=g\",\"contentUrl\":\"https:\\\/\\\/secure.gravatar.com\\\/avatar\\\/c7164ed6fdec453195284ad24a5ae5b6e1eed2b848477fa2a4787ba9adf39a41?s=96&d=mm&r=g\",\"caption\":\"Redacci\u00f3n QP\"},\"url\":\"https:\\\/\\\/quehacerpolitico.mx\\\/?author=2\"}]}<\/script>\n<!-- \/ Yoast SEO plugin. -->","yoast_head_json":{"title":"Los primeros\u00a0apoyos\u00a0econ\u00f3micos\u00a0y fiscales, as\u00ed como para diferir\u00a0pagos de cr\u00e9ditos y\u00a0seguros a mexicanos afectados por el azote del hurac\u00e1n \u201cOtis\u201d -","robots":{"index":"index","follow":"follow","max-snippet":"max-snippet:-1","max-image-preview":"max-image-preview:large","max-video-preview":"max-video-preview:-1"},"canonical":"https:\/\/quehacerpolitico.mx\/?p=106113","og_locale":"es_MX","og_type":"article","og_title":"Los primeros\u00a0apoyos\u00a0econ\u00f3micos\u00a0y fiscales, as\u00ed como para diferir\u00a0pagos de cr\u00e9ditos y\u00a0seguros a mexicanos afectados por el azote del hurac\u00e1n \u201cOtis\u201d -","og_description":"Por Redacci\u00f3n QP Los primeros&nbsp;apoyos&nbsp;econ\u00f3micos&nbsp;y fiscales, as\u00ed como para diferir&nbsp;pagos de cr\u00e9ditos y&nbsp;seguros a mexicanos...","og_url":"https:\/\/quehacerpolitico.mx\/?p=106113","article_published_time":"2023-11-03T18:54:54+00:00","article_modified_time":"2023-11-03T18:54:57+00:00","og_image":[{"width":678,"height":452,"url":"https:\/\/quehacerpolitico.mx\/wp-content\/uploads\/2023\/11\/IMG_1806.jpeg","type":"image\/jpeg"}],"author":"Redacci\u00f3n QP","twitter_card":"summary_large_image","twitter_misc":{"Escrito por":"Redacci\u00f3n QP","Tiempo de lectura":"4 minutos"},"schema":{"@context":"https:\/\/schema.org","@graph":[{"@type":"Article","@id":"https:\/\/quehacerpolitico.mx\/?p=106113#article","isPartOf":{"@id":"https:\/\/quehacerpolitico.mx\/?p=106113"},"author":{"name":"Redacci\u00f3n QP","@id":"https:\/\/quehacerpolitico.mx\/#\/schema\/person\/496d8ad2d1d3f8036101dca7ee39e585"},"headline":"Los primeros\u00a0apoyos\u00a0econ\u00f3micos\u00a0y fiscales, as\u00ed como para diferir\u00a0pagos de cr\u00e9ditos y\u00a0seguros a mexicanos afectados por el azote del hurac\u00e1n \u201cOtis\u201d","datePublished":"2023-11-03T18:54:54+00:00","dateModified":"2023-11-03T18:54:57+00:00","mainEntityOfPage":{"@id":"https:\/\/quehacerpolitico.mx\/?p=106113"},"wordCount":741,"commentCount":0,"image":{"@id":"https:\/\/quehacerpolitico.mx\/?p=106113#primaryimage"},"thumbnailUrl":"https:\/\/quehacerpolitico.mx\/wp-content\/uploads\/2023\/11\/IMG_1806.jpeg","articleSection":["Noticias"],"inLanguage":"es","potentialAction":[{"@type":"CommentAction","name":"Comment","target":["https:\/\/quehacerpolitico.mx\/?p=106113#respond"]}]},{"@type":"WebPage","@id":"https:\/\/quehacerpolitico.mx\/?p=106113","url":"https:\/\/quehacerpolitico.mx\/?p=106113","name":"Los primeros\u00a0apoyos\u00a0econ\u00f3micos\u00a0y fiscales, as\u00ed como para diferir\u00a0pagos de cr\u00e9ditos y\u00a0seguros a mexicanos afectados por el azote del hurac\u00e1n \u201cOtis\u201d -","isPartOf":{"@id":"https:\/\/quehacerpolitico.mx\/#website"},"primaryImageOfPage":{"@id":"https:\/\/quehacerpolitico.mx\/?p=106113#primaryimage"},"image":{"@id":"https:\/\/quehacerpolitico.mx\/?p=106113#primaryimage"},"thumbnailUrl":"https:\/\/quehacerpolitico.mx\/wp-content\/uploads\/2023\/11\/IMG_1806.jpeg","datePublished":"2023-11-03T18:54:54+00:00","dateModified":"2023-11-03T18:54:57+00:00","author":{"@id":"https:\/\/quehacerpolitico.mx\/#\/schema\/person\/496d8ad2d1d3f8036101dca7ee39e585"},"breadcrumb":{"@id":"https:\/\/quehacerpolitico.mx\/?p=106113#breadcrumb"},"inLanguage":"es","potentialAction":[{"@type":"ReadAction","target":["https:\/\/quehacerpolitico.mx\/?p=106113"]}]},{"@type":"ImageObject","inLanguage":"es","@id":"https:\/\/quehacerpolitico.mx\/?p=106113#primaryimage","url":"https:\/\/quehacerpolitico.mx\/wp-content\/uploads\/2023\/11\/IMG_1806.jpeg","contentUrl":"https:\/\/quehacerpolitico.mx\/wp-content\/uploads\/2023\/11\/IMG_1806.jpeg","width":678,"height":452},{"@type":"BreadcrumbList","@id":"https:\/\/quehacerpolitico.mx\/?p=106113#breadcrumb","itemListElement":[{"@type":"ListItem","position":1,"name":"Inicio","item":"https:\/\/quehacerpolitico.mx\/"},{"@type":"ListItem","position":2,"name":"Los primeros\u00a0apoyos\u00a0econ\u00f3micos\u00a0y fiscales, as\u00ed como para diferir\u00a0pagos de cr\u00e9ditos y\u00a0seguros a mexicanos afectados por el azote del hurac\u00e1n \u201cOtis\u201d"}]},{"@type":"WebSite","@id":"https:\/\/quehacerpolitico.mx\/#website","url":"https:\/\/quehacerpolitico.mx\/","name":"","description":"","potentialAction":[{"@type":"SearchAction","target":{"@type":"EntryPoint","urlTemplate":"https:\/\/quehacerpolitico.mx\/?s={search_term_string}"},"query-input":{"@type":"PropertyValueSpecification","valueRequired":true,"valueName":"search_term_string"}}],"inLanguage":"es"},{"@type":"Person","@id":"https:\/\/quehacerpolitico.mx\/#\/schema\/person\/496d8ad2d1d3f8036101dca7ee39e585","name":"Redacci\u00f3n QP","image":{"@type":"ImageObject","inLanguage":"es","@id":"https:\/\/secure.gravatar.com\/avatar\/c7164ed6fdec453195284ad24a5ae5b6e1eed2b848477fa2a4787ba9adf39a41?s=96&d=mm&r=g","url":"https:\/\/secure.gravatar.com\/avatar\/c7164ed6fdec453195284ad24a5ae5b6e1eed2b848477fa2a4787ba9adf39a41?s=96&d=mm&r=g","contentUrl":"https:\/\/secure.gravatar.com\/avatar\/c7164ed6fdec453195284ad24a5ae5b6e1eed2b848477fa2a4787ba9adf39a41?s=96&d=mm&r=g","caption":"Redacci\u00f3n QP"},"url":"https:\/\/quehacerpolitico.mx\/?author=2"}]}},"featured_image_urls":{"full":["https:\/\/quehacerpolitico.mx\/wp-content\/uploads\/2023\/11\/IMG_1806.jpeg",678,452,false],"thumbnail":["https:\/\/quehacerpolitico.mx\/wp-content\/uploads\/2023\/11\/IMG_1806-150x150.jpeg",150,150,true],"medium":["https:\/\/quehacerpolitico.mx\/wp-content\/uploads\/2023\/11\/IMG_1806-300x200.jpeg",300,200,true],"medium_large":["https:\/\/quehacerpolitico.mx\/wp-content\/uploads\/2023\/11\/IMG_1806.jpeg",640,427,false],"large":["https:\/\/quehacerpolitico.mx\/wp-content\/uploads\/2023\/11\/IMG_1806.jpeg",640,427,false],"1536x1536":["https:\/\/quehacerpolitico.mx\/wp-content\/uploads\/2023\/11\/IMG_1806.jpeg",678,452,false],"2048x2048":["https:\/\/quehacerpolitico.mx\/wp-content\/uploads\/2023\/11\/IMG_1806.jpeg",678,452,false],"covernews-featured":["https:\/\/quehacerpolitico.mx\/wp-content\/uploads\/2023\/11\/IMG_1806.jpeg",678,452,false],"covernews-medium":["https:\/\/quehacerpolitico.mx\/wp-content\/uploads\/2023\/11\/IMG_1806.jpeg",510,340,false]},"author_info":{"display_name":"Redacci\u00f3n QP","author_link":"https:\/\/quehacerpolitico.mx\/?author=2"},"category_info":"<a href=\"https:\/\/quehacerpolitico.mx\/?cat=2\" rel=\"category\">Noticias<\/a>","tag_info":"Noticias","comment_count":"0","_links":{"self":[{"href":"https:\/\/quehacerpolitico.mx\/index.php?rest_route=\/wp\/v2\/posts\/106113","targetHints":{"allow":["GET"]}}],"collection":[{"href":"https:\/\/quehacerpolitico.mx\/index.php?rest_route=\/wp\/v2\/posts"}],"about":[{"href":"https:\/\/quehacerpolitico.mx\/index.php?rest_route=\/wp\/v2\/types\/post"}],"author":[{"embeddable":true,"href":"https:\/\/quehacerpolitico.mx\/index.php?rest_route=\/wp\/v2\/users\/2"}],"replies":[{"embeddable":true,"href":"https:\/\/quehacerpolitico.mx\/index.php?rest_route=%2Fwp%2Fv2%2Fcomments&post=106113"}],"version-history":[{"count":1,"href":"https:\/\/quehacerpolitico.mx\/index.php?rest_route=\/wp\/v2\/posts\/106113\/revisions"}],"predecessor-version":[{"id":106115,"href":"https:\/\/quehacerpolitico.mx\/index.php?rest_route=\/wp\/v2\/posts\/106113\/revisions\/106115"}],"wp:featuredmedia":[{"embeddable":true,"href":"https:\/\/quehacerpolitico.mx\/index.php?rest_route=\/wp\/v2\/media\/106114"}],"wp:attachment":[{"href":"https:\/\/quehacerpolitico.mx\/index.php?rest_route=%2Fwp%2Fv2%2Fmedia&parent=106113"}],"wp:term":[{"taxonomy":"category","embeddable":true,"href":"https:\/\/quehacerpolitico.mx\/index.php?rest_route=%2Fwp%2Fv2%2Fcategories&post=106113"},{"taxonomy":"post_tag","embeddable":true,"href":"https:\/\/quehacerpolitico.mx\/index.php?rest_route=%2Fwp%2Fv2%2Ftags&post=106113"}],"curies":[{"name":"wp","href":"https:\/\/api.w.org\/{rel}","templated":true}]}}