{"id":106110,"date":"2023-11-03T18:12:00","date_gmt":"2023-11-03T18:12:00","guid":{"rendered":"https:\/\/quehacerpolitico.mx\/?p=106110"},"modified":"2023-11-03T18:12:04","modified_gmt":"2023-11-03T18:12:04","slug":"hablo-mal-de-mi-amlo-amaga-con-exhibir-al-juez-que-dio-prision-domiciliaria-al-exprocurador-jesus-murillo-karam-lo-acusa-de-actuar-por-consigna","status":"publish","type":"post","link":"https:\/\/quehacerpolitico.mx\/?p=106110","title":{"rendered":"&#8220;Habl\u00f3 mal de m\u00ed&#8221;, AMLO amaga con exhibir al juez que dio prisi\u00f3n domiciliaria al exprocurador Jes\u00fas Murillo Karam; lo acusa de actuar &#8220;por consigna&#8221;"},"content":{"rendered":"\n<p>Por Redacci\u00f3n QP<\/p>\n\n\n\n<p>El presidente de&nbsp;<strong>M\u00e9xico<\/strong>,&nbsp;<strong>Andr\u00e9s Manuel L\u00f3pez Obrador<\/strong>, critic\u00f3 el cambio de medida cautelar al exprocurador general de la Rep\u00fablica<strong>, Jes\u00fas Murillo Karam<\/strong>, para otorgarle prisi\u00f3n domiciliaria por uno de los procesos en su contra relacionado con el caso de la desaparici\u00f3n de los&nbsp;<strong>43 normalistas<\/strong>&nbsp;de&nbsp;<strong>Ayotzinapa<\/strong>.&nbsp;<\/p>\n\n\n\n<p>\u201cFue muy raro porque se supon\u00eda que no hab\u00eda servicio, que estaban cerrados los juzgados, incluso el juez que resuelve no es el titular, es el del s\u00e1bado, o sea un cl\u00e1sico\u00a0<strong>sabadazo<\/strong>\u00a0y tengo la informaci\u00f3n de que citaron a\u00a0<strong>audiencia<\/strong>\u00a0con muy\u00a0<strong>poca<\/strong>\u00a0<strong>anticipaci\u00f3n<\/strong>\u201c, dijo este viernes el mandatario en su conferencia matutina.<\/p>\n\n\n\n<figure class=\"wp-block-embed is-type-video is-provider-youtube wp-block-embed-youtube wp-embed-aspect-16-9 wp-has-aspect-ratio\"><div class=\"wp-block-embed__wrapper\">\n<iframe loading=\"lazy\" title=\"AMLO acusa que juez actu\u00f3 &#039;por consigna&#039; en caso Murillo Karam: \u201cHabl\u00f3 mal de m\u00ed\u201d\" width=\"640\" height=\"360\" src=\"https:\/\/www.youtube.com\/embed\/wG5KtIizOMI?feature=oembed\" frameborder=\"0\" allow=\"accelerometer; autoplay; clipboard-write; encrypted-media; gyroscope; picture-in-picture; web-share\" referrerpolicy=\"strict-origin-when-cross-origin\" allowfullscreen><\/iframe>\n<\/div><\/figure>\n\n\n\n<p>\u201cSiempre hay un plazo de 48 Horas y creo que dieron dos horas y media, sin embargo, asisti\u00f3 la&nbsp;<strong>fiscal\u00eda<\/strong>, no s\u00e9 c\u00f3mo, de&nbsp;<strong>suerte<\/strong>\u201c, continu\u00f3 con un tono ir\u00f3nico.&nbsp;<\/p>\n\n\n\n<p>El presidente&nbsp;<strong>L\u00f3pez Obrador<\/strong>&nbsp;asegur\u00f3 que el juez&nbsp;<strong>Jos\u00e9 Rivas Gonz\u00e1lez<\/strong>, quien sustituy\u00f3 a&nbsp;<strong>Edmundo Manuel Perusia<\/strong>, titular del caso, actu\u00f3 por consigna y habl\u00f3 mal de \u00e9l en la audiencia.&nbsp;<\/p>\n\n\n\n<p>\u201cSe dedic\u00f3 a hablar mal de m\u00ed, nada m\u00e1s&nbsp;estoy pidiendo formalmente la&nbsp;<strong>grabaci\u00f3n<\/strong>, se dedic\u00f3 a decir que el Poder Judicial estaba por encima del&nbsp;<strong>Ejecutivo<\/strong>, que ya no era el tiempo en que los trataban con&nbsp;<strong>l\u00e1tigos<\/strong>&nbsp;y que ellos ten\u00edan m\u00e1s poder que nadie\u201d, asegur\u00f3.&nbsp;<\/p>\n\n\n\n<p>El mandatario dijo tambi\u00e9n que&nbsp;<strong>Rivas Gonz\u00e1lez&nbsp;<\/strong>dijo que no estaba cumpliendo el compromiso de aclarar el caso&nbsp;<strong>Ayotzinapa<\/strong>&nbsp;a cinco a\u00f1os del comienzo de su&nbsp;<strong>gobierno<\/strong>&nbsp;y afirm\u00f3 que pidi\u00f3 la grabaci\u00f3n para compartirla en la conferencia matutina.&nbsp;<\/p>\n\n\n\n<p>\u201cAqu\u00ed lo vamos a escuchar porque esto ayuda al prop\u00f3sito de purificar la vida p\u00fablica, y que se socialice la informaci\u00f3n, porque antes esto ni se sab\u00eda, no pudo salir el procurador porque hay otra causa, pero \u00e9l argument\u00f3 a favor de su&nbsp;<strong>libertad<\/strong>\u201c, conden\u00f3<a href=\"http:\/\/lopezobrador_\/\">.<\/a><\/p>\n\n\n\n<p>Ayer, un juez federal otorg\u00f3\u00a0<strong>prisi\u00f3n<\/strong>\u00a0domiciliaria al exprocurador general de la Rep\u00fablica,\u00a0<strong>Jes\u00fas Murillo Karam<\/strong>\u00a0en el proceso que enfrenta por los delitos de\u00a0<strong>desaparici\u00f3n forzada<\/strong>, tortura y contra la administraci\u00f3n de justicia relacionados con el<strong>\u00a0caso Ayotzinapa.<\/strong><\/p>\n\n\n\n<p>El juez ajust\u00f3 la&nbsp;<strong>medida<\/strong>&nbsp;<strong>cautelar<\/strong>&nbsp;por problemas de salud y su avanzada edad.<\/p>\n\n\n\n<p>Sin embargo, el&nbsp;<strong>exfuncionario<\/strong>&nbsp;<strong>no podr\u00e1 salir de la c\u00e1rcel&nbsp;<\/strong>debido a que enfrenta otro proceso por el mismo caso en el que se le dict\u00f3 prisi\u00f3n preventiva, por lo que seguir\u00e1 recluido en la&nbsp;<strong>Torre M\u00e9dica<\/strong>&nbsp;de&nbsp;<strong>Tepepan<\/strong>.<\/p>\n","protected":false},"excerpt":{"rendered":"<p>Por Redacci\u00f3n QP El presidente de&nbsp;M\u00e9xico,&nbsp;Andr\u00e9s Manuel L\u00f3pez Obrador, critic\u00f3 el cambio de medida cautelar&#8230;<\/p>\n","protected":false},"author":2,"featured_media":106111,"comment_status":"open","ping_status":"open","sticky":false,"template":"","format":"standard","meta":{"_monsterinsights_skip_tracking":false,"_monsterinsights_sitenote_active":false,"_monsterinsights_sitenote_note":"","_monsterinsights_sitenote_category":0,"footnotes":""},"categories":[2],"tags":[],"class_list":["post-106110","post","type-post","status-publish","format-standard","has-post-thumbnail","hentry","category-noticias"],"yoast_head":"<!-- This site is optimized with the Yoast SEO plugin v27.3 - https:\/\/yoast.com\/product\/yoast-seo-wordpress\/ -->\n<title>&quot;Habl\u00f3 mal de m\u00ed&quot;, AMLO amaga con exhibir al juez que dio prisi\u00f3n domiciliaria al exprocurador Jes\u00fas Murillo Karam; lo acusa de actuar &quot;por consigna&quot; -<\/title>\n<meta name=\"robots\" content=\"index, follow, max-snippet:-1, max-image-preview:large, max-video-preview:-1\" \/>\n<link rel=\"canonical\" href=\"https:\/\/quehacerpolitico.mx\/?p=106110\" \/>\n<meta property=\"og:locale\" content=\"es_MX\" \/>\n<meta property=\"og:type\" content=\"article\" \/>\n<meta property=\"og:title\" content=\"&quot;Habl\u00f3 mal de m\u00ed&quot;, AMLO amaga con exhibir al juez que dio prisi\u00f3n domiciliaria al exprocurador Jes\u00fas Murillo Karam; lo acusa de actuar &quot;por consigna&quot; -\" \/>\n<meta property=\"og:description\" content=\"Por Redacci\u00f3n QP El presidente de&nbsp;M\u00e9xico,&nbsp;Andr\u00e9s Manuel L\u00f3pez Obrador, critic\u00f3 el cambio de medida cautelar...\" \/>\n<meta property=\"og:url\" content=\"https:\/\/quehacerpolitico.mx\/?p=106110\" \/>\n<meta property=\"article:published_time\" content=\"2023-11-03T18:12:00+00:00\" \/>\n<meta property=\"article:modified_time\" content=\"2023-11-03T18:12:04+00:00\" \/>\n<meta property=\"og:image\" content=\"https:\/\/quehacerpolitico.mx\/wp-content\/uploads\/2023\/11\/IMG_1803.jpeg\" \/>\n\t<meta property=\"og:image:width\" content=\"1284\" \/>\n\t<meta property=\"og:image:height\" content=\"686\" \/>\n\t<meta property=\"og:image:type\" content=\"image\/jpeg\" \/>\n<meta name=\"author\" content=\"Redacci\u00f3n QP\" \/>\n<meta name=\"twitter:card\" content=\"summary_large_image\" \/>\n<meta name=\"twitter:label1\" content=\"Escrito por\" \/>\n\t<meta name=\"twitter:data1\" content=\"Redacci\u00f3n QP\" \/>\n\t<meta name=\"twitter:label2\" content=\"Tiempo de lectura\" \/>\n\t<meta name=\"twitter:data2\" content=\"2 minutos\" \/>\n<script type=\"application\/ld+json\" class=\"yoast-schema-graph\">{\"@context\":\"https:\\\/\\\/schema.org\",\"@graph\":[{\"@type\":\"Article\",\"@id\":\"https:\\\/\\\/quehacerpolitico.mx\\\/?p=106110#article\",\"isPartOf\":{\"@id\":\"https:\\\/\\\/quehacerpolitico.mx\\\/?p=106110\"},\"author\":{\"name\":\"Redacci\u00f3n QP\",\"@id\":\"https:\\\/\\\/quehacerpolitico.mx\\\/#\\\/schema\\\/person\\\/496d8ad2d1d3f8036101dca7ee39e585\"},\"headline\":\"&#8220;Habl\u00f3 mal de m\u00ed&#8221;, AMLO amaga con exhibir al juez que dio prisi\u00f3n domiciliaria al exprocurador Jes\u00fas Murillo Karam; lo acusa de actuar &#8220;por consigna&#8221;\",\"datePublished\":\"2023-11-03T18:12:00+00:00\",\"dateModified\":\"2023-11-03T18:12:04+00:00\",\"mainEntityOfPage\":{\"@id\":\"https:\\\/\\\/quehacerpolitico.mx\\\/?p=106110\"},\"wordCount\":502,\"commentCount\":0,\"image\":{\"@id\":\"https:\\\/\\\/quehacerpolitico.mx\\\/?p=106110#primaryimage\"},\"thumbnailUrl\":\"https:\\\/\\\/quehacerpolitico.mx\\\/wp-content\\\/uploads\\\/2023\\\/11\\\/IMG_1803.jpeg\",\"articleSection\":[\"Noticias\"],\"inLanguage\":\"es\",\"potentialAction\":[{\"@type\":\"CommentAction\",\"name\":\"Comment\",\"target\":[\"https:\\\/\\\/quehacerpolitico.mx\\\/?p=106110#respond\"]}]},{\"@type\":\"WebPage\",\"@id\":\"https:\\\/\\\/quehacerpolitico.mx\\\/?p=106110\",\"url\":\"https:\\\/\\\/quehacerpolitico.mx\\\/?p=106110\",\"name\":\"\\\"Habl\u00f3 mal de m\u00ed\\\", AMLO amaga con exhibir al juez que dio prisi\u00f3n domiciliaria al exprocurador Jes\u00fas Murillo Karam; lo acusa de actuar \\\"por consigna\\\" -\",\"isPartOf\":{\"@id\":\"https:\\\/\\\/quehacerpolitico.mx\\\/#website\"},\"primaryImageOfPage\":{\"@id\":\"https:\\\/\\\/quehacerpolitico.mx\\\/?p=106110#primaryimage\"},\"image\":{\"@id\":\"https:\\\/\\\/quehacerpolitico.mx\\\/?p=106110#primaryimage\"},\"thumbnailUrl\":\"https:\\\/\\\/quehacerpolitico.mx\\\/wp-content\\\/uploads\\\/2023\\\/11\\\/IMG_1803.jpeg\",\"datePublished\":\"2023-11-03T18:12:00+00:00\",\"dateModified\":\"2023-11-03T18:12:04+00:00\",\"author\":{\"@id\":\"https:\\\/\\\/quehacerpolitico.mx\\\/#\\\/schema\\\/person\\\/496d8ad2d1d3f8036101dca7ee39e585\"},\"breadcrumb\":{\"@id\":\"https:\\\/\\\/quehacerpolitico.mx\\\/?p=106110#breadcrumb\"},\"inLanguage\":\"es\",\"potentialAction\":[{\"@type\":\"ReadAction\",\"target\":[\"https:\\\/\\\/quehacerpolitico.mx\\\/?p=106110\"]}]},{\"@type\":\"ImageObject\",\"inLanguage\":\"es\",\"@id\":\"https:\\\/\\\/quehacerpolitico.mx\\\/?p=106110#primaryimage\",\"url\":\"https:\\\/\\\/quehacerpolitico.mx\\\/wp-content\\\/uploads\\\/2023\\\/11\\\/IMG_1803.jpeg\",\"contentUrl\":\"https:\\\/\\\/quehacerpolitico.mx\\\/wp-content\\\/uploads\\\/2023\\\/11\\\/IMG_1803.jpeg\",\"width\":1284,\"height\":686},{\"@type\":\"BreadcrumbList\",\"@id\":\"https:\\\/\\\/quehacerpolitico.mx\\\/?p=106110#breadcrumb\",\"itemListElement\":[{\"@type\":\"ListItem\",\"position\":1,\"name\":\"Inicio\",\"item\":\"https:\\\/\\\/quehacerpolitico.mx\\\/\"},{\"@type\":\"ListItem\",\"position\":2,\"name\":\"&#8220;Habl\u00f3 mal de m\u00ed&#8221;, AMLO amaga con exhibir al juez que dio prisi\u00f3n domiciliaria al exprocurador Jes\u00fas Murillo Karam; lo acusa de actuar &#8220;por consigna&#8221;\"}]},{\"@type\":\"WebSite\",\"@id\":\"https:\\\/\\\/quehacerpolitico.mx\\\/#website\",\"url\":\"https:\\\/\\\/quehacerpolitico.mx\\\/\",\"name\":\"\",\"description\":\"\",\"potentialAction\":[{\"@type\":\"SearchAction\",\"target\":{\"@type\":\"EntryPoint\",\"urlTemplate\":\"https:\\\/\\\/quehacerpolitico.mx\\\/?s={search_term_string}\"},\"query-input\":{\"@type\":\"PropertyValueSpecification\",\"valueRequired\":true,\"valueName\":\"search_term_string\"}}],\"inLanguage\":\"es\"},{\"@type\":\"Person\",\"@id\":\"https:\\\/\\\/quehacerpolitico.mx\\\/#\\\/schema\\\/person\\\/496d8ad2d1d3f8036101dca7ee39e585\",\"name\":\"Redacci\u00f3n QP\",\"image\":{\"@type\":\"ImageObject\",\"inLanguage\":\"es\",\"@id\":\"https:\\\/\\\/secure.gravatar.com\\\/avatar\\\/c7164ed6fdec453195284ad24a5ae5b6e1eed2b848477fa2a4787ba9adf39a41?s=96&d=mm&r=g\",\"url\":\"https:\\\/\\\/secure.gravatar.com\\\/avatar\\\/c7164ed6fdec453195284ad24a5ae5b6e1eed2b848477fa2a4787ba9adf39a41?s=96&d=mm&r=g\",\"contentUrl\":\"https:\\\/\\\/secure.gravatar.com\\\/avatar\\\/c7164ed6fdec453195284ad24a5ae5b6e1eed2b848477fa2a4787ba9adf39a41?s=96&d=mm&r=g\",\"caption\":\"Redacci\u00f3n QP\"},\"url\":\"https:\\\/\\\/quehacerpolitico.mx\\\/?author=2\"}]}<\/script>\n<!-- \/ Yoast SEO plugin. -->","yoast_head_json":{"title":"\"Habl\u00f3 mal de m\u00ed\", AMLO amaga con exhibir al juez que dio prisi\u00f3n domiciliaria al exprocurador Jes\u00fas Murillo Karam; lo acusa de actuar \"por consigna\" -","robots":{"index":"index","follow":"follow","max-snippet":"max-snippet:-1","max-image-preview":"max-image-preview:large","max-video-preview":"max-video-preview:-1"},"canonical":"https:\/\/quehacerpolitico.mx\/?p=106110","og_locale":"es_MX","og_type":"article","og_title":"\"Habl\u00f3 mal de m\u00ed\", AMLO amaga con exhibir al juez que dio prisi\u00f3n domiciliaria al exprocurador Jes\u00fas Murillo Karam; lo acusa de actuar \"por consigna\" -","og_description":"Por Redacci\u00f3n QP El presidente de&nbsp;M\u00e9xico,&nbsp;Andr\u00e9s Manuel L\u00f3pez Obrador, critic\u00f3 el cambio de medida cautelar...","og_url":"https:\/\/quehacerpolitico.mx\/?p=106110","article_published_time":"2023-11-03T18:12:00+00:00","article_modified_time":"2023-11-03T18:12:04+00:00","og_image":[{"width":1284,"height":686,"url":"https:\/\/quehacerpolitico.mx\/wp-content\/uploads\/2023\/11\/IMG_1803.jpeg","type":"image\/jpeg"}],"author":"Redacci\u00f3n QP","twitter_card":"summary_large_image","twitter_misc":{"Escrito por":"Redacci\u00f3n QP","Tiempo de lectura":"2 minutos"},"schema":{"@context":"https:\/\/schema.org","@graph":[{"@type":"Article","@id":"https:\/\/quehacerpolitico.mx\/?p=106110#article","isPartOf":{"@id":"https:\/\/quehacerpolitico.mx\/?p=106110"},"author":{"name":"Redacci\u00f3n QP","@id":"https:\/\/quehacerpolitico.mx\/#\/schema\/person\/496d8ad2d1d3f8036101dca7ee39e585"},"headline":"&#8220;Habl\u00f3 mal de m\u00ed&#8221;, AMLO amaga con exhibir al juez que dio prisi\u00f3n domiciliaria al exprocurador Jes\u00fas Murillo Karam; lo acusa de actuar &#8220;por consigna&#8221;","datePublished":"2023-11-03T18:12:00+00:00","dateModified":"2023-11-03T18:12:04+00:00","mainEntityOfPage":{"@id":"https:\/\/quehacerpolitico.mx\/?p=106110"},"wordCount":502,"commentCount":0,"image":{"@id":"https:\/\/quehacerpolitico.mx\/?p=106110#primaryimage"},"thumbnailUrl":"https:\/\/quehacerpolitico.mx\/wp-content\/uploads\/2023\/11\/IMG_1803.jpeg","articleSection":["Noticias"],"inLanguage":"es","potentialAction":[{"@type":"CommentAction","name":"Comment","target":["https:\/\/quehacerpolitico.mx\/?p=106110#respond"]}]},{"@type":"WebPage","@id":"https:\/\/quehacerpolitico.mx\/?p=106110","url":"https:\/\/quehacerpolitico.mx\/?p=106110","name":"\"Habl\u00f3 mal de m\u00ed\", AMLO amaga con exhibir al juez que dio prisi\u00f3n domiciliaria al exprocurador Jes\u00fas Murillo Karam; lo acusa de actuar \"por consigna\" -","isPartOf":{"@id":"https:\/\/quehacerpolitico.mx\/#website"},"primaryImageOfPage":{"@id":"https:\/\/quehacerpolitico.mx\/?p=106110#primaryimage"},"image":{"@id":"https:\/\/quehacerpolitico.mx\/?p=106110#primaryimage"},"thumbnailUrl":"https:\/\/quehacerpolitico.mx\/wp-content\/uploads\/2023\/11\/IMG_1803.jpeg","datePublished":"2023-11-03T18:12:00+00:00","dateModified":"2023-11-03T18:12:04+00:00","author":{"@id":"https:\/\/quehacerpolitico.mx\/#\/schema\/person\/496d8ad2d1d3f8036101dca7ee39e585"},"breadcrumb":{"@id":"https:\/\/quehacerpolitico.mx\/?p=106110#breadcrumb"},"inLanguage":"es","potentialAction":[{"@type":"ReadAction","target":["https:\/\/quehacerpolitico.mx\/?p=106110"]}]},{"@type":"ImageObject","inLanguage":"es","@id":"https:\/\/quehacerpolitico.mx\/?p=106110#primaryimage","url":"https:\/\/quehacerpolitico.mx\/wp-content\/uploads\/2023\/11\/IMG_1803.jpeg","contentUrl":"https:\/\/quehacerpolitico.mx\/wp-content\/uploads\/2023\/11\/IMG_1803.jpeg","width":1284,"height":686},{"@type":"BreadcrumbList","@id":"https:\/\/quehacerpolitico.mx\/?p=106110#breadcrumb","itemListElement":[{"@type":"ListItem","position":1,"name":"Inicio","item":"https:\/\/quehacerpolitico.mx\/"},{"@type":"ListItem","position":2,"name":"&#8220;Habl\u00f3 mal de m\u00ed&#8221;, AMLO amaga con exhibir al juez que dio prisi\u00f3n domiciliaria al exprocurador Jes\u00fas Murillo Karam; lo acusa de actuar &#8220;por consigna&#8221;"}]},{"@type":"WebSite","@id":"https:\/\/quehacerpolitico.mx\/#website","url":"https:\/\/quehacerpolitico.mx\/","name":"","description":"","potentialAction":[{"@type":"SearchAction","target":{"@type":"EntryPoint","urlTemplate":"https:\/\/quehacerpolitico.mx\/?s={search_term_string}"},"query-input":{"@type":"PropertyValueSpecification","valueRequired":true,"valueName":"search_term_string"}}],"inLanguage":"es"},{"@type":"Person","@id":"https:\/\/quehacerpolitico.mx\/#\/schema\/person\/496d8ad2d1d3f8036101dca7ee39e585","name":"Redacci\u00f3n QP","image":{"@type":"ImageObject","inLanguage":"es","@id":"https:\/\/secure.gravatar.com\/avatar\/c7164ed6fdec453195284ad24a5ae5b6e1eed2b848477fa2a4787ba9adf39a41?s=96&d=mm&r=g","url":"https:\/\/secure.gravatar.com\/avatar\/c7164ed6fdec453195284ad24a5ae5b6e1eed2b848477fa2a4787ba9adf39a41?s=96&d=mm&r=g","contentUrl":"https:\/\/secure.gravatar.com\/avatar\/c7164ed6fdec453195284ad24a5ae5b6e1eed2b848477fa2a4787ba9adf39a41?s=96&d=mm&r=g","caption":"Redacci\u00f3n QP"},"url":"https:\/\/quehacerpolitico.mx\/?author=2"}]}},"featured_image_urls":{"full":["https:\/\/quehacerpolitico.mx\/wp-content\/uploads\/2023\/11\/IMG_1803.jpeg",1284,686,false],"thumbnail":["https:\/\/quehacerpolitico.mx\/wp-content\/uploads\/2023\/11\/IMG_1803-150x150.jpeg",150,150,true],"medium":["https:\/\/quehacerpolitico.mx\/wp-content\/uploads\/2023\/11\/IMG_1803-300x160.jpeg",300,160,true],"medium_large":["https:\/\/quehacerpolitico.mx\/wp-content\/uploads\/2023\/11\/IMG_1803-768x410.jpeg",640,342,true],"large":["https:\/\/quehacerpolitico.mx\/wp-content\/uploads\/2023\/11\/IMG_1803-1024x547.jpeg",640,342,true],"1536x1536":["https:\/\/quehacerpolitico.mx\/wp-content\/uploads\/2023\/11\/IMG_1803.jpeg",1284,686,false],"2048x2048":["https:\/\/quehacerpolitico.mx\/wp-content\/uploads\/2023\/11\/IMG_1803.jpeg",1284,686,false],"covernews-featured":["https:\/\/quehacerpolitico.mx\/wp-content\/uploads\/2023\/11\/IMG_1803.jpeg",1024,547,false],"covernews-medium":["https:\/\/quehacerpolitico.mx\/wp-content\/uploads\/2023\/11\/IMG_1803.jpeg",540,289,false]},"author_info":{"display_name":"Redacci\u00f3n QP","author_link":"https:\/\/quehacerpolitico.mx\/?author=2"},"category_info":"<a href=\"https:\/\/quehacerpolitico.mx\/?cat=2\" rel=\"category\">Noticias<\/a>","tag_info":"Noticias","comment_count":"0","_links":{"self":[{"href":"https:\/\/quehacerpolitico.mx\/index.php?rest_route=\/wp\/v2\/posts\/106110","targetHints":{"allow":["GET"]}}],"collection":[{"href":"https:\/\/quehacerpolitico.mx\/index.php?rest_route=\/wp\/v2\/posts"}],"about":[{"href":"https:\/\/quehacerpolitico.mx\/index.php?rest_route=\/wp\/v2\/types\/post"}],"author":[{"embeddable":true,"href":"https:\/\/quehacerpolitico.mx\/index.php?rest_route=\/wp\/v2\/users\/2"}],"replies":[{"embeddable":true,"href":"https:\/\/quehacerpolitico.mx\/index.php?rest_route=%2Fwp%2Fv2%2Fcomments&post=106110"}],"version-history":[{"count":1,"href":"https:\/\/quehacerpolitico.mx\/index.php?rest_route=\/wp\/v2\/posts\/106110\/revisions"}],"predecessor-version":[{"id":106112,"href":"https:\/\/quehacerpolitico.mx\/index.php?rest_route=\/wp\/v2\/posts\/106110\/revisions\/106112"}],"wp:featuredmedia":[{"embeddable":true,"href":"https:\/\/quehacerpolitico.mx\/index.php?rest_route=\/wp\/v2\/media\/106111"}],"wp:attachment":[{"href":"https:\/\/quehacerpolitico.mx\/index.php?rest_route=%2Fwp%2Fv2%2Fmedia&parent=106110"}],"wp:term":[{"taxonomy":"category","embeddable":true,"href":"https:\/\/quehacerpolitico.mx\/index.php?rest_route=%2Fwp%2Fv2%2Fcategories&post=106110"},{"taxonomy":"post_tag","embeddable":true,"href":"https:\/\/quehacerpolitico.mx\/index.php?rest_route=%2Fwp%2Fv2%2Ftags&post=106110"}],"curies":[{"name":"wp","href":"https:\/\/api.w.org\/{rel}","templated":true}]}}