{"id":106085,"date":"2023-11-02T18:47:56","date_gmt":"2023-11-02T18:47:56","guid":{"rendered":"https:\/\/quehacerpolitico.mx\/?p=106085"},"modified":"2023-11-02T18:48:00","modified_gmt":"2023-11-02T18:48:00","slug":"modifican-la-constitucion-de-tlaxcala-y-nombran-al-ahijado-de-lorena-cuellar-como-secretario-de-gobierno","status":"publish","type":"post","link":"https:\/\/quehacerpolitico.mx\/?p=106085","title":{"rendered":"Modifican la Constituci\u00f3n de Tlaxcala y nombran al ahijado de Lorena Cu\u00e9llar como secretario de Gobierno"},"content":{"rendered":"\n<p>Por Redacci\u00f3n QP<\/p>\n\n\n\n<p>El Congreso de&nbsp;<strong>Tlaxcala<\/strong>&nbsp;modific\u00f3 la Constituci\u00f3n estatal para eliminar el ser originario del estado de los requisitos para ser secretario de Gobierno, con lo que la gobernadora morenista Lorena Cu\u00e9llar tom\u00f3 protesta a su sobrino&nbsp;<strong>Luis Antonio Ram\u00edrez Hern\u00e1ndez<\/strong>, quien naci\u00f3 en&nbsp;<strong>Morelos<\/strong>, como titular de la dependencia.&nbsp;<\/p>\n\n\n\n<p>Fuentes del gobierno de Tlaxcala confirmaron a\u00a0que\u00a0<strong>Luis Ram\u00edrez Hern\u00e1ndez\u00a0<\/strong>es ahijado de la gobernadora y que la Constituci\u00f3n fue modificada por \u00f3rdenes de\u00a0<strong>Cu\u00e9llar<\/strong>\u00a0para que pudiera ocupar el cargo.<\/p>\n\n\n\n<p>El pasado 26 de octubre, se aprobaron las reformas al Art\u00edculo 67 de la\u00a0<strong>Constituci\u00f3n local<\/strong>, las cuales refieren que pueda designarse a cualquier persona, sin necesidad de ser tlaxcalteca, para ocupar la\u00a0<strong>Secretar\u00eda de Gobierno<\/strong>.<\/p>\n\n\n\n<figure class=\"wp-block-embed is-type-video is-provider-youtube wp-block-embed-youtube wp-embed-aspect-16-9 wp-has-aspect-ratio\"><div class=\"wp-block-embed__wrapper\">\nhttps:\/\/youtu.be\/XM1GCUUgsQE?si=Z5-q9xWbl4HiJI25\n<\/div><\/figure>\n\n\n\n<p>Tambi\u00e9n se aprob\u00f3 reducir de siete a tres a\u00f1os el tiempo de residencia en el estado para ocupar el cargo.&nbsp;<\/p>\n\n\n\n<p>Durante la discusi\u00f3n,&nbsp;<strong>Manuel Cambr\u00f3n Soria<\/strong>, legislador del PRD, dijo que dichas modificaciones tiene un \u201ctrasfondo de incapacidad pol\u00edtica para que los tlaxcaltecas nos autogobernemos, adem\u00e1s, conlleva la idea de ser una reforma a modo\u201d.<\/p>\n\n\n\n<p>Ayer<strong>&nbsp;Luis Antonio Ram\u00edrez Hern\u00e1ndez<\/strong>&nbsp;rindi\u00f3 protesta como titular de la Secretar\u00eda de Gobierno.&nbsp;<\/p>\n\n\n\n<p><strong>Ram\u00edrez Hern\u00e1ndez<\/strong>\u00a0llam\u00f3 a la unidad y convoc\u00f3 a buscar consensos y acuerdos que antepongan el inter\u00e9s del estado por encima del bien particular.<\/p>\n\n\n\n<figure class=\"wp-block-image size-large\"><img loading=\"lazy\" decoding=\"async\" width=\"1024\" height=\"529\" src=\"https:\/\/quehacerpolitico.mx\/wp-content\/uploads\/2023\/11\/image-5-1024x529.jpeg\" alt=\"\" class=\"wp-image-106090\" srcset=\"https:\/\/quehacerpolitico.mx\/wp-content\/uploads\/2023\/11\/image-5-1024x529.jpeg 1024w, https:\/\/quehacerpolitico.mx\/wp-content\/uploads\/2023\/11\/image-5-300x155.jpeg 300w, https:\/\/quehacerpolitico.mx\/wp-content\/uploads\/2023\/11\/image-5-768x397.jpeg 768w, https:\/\/quehacerpolitico.mx\/wp-content\/uploads\/2023\/11\/image-5-260x134.jpeg 260w, https:\/\/quehacerpolitico.mx\/wp-content\/uploads\/2023\/11\/image-5-50x26.jpeg 50w, https:\/\/quehacerpolitico.mx\/wp-content\/uploads\/2023\/11\/image-5-145x75.jpeg 145w, https:\/\/quehacerpolitico.mx\/wp-content\/uploads\/2023\/11\/image-5.jpeg 1200w\" sizes=\"auto, (max-width: 1024px) 100vw, 1024px\" \/><\/figure>\n\n\n\n<figure class=\"wp-block-image size-full\"><img loading=\"lazy\" decoding=\"async\" width=\"623\" height=\"406\" src=\"https:\/\/quehacerpolitico.mx\/wp-content\/uploads\/2023\/11\/image-4.jpeg\" alt=\"\" class=\"wp-image-106089\" srcset=\"https:\/\/quehacerpolitico.mx\/wp-content\/uploads\/2023\/11\/image-4.jpeg 623w, https:\/\/quehacerpolitico.mx\/wp-content\/uploads\/2023\/11\/image-4-300x196.jpeg 300w, https:\/\/quehacerpolitico.mx\/wp-content\/uploads\/2023\/11\/image-4-224x146.jpeg 224w, https:\/\/quehacerpolitico.mx\/wp-content\/uploads\/2023\/11\/image-4-50x33.jpeg 50w, https:\/\/quehacerpolitico.mx\/wp-content\/uploads\/2023\/11\/image-4-115x75.jpeg 115w\" sizes=\"auto, (max-width: 623px) 100vw, 623px\" \/><\/figure>\n\n\n\n<figure class=\"wp-block-image size-full\"><img loading=\"lazy\" decoding=\"async\" width=\"679\" height=\"452\" src=\"https:\/\/quehacerpolitico.mx\/wp-content\/uploads\/2023\/11\/image-3.jpeg\" alt=\"\" class=\"wp-image-106088\" srcset=\"https:\/\/quehacerpolitico.mx\/wp-content\/uploads\/2023\/11\/image-3.jpeg 679w, https:\/\/quehacerpolitico.mx\/wp-content\/uploads\/2023\/11\/image-3-300x200.jpeg 300w, https:\/\/quehacerpolitico.mx\/wp-content\/uploads\/2023\/11\/image-3-219x146.jpeg 219w, https:\/\/quehacerpolitico.mx\/wp-content\/uploads\/2023\/11\/image-3-50x33.jpeg 50w, https:\/\/quehacerpolitico.mx\/wp-content\/uploads\/2023\/11\/image-3-113x75.jpeg 113w\" sizes=\"auto, (max-width: 679px) 100vw, 679px\" \/><\/figure>\n\n\n\n<figure class=\"wp-block-image size-full\"><img loading=\"lazy\" decoding=\"async\" width=\"540\" height=\"303\" src=\"https:\/\/quehacerpolitico.mx\/wp-content\/uploads\/2023\/11\/image-2.jpeg\" alt=\"\" class=\"wp-image-106087\" srcset=\"https:\/\/quehacerpolitico.mx\/wp-content\/uploads\/2023\/11\/image-2.jpeg 540w, https:\/\/quehacerpolitico.mx\/wp-content\/uploads\/2023\/11\/image-2-300x168.jpeg 300w, https:\/\/quehacerpolitico.mx\/wp-content\/uploads\/2023\/11\/image-2-260x146.jpeg 260w, https:\/\/quehacerpolitico.mx\/wp-content\/uploads\/2023\/11\/image-2-50x28.jpeg 50w, https:\/\/quehacerpolitico.mx\/wp-content\/uploads\/2023\/11\/image-2-134x75.jpeg 134w\" sizes=\"auto, (max-width: 540px) 100vw, 540px\" \/><\/figure>\n\n\n\n<p>\u201cCon la suma de voluntades de todas las fuerzas pol\u00edticas, la participaci\u00f3n social, los \u00f3rdenes de gobierno, con respeto de su autonom\u00eda, se lograr\u00e1 el Tlaxcala que todos queremos; se tiene el reto de mantener a\u00a0<strong>Tlaxcala<\/strong>\u00a0como uno de los estados m\u00e1s seguros del pa\u00eds, por lo que se tomar\u00e1 como herramienta los acuerdos que se han tomado en los dos primeros a\u00f1os\u201d dijo.<\/p>\n\n\n\n<p>Colectivas feministas han acusado en diferentes ocasiones a\u00a0<strong>Luis Antonio Ram\u00edrez<\/strong> de ser deudor alimentario, su foto incluso ha sido colgada en tendederos de denuncias<\/p>\n\n\n\n<figure class=\"wp-block-embed is-type-video is-provider-youtube wp-block-embed-youtube wp-embed-aspect-16-9 wp-has-aspect-ratio\"><div class=\"wp-block-embed__wrapper\">\n<iframe loading=\"lazy\" title=\"\u25b6\ufe0f Primeras declaraciones de Luis Ram\u00edrez Hern\u00e1ndez, nuevo Secretario de Gobierno en Tlaxcala\" width=\"640\" height=\"360\" src=\"https:\/\/www.youtube.com\/embed\/HTk5bjCHBfA?feature=oembed\" frameborder=\"0\" allow=\"accelerometer; autoplay; clipboard-write; encrypted-media; gyroscope; picture-in-picture; web-share\" referrerpolicy=\"strict-origin-when-cross-origin\" allowfullscreen><\/iframe>\n<\/div><\/figure>\n\n\n\n<p><em>Con informaci\u00f3n de Edmundo Vel\u00e1zquez<\/em> y LatinUS<\/p>\n","protected":false},"excerpt":{"rendered":"<p>Por Redacci\u00f3n QP El Congreso de&nbsp;Tlaxcala&nbsp;modific\u00f3 la Constituci\u00f3n estatal para eliminar el ser originario del&#8230;<\/p>\n","protected":false},"author":2,"featured_media":106086,"comment_status":"open","ping_status":"open","sticky":false,"template":"","format":"standard","meta":{"_monsterinsights_skip_tracking":false,"_monsterinsights_sitenote_active":false,"_monsterinsights_sitenote_note":"","_monsterinsights_sitenote_category":0,"footnotes":""},"categories":[2],"tags":[],"class_list":["post-106085","post","type-post","status-publish","format-standard","has-post-thumbnail","hentry","category-noticias"],"yoast_head":"<!-- This site is optimized with the Yoast SEO plugin v27.3 - https:\/\/yoast.com\/product\/yoast-seo-wordpress\/ -->\n<title>Modifican la Constituci\u00f3n de Tlaxcala y nombran al ahijado de Lorena Cu\u00e9llar como secretario de Gobierno -<\/title>\n<meta name=\"robots\" content=\"index, follow, max-snippet:-1, max-image-preview:large, max-video-preview:-1\" \/>\n<link rel=\"canonical\" href=\"https:\/\/quehacerpolitico.mx\/?p=106085\" \/>\n<meta property=\"og:locale\" content=\"es_MX\" \/>\n<meta property=\"og:type\" content=\"article\" \/>\n<meta property=\"og:title\" content=\"Modifican la Constituci\u00f3n de Tlaxcala y nombran al ahijado de Lorena Cu\u00e9llar como secretario de Gobierno -\" \/>\n<meta property=\"og:description\" content=\"Por Redacci\u00f3n QP El Congreso de&nbsp;Tlaxcala&nbsp;modific\u00f3 la Constituci\u00f3n estatal para eliminar el ser originario del...\" \/>\n<meta property=\"og:url\" content=\"https:\/\/quehacerpolitico.mx\/?p=106085\" \/>\n<meta property=\"article:published_time\" content=\"2023-11-02T18:47:56+00:00\" \/>\n<meta property=\"article:modified_time\" content=\"2023-11-02T18:48:00+00:00\" \/>\n<meta property=\"og:image\" content=\"https:\/\/quehacerpolitico.mx\/wp-content\/uploads\/2023\/11\/IMG_1777.jpeg\" \/>\n\t<meta property=\"og:image:width\" content=\"679\" \/>\n\t<meta property=\"og:image:height\" content=\"452\" \/>\n\t<meta property=\"og:image:type\" content=\"image\/jpeg\" \/>\n<meta name=\"author\" content=\"Redacci\u00f3n QP\" \/>\n<meta name=\"twitter:card\" content=\"summary_large_image\" \/>\n<meta name=\"twitter:label1\" content=\"Escrito por\" \/>\n\t<meta name=\"twitter:data1\" content=\"Redacci\u00f3n QP\" \/>\n\t<meta name=\"twitter:label2\" content=\"Tiempo de lectura\" \/>\n\t<meta name=\"twitter:data2\" content=\"2 minutos\" \/>\n<script type=\"application\/ld+json\" class=\"yoast-schema-graph\">{\"@context\":\"https:\\\/\\\/schema.org\",\"@graph\":[{\"@type\":\"Article\",\"@id\":\"https:\\\/\\\/quehacerpolitico.mx\\\/?p=106085#article\",\"isPartOf\":{\"@id\":\"https:\\\/\\\/quehacerpolitico.mx\\\/?p=106085\"},\"author\":{\"name\":\"Redacci\u00f3n QP\",\"@id\":\"https:\\\/\\\/quehacerpolitico.mx\\\/#\\\/schema\\\/person\\\/496d8ad2d1d3f8036101dca7ee39e585\"},\"headline\":\"Modifican la Constituci\u00f3n de Tlaxcala y nombran al ahijado de Lorena Cu\u00e9llar como secretario de Gobierno\",\"datePublished\":\"2023-11-02T18:47:56+00:00\",\"dateModified\":\"2023-11-02T18:48:00+00:00\",\"mainEntityOfPage\":{\"@id\":\"https:\\\/\\\/quehacerpolitico.mx\\\/?p=106085\"},\"wordCount\":388,\"commentCount\":0,\"image\":{\"@id\":\"https:\\\/\\\/quehacerpolitico.mx\\\/?p=106085#primaryimage\"},\"thumbnailUrl\":\"https:\\\/\\\/quehacerpolitico.mx\\\/wp-content\\\/uploads\\\/2023\\\/11\\\/IMG_1777.jpeg\",\"articleSection\":[\"Noticias\"],\"inLanguage\":\"es\",\"potentialAction\":[{\"@type\":\"CommentAction\",\"name\":\"Comment\",\"target\":[\"https:\\\/\\\/quehacerpolitico.mx\\\/?p=106085#respond\"]}]},{\"@type\":\"WebPage\",\"@id\":\"https:\\\/\\\/quehacerpolitico.mx\\\/?p=106085\",\"url\":\"https:\\\/\\\/quehacerpolitico.mx\\\/?p=106085\",\"name\":\"Modifican la Constituci\u00f3n de Tlaxcala y nombran al ahijado de Lorena Cu\u00e9llar como secretario de Gobierno -\",\"isPartOf\":{\"@id\":\"https:\\\/\\\/quehacerpolitico.mx\\\/#website\"},\"primaryImageOfPage\":{\"@id\":\"https:\\\/\\\/quehacerpolitico.mx\\\/?p=106085#primaryimage\"},\"image\":{\"@id\":\"https:\\\/\\\/quehacerpolitico.mx\\\/?p=106085#primaryimage\"},\"thumbnailUrl\":\"https:\\\/\\\/quehacerpolitico.mx\\\/wp-content\\\/uploads\\\/2023\\\/11\\\/IMG_1777.jpeg\",\"datePublished\":\"2023-11-02T18:47:56+00:00\",\"dateModified\":\"2023-11-02T18:48:00+00:00\",\"author\":{\"@id\":\"https:\\\/\\\/quehacerpolitico.mx\\\/#\\\/schema\\\/person\\\/496d8ad2d1d3f8036101dca7ee39e585\"},\"breadcrumb\":{\"@id\":\"https:\\\/\\\/quehacerpolitico.mx\\\/?p=106085#breadcrumb\"},\"inLanguage\":\"es\",\"potentialAction\":[{\"@type\":\"ReadAction\",\"target\":[\"https:\\\/\\\/quehacerpolitico.mx\\\/?p=106085\"]}]},{\"@type\":\"ImageObject\",\"inLanguage\":\"es\",\"@id\":\"https:\\\/\\\/quehacerpolitico.mx\\\/?p=106085#primaryimage\",\"url\":\"https:\\\/\\\/quehacerpolitico.mx\\\/wp-content\\\/uploads\\\/2023\\\/11\\\/IMG_1777.jpeg\",\"contentUrl\":\"https:\\\/\\\/quehacerpolitico.mx\\\/wp-content\\\/uploads\\\/2023\\\/11\\\/IMG_1777.jpeg\",\"width\":679,\"height\":452},{\"@type\":\"BreadcrumbList\",\"@id\":\"https:\\\/\\\/quehacerpolitico.mx\\\/?p=106085#breadcrumb\",\"itemListElement\":[{\"@type\":\"ListItem\",\"position\":1,\"name\":\"Inicio\",\"item\":\"https:\\\/\\\/quehacerpolitico.mx\\\/\"},{\"@type\":\"ListItem\",\"position\":2,\"name\":\"Modifican la Constituci\u00f3n de Tlaxcala y nombran al ahijado de Lorena Cu\u00e9llar como secretario de Gobierno\"}]},{\"@type\":\"WebSite\",\"@id\":\"https:\\\/\\\/quehacerpolitico.mx\\\/#website\",\"url\":\"https:\\\/\\\/quehacerpolitico.mx\\\/\",\"name\":\"\",\"description\":\"\",\"potentialAction\":[{\"@type\":\"SearchAction\",\"target\":{\"@type\":\"EntryPoint\",\"urlTemplate\":\"https:\\\/\\\/quehacerpolitico.mx\\\/?s={search_term_string}\"},\"query-input\":{\"@type\":\"PropertyValueSpecification\",\"valueRequired\":true,\"valueName\":\"search_term_string\"}}],\"inLanguage\":\"es\"},{\"@type\":\"Person\",\"@id\":\"https:\\\/\\\/quehacerpolitico.mx\\\/#\\\/schema\\\/person\\\/496d8ad2d1d3f8036101dca7ee39e585\",\"name\":\"Redacci\u00f3n QP\",\"image\":{\"@type\":\"ImageObject\",\"inLanguage\":\"es\",\"@id\":\"https:\\\/\\\/secure.gravatar.com\\\/avatar\\\/c7164ed6fdec453195284ad24a5ae5b6e1eed2b848477fa2a4787ba9adf39a41?s=96&d=mm&r=g\",\"url\":\"https:\\\/\\\/secure.gravatar.com\\\/avatar\\\/c7164ed6fdec453195284ad24a5ae5b6e1eed2b848477fa2a4787ba9adf39a41?s=96&d=mm&r=g\",\"contentUrl\":\"https:\\\/\\\/secure.gravatar.com\\\/avatar\\\/c7164ed6fdec453195284ad24a5ae5b6e1eed2b848477fa2a4787ba9adf39a41?s=96&d=mm&r=g\",\"caption\":\"Redacci\u00f3n QP\"},\"url\":\"https:\\\/\\\/quehacerpolitico.mx\\\/?author=2\"}]}<\/script>\n<!-- \/ Yoast SEO plugin. -->","yoast_head_json":{"title":"Modifican la Constituci\u00f3n de Tlaxcala y nombran al ahijado de Lorena Cu\u00e9llar como secretario de Gobierno -","robots":{"index":"index","follow":"follow","max-snippet":"max-snippet:-1","max-image-preview":"max-image-preview:large","max-video-preview":"max-video-preview:-1"},"canonical":"https:\/\/quehacerpolitico.mx\/?p=106085","og_locale":"es_MX","og_type":"article","og_title":"Modifican la Constituci\u00f3n de Tlaxcala y nombran al ahijado de Lorena Cu\u00e9llar como secretario de Gobierno -","og_description":"Por Redacci\u00f3n QP El Congreso de&nbsp;Tlaxcala&nbsp;modific\u00f3 la Constituci\u00f3n estatal para eliminar el ser originario del...","og_url":"https:\/\/quehacerpolitico.mx\/?p=106085","article_published_time":"2023-11-02T18:47:56+00:00","article_modified_time":"2023-11-02T18:48:00+00:00","og_image":[{"width":679,"height":452,"url":"https:\/\/quehacerpolitico.mx\/wp-content\/uploads\/2023\/11\/IMG_1777.jpeg","type":"image\/jpeg"}],"author":"Redacci\u00f3n QP","twitter_card":"summary_large_image","twitter_misc":{"Escrito por":"Redacci\u00f3n QP","Tiempo de lectura":"2 minutos"},"schema":{"@context":"https:\/\/schema.org","@graph":[{"@type":"Article","@id":"https:\/\/quehacerpolitico.mx\/?p=106085#article","isPartOf":{"@id":"https:\/\/quehacerpolitico.mx\/?p=106085"},"author":{"name":"Redacci\u00f3n QP","@id":"https:\/\/quehacerpolitico.mx\/#\/schema\/person\/496d8ad2d1d3f8036101dca7ee39e585"},"headline":"Modifican la Constituci\u00f3n de Tlaxcala y nombran al ahijado de Lorena Cu\u00e9llar como secretario de Gobierno","datePublished":"2023-11-02T18:47:56+00:00","dateModified":"2023-11-02T18:48:00+00:00","mainEntityOfPage":{"@id":"https:\/\/quehacerpolitico.mx\/?p=106085"},"wordCount":388,"commentCount":0,"image":{"@id":"https:\/\/quehacerpolitico.mx\/?p=106085#primaryimage"},"thumbnailUrl":"https:\/\/quehacerpolitico.mx\/wp-content\/uploads\/2023\/11\/IMG_1777.jpeg","articleSection":["Noticias"],"inLanguage":"es","potentialAction":[{"@type":"CommentAction","name":"Comment","target":["https:\/\/quehacerpolitico.mx\/?p=106085#respond"]}]},{"@type":"WebPage","@id":"https:\/\/quehacerpolitico.mx\/?p=106085","url":"https:\/\/quehacerpolitico.mx\/?p=106085","name":"Modifican la Constituci\u00f3n de Tlaxcala y nombran al ahijado de Lorena Cu\u00e9llar como secretario de Gobierno -","isPartOf":{"@id":"https:\/\/quehacerpolitico.mx\/#website"},"primaryImageOfPage":{"@id":"https:\/\/quehacerpolitico.mx\/?p=106085#primaryimage"},"image":{"@id":"https:\/\/quehacerpolitico.mx\/?p=106085#primaryimage"},"thumbnailUrl":"https:\/\/quehacerpolitico.mx\/wp-content\/uploads\/2023\/11\/IMG_1777.jpeg","datePublished":"2023-11-02T18:47:56+00:00","dateModified":"2023-11-02T18:48:00+00:00","author":{"@id":"https:\/\/quehacerpolitico.mx\/#\/schema\/person\/496d8ad2d1d3f8036101dca7ee39e585"},"breadcrumb":{"@id":"https:\/\/quehacerpolitico.mx\/?p=106085#breadcrumb"},"inLanguage":"es","potentialAction":[{"@type":"ReadAction","target":["https:\/\/quehacerpolitico.mx\/?p=106085"]}]},{"@type":"ImageObject","inLanguage":"es","@id":"https:\/\/quehacerpolitico.mx\/?p=106085#primaryimage","url":"https:\/\/quehacerpolitico.mx\/wp-content\/uploads\/2023\/11\/IMG_1777.jpeg","contentUrl":"https:\/\/quehacerpolitico.mx\/wp-content\/uploads\/2023\/11\/IMG_1777.jpeg","width":679,"height":452},{"@type":"BreadcrumbList","@id":"https:\/\/quehacerpolitico.mx\/?p=106085#breadcrumb","itemListElement":[{"@type":"ListItem","position":1,"name":"Inicio","item":"https:\/\/quehacerpolitico.mx\/"},{"@type":"ListItem","position":2,"name":"Modifican la Constituci\u00f3n de Tlaxcala y nombran al ahijado de Lorena Cu\u00e9llar como secretario de Gobierno"}]},{"@type":"WebSite","@id":"https:\/\/quehacerpolitico.mx\/#website","url":"https:\/\/quehacerpolitico.mx\/","name":"","description":"","potentialAction":[{"@type":"SearchAction","target":{"@type":"EntryPoint","urlTemplate":"https:\/\/quehacerpolitico.mx\/?s={search_term_string}"},"query-input":{"@type":"PropertyValueSpecification","valueRequired":true,"valueName":"search_term_string"}}],"inLanguage":"es"},{"@type":"Person","@id":"https:\/\/quehacerpolitico.mx\/#\/schema\/person\/496d8ad2d1d3f8036101dca7ee39e585","name":"Redacci\u00f3n QP","image":{"@type":"ImageObject","inLanguage":"es","@id":"https:\/\/secure.gravatar.com\/avatar\/c7164ed6fdec453195284ad24a5ae5b6e1eed2b848477fa2a4787ba9adf39a41?s=96&d=mm&r=g","url":"https:\/\/secure.gravatar.com\/avatar\/c7164ed6fdec453195284ad24a5ae5b6e1eed2b848477fa2a4787ba9adf39a41?s=96&d=mm&r=g","contentUrl":"https:\/\/secure.gravatar.com\/avatar\/c7164ed6fdec453195284ad24a5ae5b6e1eed2b848477fa2a4787ba9adf39a41?s=96&d=mm&r=g","caption":"Redacci\u00f3n QP"},"url":"https:\/\/quehacerpolitico.mx\/?author=2"}]}},"featured_image_urls":{"full":["https:\/\/quehacerpolitico.mx\/wp-content\/uploads\/2023\/11\/IMG_1777.jpeg",679,452,false],"thumbnail":["https:\/\/quehacerpolitico.mx\/wp-content\/uploads\/2023\/11\/IMG_1777-150x150.jpeg",150,150,true],"medium":["https:\/\/quehacerpolitico.mx\/wp-content\/uploads\/2023\/11\/IMG_1777-300x200.jpeg",300,200,true],"medium_large":["https:\/\/quehacerpolitico.mx\/wp-content\/uploads\/2023\/11\/IMG_1777.jpeg",640,426,false],"large":["https:\/\/quehacerpolitico.mx\/wp-content\/uploads\/2023\/11\/IMG_1777.jpeg",640,426,false],"1536x1536":["https:\/\/quehacerpolitico.mx\/wp-content\/uploads\/2023\/11\/IMG_1777.jpeg",679,452,false],"2048x2048":["https:\/\/quehacerpolitico.mx\/wp-content\/uploads\/2023\/11\/IMG_1777.jpeg",679,452,false],"covernews-featured":["https:\/\/quehacerpolitico.mx\/wp-content\/uploads\/2023\/11\/IMG_1777.jpeg",679,452,false],"covernews-medium":["https:\/\/quehacerpolitico.mx\/wp-content\/uploads\/2023\/11\/IMG_1777.jpeg",511,340,false]},"author_info":{"display_name":"Redacci\u00f3n QP","author_link":"https:\/\/quehacerpolitico.mx\/?author=2"},"category_info":"<a href=\"https:\/\/quehacerpolitico.mx\/?cat=2\" rel=\"category\">Noticias<\/a>","tag_info":"Noticias","comment_count":"0","_links":{"self":[{"href":"https:\/\/quehacerpolitico.mx\/index.php?rest_route=\/wp\/v2\/posts\/106085","targetHints":{"allow":["GET"]}}],"collection":[{"href":"https:\/\/quehacerpolitico.mx\/index.php?rest_route=\/wp\/v2\/posts"}],"about":[{"href":"https:\/\/quehacerpolitico.mx\/index.php?rest_route=\/wp\/v2\/types\/post"}],"author":[{"embeddable":true,"href":"https:\/\/quehacerpolitico.mx\/index.php?rest_route=\/wp\/v2\/users\/2"}],"replies":[{"embeddable":true,"href":"https:\/\/quehacerpolitico.mx\/index.php?rest_route=%2Fwp%2Fv2%2Fcomments&post=106085"}],"version-history":[{"count":1,"href":"https:\/\/quehacerpolitico.mx\/index.php?rest_route=\/wp\/v2\/posts\/106085\/revisions"}],"predecessor-version":[{"id":106091,"href":"https:\/\/quehacerpolitico.mx\/index.php?rest_route=\/wp\/v2\/posts\/106085\/revisions\/106091"}],"wp:featuredmedia":[{"embeddable":true,"href":"https:\/\/quehacerpolitico.mx\/index.php?rest_route=\/wp\/v2\/media\/106086"}],"wp:attachment":[{"href":"https:\/\/quehacerpolitico.mx\/index.php?rest_route=%2Fwp%2Fv2%2Fmedia&parent=106085"}],"wp:term":[{"taxonomy":"category","embeddable":true,"href":"https:\/\/quehacerpolitico.mx\/index.php?rest_route=%2Fwp%2Fv2%2Fcategories&post=106085"},{"taxonomy":"post_tag","embeddable":true,"href":"https:\/\/quehacerpolitico.mx\/index.php?rest_route=%2Fwp%2Fv2%2Ftags&post=106085"}],"curies":[{"name":"wp","href":"https:\/\/api.w.org\/{rel}","templated":true}]}}