{"id":10606,"date":"2018-11-30T04:52:17","date_gmt":"2018-11-30T04:52:17","guid":{"rendered":"http:\/\/quehacerpolitico.mx\/paso-a-paso-discutio-con-su-esposa-y-asi-se-quito-la-vida-el-comisionado-del-inai\/"},"modified":"2018-11-30T04:52:17","modified_gmt":"2018-11-30T04:52:17","slug":"paso-a-paso-discutio-con-su-esposa-y-asi-se-quito-la-vida-el-comisionado-del-inai","status":"publish","type":"post","link":"https:\/\/quehacerpolitico.mx\/?p=10606","title":{"rendered":"[PASO A PASO] Discuti\u00f3 con su esposa y\u2026 As\u00ed se quit\u00f3 la vida el comisionado del INAI"},"content":{"rendered":"<h3 class=\"mtitle\">[PASO A PASO] Discuti\u00f3 con su esposa y\u2026 As\u00ed se quit\u00f3 la vida el comisionado del INAI<\/h3>\n<p>Por Redacci\u00f3n QP<\/p>\n<div class=\"sumary single\">\n<p>El chofer de Carlos Bonnin Erales narr\u00f3 a autoridades del INAI lo que atestiguaron antes de que el hobre de 38 a\u00f1os decidiera quitarse la vida.<\/p>\n<\/div>\n<div class=\"singleNote\">\n<p>La muerte de<strong> Carlos Bonnin Erales<\/strong> se ha esclarecido. Fue un <strong>suicidio<\/strong>.<\/p>\n<p>El hombre de 38 a\u00f1os de edad se arroj\u00f3 de la azotea del Instituto Nacional de Acceso a la Informaci\u00f3n (INAI), esto ocurri\u00f3 despu\u00e9s de las 08:30 de la ma\u00f1ana del 27 de noviembre; hasta ese momento ninguno de los trabajadores sab\u00eda que fue su decisi\u00f3n personal.<\/p>\n<p>De inmediato comenzaron las especulaciones: accidente, intento de asesinato, desmayo\u2026 \u00bfsuicidio? Lo \u00faltimo que pod\u00eda esperarse era que atentara contra su vida, \u00bfc\u00f3mo? Si estaba por nacer su segundo hijo.<\/p>\n<p>No muri\u00f3 al instante, pero las lesiones provocadas por la ca\u00edda fueron irreversibles.<\/p>\n<h3>-Indignaci\u00f3n-<\/h3>\n<p>Su muerte gener\u00f3 indignaci\u00f3n entre las autoridades y funcionarios del propio INAI, porque la PGJCDMX revel\u00f3 informaci\u00f3n e im\u00e1genes que deb\u00edan ser parte de la indagatoria que sirviera para esclarecer el hecho.<\/p>\n<p>A dos d\u00edas del percance, la dependencia capitalina revel\u00f3 detalles de c\u00f3mo muri\u00f3 el<br \/>licenciado en Derecho por la Universidad Panamericana y Maestro en Derecho Internacional por TEC de Monterrey.<\/p>\n<h3><strong>-Testigo crucial-<\/strong><\/h3>\n<p>Pero sobre todo, la informaci\u00f3n que m\u00e1s prevaleci\u00f3 fue la que revel\u00f3 su chofer.<\/p>\n<p>\u201cSe pele\u00f3 con la esposa\u201d, fue lo que refiri\u00f3 un alto funcionario del INAI quien precis\u00f3 que \u201c\u00e9l lleg\u00f3 muy molesto a la oficina. Subi\u00f3 a la terraza. Prendi\u00f3 un cigarro, le llam\u00f3 a su esposa y salt\u00f3\u201d.<\/p>\n<p>La fuente revel\u00f3 que tras la discusi\u00f3n, la esposa de Bonnin le llam\u00f3 al chofer y le pidi\u00f3 que subiera a la oficina a verlo porque \u201cno se sent\u00eda bien\u201d.<\/p>\n<p>Para ese momento, el comisionado ya hab\u00eda tomado su decisi\u00f3n.<\/p>\n<p>Tras fumar y hacer su llamada a su c\u00f3nyuge, cruz\u00f3 el \u00e1rea verde que se ubica en el inmueble, brinc\u00f3 la malla de seguridad y tras un fugaz titubeo se lanz\u00f3 al vac\u00edo.<\/p>\n<h3><strong>-Lenta agon\u00eda-<\/strong><\/h3>\n<p>Sobrevivi\u00f3 a la ca\u00edda de cinco pisos, y justo en ese momento comenz\u00f3 su agon\u00eda por espacio de una hora.<\/p>\n<p>De acuerdo con los testigos, se atendi\u00f3 de inmediato a Bonnin, pero pese a que se solicit\u00f3 de urgencia a ambulancias, el apoyo m\u00e9dico tard\u00f3 m\u00e1s de 45 minutos en arribar.<\/p>\n<p>\u201cLa ayuda se tard\u00f3 3 cuartos de hora en llegar y a pesar de que trataron de reanimarlo con un equipo interno del Inai y de que llegaron primero su esposa y un hermano de Bonnin, que es m\u00e9dico, cuando la ambulancia lo levant\u00f3 para llevarlo al Hospital \u00c1ngeles del Pedregal, el funcionario sufri\u00f3 un segundo infarto en el camino y lleg\u00f3 ya casi agonizante al hospital privado\u201d.<\/p>\n<p><em>Con informaci\u00f3n del periodista <a href=\"https:\/\/www.eluniversal.com.mx\/columna\/salvador-garcia-soto\/nacion\/suicidio-en-el-inai-premonicion?fbclid=IwAR2KFpkK8r_cAquUn7u80S2dmXFHZhxsRdGd8CleSffi72E2xcrlA4ed1p8\">Salvador Garc\u00eda Soto<\/a><\/em><\/p>\n<div id=\"attachment_270697\" class=\"wp-caption alignnone\"><img loading=\"lazy\" decoding=\"async\" class=\"size-full wp-image-270697\" src=\"https:\/\/elbigdata.mx\/wp-content\/uploads\/2018\/11\/bonnin_suicidio_inai_pgjcdmx-I.jpg\" sizes=\"auto, (max-width: 1000px) 100vw, 1000px\" srcset=\"https:\/\/elbigdata.mx\/wp-content\/uploads\/2018\/11\/bonnin_suicidio_inai_pgjcdmx-I.jpg 1000w, https:\/\/elbigdata.mx\/wp-content\/uploads\/2018\/11\/bonnin_suicidio_inai_pgjcdmx-I-360x216.jpg 360w, https:\/\/elbigdata.mx\/wp-content\/uploads\/2018\/11\/bonnin_suicidio_inai_pgjcdmx-I-768x461.jpg 768w, https:\/\/elbigdata.mx\/wp-content\/uploads\/2018\/11\/bonnin_suicidio_inai_pgjcdmx-I-300x180.jpg 300w\" alt=\"\" width=\"1000\" height=\"600\" \/><\/p>\n<p class=\"wp-caption-text\">1.- Llega a la terraza<\/p>\n<\/div>\n<div id=\"attachment_270698\" class=\"wp-caption alignnone\"><img loading=\"lazy\" decoding=\"async\" class=\"size-full wp-image-270698\" src=\"https:\/\/elbigdata.mx\/wp-content\/uploads\/2018\/11\/bonnin_suicidio_inai_pgjcdmx-II.jpg\" sizes=\"auto, (max-width: 1200px) 100vw, 1200px\" srcset=\"https:\/\/elbigdata.mx\/wp-content\/uploads\/2018\/11\/bonnin_suicidio_inai_pgjcdmx-II.jpg 1200w, https:\/\/elbigdata.mx\/wp-content\/uploads\/2018\/11\/bonnin_suicidio_inai_pgjcdmx-II-360x240.jpg 360w, https:\/\/elbigdata.mx\/wp-content\/uploads\/2018\/11\/bonnin_suicidio_inai_pgjcdmx-II-768x512.jpg 768w\" alt=\"\" width=\"1200\" height=\"800\" \/><\/p>\n<p class=\"wp-caption-text\">2.- Discute con su esposa<\/p>\n<\/div>\n<div id=\"attachment_270699\" class=\"wp-caption alignnone\"><img loading=\"lazy\" decoding=\"async\" class=\"size-full wp-image-270699\" src=\"https:\/\/elbigdata.mx\/wp-content\/uploads\/2018\/11\/bonnin_suicidio_inai_pgjcdmx-III.jpg\" sizes=\"auto, (max-width: 1000px) 100vw, 1000px\" srcset=\"https:\/\/elbigdata.mx\/wp-content\/uploads\/2018\/11\/bonnin_suicidio_inai_pgjcdmx-III.jpg 1000w, https:\/\/elbigdata.mx\/wp-content\/uploads\/2018\/11\/bonnin_suicidio_inai_pgjcdmx-III-360x216.jpg 360w, https:\/\/elbigdata.mx\/wp-content\/uploads\/2018\/11\/bonnin_suicidio_inai_pgjcdmx-III-768x462.jpg 768w, https:\/\/elbigdata.mx\/wp-content\/uploads\/2018\/11\/bonnin_suicidio_inai_pgjcdmx-III-300x180.jpg 300w\" alt=\"\" width=\"1000\" height=\"601\" \/><\/p>\n<p class=\"wp-caption-text\">3.- Traspasa el \u00e1rea verde<\/p>\n<\/div>\n<div id=\"attachment_270700\" class=\"wp-caption alignnone\"><img loading=\"lazy\" decoding=\"async\" class=\"size-full wp-image-270700\" src=\"https:\/\/elbigdata.mx\/wp-content\/uploads\/2018\/11\/bonnin_suicidio_inai_pgjcdmx-IV.jpg\" sizes=\"auto, (max-width: 1000px) 100vw, 1000px\" srcset=\"https:\/\/elbigdata.mx\/wp-content\/uploads\/2018\/11\/bonnin_suicidio_inai_pgjcdmx-IV.jpg 1000w, https:\/\/elbigdata.mx\/wp-content\/uploads\/2018\/11\/bonnin_suicidio_inai_pgjcdmx-IV-360x216.jpg 360w, https:\/\/elbigdata.mx\/wp-content\/uploads\/2018\/11\/bonnin_suicidio_inai_pgjcdmx-IV-768x461.jpg 768w, https:\/\/elbigdata.mx\/wp-content\/uploads\/2018\/11\/bonnin_suicidio_inai_pgjcdmx-IV-300x180.jpg 300w\" alt=\"\" width=\"1000\" height=\"600\" \/><\/p>\n<p class=\"wp-caption-text\">4.- Cruza cerca de seguridad<\/p>\n<\/div>\n<div id=\"attachment_270701\" class=\"wp-caption alignnone\"><img loading=\"lazy\" decoding=\"async\" class=\"size-full wp-image-270701\" src=\"https:\/\/elbigdata.mx\/wp-content\/uploads\/2018\/11\/bonnin_suicidio_inai_pgjcdmx-V.jpg\" sizes=\"auto, (max-width: 1000px) 100vw, 1000px\" srcset=\"https:\/\/elbigdata.mx\/wp-content\/uploads\/2018\/11\/bonnin_suicidio_inai_pgjcdmx-V.jpg 1000w, https:\/\/elbigdata.mx\/wp-content\/uploads\/2018\/11\/bonnin_suicidio_inai_pgjcdmx-V-360x216.jpg 360w, https:\/\/elbigdata.mx\/wp-content\/uploads\/2018\/11\/bonnin_suicidio_inai_pgjcdmx-V-768x462.jpg 768w, https:\/\/elbigdata.mx\/wp-content\/uploads\/2018\/11\/bonnin_suicidio_inai_pgjcdmx-V-300x180.jpg 300w\" alt=\"\" width=\"1000\" height=\"601\" \/><\/p>\n<p class=\"wp-caption-text\">5.- Se posiciona en la orilla del INAI<\/p>\n<\/div>\n<div id=\"attachment_270702\" class=\"wp-caption alignnone\"><img loading=\"lazy\" decoding=\"async\" class=\"size-full wp-image-270702\" src=\"https:\/\/elbigdata.mx\/wp-content\/uploads\/2018\/11\/bonnin_suicidio_inai_pgjcdmx-VI.jpg\" sizes=\"auto, (max-width: 1000px) 100vw, 1000px\" srcset=\"https:\/\/elbigdata.mx\/wp-content\/uploads\/2018\/11\/bonnin_suicidio_inai_pgjcdmx-VI.jpg 1000w, https:\/\/elbigdata.mx\/wp-content\/uploads\/2018\/11\/bonnin_suicidio_inai_pgjcdmx-VI-360x216.jpg 360w, https:\/\/elbigdata.mx\/wp-content\/uploads\/2018\/11\/bonnin_suicidio_inai_pgjcdmx-VI-768x461.jpg 768w, https:\/\/elbigdata.mx\/wp-content\/uploads\/2018\/11\/bonnin_suicidio_inai_pgjcdmx-VI-300x180.jpg 300w\" alt=\"\" width=\"1000\" height=\"600\" \/><\/p>\n<p class=\"wp-caption-text\">6.- Cae mal herido en el pasillo del INAI<\/p>\n<\/div>\n<\/div>\n","protected":false},"excerpt":{"rendered":"<p>[PASO A PASO] Discuti\u00f3 con su esposa y\u2026 As\u00ed se quit\u00f3 la vida el comisionado del INAI<br \/>\nPor Redacci\u00f3n QP<\/p>\n","protected":false},"author":2,"featured_media":10605,"comment_status":"open","ping_status":"open","sticky":false,"template":"","format":"standard","meta":{"_monsterinsights_skip_tracking":false,"_monsterinsights_sitenote_active":false,"_monsterinsights_sitenote_note":"","_monsterinsights_sitenote_category":0,"footnotes":""},"categories":[55],"tags":[],"class_list":["post-10606","post","type-post","status-publish","format-standard","has-post-thumbnail","hentry","category-cdmx"],"yoast_head":"<!-- This site is optimized with the Yoast SEO plugin v27.3 - https:\/\/yoast.com\/product\/yoast-seo-wordpress\/ -->\n<title>[PASO A PASO] Discuti\u00f3 con su esposa y\u2026 As\u00ed se quit\u00f3 la vida el comisionado del INAI -<\/title>\n<meta name=\"robots\" content=\"index, follow, max-snippet:-1, max-image-preview:large, max-video-preview:-1\" \/>\n<link rel=\"canonical\" href=\"https:\/\/quehacerpolitico.mx\/?p=10606\" \/>\n<meta property=\"og:locale\" content=\"es_MX\" \/>\n<meta property=\"og:type\" content=\"article\" \/>\n<meta property=\"og:title\" content=\"[PASO A PASO] Discuti\u00f3 con su esposa y\u2026 As\u00ed se quit\u00f3 la vida el comisionado del INAI -\" \/>\n<meta property=\"og:description\" content=\"[PASO A PASO] Discuti\u00f3 con su esposa y\u2026 As\u00ed se quit\u00f3 la vida el comisionado del INAI Por Redacci\u00f3n QP\" \/>\n<meta property=\"og:url\" content=\"https:\/\/quehacerpolitico.mx\/?p=10606\" \/>\n<meta property=\"article:published_time\" content=\"2018-11-30T04:52:17+00:00\" \/>\n<meta name=\"author\" content=\"Redacci\u00f3n QP\" \/>\n<meta name=\"twitter:card\" content=\"summary_large_image\" \/>\n<meta name=\"twitter:label1\" content=\"Escrito por\" \/>\n\t<meta name=\"twitter:data1\" content=\"Redacci\u00f3n QP\" \/>\n\t<meta name=\"twitter:label2\" content=\"Tiempo de lectura\" \/>\n\t<meta name=\"twitter:data2\" content=\"3 minutos\" \/>\n<script type=\"application\/ld+json\" class=\"yoast-schema-graph\">{\"@context\":\"https:\\\/\\\/schema.org\",\"@graph\":[{\"@type\":\"Article\",\"@id\":\"https:\\\/\\\/quehacerpolitico.mx\\\/?p=10606#article\",\"isPartOf\":{\"@id\":\"https:\\\/\\\/quehacerpolitico.mx\\\/?p=10606\"},\"author\":{\"name\":\"Redacci\u00f3n QP\",\"@id\":\"https:\\\/\\\/quehacerpolitico.mx\\\/#\\\/schema\\\/person\\\/496d8ad2d1d3f8036101dca7ee39e585\"},\"headline\":\"[PASO A PASO] Discuti\u00f3 con su esposa y\u2026 As\u00ed se quit\u00f3 la vida el comisionado del INAI\",\"datePublished\":\"2018-11-30T04:52:17+00:00\",\"mainEntityOfPage\":{\"@id\":\"https:\\\/\\\/quehacerpolitico.mx\\\/?p=10606\"},\"wordCount\":547,\"commentCount\":0,\"image\":{\"@id\":\"https:\\\/\\\/quehacerpolitico.mx\\\/?p=10606#primaryimage\"},\"thumbnailUrl\":\"\",\"articleSection\":[\"CDMX\"],\"inLanguage\":\"es\",\"potentialAction\":[{\"@type\":\"CommentAction\",\"name\":\"Comment\",\"target\":[\"https:\\\/\\\/quehacerpolitico.mx\\\/?p=10606#respond\"]}]},{\"@type\":\"WebPage\",\"@id\":\"https:\\\/\\\/quehacerpolitico.mx\\\/?p=10606\",\"url\":\"https:\\\/\\\/quehacerpolitico.mx\\\/?p=10606\",\"name\":\"[PASO A PASO] Discuti\u00f3 con su esposa y\u2026 As\u00ed se quit\u00f3 la vida el comisionado del INAI -\",\"isPartOf\":{\"@id\":\"https:\\\/\\\/quehacerpolitico.mx\\\/#website\"},\"primaryImageOfPage\":{\"@id\":\"https:\\\/\\\/quehacerpolitico.mx\\\/?p=10606#primaryimage\"},\"image\":{\"@id\":\"https:\\\/\\\/quehacerpolitico.mx\\\/?p=10606#primaryimage\"},\"thumbnailUrl\":\"\",\"datePublished\":\"2018-11-30T04:52:17+00:00\",\"author\":{\"@id\":\"https:\\\/\\\/quehacerpolitico.mx\\\/#\\\/schema\\\/person\\\/496d8ad2d1d3f8036101dca7ee39e585\"},\"breadcrumb\":{\"@id\":\"https:\\\/\\\/quehacerpolitico.mx\\\/?p=10606#breadcrumb\"},\"inLanguage\":\"es\",\"potentialAction\":[{\"@type\":\"ReadAction\",\"target\":[\"https:\\\/\\\/quehacerpolitico.mx\\\/?p=10606\"]}]},{\"@type\":\"ImageObject\",\"inLanguage\":\"es\",\"@id\":\"https:\\\/\\\/quehacerpolitico.mx\\\/?p=10606#primaryimage\",\"url\":\"\",\"contentUrl\":\"\"},{\"@type\":\"BreadcrumbList\",\"@id\":\"https:\\\/\\\/quehacerpolitico.mx\\\/?p=10606#breadcrumb\",\"itemListElement\":[{\"@type\":\"ListItem\",\"position\":1,\"name\":\"Inicio\",\"item\":\"https:\\\/\\\/quehacerpolitico.mx\\\/\"},{\"@type\":\"ListItem\",\"position\":2,\"name\":\"[PASO A PASO] Discuti\u00f3 con su esposa y\u2026 As\u00ed se quit\u00f3 la vida el comisionado del INAI\"}]},{\"@type\":\"WebSite\",\"@id\":\"https:\\\/\\\/quehacerpolitico.mx\\\/#website\",\"url\":\"https:\\\/\\\/quehacerpolitico.mx\\\/\",\"name\":\"\",\"description\":\"\",\"potentialAction\":[{\"@type\":\"SearchAction\",\"target\":{\"@type\":\"EntryPoint\",\"urlTemplate\":\"https:\\\/\\\/quehacerpolitico.mx\\\/?s={search_term_string}\"},\"query-input\":{\"@type\":\"PropertyValueSpecification\",\"valueRequired\":true,\"valueName\":\"search_term_string\"}}],\"inLanguage\":\"es\"},{\"@type\":\"Person\",\"@id\":\"https:\\\/\\\/quehacerpolitico.mx\\\/#\\\/schema\\\/person\\\/496d8ad2d1d3f8036101dca7ee39e585\",\"name\":\"Redacci\u00f3n QP\",\"image\":{\"@type\":\"ImageObject\",\"inLanguage\":\"es\",\"@id\":\"https:\\\/\\\/secure.gravatar.com\\\/avatar\\\/c7164ed6fdec453195284ad24a5ae5b6e1eed2b848477fa2a4787ba9adf39a41?s=96&d=mm&r=g\",\"url\":\"https:\\\/\\\/secure.gravatar.com\\\/avatar\\\/c7164ed6fdec453195284ad24a5ae5b6e1eed2b848477fa2a4787ba9adf39a41?s=96&d=mm&r=g\",\"contentUrl\":\"https:\\\/\\\/secure.gravatar.com\\\/avatar\\\/c7164ed6fdec453195284ad24a5ae5b6e1eed2b848477fa2a4787ba9adf39a41?s=96&d=mm&r=g\",\"caption\":\"Redacci\u00f3n QP\"},\"url\":\"https:\\\/\\\/quehacerpolitico.mx\\\/?author=2\"}]}<\/script>\n<!-- \/ Yoast SEO plugin. -->","yoast_head_json":{"title":"[PASO A PASO] Discuti\u00f3 con su esposa y\u2026 As\u00ed se quit\u00f3 la vida el comisionado del INAI -","robots":{"index":"index","follow":"follow","max-snippet":"max-snippet:-1","max-image-preview":"max-image-preview:large","max-video-preview":"max-video-preview:-1"},"canonical":"https:\/\/quehacerpolitico.mx\/?p=10606","og_locale":"es_MX","og_type":"article","og_title":"[PASO A PASO] Discuti\u00f3 con su esposa y\u2026 As\u00ed se quit\u00f3 la vida el comisionado del INAI -","og_description":"[PASO A PASO] Discuti\u00f3 con su esposa y\u2026 As\u00ed se quit\u00f3 la vida el comisionado del INAI Por Redacci\u00f3n QP","og_url":"https:\/\/quehacerpolitico.mx\/?p=10606","article_published_time":"2018-11-30T04:52:17+00:00","author":"Redacci\u00f3n QP","twitter_card":"summary_large_image","twitter_misc":{"Escrito por":"Redacci\u00f3n QP","Tiempo de lectura":"3 minutos"},"schema":{"@context":"https:\/\/schema.org","@graph":[{"@type":"Article","@id":"https:\/\/quehacerpolitico.mx\/?p=10606#article","isPartOf":{"@id":"https:\/\/quehacerpolitico.mx\/?p=10606"},"author":{"name":"Redacci\u00f3n QP","@id":"https:\/\/quehacerpolitico.mx\/#\/schema\/person\/496d8ad2d1d3f8036101dca7ee39e585"},"headline":"[PASO A PASO] Discuti\u00f3 con su esposa y\u2026 As\u00ed se quit\u00f3 la vida el comisionado del INAI","datePublished":"2018-11-30T04:52:17+00:00","mainEntityOfPage":{"@id":"https:\/\/quehacerpolitico.mx\/?p=10606"},"wordCount":547,"commentCount":0,"image":{"@id":"https:\/\/quehacerpolitico.mx\/?p=10606#primaryimage"},"thumbnailUrl":"","articleSection":["CDMX"],"inLanguage":"es","potentialAction":[{"@type":"CommentAction","name":"Comment","target":["https:\/\/quehacerpolitico.mx\/?p=10606#respond"]}]},{"@type":"WebPage","@id":"https:\/\/quehacerpolitico.mx\/?p=10606","url":"https:\/\/quehacerpolitico.mx\/?p=10606","name":"[PASO A PASO] Discuti\u00f3 con su esposa y\u2026 As\u00ed se quit\u00f3 la vida el comisionado del INAI -","isPartOf":{"@id":"https:\/\/quehacerpolitico.mx\/#website"},"primaryImageOfPage":{"@id":"https:\/\/quehacerpolitico.mx\/?p=10606#primaryimage"},"image":{"@id":"https:\/\/quehacerpolitico.mx\/?p=10606#primaryimage"},"thumbnailUrl":"","datePublished":"2018-11-30T04:52:17+00:00","author":{"@id":"https:\/\/quehacerpolitico.mx\/#\/schema\/person\/496d8ad2d1d3f8036101dca7ee39e585"},"breadcrumb":{"@id":"https:\/\/quehacerpolitico.mx\/?p=10606#breadcrumb"},"inLanguage":"es","potentialAction":[{"@type":"ReadAction","target":["https:\/\/quehacerpolitico.mx\/?p=10606"]}]},{"@type":"ImageObject","inLanguage":"es","@id":"https:\/\/quehacerpolitico.mx\/?p=10606#primaryimage","url":"","contentUrl":""},{"@type":"BreadcrumbList","@id":"https:\/\/quehacerpolitico.mx\/?p=10606#breadcrumb","itemListElement":[{"@type":"ListItem","position":1,"name":"Inicio","item":"https:\/\/quehacerpolitico.mx\/"},{"@type":"ListItem","position":2,"name":"[PASO A PASO] Discuti\u00f3 con su esposa y\u2026 As\u00ed se quit\u00f3 la vida el comisionado del INAI"}]},{"@type":"WebSite","@id":"https:\/\/quehacerpolitico.mx\/#website","url":"https:\/\/quehacerpolitico.mx\/","name":"","description":"","potentialAction":[{"@type":"SearchAction","target":{"@type":"EntryPoint","urlTemplate":"https:\/\/quehacerpolitico.mx\/?s={search_term_string}"},"query-input":{"@type":"PropertyValueSpecification","valueRequired":true,"valueName":"search_term_string"}}],"inLanguage":"es"},{"@type":"Person","@id":"https:\/\/quehacerpolitico.mx\/#\/schema\/person\/496d8ad2d1d3f8036101dca7ee39e585","name":"Redacci\u00f3n QP","image":{"@type":"ImageObject","inLanguage":"es","@id":"https:\/\/secure.gravatar.com\/avatar\/c7164ed6fdec453195284ad24a5ae5b6e1eed2b848477fa2a4787ba9adf39a41?s=96&d=mm&r=g","url":"https:\/\/secure.gravatar.com\/avatar\/c7164ed6fdec453195284ad24a5ae5b6e1eed2b848477fa2a4787ba9adf39a41?s=96&d=mm&r=g","contentUrl":"https:\/\/secure.gravatar.com\/avatar\/c7164ed6fdec453195284ad24a5ae5b6e1eed2b848477fa2a4787ba9adf39a41?s=96&d=mm&r=g","caption":"Redacci\u00f3n QP"},"url":"https:\/\/quehacerpolitico.mx\/?author=2"}]}},"featured_image_urls":{"full":"","thumbnail":"","medium":"","medium_large":"","large":"","1536x1536":"","2048x2048":"","covernews-featured":"","covernews-medium":""},"author_info":{"display_name":"Redacci\u00f3n QP","author_link":"https:\/\/quehacerpolitico.mx\/?author=2"},"category_info":"<a href=\"https:\/\/quehacerpolitico.mx\/?cat=55\" rel=\"category\">CDMX<\/a>","tag_info":"CDMX","comment_count":"0","_links":{"self":[{"href":"https:\/\/quehacerpolitico.mx\/index.php?rest_route=\/wp\/v2\/posts\/10606","targetHints":{"allow":["GET"]}}],"collection":[{"href":"https:\/\/quehacerpolitico.mx\/index.php?rest_route=\/wp\/v2\/posts"}],"about":[{"href":"https:\/\/quehacerpolitico.mx\/index.php?rest_route=\/wp\/v2\/types\/post"}],"author":[{"embeddable":true,"href":"https:\/\/quehacerpolitico.mx\/index.php?rest_route=\/wp\/v2\/users\/2"}],"replies":[{"embeddable":true,"href":"https:\/\/quehacerpolitico.mx\/index.php?rest_route=%2Fwp%2Fv2%2Fcomments&post=10606"}],"version-history":[{"count":0,"href":"https:\/\/quehacerpolitico.mx\/index.php?rest_route=\/wp\/v2\/posts\/10606\/revisions"}],"wp:featuredmedia":[{"embeddable":true,"href":"https:\/\/quehacerpolitico.mx\/index.php?rest_route=\/"}],"wp:attachment":[{"href":"https:\/\/quehacerpolitico.mx\/index.php?rest_route=%2Fwp%2Fv2%2Fmedia&parent=10606"}],"wp:term":[{"taxonomy":"category","embeddable":true,"href":"https:\/\/quehacerpolitico.mx\/index.php?rest_route=%2Fwp%2Fv2%2Fcategories&post=10606"},{"taxonomy":"post_tag","embeddable":true,"href":"https:\/\/quehacerpolitico.mx\/index.php?rest_route=%2Fwp%2Fv2%2Ftags&post=10606"}],"curies":[{"name":"wp","href":"https:\/\/api.w.org\/{rel}","templated":true}]}}