{"id":106056,"date":"2023-11-01T17:34:44","date_gmt":"2023-11-01T17:34:44","guid":{"rendered":"https:\/\/quehacerpolitico.mx\/?p=106056"},"modified":"2023-11-01T17:34:49","modified_gmt":"2023-11-01T17:34:49","slug":"amlo-celebro-que-la-ministra-norma-pina-le-tomara-la-palabra-para-destinar-los-15-mil-millones-de-pesos-de-fideicomisos-para-los-damnificados-de-guerrero-por-el-hur","status":"publish","type":"post","link":"https:\/\/quehacerpolitico.mx\/?p=106056","title":{"rendered":"AMLO celebr\u00f3 que la ministra Norma Pi\u00f1a,\u00a0le tomar\u00e1 la palabra para destinar los\u00a015 mil millones de pesos\u00a0de\u00a0fideicomisos para los damnificados de\u00a0Guerrero\u00a0por el\u00a0hurac\u00e1n Otis"},"content":{"rendered":"\n<p>Por Redacci\u00f3n QP<\/p>\n\n\n\n<p>L\u00f3pez Obrador aplaudi\u00f3 la disposici\u00f3n de la ministra de la Corte, Norma Pi\u00f1a, para que dinero de fideicomisos del PJ vaya a damnificados<\/p>\n\n\n\n<p>El presidente de M\u00e9xico,\u00a0<strong>Andres Manuel L\u00f3pez Obrador<\/strong>, celebr\u00f3 que la ministra presidenta de la\u00a0<strong>Suprema Corte de Justicia de la Naci\u00f3n<\/strong>\u00a0(<strong>SCJN<\/strong>),\u00a0<strong>Norma Pi\u00f1a<\/strong>,\u00a0le tomar\u00e1 la palabra para destinar los\u00a0<strong>15 mil millones de pesos<\/strong>\u00a0de\u00a0<strong>fideicomisos<\/strong>\u00a0recortados al\u00a0<strong>Poder Judicial<\/strong>\u00a0para destinarlos a los damnificados de\u00a0<strong>Guerrero<\/strong>\u00a0por el<strong>\u00a0hurac\u00e1n Otis<\/strong>, que ha dejado un saldo de\u00a0<strong>46 muertos y miles de damnificados<\/strong>.<\/p>\n\n\n\n<p>Miren la actitud de la presidenta de la Suprema Corte de Justicia, \u00a1muy bien su respuesta! Claro que tenemos diferencias, pero por encima de nuestras diferencias tiene que prevalecer siempre el inter\u00e9s general, el inter\u00e9s del pueblo\u201d, indic\u00f3.<\/p>\n\n\n\n<figure class=\"wp-block-embed is-type-video is-provider-youtube wp-block-embed-youtube wp-embed-aspect-16-9 wp-has-aspect-ratio\"><div class=\"wp-block-embed__wrapper\">\n<iframe loading=\"lazy\" title=\"AMLO celebr\u00f3 que ministra Pi\u00f1a le tom\u00f3 la palabra para que fideicomisos del PJ vayan a Acapulco\" width=\"640\" height=\"360\" src=\"https:\/\/www.youtube.com\/embed\/X3eP6dmhPHE?feature=oembed\" frameborder=\"0\" allow=\"accelerometer; autoplay; clipboard-write; encrypted-media; gyroscope; picture-in-picture; web-share\" referrerpolicy=\"strict-origin-when-cross-origin\" allowfullscreen><\/iframe>\n<\/div><\/figure>\n\n\n\n<p>\u201cCelebro lo que decidieron, que los 15 mil millones de pesos de fideicomisos del Poder Judicial se destinen para apoyar a damnificados de Acapulco, lo veo muy bien (\u2026) La decisi\u00f3n importante es que por escrito la presidenta de la Suprema Corte se comprometa a que van a entregar los damnificados los 15 mil millones de pesos\u201d, declar\u00f3.<\/p>\n\n\n\n<p>El mandatario mexicano detall\u00f3 que muchos de sus adversarios est\u00e1n decepcionados tras la decisi\u00f3n tomada por la ministra Pi\u00f1a Hern\u00e1ndez, debido a que \u00fanicamente apuestan al \u201cpleito\u201d contra su Gobierno.<\/p>\n\n\n\n<p>\u201cCelebro la decisi\u00f3n que tom\u00f3 la presidenta de la Suprema Corte. Deben de haber varios muchos, enojados con eso, que se deben de haber sentidos traicionados, porque apuestan al pleito, c\u00f3mo es que la presidenta cede cuando deber\u00eda de seguir atacando porque sus intereses son otros, lo que ellos est\u00e1n pensando, como dec\u00eda Churchill, no es en la pr\u00f3xima generaci\u00f3n, sino en la pr\u00f3xima elecci\u00f3n, porque no ven m\u00e1s all\u00e1. Est\u00e1n imbuidos en la politiquer\u00eda, \u2018ahora es el momento, pleito, pleito, pleito, pleito, pleito, pleito\u2019, \u2018a la Suprema Corte y al Poder Judicial no se le toca, no se le toca, no se le toca, no se le toca&#8217;\u201d, puntualiz\u00f3.<\/p>\n\n\n\n<p>Calific\u00f3 como una \u201crespuesta responsable\u201d de la ministra Pi\u00f1a Hern\u00e1ndez sobre el asunto de donar los 15 mil millones de pesos en fideicomisos.<\/p>\n\n\n\n<p>La ministra presidenta de la&nbsp;<strong>Suprema Corte<\/strong>,&nbsp;<strong>Norma Pi\u00f1a<\/strong>, solicit\u00f3 al presidente<strong>&nbsp;L\u00f3pez Obrador<\/strong>&nbsp;que defina cu\u00e1l ser\u00e1 el procedimiento para concretar su propuesta de donar el dinero de los&nbsp;<strong>fideicomisos del Poder Judicial&nbsp;<\/strong>a los afectados por el hurac\u00e1n&nbsp;<strong>Otis<\/strong>.<\/p>\n\n\n\n<p>En su\u00a0conferencia matutina del martes el tabasque\u00f1o propuso a los integrantes del\u00a0<strong>Poder Judicial Federal<\/strong>\u00a0un acuerdo para que los 15 mil millones de pesos que conforman 13 de los 14 fideicomisos que elimin\u00f3 el\u00a0<strong>Congreso\u00a0<\/strong>se destinen a los damnificados, y que se forme un comit\u00e9 para vigilar la aplicaci\u00f3n de esos fondos.<\/p>\n\n\n\n<p>La propuesta que se hace desde el\u00a0<strong>Poder Ejecutivo<\/strong>\u00a0al\u00a0<strong>Poder Judicial<\/strong>\u00a0representa una alternativa real que nos permitir\u00e1 actuar como Estado, en defensa de su poblaci\u00f3n\u201d, apunt\u00f3 la ministra\u00a0<strong>Pi\u00f1a Hern\u00e1ndez<\/strong>\u00a0por medio de una carta.<\/p>\n\n\n\n<p>La\u00a0ministra presidenta de la SCJN asegur\u00f3 que desde el Poder Judicial se trabajar\u00e1 por la recuperaci\u00f3n de las personas m\u00e1s afectadas por el cicl\u00f3n Otis, \u201cpara devolverles el derecho al futuro que les fue suspendido y buscar asegurarles, en el menor tiempo posible, condiciones de igualdad para continuar con su proyecto de vida\u201d.<\/p>\n","protected":false},"excerpt":{"rendered":"<p>Por Redacci\u00f3n QP L\u00f3pez Obrador aplaudi\u00f3 la disposici\u00f3n de la ministra de la Corte, Norma&#8230;<\/p>\n","protected":false},"author":2,"featured_media":106057,"comment_status":"open","ping_status":"open","sticky":false,"template":"","format":"standard","meta":{"_monsterinsights_skip_tracking":false,"_monsterinsights_sitenote_active":false,"_monsterinsights_sitenote_note":"","_monsterinsights_sitenote_category":0,"footnotes":""},"categories":[2],"tags":[],"class_list":["post-106056","post","type-post","status-publish","format-standard","has-post-thumbnail","hentry","category-noticias"],"yoast_head":"<!-- This site is optimized with the Yoast SEO plugin v27.3 - https:\/\/yoast.com\/product\/yoast-seo-wordpress\/ -->\n<title>AMLO celebr\u00f3 que la ministra Norma Pi\u00f1a,\u00a0le tomar\u00e1 la palabra para destinar los\u00a015 mil millones de pesos\u00a0de\u00a0fideicomisos para los damnificados de\u00a0Guerrero\u00a0por el\u00a0hurac\u00e1n Otis -<\/title>\n<meta name=\"robots\" content=\"index, follow, max-snippet:-1, max-image-preview:large, max-video-preview:-1\" \/>\n<link rel=\"canonical\" href=\"https:\/\/quehacerpolitico.mx\/?p=106056\" \/>\n<meta property=\"og:locale\" content=\"es_MX\" \/>\n<meta property=\"og:type\" content=\"article\" \/>\n<meta property=\"og:title\" content=\"AMLO celebr\u00f3 que la ministra Norma Pi\u00f1a,\u00a0le tomar\u00e1 la palabra para destinar los\u00a015 mil millones de pesos\u00a0de\u00a0fideicomisos para los damnificados de\u00a0Guerrero\u00a0por el\u00a0hurac\u00e1n Otis -\" \/>\n<meta property=\"og:description\" content=\"Por Redacci\u00f3n QP L\u00f3pez Obrador aplaudi\u00f3 la disposici\u00f3n de la ministra de la Corte, Norma...\" \/>\n<meta property=\"og:url\" content=\"https:\/\/quehacerpolitico.mx\/?p=106056\" \/>\n<meta property=\"article:published_time\" content=\"2023-11-01T17:34:44+00:00\" \/>\n<meta property=\"article:modified_time\" content=\"2023-11-01T17:34:49+00:00\" \/>\n<meta property=\"og:image\" content=\"https:\/\/quehacerpolitico.mx\/wp-content\/uploads\/2023\/11\/IMG_1735.jpeg\" \/>\n\t<meta property=\"og:image:width\" content=\"1284\" \/>\n\t<meta property=\"og:image:height\" content=\"708\" \/>\n\t<meta property=\"og:image:type\" content=\"image\/jpeg\" \/>\n<meta name=\"author\" content=\"Redacci\u00f3n QP\" \/>\n<meta name=\"twitter:card\" content=\"summary_large_image\" \/>\n<meta name=\"twitter:label1\" content=\"Escrito por\" \/>\n\t<meta name=\"twitter:data1\" content=\"Redacci\u00f3n QP\" \/>\n\t<meta name=\"twitter:label2\" content=\"Tiempo de lectura\" \/>\n\t<meta name=\"twitter:data2\" content=\"3 minutos\" \/>\n<script type=\"application\/ld+json\" class=\"yoast-schema-graph\">{\"@context\":\"https:\\\/\\\/schema.org\",\"@graph\":[{\"@type\":\"Article\",\"@id\":\"https:\\\/\\\/quehacerpolitico.mx\\\/?p=106056#article\",\"isPartOf\":{\"@id\":\"https:\\\/\\\/quehacerpolitico.mx\\\/?p=106056\"},\"author\":{\"name\":\"Redacci\u00f3n QP\",\"@id\":\"https:\\\/\\\/quehacerpolitico.mx\\\/#\\\/schema\\\/person\\\/496d8ad2d1d3f8036101dca7ee39e585\"},\"headline\":\"AMLO celebr\u00f3 que la ministra Norma Pi\u00f1a,\u00a0le tomar\u00e1 la palabra para destinar los\u00a015 mil millones de pesos\u00a0de\u00a0fideicomisos para los damnificados de\u00a0Guerrero\u00a0por el\u00a0hurac\u00e1n Otis\",\"datePublished\":\"2023-11-01T17:34:44+00:00\",\"dateModified\":\"2023-11-01T17:34:49+00:00\",\"mainEntityOfPage\":{\"@id\":\"https:\\\/\\\/quehacerpolitico.mx\\\/?p=106056\"},\"wordCount\":618,\"commentCount\":0,\"image\":{\"@id\":\"https:\\\/\\\/quehacerpolitico.mx\\\/?p=106056#primaryimage\"},\"thumbnailUrl\":\"https:\\\/\\\/quehacerpolitico.mx\\\/wp-content\\\/uploads\\\/2023\\\/11\\\/IMG_1735.jpeg\",\"articleSection\":[\"Noticias\"],\"inLanguage\":\"es\",\"potentialAction\":[{\"@type\":\"CommentAction\",\"name\":\"Comment\",\"target\":[\"https:\\\/\\\/quehacerpolitico.mx\\\/?p=106056#respond\"]}]},{\"@type\":\"WebPage\",\"@id\":\"https:\\\/\\\/quehacerpolitico.mx\\\/?p=106056\",\"url\":\"https:\\\/\\\/quehacerpolitico.mx\\\/?p=106056\",\"name\":\"AMLO celebr\u00f3 que la ministra Norma Pi\u00f1a,\u00a0le tomar\u00e1 la palabra para destinar los\u00a015 mil millones de pesos\u00a0de\u00a0fideicomisos para los damnificados de\u00a0Guerrero\u00a0por el\u00a0hurac\u00e1n Otis -\",\"isPartOf\":{\"@id\":\"https:\\\/\\\/quehacerpolitico.mx\\\/#website\"},\"primaryImageOfPage\":{\"@id\":\"https:\\\/\\\/quehacerpolitico.mx\\\/?p=106056#primaryimage\"},\"image\":{\"@id\":\"https:\\\/\\\/quehacerpolitico.mx\\\/?p=106056#primaryimage\"},\"thumbnailUrl\":\"https:\\\/\\\/quehacerpolitico.mx\\\/wp-content\\\/uploads\\\/2023\\\/11\\\/IMG_1735.jpeg\",\"datePublished\":\"2023-11-01T17:34:44+00:00\",\"dateModified\":\"2023-11-01T17:34:49+00:00\",\"author\":{\"@id\":\"https:\\\/\\\/quehacerpolitico.mx\\\/#\\\/schema\\\/person\\\/496d8ad2d1d3f8036101dca7ee39e585\"},\"breadcrumb\":{\"@id\":\"https:\\\/\\\/quehacerpolitico.mx\\\/?p=106056#breadcrumb\"},\"inLanguage\":\"es\",\"potentialAction\":[{\"@type\":\"ReadAction\",\"target\":[\"https:\\\/\\\/quehacerpolitico.mx\\\/?p=106056\"]}]},{\"@type\":\"ImageObject\",\"inLanguage\":\"es\",\"@id\":\"https:\\\/\\\/quehacerpolitico.mx\\\/?p=106056#primaryimage\",\"url\":\"https:\\\/\\\/quehacerpolitico.mx\\\/wp-content\\\/uploads\\\/2023\\\/11\\\/IMG_1735.jpeg\",\"contentUrl\":\"https:\\\/\\\/quehacerpolitico.mx\\\/wp-content\\\/uploads\\\/2023\\\/11\\\/IMG_1735.jpeg\",\"width\":1284,\"height\":708},{\"@type\":\"BreadcrumbList\",\"@id\":\"https:\\\/\\\/quehacerpolitico.mx\\\/?p=106056#breadcrumb\",\"itemListElement\":[{\"@type\":\"ListItem\",\"position\":1,\"name\":\"Inicio\",\"item\":\"https:\\\/\\\/quehacerpolitico.mx\\\/\"},{\"@type\":\"ListItem\",\"position\":2,\"name\":\"AMLO celebr\u00f3 que la ministra Norma Pi\u00f1a,\u00a0le tomar\u00e1 la palabra para destinar los\u00a015 mil millones de pesos\u00a0de\u00a0fideicomisos para los damnificados de\u00a0Guerrero\u00a0por el\u00a0hurac\u00e1n Otis\"}]},{\"@type\":\"WebSite\",\"@id\":\"https:\\\/\\\/quehacerpolitico.mx\\\/#website\",\"url\":\"https:\\\/\\\/quehacerpolitico.mx\\\/\",\"name\":\"\",\"description\":\"\",\"potentialAction\":[{\"@type\":\"SearchAction\",\"target\":{\"@type\":\"EntryPoint\",\"urlTemplate\":\"https:\\\/\\\/quehacerpolitico.mx\\\/?s={search_term_string}\"},\"query-input\":{\"@type\":\"PropertyValueSpecification\",\"valueRequired\":true,\"valueName\":\"search_term_string\"}}],\"inLanguage\":\"es\"},{\"@type\":\"Person\",\"@id\":\"https:\\\/\\\/quehacerpolitico.mx\\\/#\\\/schema\\\/person\\\/496d8ad2d1d3f8036101dca7ee39e585\",\"name\":\"Redacci\u00f3n QP\",\"image\":{\"@type\":\"ImageObject\",\"inLanguage\":\"es\",\"@id\":\"https:\\\/\\\/secure.gravatar.com\\\/avatar\\\/c7164ed6fdec453195284ad24a5ae5b6e1eed2b848477fa2a4787ba9adf39a41?s=96&d=mm&r=g\",\"url\":\"https:\\\/\\\/secure.gravatar.com\\\/avatar\\\/c7164ed6fdec453195284ad24a5ae5b6e1eed2b848477fa2a4787ba9adf39a41?s=96&d=mm&r=g\",\"contentUrl\":\"https:\\\/\\\/secure.gravatar.com\\\/avatar\\\/c7164ed6fdec453195284ad24a5ae5b6e1eed2b848477fa2a4787ba9adf39a41?s=96&d=mm&r=g\",\"caption\":\"Redacci\u00f3n QP\"},\"url\":\"https:\\\/\\\/quehacerpolitico.mx\\\/?author=2\"}]}<\/script>\n<!-- \/ Yoast SEO plugin. -->","yoast_head_json":{"title":"AMLO celebr\u00f3 que la ministra Norma Pi\u00f1a,\u00a0le tomar\u00e1 la palabra para destinar los\u00a015 mil millones de pesos\u00a0de\u00a0fideicomisos para los damnificados de\u00a0Guerrero\u00a0por el\u00a0hurac\u00e1n Otis -","robots":{"index":"index","follow":"follow","max-snippet":"max-snippet:-1","max-image-preview":"max-image-preview:large","max-video-preview":"max-video-preview:-1"},"canonical":"https:\/\/quehacerpolitico.mx\/?p=106056","og_locale":"es_MX","og_type":"article","og_title":"AMLO celebr\u00f3 que la ministra Norma Pi\u00f1a,\u00a0le tomar\u00e1 la palabra para destinar los\u00a015 mil millones de pesos\u00a0de\u00a0fideicomisos para los damnificados de\u00a0Guerrero\u00a0por el\u00a0hurac\u00e1n Otis -","og_description":"Por Redacci\u00f3n QP L\u00f3pez Obrador aplaudi\u00f3 la disposici\u00f3n de la ministra de la Corte, Norma...","og_url":"https:\/\/quehacerpolitico.mx\/?p=106056","article_published_time":"2023-11-01T17:34:44+00:00","article_modified_time":"2023-11-01T17:34:49+00:00","og_image":[{"width":1284,"height":708,"url":"https:\/\/quehacerpolitico.mx\/wp-content\/uploads\/2023\/11\/IMG_1735.jpeg","type":"image\/jpeg"}],"author":"Redacci\u00f3n QP","twitter_card":"summary_large_image","twitter_misc":{"Escrito por":"Redacci\u00f3n QP","Tiempo de lectura":"3 minutos"},"schema":{"@context":"https:\/\/schema.org","@graph":[{"@type":"Article","@id":"https:\/\/quehacerpolitico.mx\/?p=106056#article","isPartOf":{"@id":"https:\/\/quehacerpolitico.mx\/?p=106056"},"author":{"name":"Redacci\u00f3n QP","@id":"https:\/\/quehacerpolitico.mx\/#\/schema\/person\/496d8ad2d1d3f8036101dca7ee39e585"},"headline":"AMLO celebr\u00f3 que la ministra Norma Pi\u00f1a,\u00a0le tomar\u00e1 la palabra para destinar los\u00a015 mil millones de pesos\u00a0de\u00a0fideicomisos para los damnificados de\u00a0Guerrero\u00a0por el\u00a0hurac\u00e1n Otis","datePublished":"2023-11-01T17:34:44+00:00","dateModified":"2023-11-01T17:34:49+00:00","mainEntityOfPage":{"@id":"https:\/\/quehacerpolitico.mx\/?p=106056"},"wordCount":618,"commentCount":0,"image":{"@id":"https:\/\/quehacerpolitico.mx\/?p=106056#primaryimage"},"thumbnailUrl":"https:\/\/quehacerpolitico.mx\/wp-content\/uploads\/2023\/11\/IMG_1735.jpeg","articleSection":["Noticias"],"inLanguage":"es","potentialAction":[{"@type":"CommentAction","name":"Comment","target":["https:\/\/quehacerpolitico.mx\/?p=106056#respond"]}]},{"@type":"WebPage","@id":"https:\/\/quehacerpolitico.mx\/?p=106056","url":"https:\/\/quehacerpolitico.mx\/?p=106056","name":"AMLO celebr\u00f3 que la ministra Norma Pi\u00f1a,\u00a0le tomar\u00e1 la palabra para destinar los\u00a015 mil millones de pesos\u00a0de\u00a0fideicomisos para los damnificados de\u00a0Guerrero\u00a0por el\u00a0hurac\u00e1n Otis -","isPartOf":{"@id":"https:\/\/quehacerpolitico.mx\/#website"},"primaryImageOfPage":{"@id":"https:\/\/quehacerpolitico.mx\/?p=106056#primaryimage"},"image":{"@id":"https:\/\/quehacerpolitico.mx\/?p=106056#primaryimage"},"thumbnailUrl":"https:\/\/quehacerpolitico.mx\/wp-content\/uploads\/2023\/11\/IMG_1735.jpeg","datePublished":"2023-11-01T17:34:44+00:00","dateModified":"2023-11-01T17:34:49+00:00","author":{"@id":"https:\/\/quehacerpolitico.mx\/#\/schema\/person\/496d8ad2d1d3f8036101dca7ee39e585"},"breadcrumb":{"@id":"https:\/\/quehacerpolitico.mx\/?p=106056#breadcrumb"},"inLanguage":"es","potentialAction":[{"@type":"ReadAction","target":["https:\/\/quehacerpolitico.mx\/?p=106056"]}]},{"@type":"ImageObject","inLanguage":"es","@id":"https:\/\/quehacerpolitico.mx\/?p=106056#primaryimage","url":"https:\/\/quehacerpolitico.mx\/wp-content\/uploads\/2023\/11\/IMG_1735.jpeg","contentUrl":"https:\/\/quehacerpolitico.mx\/wp-content\/uploads\/2023\/11\/IMG_1735.jpeg","width":1284,"height":708},{"@type":"BreadcrumbList","@id":"https:\/\/quehacerpolitico.mx\/?p=106056#breadcrumb","itemListElement":[{"@type":"ListItem","position":1,"name":"Inicio","item":"https:\/\/quehacerpolitico.mx\/"},{"@type":"ListItem","position":2,"name":"AMLO celebr\u00f3 que la ministra Norma Pi\u00f1a,\u00a0le tomar\u00e1 la palabra para destinar los\u00a015 mil millones de pesos\u00a0de\u00a0fideicomisos para los damnificados de\u00a0Guerrero\u00a0por el\u00a0hurac\u00e1n Otis"}]},{"@type":"WebSite","@id":"https:\/\/quehacerpolitico.mx\/#website","url":"https:\/\/quehacerpolitico.mx\/","name":"","description":"","potentialAction":[{"@type":"SearchAction","target":{"@type":"EntryPoint","urlTemplate":"https:\/\/quehacerpolitico.mx\/?s={search_term_string}"},"query-input":{"@type":"PropertyValueSpecification","valueRequired":true,"valueName":"search_term_string"}}],"inLanguage":"es"},{"@type":"Person","@id":"https:\/\/quehacerpolitico.mx\/#\/schema\/person\/496d8ad2d1d3f8036101dca7ee39e585","name":"Redacci\u00f3n QP","image":{"@type":"ImageObject","inLanguage":"es","@id":"https:\/\/secure.gravatar.com\/avatar\/c7164ed6fdec453195284ad24a5ae5b6e1eed2b848477fa2a4787ba9adf39a41?s=96&d=mm&r=g","url":"https:\/\/secure.gravatar.com\/avatar\/c7164ed6fdec453195284ad24a5ae5b6e1eed2b848477fa2a4787ba9adf39a41?s=96&d=mm&r=g","contentUrl":"https:\/\/secure.gravatar.com\/avatar\/c7164ed6fdec453195284ad24a5ae5b6e1eed2b848477fa2a4787ba9adf39a41?s=96&d=mm&r=g","caption":"Redacci\u00f3n QP"},"url":"https:\/\/quehacerpolitico.mx\/?author=2"}]}},"featured_image_urls":{"full":["https:\/\/quehacerpolitico.mx\/wp-content\/uploads\/2023\/11\/IMG_1735.jpeg",1284,708,false],"thumbnail":["https:\/\/quehacerpolitico.mx\/wp-content\/uploads\/2023\/11\/IMG_1735-150x150.jpeg",150,150,true],"medium":["https:\/\/quehacerpolitico.mx\/wp-content\/uploads\/2023\/11\/IMG_1735-300x165.jpeg",300,165,true],"medium_large":["https:\/\/quehacerpolitico.mx\/wp-content\/uploads\/2023\/11\/IMG_1735-768x423.jpeg",640,353,true],"large":["https:\/\/quehacerpolitico.mx\/wp-content\/uploads\/2023\/11\/IMG_1735-1024x565.jpeg",640,353,true],"1536x1536":["https:\/\/quehacerpolitico.mx\/wp-content\/uploads\/2023\/11\/IMG_1735.jpeg",1284,708,false],"2048x2048":["https:\/\/quehacerpolitico.mx\/wp-content\/uploads\/2023\/11\/IMG_1735.jpeg",1284,708,false],"covernews-featured":["https:\/\/quehacerpolitico.mx\/wp-content\/uploads\/2023\/11\/IMG_1735.jpeg",1024,565,false],"covernews-medium":["https:\/\/quehacerpolitico.mx\/wp-content\/uploads\/2023\/11\/IMG_1735.jpeg",540,298,false]},"author_info":{"display_name":"Redacci\u00f3n QP","author_link":"https:\/\/quehacerpolitico.mx\/?author=2"},"category_info":"<a href=\"https:\/\/quehacerpolitico.mx\/?cat=2\" rel=\"category\">Noticias<\/a>","tag_info":"Noticias","comment_count":"0","_links":{"self":[{"href":"https:\/\/quehacerpolitico.mx\/index.php?rest_route=\/wp\/v2\/posts\/106056","targetHints":{"allow":["GET"]}}],"collection":[{"href":"https:\/\/quehacerpolitico.mx\/index.php?rest_route=\/wp\/v2\/posts"}],"about":[{"href":"https:\/\/quehacerpolitico.mx\/index.php?rest_route=\/wp\/v2\/types\/post"}],"author":[{"embeddable":true,"href":"https:\/\/quehacerpolitico.mx\/index.php?rest_route=\/wp\/v2\/users\/2"}],"replies":[{"embeddable":true,"href":"https:\/\/quehacerpolitico.mx\/index.php?rest_route=%2Fwp%2Fv2%2Fcomments&post=106056"}],"version-history":[{"count":1,"href":"https:\/\/quehacerpolitico.mx\/index.php?rest_route=\/wp\/v2\/posts\/106056\/revisions"}],"predecessor-version":[{"id":106058,"href":"https:\/\/quehacerpolitico.mx\/index.php?rest_route=\/wp\/v2\/posts\/106056\/revisions\/106058"}],"wp:featuredmedia":[{"embeddable":true,"href":"https:\/\/quehacerpolitico.mx\/index.php?rest_route=\/wp\/v2\/media\/106057"}],"wp:attachment":[{"href":"https:\/\/quehacerpolitico.mx\/index.php?rest_route=%2Fwp%2Fv2%2Fmedia&parent=106056"}],"wp:term":[{"taxonomy":"category","embeddable":true,"href":"https:\/\/quehacerpolitico.mx\/index.php?rest_route=%2Fwp%2Fv2%2Fcategories&post=106056"},{"taxonomy":"post_tag","embeddable":true,"href":"https:\/\/quehacerpolitico.mx\/index.php?rest_route=%2Fwp%2Fv2%2Ftags&post=106056"}],"curies":[{"name":"wp","href":"https:\/\/api.w.org\/{rel}","templated":true}]}}