{"id":106053,"date":"2023-11-01T17:15:53","date_gmt":"2023-11-01T17:15:53","guid":{"rendered":"https:\/\/quehacerpolitico.mx\/?p=106053"},"modified":"2023-11-01T17:15:57","modified_gmt":"2023-11-01T17:15:57","slug":"el-presidente-andres-manuel-lopez-obrador-espera-que-en-menos-de-dos-anos-se-termine-de-reconstruir-acapulco","status":"publish","type":"post","link":"https:\/\/quehacerpolitico.mx\/?p=106053","title":{"rendered":"El presidente\u00a0Andres Manuel\u00a0L\u00f3pez Obrador\u00a0espera que en menos de dos a\u00f1os\u00a0se termine de\u00a0reconstruir\u00a0Acapulco"},"content":{"rendered":"\n<p>Por Redacci\u00f3n QP<\/p>\n\n\n\n<p>L\u00f3pez Obrador indic\u00f3 que a partir de diciembre se notar\u00e1n los cambios en Acapulco, Guerrero, tras el devastador paso del hurac\u00e1n Otis<\/p>\n\n\n\n<p>El presidente\u00a0<strong>Andres Manuel\u00a0L\u00f3pez Obrador<\/strong>\u00a0espera que en<strong> menos de dos a\u00f1os<\/strong>\u00a0se termine de\u00a0<strong>reconstruir<\/strong>\u00a0<strong>Acapulco<\/strong>, en\u00a0<strong>Guerrero<\/strong>, tras la devastaci\u00f3n provocada por el\u00a0<strong>cicl\u00f3n Otis<\/strong>, que este mi\u00e9rcoles cumpli\u00f3 una semana de toca tierra como hurac\u00e1n de categor\u00eda 5.<\/p>\n\n\n\n<p>En la conferencia matutina de Palacio Nacional, L\u00f3pez Obrador indic\u00f3 que<strong>\u00a0a partir de diciembre se notar\u00e1n los cambios<\/strong>\u00a0en el puerto guerrerense, del cual muchos especialistas en desastres hablan de una reconstrucci\u00f3n mayor a dos a\u00f1os.<\/p>\n\n\n\n<figure class=\"wp-block-embed is-type-video is-provider-youtube wp-block-embed-youtube wp-embed-aspect-16-9 wp-has-aspect-ratio\"><div class=\"wp-block-embed__wrapper\">\nhttps:\/\/youtu.be\/QC-kNcZ_vNU?si=re3pXBuy2OBvWe9V\n<\/div><\/figure>\n\n\n\n<p>Yo pienso que en menos tiempo (de dos a\u00f1os de reconstrucci\u00f3n). Es una semana de esta tragedia, se est\u00e1 cumpliendo ahora, y ya se restableci\u00f3 pr\u00e1cticamente el servicio el\u00e9ctrico, est\u00e1 casi al 100 por ciento, faltan algunos sitios\u201d, indic\u00f3.<\/p>\n\n\n\n<p>\u201c\u00bfCu\u00e1nto tiempo nos va a llevar el que Acapulco vuelva a la normalidad en su totalidad? Va a depender m\u00e1s que nada de las inversiones que se hagan para restaurar, restablecer la hoteler\u00eda. Las viviendas, lo que tiene que ver con la gente, los apoyos a la gente y los servicios p\u00fablicos, yo les dir\u00eda que en diciembre se van a notar los cambios\u201d, declar\u00f3.<\/p>\n\n\n\n<p>En diciembre pr\u00e1cticamente vamos a estar terminando con lo p\u00fablico\u201d, indic\u00f3 el mandatario mexicano en el Sal\u00f3n Tesorer\u00eda este mi\u00e9rcoles.<\/p>\n\n\n\n<p>El mandatario mexicano reiter\u00f3 su promesa hecha en la&nbsp;<em>ma\u00f1anera<\/em>&nbsp;del martes, en el sentido de \u201cponer de pie\u201d a Acapulco para Navidad.<\/p>\n\n\n\n<p>\u201cQueremos que para la Navidad sea distinta, que no sea una amarga Navidad\u201d, argument\u00f3.<\/p>\n\n\n\n<p>El\u00a0<strong>Gobierno de M\u00e9xico<\/strong>\u00a0estim\u00f3 este mi\u00e9rcoles en\u00a061 mil millones de pesos el costo para las\u00a0<strong>reparaciones<\/strong>\u00a0y\u00a0<strong>apoyos sociales<\/strong>\u00a0en Guerrero tras el impacto del hurac\u00e1n Otis, que ha dejado 46 muertos despu\u00e9s de tocar tierra la semana pasada.<\/p>\n\n\n\n<p>Este es el primer c\u00e1lculo oficial del Gobierno de Andr\u00e9s Manuel L\u00f3pez Obrador, quien ofreci\u00f3 en su rueda de prensa matutina un plan de recuperaci\u00f3n con 20 puntos, que incluyen 10 mil millones de pesos para restaurar infraestructura p\u00fablica en&nbsp;<strong>Acapulco<\/strong>, la ciudad m\u00e1s impactada.<\/p>\n\n\n\n<p>\u201cEl costo de la inversi\u00f3n, que estamos ya varios d\u00edas trabajando para aproximarlo lo m\u00e1s posible a las necesidades, es de 61 mil 313 millones de pesos y se distribuye entre los 20 puntos que se\u00f1al\u00f3 el presidente de la Rep\u00fablica, ese es el monto de inversi\u00f3n\u201d, expuso el secretario de<strong>&nbsp;Hacienda, Rogelio Ram\u00edrez de la O<\/strong>.<\/p>\n","protected":false},"excerpt":{"rendered":"<p>Por Redacci\u00f3n QP L\u00f3pez Obrador indic\u00f3 que a partir de diciembre se notar\u00e1n los cambios&#8230;<\/p>\n","protected":false},"author":2,"featured_media":106054,"comment_status":"open","ping_status":"open","sticky":false,"template":"","format":"standard","meta":{"_monsterinsights_skip_tracking":false,"_monsterinsights_sitenote_active":false,"_monsterinsights_sitenote_note":"","_monsterinsights_sitenote_category":0,"footnotes":""},"categories":[2],"tags":[],"class_list":["post-106053","post","type-post","status-publish","format-standard","has-post-thumbnail","hentry","category-noticias"],"yoast_head":"<!-- This site is optimized with the Yoast SEO plugin v27.3 - https:\/\/yoast.com\/product\/yoast-seo-wordpress\/ -->\n<title>El presidente\u00a0Andres Manuel\u00a0L\u00f3pez Obrador\u00a0espera que en menos de dos a\u00f1os\u00a0se termine de\u00a0reconstruir\u00a0Acapulco -<\/title>\n<meta name=\"robots\" content=\"index, follow, max-snippet:-1, max-image-preview:large, max-video-preview:-1\" \/>\n<link rel=\"canonical\" href=\"https:\/\/quehacerpolitico.mx\/?p=106053\" \/>\n<meta property=\"og:locale\" content=\"es_MX\" \/>\n<meta property=\"og:type\" content=\"article\" \/>\n<meta property=\"og:title\" content=\"El presidente\u00a0Andres Manuel\u00a0L\u00f3pez Obrador\u00a0espera que en menos de dos a\u00f1os\u00a0se termine de\u00a0reconstruir\u00a0Acapulco -\" \/>\n<meta property=\"og:description\" content=\"Por Redacci\u00f3n QP L\u00f3pez Obrador indic\u00f3 que a partir de diciembre se notar\u00e1n los cambios...\" \/>\n<meta property=\"og:url\" content=\"https:\/\/quehacerpolitico.mx\/?p=106053\" \/>\n<meta property=\"article:published_time\" content=\"2023-11-01T17:15:53+00:00\" \/>\n<meta property=\"article:modified_time\" content=\"2023-11-01T17:15:57+00:00\" \/>\n<meta property=\"og:image\" content=\"https:\/\/quehacerpolitico.mx\/wp-content\/uploads\/2023\/11\/IMG_1734.jpeg\" \/>\n\t<meta property=\"og:image:width\" content=\"1284\" \/>\n\t<meta property=\"og:image:height\" content=\"701\" \/>\n\t<meta property=\"og:image:type\" content=\"image\/jpeg\" \/>\n<meta name=\"author\" content=\"Redacci\u00f3n QP\" \/>\n<meta name=\"twitter:card\" content=\"summary_large_image\" \/>\n<meta name=\"twitter:label1\" content=\"Escrito por\" \/>\n\t<meta name=\"twitter:data1\" content=\"Redacci\u00f3n QP\" \/>\n\t<meta name=\"twitter:label2\" content=\"Tiempo de lectura\" \/>\n\t<meta name=\"twitter:data2\" content=\"2 minutos\" \/>\n<script type=\"application\/ld+json\" class=\"yoast-schema-graph\">{\"@context\":\"https:\\\/\\\/schema.org\",\"@graph\":[{\"@type\":\"Article\",\"@id\":\"https:\\\/\\\/quehacerpolitico.mx\\\/?p=106053#article\",\"isPartOf\":{\"@id\":\"https:\\\/\\\/quehacerpolitico.mx\\\/?p=106053\"},\"author\":{\"name\":\"Redacci\u00f3n QP\",\"@id\":\"https:\\\/\\\/quehacerpolitico.mx\\\/#\\\/schema\\\/person\\\/496d8ad2d1d3f8036101dca7ee39e585\"},\"headline\":\"El presidente\u00a0Andres Manuel\u00a0L\u00f3pez Obrador\u00a0espera que en menos de dos a\u00f1os\u00a0se termine de\u00a0reconstruir\u00a0Acapulco\",\"datePublished\":\"2023-11-01T17:15:53+00:00\",\"dateModified\":\"2023-11-01T17:15:57+00:00\",\"mainEntityOfPage\":{\"@id\":\"https:\\\/\\\/quehacerpolitico.mx\\\/?p=106053\"},\"wordCount\":480,\"commentCount\":0,\"image\":{\"@id\":\"https:\\\/\\\/quehacerpolitico.mx\\\/?p=106053#primaryimage\"},\"thumbnailUrl\":\"https:\\\/\\\/quehacerpolitico.mx\\\/wp-content\\\/uploads\\\/2023\\\/11\\\/IMG_1734.jpeg\",\"articleSection\":[\"Noticias\"],\"inLanguage\":\"es\",\"potentialAction\":[{\"@type\":\"CommentAction\",\"name\":\"Comment\",\"target\":[\"https:\\\/\\\/quehacerpolitico.mx\\\/?p=106053#respond\"]}]},{\"@type\":\"WebPage\",\"@id\":\"https:\\\/\\\/quehacerpolitico.mx\\\/?p=106053\",\"url\":\"https:\\\/\\\/quehacerpolitico.mx\\\/?p=106053\",\"name\":\"El presidente\u00a0Andres Manuel\u00a0L\u00f3pez Obrador\u00a0espera que en menos de dos a\u00f1os\u00a0se termine de\u00a0reconstruir\u00a0Acapulco -\",\"isPartOf\":{\"@id\":\"https:\\\/\\\/quehacerpolitico.mx\\\/#website\"},\"primaryImageOfPage\":{\"@id\":\"https:\\\/\\\/quehacerpolitico.mx\\\/?p=106053#primaryimage\"},\"image\":{\"@id\":\"https:\\\/\\\/quehacerpolitico.mx\\\/?p=106053#primaryimage\"},\"thumbnailUrl\":\"https:\\\/\\\/quehacerpolitico.mx\\\/wp-content\\\/uploads\\\/2023\\\/11\\\/IMG_1734.jpeg\",\"datePublished\":\"2023-11-01T17:15:53+00:00\",\"dateModified\":\"2023-11-01T17:15:57+00:00\",\"author\":{\"@id\":\"https:\\\/\\\/quehacerpolitico.mx\\\/#\\\/schema\\\/person\\\/496d8ad2d1d3f8036101dca7ee39e585\"},\"breadcrumb\":{\"@id\":\"https:\\\/\\\/quehacerpolitico.mx\\\/?p=106053#breadcrumb\"},\"inLanguage\":\"es\",\"potentialAction\":[{\"@type\":\"ReadAction\",\"target\":[\"https:\\\/\\\/quehacerpolitico.mx\\\/?p=106053\"]}]},{\"@type\":\"ImageObject\",\"inLanguage\":\"es\",\"@id\":\"https:\\\/\\\/quehacerpolitico.mx\\\/?p=106053#primaryimage\",\"url\":\"https:\\\/\\\/quehacerpolitico.mx\\\/wp-content\\\/uploads\\\/2023\\\/11\\\/IMG_1734.jpeg\",\"contentUrl\":\"https:\\\/\\\/quehacerpolitico.mx\\\/wp-content\\\/uploads\\\/2023\\\/11\\\/IMG_1734.jpeg\",\"width\":1284,\"height\":701},{\"@type\":\"BreadcrumbList\",\"@id\":\"https:\\\/\\\/quehacerpolitico.mx\\\/?p=106053#breadcrumb\",\"itemListElement\":[{\"@type\":\"ListItem\",\"position\":1,\"name\":\"Inicio\",\"item\":\"https:\\\/\\\/quehacerpolitico.mx\\\/\"},{\"@type\":\"ListItem\",\"position\":2,\"name\":\"El presidente\u00a0Andres Manuel\u00a0L\u00f3pez Obrador\u00a0espera que en menos de dos a\u00f1os\u00a0se termine de\u00a0reconstruir\u00a0Acapulco\"}]},{\"@type\":\"WebSite\",\"@id\":\"https:\\\/\\\/quehacerpolitico.mx\\\/#website\",\"url\":\"https:\\\/\\\/quehacerpolitico.mx\\\/\",\"name\":\"\",\"description\":\"\",\"potentialAction\":[{\"@type\":\"SearchAction\",\"target\":{\"@type\":\"EntryPoint\",\"urlTemplate\":\"https:\\\/\\\/quehacerpolitico.mx\\\/?s={search_term_string}\"},\"query-input\":{\"@type\":\"PropertyValueSpecification\",\"valueRequired\":true,\"valueName\":\"search_term_string\"}}],\"inLanguage\":\"es\"},{\"@type\":\"Person\",\"@id\":\"https:\\\/\\\/quehacerpolitico.mx\\\/#\\\/schema\\\/person\\\/496d8ad2d1d3f8036101dca7ee39e585\",\"name\":\"Redacci\u00f3n QP\",\"image\":{\"@type\":\"ImageObject\",\"inLanguage\":\"es\",\"@id\":\"https:\\\/\\\/secure.gravatar.com\\\/avatar\\\/c7164ed6fdec453195284ad24a5ae5b6e1eed2b848477fa2a4787ba9adf39a41?s=96&d=mm&r=g\",\"url\":\"https:\\\/\\\/secure.gravatar.com\\\/avatar\\\/c7164ed6fdec453195284ad24a5ae5b6e1eed2b848477fa2a4787ba9adf39a41?s=96&d=mm&r=g\",\"contentUrl\":\"https:\\\/\\\/secure.gravatar.com\\\/avatar\\\/c7164ed6fdec453195284ad24a5ae5b6e1eed2b848477fa2a4787ba9adf39a41?s=96&d=mm&r=g\",\"caption\":\"Redacci\u00f3n QP\"},\"url\":\"https:\\\/\\\/quehacerpolitico.mx\\\/?author=2\"}]}<\/script>\n<!-- \/ Yoast SEO plugin. -->","yoast_head_json":{"title":"El presidente\u00a0Andres Manuel\u00a0L\u00f3pez Obrador\u00a0espera que en menos de dos a\u00f1os\u00a0se termine de\u00a0reconstruir\u00a0Acapulco -","robots":{"index":"index","follow":"follow","max-snippet":"max-snippet:-1","max-image-preview":"max-image-preview:large","max-video-preview":"max-video-preview:-1"},"canonical":"https:\/\/quehacerpolitico.mx\/?p=106053","og_locale":"es_MX","og_type":"article","og_title":"El presidente\u00a0Andres Manuel\u00a0L\u00f3pez Obrador\u00a0espera que en menos de dos a\u00f1os\u00a0se termine de\u00a0reconstruir\u00a0Acapulco -","og_description":"Por Redacci\u00f3n QP L\u00f3pez Obrador indic\u00f3 que a partir de diciembre se notar\u00e1n los cambios...","og_url":"https:\/\/quehacerpolitico.mx\/?p=106053","article_published_time":"2023-11-01T17:15:53+00:00","article_modified_time":"2023-11-01T17:15:57+00:00","og_image":[{"width":1284,"height":701,"url":"https:\/\/quehacerpolitico.mx\/wp-content\/uploads\/2023\/11\/IMG_1734.jpeg","type":"image\/jpeg"}],"author":"Redacci\u00f3n QP","twitter_card":"summary_large_image","twitter_misc":{"Escrito por":"Redacci\u00f3n QP","Tiempo de lectura":"2 minutos"},"schema":{"@context":"https:\/\/schema.org","@graph":[{"@type":"Article","@id":"https:\/\/quehacerpolitico.mx\/?p=106053#article","isPartOf":{"@id":"https:\/\/quehacerpolitico.mx\/?p=106053"},"author":{"name":"Redacci\u00f3n QP","@id":"https:\/\/quehacerpolitico.mx\/#\/schema\/person\/496d8ad2d1d3f8036101dca7ee39e585"},"headline":"El presidente\u00a0Andres Manuel\u00a0L\u00f3pez Obrador\u00a0espera que en menos de dos a\u00f1os\u00a0se termine de\u00a0reconstruir\u00a0Acapulco","datePublished":"2023-11-01T17:15:53+00:00","dateModified":"2023-11-01T17:15:57+00:00","mainEntityOfPage":{"@id":"https:\/\/quehacerpolitico.mx\/?p=106053"},"wordCount":480,"commentCount":0,"image":{"@id":"https:\/\/quehacerpolitico.mx\/?p=106053#primaryimage"},"thumbnailUrl":"https:\/\/quehacerpolitico.mx\/wp-content\/uploads\/2023\/11\/IMG_1734.jpeg","articleSection":["Noticias"],"inLanguage":"es","potentialAction":[{"@type":"CommentAction","name":"Comment","target":["https:\/\/quehacerpolitico.mx\/?p=106053#respond"]}]},{"@type":"WebPage","@id":"https:\/\/quehacerpolitico.mx\/?p=106053","url":"https:\/\/quehacerpolitico.mx\/?p=106053","name":"El presidente\u00a0Andres Manuel\u00a0L\u00f3pez Obrador\u00a0espera que en menos de dos a\u00f1os\u00a0se termine de\u00a0reconstruir\u00a0Acapulco -","isPartOf":{"@id":"https:\/\/quehacerpolitico.mx\/#website"},"primaryImageOfPage":{"@id":"https:\/\/quehacerpolitico.mx\/?p=106053#primaryimage"},"image":{"@id":"https:\/\/quehacerpolitico.mx\/?p=106053#primaryimage"},"thumbnailUrl":"https:\/\/quehacerpolitico.mx\/wp-content\/uploads\/2023\/11\/IMG_1734.jpeg","datePublished":"2023-11-01T17:15:53+00:00","dateModified":"2023-11-01T17:15:57+00:00","author":{"@id":"https:\/\/quehacerpolitico.mx\/#\/schema\/person\/496d8ad2d1d3f8036101dca7ee39e585"},"breadcrumb":{"@id":"https:\/\/quehacerpolitico.mx\/?p=106053#breadcrumb"},"inLanguage":"es","potentialAction":[{"@type":"ReadAction","target":["https:\/\/quehacerpolitico.mx\/?p=106053"]}]},{"@type":"ImageObject","inLanguage":"es","@id":"https:\/\/quehacerpolitico.mx\/?p=106053#primaryimage","url":"https:\/\/quehacerpolitico.mx\/wp-content\/uploads\/2023\/11\/IMG_1734.jpeg","contentUrl":"https:\/\/quehacerpolitico.mx\/wp-content\/uploads\/2023\/11\/IMG_1734.jpeg","width":1284,"height":701},{"@type":"BreadcrumbList","@id":"https:\/\/quehacerpolitico.mx\/?p=106053#breadcrumb","itemListElement":[{"@type":"ListItem","position":1,"name":"Inicio","item":"https:\/\/quehacerpolitico.mx\/"},{"@type":"ListItem","position":2,"name":"El presidente\u00a0Andres Manuel\u00a0L\u00f3pez Obrador\u00a0espera que en menos de dos a\u00f1os\u00a0se termine de\u00a0reconstruir\u00a0Acapulco"}]},{"@type":"WebSite","@id":"https:\/\/quehacerpolitico.mx\/#website","url":"https:\/\/quehacerpolitico.mx\/","name":"","description":"","potentialAction":[{"@type":"SearchAction","target":{"@type":"EntryPoint","urlTemplate":"https:\/\/quehacerpolitico.mx\/?s={search_term_string}"},"query-input":{"@type":"PropertyValueSpecification","valueRequired":true,"valueName":"search_term_string"}}],"inLanguage":"es"},{"@type":"Person","@id":"https:\/\/quehacerpolitico.mx\/#\/schema\/person\/496d8ad2d1d3f8036101dca7ee39e585","name":"Redacci\u00f3n QP","image":{"@type":"ImageObject","inLanguage":"es","@id":"https:\/\/secure.gravatar.com\/avatar\/c7164ed6fdec453195284ad24a5ae5b6e1eed2b848477fa2a4787ba9adf39a41?s=96&d=mm&r=g","url":"https:\/\/secure.gravatar.com\/avatar\/c7164ed6fdec453195284ad24a5ae5b6e1eed2b848477fa2a4787ba9adf39a41?s=96&d=mm&r=g","contentUrl":"https:\/\/secure.gravatar.com\/avatar\/c7164ed6fdec453195284ad24a5ae5b6e1eed2b848477fa2a4787ba9adf39a41?s=96&d=mm&r=g","caption":"Redacci\u00f3n QP"},"url":"https:\/\/quehacerpolitico.mx\/?author=2"}]}},"featured_image_urls":{"full":["https:\/\/quehacerpolitico.mx\/wp-content\/uploads\/2023\/11\/IMG_1734.jpeg",1284,701,false],"thumbnail":["https:\/\/quehacerpolitico.mx\/wp-content\/uploads\/2023\/11\/IMG_1734-150x150.jpeg",150,150,true],"medium":["https:\/\/quehacerpolitico.mx\/wp-content\/uploads\/2023\/11\/IMG_1734-300x164.jpeg",300,164,true],"medium_large":["https:\/\/quehacerpolitico.mx\/wp-content\/uploads\/2023\/11\/IMG_1734-768x419.jpeg",640,349,true],"large":["https:\/\/quehacerpolitico.mx\/wp-content\/uploads\/2023\/11\/IMG_1734-1024x559.jpeg",640,349,true],"1536x1536":["https:\/\/quehacerpolitico.mx\/wp-content\/uploads\/2023\/11\/IMG_1734.jpeg",1284,701,false],"2048x2048":["https:\/\/quehacerpolitico.mx\/wp-content\/uploads\/2023\/11\/IMG_1734.jpeg",1284,701,false],"covernews-featured":["https:\/\/quehacerpolitico.mx\/wp-content\/uploads\/2023\/11\/IMG_1734.jpeg",1024,559,false],"covernews-medium":["https:\/\/quehacerpolitico.mx\/wp-content\/uploads\/2023\/11\/IMG_1734.jpeg",540,295,false]},"author_info":{"display_name":"Redacci\u00f3n QP","author_link":"https:\/\/quehacerpolitico.mx\/?author=2"},"category_info":"<a href=\"https:\/\/quehacerpolitico.mx\/?cat=2\" rel=\"category\">Noticias<\/a>","tag_info":"Noticias","comment_count":"0","_links":{"self":[{"href":"https:\/\/quehacerpolitico.mx\/index.php?rest_route=\/wp\/v2\/posts\/106053","targetHints":{"allow":["GET"]}}],"collection":[{"href":"https:\/\/quehacerpolitico.mx\/index.php?rest_route=\/wp\/v2\/posts"}],"about":[{"href":"https:\/\/quehacerpolitico.mx\/index.php?rest_route=\/wp\/v2\/types\/post"}],"author":[{"embeddable":true,"href":"https:\/\/quehacerpolitico.mx\/index.php?rest_route=\/wp\/v2\/users\/2"}],"replies":[{"embeddable":true,"href":"https:\/\/quehacerpolitico.mx\/index.php?rest_route=%2Fwp%2Fv2%2Fcomments&post=106053"}],"version-history":[{"count":1,"href":"https:\/\/quehacerpolitico.mx\/index.php?rest_route=\/wp\/v2\/posts\/106053\/revisions"}],"predecessor-version":[{"id":106055,"href":"https:\/\/quehacerpolitico.mx\/index.php?rest_route=\/wp\/v2\/posts\/106053\/revisions\/106055"}],"wp:featuredmedia":[{"embeddable":true,"href":"https:\/\/quehacerpolitico.mx\/index.php?rest_route=\/wp\/v2\/media\/106054"}],"wp:attachment":[{"href":"https:\/\/quehacerpolitico.mx\/index.php?rest_route=%2Fwp%2Fv2%2Fmedia&parent=106053"}],"wp:term":[{"taxonomy":"category","embeddable":true,"href":"https:\/\/quehacerpolitico.mx\/index.php?rest_route=%2Fwp%2Fv2%2Fcategories&post=106053"},{"taxonomy":"post_tag","embeddable":true,"href":"https:\/\/quehacerpolitico.mx\/index.php?rest_route=%2Fwp%2Fv2%2Ftags&post=106053"}],"curies":[{"name":"wp","href":"https:\/\/api.w.org\/{rel}","templated":true}]}}