{"id":106050,"date":"2023-11-01T16:52:01","date_gmt":"2023-11-01T16:52:01","guid":{"rendered":"https:\/\/quehacerpolitico.mx\/?p=106050"},"modified":"2023-11-01T16:52:04","modified_gmt":"2023-11-01T16:52:04","slug":"lopez-obrador-presento-la-manana-de-este-miercoles-un-plan-de-20-puntos-por-61-mil-312-7-millones-de-pesos-para-el-apoyo-de-damnificados-por-el-huracan","status":"publish","type":"post","link":"https:\/\/quehacerpolitico.mx\/?p=106050","title":{"rendered":"L\u00f3pez Obrador,\u00a0present\u00f3 la ma\u00f1ana de este mi\u00e9rcoles un\u00a0plan\u00a0de 20 puntos por\u00a061 mil 312.7 millones de pesos\u00a0para el\u00a0apoyo\u00a0de\u00a0damnificados\u00a0por el hurac\u00e1n \u201cOtis\u201d"},"content":{"rendered":"\n<p>Por Redacci\u00f3n QP<\/p>\n\n\n\n<p>El presidente de M\u00e9xico,&nbsp;<strong>Andr\u00e9s Manuel L\u00f3pez Obrador,<\/strong>&nbsp;present\u00f3 la ma\u00f1ana de este mi\u00e9rcoles un&nbsp;<strong>plan<\/strong>&nbsp;de 20 puntos por&nbsp;<strong>61 mil 312.7 millones de pesos<\/strong>&nbsp;para el&nbsp;<strong>apoyo<\/strong>&nbsp;de&nbsp;<strong>damnificados<\/strong>&nbsp;por el hurac\u00e1n \u201c<strong>Otis<\/strong>\u201d y la reconstrucci\u00f3n de Guerrero, especialmente del puerto de Acapulco y el municipio de Coyuca de Ben\u00edtez.&nbsp;<\/p>\n\n\n\n<p>El plan incluye el adelanto del pago de pensiones, aumento en becas para\u00a0<strong>nivel<\/strong> b\u00e1sico, la pr\u00f3rroga en el pago de\u00a0<strong>cr\u00e9ditos<\/strong> hipotecarios y la entrega de electrodom\u00e9sticos y\u00a0<strong>despensas<\/strong>\u00a0<strong>b\u00e1sicas<\/strong>\u00a0semanales.<\/p>\n\n\n\n<p>Todas las obras de reconstrucci\u00f3n de Guerrero ser\u00e1 coordinada por Luisa Mar\u00eda Alcalde,&nbsp;<strong>Secretaria de Gobernaci\u00f3n<\/strong>&nbsp;y por&nbsp;<strong>Evelyn Salgado<\/strong>, la gobernadora de&nbsp;<strong>Guerrero<\/strong>.&nbsp;<\/p>\n\n\n\n<p>\u201cEl primer punto consiste en apoyar con todo lo necesario a\u00a0<strong>familiares<\/strong>\u00a0de\u00a0<strong>v\u00edctimas<\/strong>\u00a0por el\u00a0<strong>hurac\u00e1n<\/strong>\u00a0e intensificar la b\u00fasqueda de los\u00a0<strong>desaparecidos<\/strong>, acompa\u00f1ando siempre a sus seres queridos\u201d, dijo el mandatario federal acompa\u00f1ado de su gabinete en la conferencia matutina.<\/p>\n\n\n\n<figure class=\"wp-block-embed is-type-video is-provider-youtube wp-block-embed-youtube wp-embed-aspect-16-9 wp-has-aspect-ratio\"><div class=\"wp-block-embed__wrapper\">\n<iframe loading=\"lazy\" title=\"Estos son los apoyos que dar\u00e1 AMLO para levantar Acapulco tras el paso de \u2018Otis\u2019\" width=\"640\" height=\"360\" src=\"https:\/\/www.youtube.com\/embed\/LgDsQrgkUxQ?feature=oembed\" frameborder=\"0\" allow=\"accelerometer; autoplay; clipboard-write; encrypted-media; gyroscope; picture-in-picture; web-share\" referrerpolicy=\"strict-origin-when-cross-origin\" allowfullscreen><\/iframe>\n<\/div><\/figure>\n\n\n\n<p>Su segundo punto contempla el&nbsp;<strong>adelanto<\/strong>&nbsp;por dos meses, desde el pr\u00f3ximo&nbsp;<strong>lunes<\/strong>, del pago de todos los&nbsp;<strong>programas<\/strong>&nbsp;de&nbsp;<strong>bienestar<\/strong>, como la pensi\u00f3n a adultos mayores, a personas con&nbsp;<strong>discapacidad<\/strong>, las becas, los apoyos a productores,&nbsp;<strong>pescadores<\/strong>&nbsp;y a&nbsp;<strong>estudiantes<\/strong>.&nbsp;<\/p>\n\n\n\n<p>\u201cIncorporar a 10 mil j\u00f3venes m\u00e1s al programa&nbsp;<strong>J\u00f3venes Construyendo el Futuro<\/strong>&nbsp;para realizar labores de limpieza, construcci\u00f3n, pintura y otras actividades y van a recibir un salario m\u00ednimo, el equivalente, esto a partir del d\u00eda de hoy\u201d, dijo&nbsp;<strong>L\u00f3pez Obrador<\/strong>&nbsp;como tercer punto.&nbsp;<\/p>\n\n\n\n<figure class=\"wp-block-image\"><img decoding=\"async\" src=\"https:\/\/cdn.latinus.us\/wp-content\/uploads\/2023\/11\/01094553\/Captura-de-Pantalla-2023-11-01-a-las-7.48.46-1024x562.png\" alt=\"\" class=\"wp-image-792499\"\/><\/figure>\n\n\n\n<p>Tambi\u00e9n aumentar\u00e1n en\u00a0<strong>45 mil beneficiarios<\/strong> el  n\u00famero de estudiantes de nivel b\u00e1sico con becas.<\/p>\n\n\n\n<p>El quinto punto es la pr\u00f3rroga por seis meses en el pago en los cr\u00e9ditos de vivienda de\u00a0<strong>Infonavit<\/strong>,\u00a0<strong>Fovissste<\/strong>\u00a0y del\u00a0<strong>IMSS<\/strong>. Tambi\u00e9n se condonar\u00e1 el pago de luz desde el mes de octubre hasta febrero del 2024 en\u00a0<strong>Acapulco<\/strong>\u00a0y\u00a0<strong>Coyuca de Ben\u00edtez<\/strong>.<\/p>\n\n\n\n<p>\u201cSe entregar\u00e1 canasta b\u00e1sica de 24 productos alimenticios por semana, 3 millones de canastas b\u00e1sicas se van a llevar a cabo durante 3 meses, ya se habl\u00f3 con 4 grandes centros comerciales: Walmart, Soriana, Comercial Mexicana y Chedraui\u201d, inform\u00f3.&nbsp;<\/p>\n\n\n\n<p>El octavo punto es otorgar a partir de esta semana 8 mil pesos a todos los&nbsp;<strong>hogares<\/strong>&nbsp;para&nbsp;<strong>limpieza<\/strong>&nbsp;y&nbsp;<strong>pintura<\/strong>.&nbsp;<strong>L\u00f3pez Obrador&nbsp;<\/strong>inform\u00f3 que las familias con viviendas afectadas recibir\u00e1n desde 35 hasta 65 mil pesos, seg\u00fan el nivel de da\u00f1os registrado en el censo, en el cual ya han incluido a 50 mil hogares.<\/p>\n\n\n\n<p>\u201cA todas las familias damnificadas se les entregar\u00e1 un paquete de&nbsp;<strong>enseres<\/strong>&nbsp;<strong>dom\u00e9sticos<\/strong>como cama, estufa, refrigerador, vajilla\u201d, dijo&nbsp;<strong>L\u00f3pez Obrador<\/strong>&nbsp;como noveno punto.&nbsp;<\/p>\n\n\n\n<p>Se entregar\u00e1n tambi\u00e9n 20 mil cr\u00e9ditos a la palabra de 25 mil pesos sin intereses a pagar en 3 a\u00f1os con 6 meses de gracia en beneficio de peque\u00f1os comerciantes, due\u00f1os de talleres, fondas y otros prestadores de servicios.<\/p>\n\n\n\n<p>Destinar\u00e1n 10 mil mdp de presupuesto para el arreglo de calles, alumbrado, aeropuertos y servicios.&nbsp;<\/p>\n\n\n\n<p>\u201cNo se cobrar\u00e1n impuestos ni en&nbsp;<strong>Acapulco<\/strong>&nbsp;ni en&nbsp;<strong>Coyuca<\/strong>&nbsp;desde octubre hasta febrero del 2024: IVA, ISR y otros impuestos y derechos\u201d, dijo.&nbsp;<\/p>\n\n\n\n<p><strong>L\u00f3pez Obrador\u00a0<\/strong>inform\u00f3 tambi\u00e9n sobre la construcci\u00f3n de cuarteles de la Guardia Nacional en cada colonia que tenga m\u00e1s de mil casas en Guerrero<\/p>\n\n\n\n<p>\u201cHacienda apoyar\u00e1 con el pago de la mitad de los intereses a quienes soliciten cr\u00e9dito, esto va destinado a 377 hoteles de Acapulco, si contratan cr\u00e9dito para restaurar, rehabilitar hoteles, la mitad de los intereses los va a absorber Hacienda\u201d, dijo&nbsp;<strong>L\u00f3pez Obrador<\/strong>.<\/p>\n\n\n\n<p>\u201cEs importante decir en lo general que contamos con presupuesto para financiar todas estas necesidades, estos programas y que no los consideramos o no consideramos el destinar estos recursos como gasto, sino que es una inversi\u00f3n, afortunadamente tenemos finanzas p\u00fablicas sana y se cuenta con los recursos sin l\u00edmite\u201d, cerr\u00f3 el presidente.<\/p>\n","protected":false},"excerpt":{"rendered":"<p>Por Redacci\u00f3n QP El presidente de M\u00e9xico,&nbsp;Andr\u00e9s Manuel L\u00f3pez Obrador,&nbsp;present\u00f3 la ma\u00f1ana de este mi\u00e9rcoles&#8230;<\/p>\n","protected":false},"author":2,"featured_media":106051,"comment_status":"open","ping_status":"open","sticky":false,"template":"","format":"standard","meta":{"_monsterinsights_skip_tracking":false,"_monsterinsights_sitenote_active":false,"_monsterinsights_sitenote_note":"","_monsterinsights_sitenote_category":0,"footnotes":""},"categories":[2],"tags":[],"class_list":["post-106050","post","type-post","status-publish","format-standard","has-post-thumbnail","hentry","category-noticias"],"yoast_head":"<!-- This site is optimized with the Yoast SEO plugin v27.3 - https:\/\/yoast.com\/product\/yoast-seo-wordpress\/ -->\n<title>L\u00f3pez Obrador,\u00a0present\u00f3 la ma\u00f1ana de este mi\u00e9rcoles un\u00a0plan\u00a0de 20 puntos por\u00a061 mil 312.7 millones de pesos\u00a0para el\u00a0apoyo\u00a0de\u00a0damnificados\u00a0por el hurac\u00e1n \u201cOtis\u201d -<\/title>\n<meta name=\"robots\" content=\"index, follow, max-snippet:-1, max-image-preview:large, max-video-preview:-1\" \/>\n<link rel=\"canonical\" href=\"https:\/\/quehacerpolitico.mx\/?p=106050\" \/>\n<meta property=\"og:locale\" content=\"es_MX\" \/>\n<meta property=\"og:type\" content=\"article\" \/>\n<meta property=\"og:title\" content=\"L\u00f3pez Obrador,\u00a0present\u00f3 la ma\u00f1ana de este mi\u00e9rcoles un\u00a0plan\u00a0de 20 puntos por\u00a061 mil 312.7 millones de pesos\u00a0para el\u00a0apoyo\u00a0de\u00a0damnificados\u00a0por el hurac\u00e1n \u201cOtis\u201d -\" \/>\n<meta property=\"og:description\" content=\"Por Redacci\u00f3n QP El presidente de M\u00e9xico,&nbsp;Andr\u00e9s Manuel L\u00f3pez Obrador,&nbsp;present\u00f3 la ma\u00f1ana de este mi\u00e9rcoles...\" \/>\n<meta property=\"og:url\" content=\"https:\/\/quehacerpolitico.mx\/?p=106050\" \/>\n<meta property=\"article:published_time\" content=\"2023-11-01T16:52:01+00:00\" \/>\n<meta property=\"article:modified_time\" content=\"2023-11-01T16:52:04+00:00\" \/>\n<meta property=\"og:image\" content=\"https:\/\/quehacerpolitico.mx\/wp-content\/uploads\/2023\/11\/IMG_1732.jpeg\" \/>\n\t<meta property=\"og:image:width\" content=\"1283\" \/>\n\t<meta property=\"og:image:height\" content=\"694\" \/>\n\t<meta property=\"og:image:type\" content=\"image\/jpeg\" \/>\n<meta name=\"author\" content=\"Redacci\u00f3n QP\" \/>\n<meta name=\"twitter:card\" content=\"summary_large_image\" \/>\n<meta name=\"twitter:label1\" content=\"Escrito por\" \/>\n\t<meta name=\"twitter:data1\" content=\"Redacci\u00f3n QP\" \/>\n\t<meta name=\"twitter:label2\" content=\"Tiempo de lectura\" \/>\n\t<meta name=\"twitter:data2\" content=\"4 minutos\" \/>\n<script type=\"application\/ld+json\" class=\"yoast-schema-graph\">{\"@context\":\"https:\\\/\\\/schema.org\",\"@graph\":[{\"@type\":\"Article\",\"@id\":\"https:\\\/\\\/quehacerpolitico.mx\\\/?p=106050#article\",\"isPartOf\":{\"@id\":\"https:\\\/\\\/quehacerpolitico.mx\\\/?p=106050\"},\"author\":{\"name\":\"Redacci\u00f3n QP\",\"@id\":\"https:\\\/\\\/quehacerpolitico.mx\\\/#\\\/schema\\\/person\\\/496d8ad2d1d3f8036101dca7ee39e585\"},\"headline\":\"L\u00f3pez Obrador,\u00a0present\u00f3 la ma\u00f1ana de este mi\u00e9rcoles un\u00a0plan\u00a0de 20 puntos por\u00a061 mil 312.7 millones de pesos\u00a0para el\u00a0apoyo\u00a0de\u00a0damnificados\u00a0por el hurac\u00e1n \u201cOtis\u201d\",\"datePublished\":\"2023-11-01T16:52:01+00:00\",\"dateModified\":\"2023-11-01T16:52:04+00:00\",\"mainEntityOfPage\":{\"@id\":\"https:\\\/\\\/quehacerpolitico.mx\\\/?p=106050\"},\"wordCount\":747,\"commentCount\":0,\"image\":{\"@id\":\"https:\\\/\\\/quehacerpolitico.mx\\\/?p=106050#primaryimage\"},\"thumbnailUrl\":\"https:\\\/\\\/quehacerpolitico.mx\\\/wp-content\\\/uploads\\\/2023\\\/11\\\/IMG_1732.jpeg\",\"articleSection\":[\"Noticias\"],\"inLanguage\":\"es\",\"potentialAction\":[{\"@type\":\"CommentAction\",\"name\":\"Comment\",\"target\":[\"https:\\\/\\\/quehacerpolitico.mx\\\/?p=106050#respond\"]}]},{\"@type\":\"WebPage\",\"@id\":\"https:\\\/\\\/quehacerpolitico.mx\\\/?p=106050\",\"url\":\"https:\\\/\\\/quehacerpolitico.mx\\\/?p=106050\",\"name\":\"L\u00f3pez Obrador,\u00a0present\u00f3 la ma\u00f1ana de este mi\u00e9rcoles un\u00a0plan\u00a0de 20 puntos por\u00a061 mil 312.7 millones de pesos\u00a0para el\u00a0apoyo\u00a0de\u00a0damnificados\u00a0por el hurac\u00e1n \u201cOtis\u201d -\",\"isPartOf\":{\"@id\":\"https:\\\/\\\/quehacerpolitico.mx\\\/#website\"},\"primaryImageOfPage\":{\"@id\":\"https:\\\/\\\/quehacerpolitico.mx\\\/?p=106050#primaryimage\"},\"image\":{\"@id\":\"https:\\\/\\\/quehacerpolitico.mx\\\/?p=106050#primaryimage\"},\"thumbnailUrl\":\"https:\\\/\\\/quehacerpolitico.mx\\\/wp-content\\\/uploads\\\/2023\\\/11\\\/IMG_1732.jpeg\",\"datePublished\":\"2023-11-01T16:52:01+00:00\",\"dateModified\":\"2023-11-01T16:52:04+00:00\",\"author\":{\"@id\":\"https:\\\/\\\/quehacerpolitico.mx\\\/#\\\/schema\\\/person\\\/496d8ad2d1d3f8036101dca7ee39e585\"},\"breadcrumb\":{\"@id\":\"https:\\\/\\\/quehacerpolitico.mx\\\/?p=106050#breadcrumb\"},\"inLanguage\":\"es\",\"potentialAction\":[{\"@type\":\"ReadAction\",\"target\":[\"https:\\\/\\\/quehacerpolitico.mx\\\/?p=106050\"]}]},{\"@type\":\"ImageObject\",\"inLanguage\":\"es\",\"@id\":\"https:\\\/\\\/quehacerpolitico.mx\\\/?p=106050#primaryimage\",\"url\":\"https:\\\/\\\/quehacerpolitico.mx\\\/wp-content\\\/uploads\\\/2023\\\/11\\\/IMG_1732.jpeg\",\"contentUrl\":\"https:\\\/\\\/quehacerpolitico.mx\\\/wp-content\\\/uploads\\\/2023\\\/11\\\/IMG_1732.jpeg\",\"width\":1283,\"height\":694},{\"@type\":\"BreadcrumbList\",\"@id\":\"https:\\\/\\\/quehacerpolitico.mx\\\/?p=106050#breadcrumb\",\"itemListElement\":[{\"@type\":\"ListItem\",\"position\":1,\"name\":\"Inicio\",\"item\":\"https:\\\/\\\/quehacerpolitico.mx\\\/\"},{\"@type\":\"ListItem\",\"position\":2,\"name\":\"L\u00f3pez Obrador,\u00a0present\u00f3 la ma\u00f1ana de este mi\u00e9rcoles un\u00a0plan\u00a0de 20 puntos por\u00a061 mil 312.7 millones de pesos\u00a0para el\u00a0apoyo\u00a0de\u00a0damnificados\u00a0por el hurac\u00e1n \u201cOtis\u201d\"}]},{\"@type\":\"WebSite\",\"@id\":\"https:\\\/\\\/quehacerpolitico.mx\\\/#website\",\"url\":\"https:\\\/\\\/quehacerpolitico.mx\\\/\",\"name\":\"\",\"description\":\"\",\"potentialAction\":[{\"@type\":\"SearchAction\",\"target\":{\"@type\":\"EntryPoint\",\"urlTemplate\":\"https:\\\/\\\/quehacerpolitico.mx\\\/?s={search_term_string}\"},\"query-input\":{\"@type\":\"PropertyValueSpecification\",\"valueRequired\":true,\"valueName\":\"search_term_string\"}}],\"inLanguage\":\"es\"},{\"@type\":\"Person\",\"@id\":\"https:\\\/\\\/quehacerpolitico.mx\\\/#\\\/schema\\\/person\\\/496d8ad2d1d3f8036101dca7ee39e585\",\"name\":\"Redacci\u00f3n QP\",\"image\":{\"@type\":\"ImageObject\",\"inLanguage\":\"es\",\"@id\":\"https:\\\/\\\/secure.gravatar.com\\\/avatar\\\/c7164ed6fdec453195284ad24a5ae5b6e1eed2b848477fa2a4787ba9adf39a41?s=96&d=mm&r=g\",\"url\":\"https:\\\/\\\/secure.gravatar.com\\\/avatar\\\/c7164ed6fdec453195284ad24a5ae5b6e1eed2b848477fa2a4787ba9adf39a41?s=96&d=mm&r=g\",\"contentUrl\":\"https:\\\/\\\/secure.gravatar.com\\\/avatar\\\/c7164ed6fdec453195284ad24a5ae5b6e1eed2b848477fa2a4787ba9adf39a41?s=96&d=mm&r=g\",\"caption\":\"Redacci\u00f3n QP\"},\"url\":\"https:\\\/\\\/quehacerpolitico.mx\\\/?author=2\"}]}<\/script>\n<!-- \/ Yoast SEO plugin. -->","yoast_head_json":{"title":"L\u00f3pez Obrador,\u00a0present\u00f3 la ma\u00f1ana de este mi\u00e9rcoles un\u00a0plan\u00a0de 20 puntos por\u00a061 mil 312.7 millones de pesos\u00a0para el\u00a0apoyo\u00a0de\u00a0damnificados\u00a0por el hurac\u00e1n \u201cOtis\u201d -","robots":{"index":"index","follow":"follow","max-snippet":"max-snippet:-1","max-image-preview":"max-image-preview:large","max-video-preview":"max-video-preview:-1"},"canonical":"https:\/\/quehacerpolitico.mx\/?p=106050","og_locale":"es_MX","og_type":"article","og_title":"L\u00f3pez Obrador,\u00a0present\u00f3 la ma\u00f1ana de este mi\u00e9rcoles un\u00a0plan\u00a0de 20 puntos por\u00a061 mil 312.7 millones de pesos\u00a0para el\u00a0apoyo\u00a0de\u00a0damnificados\u00a0por el hurac\u00e1n \u201cOtis\u201d -","og_description":"Por Redacci\u00f3n QP El presidente de M\u00e9xico,&nbsp;Andr\u00e9s Manuel L\u00f3pez Obrador,&nbsp;present\u00f3 la ma\u00f1ana de este mi\u00e9rcoles...","og_url":"https:\/\/quehacerpolitico.mx\/?p=106050","article_published_time":"2023-11-01T16:52:01+00:00","article_modified_time":"2023-11-01T16:52:04+00:00","og_image":[{"width":1283,"height":694,"url":"https:\/\/quehacerpolitico.mx\/wp-content\/uploads\/2023\/11\/IMG_1732.jpeg","type":"image\/jpeg"}],"author":"Redacci\u00f3n QP","twitter_card":"summary_large_image","twitter_misc":{"Escrito por":"Redacci\u00f3n QP","Tiempo de lectura":"4 minutos"},"schema":{"@context":"https:\/\/schema.org","@graph":[{"@type":"Article","@id":"https:\/\/quehacerpolitico.mx\/?p=106050#article","isPartOf":{"@id":"https:\/\/quehacerpolitico.mx\/?p=106050"},"author":{"name":"Redacci\u00f3n QP","@id":"https:\/\/quehacerpolitico.mx\/#\/schema\/person\/496d8ad2d1d3f8036101dca7ee39e585"},"headline":"L\u00f3pez Obrador,\u00a0present\u00f3 la ma\u00f1ana de este mi\u00e9rcoles un\u00a0plan\u00a0de 20 puntos por\u00a061 mil 312.7 millones de pesos\u00a0para el\u00a0apoyo\u00a0de\u00a0damnificados\u00a0por el hurac\u00e1n \u201cOtis\u201d","datePublished":"2023-11-01T16:52:01+00:00","dateModified":"2023-11-01T16:52:04+00:00","mainEntityOfPage":{"@id":"https:\/\/quehacerpolitico.mx\/?p=106050"},"wordCount":747,"commentCount":0,"image":{"@id":"https:\/\/quehacerpolitico.mx\/?p=106050#primaryimage"},"thumbnailUrl":"https:\/\/quehacerpolitico.mx\/wp-content\/uploads\/2023\/11\/IMG_1732.jpeg","articleSection":["Noticias"],"inLanguage":"es","potentialAction":[{"@type":"CommentAction","name":"Comment","target":["https:\/\/quehacerpolitico.mx\/?p=106050#respond"]}]},{"@type":"WebPage","@id":"https:\/\/quehacerpolitico.mx\/?p=106050","url":"https:\/\/quehacerpolitico.mx\/?p=106050","name":"L\u00f3pez Obrador,\u00a0present\u00f3 la ma\u00f1ana de este mi\u00e9rcoles un\u00a0plan\u00a0de 20 puntos por\u00a061 mil 312.7 millones de pesos\u00a0para el\u00a0apoyo\u00a0de\u00a0damnificados\u00a0por el hurac\u00e1n \u201cOtis\u201d -","isPartOf":{"@id":"https:\/\/quehacerpolitico.mx\/#website"},"primaryImageOfPage":{"@id":"https:\/\/quehacerpolitico.mx\/?p=106050#primaryimage"},"image":{"@id":"https:\/\/quehacerpolitico.mx\/?p=106050#primaryimage"},"thumbnailUrl":"https:\/\/quehacerpolitico.mx\/wp-content\/uploads\/2023\/11\/IMG_1732.jpeg","datePublished":"2023-11-01T16:52:01+00:00","dateModified":"2023-11-01T16:52:04+00:00","author":{"@id":"https:\/\/quehacerpolitico.mx\/#\/schema\/person\/496d8ad2d1d3f8036101dca7ee39e585"},"breadcrumb":{"@id":"https:\/\/quehacerpolitico.mx\/?p=106050#breadcrumb"},"inLanguage":"es","potentialAction":[{"@type":"ReadAction","target":["https:\/\/quehacerpolitico.mx\/?p=106050"]}]},{"@type":"ImageObject","inLanguage":"es","@id":"https:\/\/quehacerpolitico.mx\/?p=106050#primaryimage","url":"https:\/\/quehacerpolitico.mx\/wp-content\/uploads\/2023\/11\/IMG_1732.jpeg","contentUrl":"https:\/\/quehacerpolitico.mx\/wp-content\/uploads\/2023\/11\/IMG_1732.jpeg","width":1283,"height":694},{"@type":"BreadcrumbList","@id":"https:\/\/quehacerpolitico.mx\/?p=106050#breadcrumb","itemListElement":[{"@type":"ListItem","position":1,"name":"Inicio","item":"https:\/\/quehacerpolitico.mx\/"},{"@type":"ListItem","position":2,"name":"L\u00f3pez Obrador,\u00a0present\u00f3 la ma\u00f1ana de este mi\u00e9rcoles un\u00a0plan\u00a0de 20 puntos por\u00a061 mil 312.7 millones de pesos\u00a0para el\u00a0apoyo\u00a0de\u00a0damnificados\u00a0por el hurac\u00e1n \u201cOtis\u201d"}]},{"@type":"WebSite","@id":"https:\/\/quehacerpolitico.mx\/#website","url":"https:\/\/quehacerpolitico.mx\/","name":"","description":"","potentialAction":[{"@type":"SearchAction","target":{"@type":"EntryPoint","urlTemplate":"https:\/\/quehacerpolitico.mx\/?s={search_term_string}"},"query-input":{"@type":"PropertyValueSpecification","valueRequired":true,"valueName":"search_term_string"}}],"inLanguage":"es"},{"@type":"Person","@id":"https:\/\/quehacerpolitico.mx\/#\/schema\/person\/496d8ad2d1d3f8036101dca7ee39e585","name":"Redacci\u00f3n QP","image":{"@type":"ImageObject","inLanguage":"es","@id":"https:\/\/secure.gravatar.com\/avatar\/c7164ed6fdec453195284ad24a5ae5b6e1eed2b848477fa2a4787ba9adf39a41?s=96&d=mm&r=g","url":"https:\/\/secure.gravatar.com\/avatar\/c7164ed6fdec453195284ad24a5ae5b6e1eed2b848477fa2a4787ba9adf39a41?s=96&d=mm&r=g","contentUrl":"https:\/\/secure.gravatar.com\/avatar\/c7164ed6fdec453195284ad24a5ae5b6e1eed2b848477fa2a4787ba9adf39a41?s=96&d=mm&r=g","caption":"Redacci\u00f3n QP"},"url":"https:\/\/quehacerpolitico.mx\/?author=2"}]}},"featured_image_urls":{"full":["https:\/\/quehacerpolitico.mx\/wp-content\/uploads\/2023\/11\/IMG_1732.jpeg",1283,694,false],"thumbnail":["https:\/\/quehacerpolitico.mx\/wp-content\/uploads\/2023\/11\/IMG_1732-150x150.jpeg",150,150,true],"medium":["https:\/\/quehacerpolitico.mx\/wp-content\/uploads\/2023\/11\/IMG_1732-300x162.jpeg",300,162,true],"medium_large":["https:\/\/quehacerpolitico.mx\/wp-content\/uploads\/2023\/11\/IMG_1732-768x415.jpeg",640,346,true],"large":["https:\/\/quehacerpolitico.mx\/wp-content\/uploads\/2023\/11\/IMG_1732-1024x554.jpeg",640,346,true],"1536x1536":["https:\/\/quehacerpolitico.mx\/wp-content\/uploads\/2023\/11\/IMG_1732.jpeg",1283,694,false],"2048x2048":["https:\/\/quehacerpolitico.mx\/wp-content\/uploads\/2023\/11\/IMG_1732.jpeg",1283,694,false],"covernews-featured":["https:\/\/quehacerpolitico.mx\/wp-content\/uploads\/2023\/11\/IMG_1732.jpeg",1024,554,false],"covernews-medium":["https:\/\/quehacerpolitico.mx\/wp-content\/uploads\/2023\/11\/IMG_1732.jpeg",540,292,false]},"author_info":{"display_name":"Redacci\u00f3n QP","author_link":"https:\/\/quehacerpolitico.mx\/?author=2"},"category_info":"<a href=\"https:\/\/quehacerpolitico.mx\/?cat=2\" rel=\"category\">Noticias<\/a>","tag_info":"Noticias","comment_count":"0","_links":{"self":[{"href":"https:\/\/quehacerpolitico.mx\/index.php?rest_route=\/wp\/v2\/posts\/106050","targetHints":{"allow":["GET"]}}],"collection":[{"href":"https:\/\/quehacerpolitico.mx\/index.php?rest_route=\/wp\/v2\/posts"}],"about":[{"href":"https:\/\/quehacerpolitico.mx\/index.php?rest_route=\/wp\/v2\/types\/post"}],"author":[{"embeddable":true,"href":"https:\/\/quehacerpolitico.mx\/index.php?rest_route=\/wp\/v2\/users\/2"}],"replies":[{"embeddable":true,"href":"https:\/\/quehacerpolitico.mx\/index.php?rest_route=%2Fwp%2Fv2%2Fcomments&post=106050"}],"version-history":[{"count":1,"href":"https:\/\/quehacerpolitico.mx\/index.php?rest_route=\/wp\/v2\/posts\/106050\/revisions"}],"predecessor-version":[{"id":106052,"href":"https:\/\/quehacerpolitico.mx\/index.php?rest_route=\/wp\/v2\/posts\/106050\/revisions\/106052"}],"wp:featuredmedia":[{"embeddable":true,"href":"https:\/\/quehacerpolitico.mx\/index.php?rest_route=\/wp\/v2\/media\/106051"}],"wp:attachment":[{"href":"https:\/\/quehacerpolitico.mx\/index.php?rest_route=%2Fwp%2Fv2%2Fmedia&parent=106050"}],"wp:term":[{"taxonomy":"category","embeddable":true,"href":"https:\/\/quehacerpolitico.mx\/index.php?rest_route=%2Fwp%2Fv2%2Fcategories&post=106050"},{"taxonomy":"post_tag","embeddable":true,"href":"https:\/\/quehacerpolitico.mx\/index.php?rest_route=%2Fwp%2Fv2%2Ftags&post=106050"}],"curies":[{"name":"wp","href":"https:\/\/api.w.org\/{rel}","templated":true}]}}