{"id":106000,"date":"2023-10-27T18:01:35","date_gmt":"2023-10-27T18:01:35","guid":{"rendered":"https:\/\/quehacerpolitico.mx\/?p=106000"},"modified":"2023-10-27T18:01:40","modified_gmt":"2023-10-27T18:01:40","slug":"el-puente-aereo-en-el-puerto-de-acapulco-en-guerrero-que-encabezan-las-fuerzas-armadas","status":"publish","type":"post","link":"https:\/\/quehacerpolitico.mx\/?p=106000","title":{"rendered":"El puente a\u00e9reo\u00a0en el puerto de\u00a0Acapulco, en Guerrero, que encabezan las\u00a0Fuerzas Armadas"},"content":{"rendered":"\n<p>Por Redacci\u00f3n QP<\/p>\n\n\n\n<p>El gobierno del presidente<strong>\u00a0Andr\u00e9s Manuel L\u00f3pez Obrador<\/strong>\u00a0inform\u00f3 este viernes sobre la implementaci\u00f3n del<strong>\u00a0puente a\u00e9reo\u00a0<\/strong>en el puerto de\u00a0<strong>Acapulco<\/strong>, en Guerrero, que encabezan las\u00a0<strong>Fuerzas Armadas<\/strong>, el cual comenz\u00f3 su operaci\u00f3n con vuelos de la\u00a0<strong>Secretar\u00eda de Marina<\/strong>\u00a0y recibir\u00e1 tres vuelos comerciales que colaborar\u00e1n en la\u00a0<strong>evacuaci\u00f3n<\/strong>\u00a0de personas.<\/p>\n\n\n\n<p>El secretario de Marina,\u00a0<strong>Rafael Ojeda Dur\u00e1n<\/strong>, se\u00f1al\u00f3 durante la conferencia matutina que el vuelo de la dependencia transport\u00f3 a personal que trabaja en el Aeropuerto Internacional de la Ciudad de M\u00e9xico que brindar\u00e1 servicio a los pasajeros y tambi\u00e9n viaj\u00f3 un grupo que brindar\u00e1 seguridad en las instalaciones.<\/p>\n\n\n\n<p>Adem\u00e1s, indic\u00f3 que el primer vuelo de\u00a0<strong>Aerom\u00e9xico<\/strong>\u00a0llegar\u00e1 alrededor de las 8:00 de la ma\u00f1ana, el que opera la aerol\u00ednea\u00a0<strong>Volaris<\/strong> estar\u00e1 arribando a las 9:00, y una hora despu\u00e9s se espera el aterrizaje de un avi\u00f3n de\u00a0<strong>Viva Aerobus<\/strong>\u00a0en el Aeropuerto Internacional de Acapulco, como parte del puente a\u00e9reo.<\/p>\n\n\n\n<figure class=\"wp-block-embed is-type-video is-provider-youtube wp-block-embed-youtube wp-embed-aspect-16-9 wp-has-aspect-ratio\"><div class=\"wp-block-embed__wrapper\">\nhttps:\/\/youtu.be\/PLc-8cnZjak?si=yCDOmf3D2-JLJW5B\n<\/div><\/figure>\n\n\n\n<p>En tanto, el secretario de la Defensa,\u00a0<strong>Luis Cresencio Sandoval<\/strong>, se\u00f1al\u00f3 en una llamada que en la Base A\u00e9rea Militar N\u00famero 7 en Pie de la Cuesta \u2014que es parte del puente a\u00e9reo adem\u00e1s del aeropuerto de\u00a0<strong>Acapulco<\/strong>\u2014 se est\u00e1 concentrando la ayuda para los\u00a0<strong>damnificados<\/strong>y que en los viajes en vac\u00edo se podr\u00e1 evacuar a las\u00a0<strong>personas<\/strong>\u00a0que lo requieran hacia la Ciudad de M\u00e9xico.<\/p>\n\n\n\n<p>En tanto,\u00a0<strong>Ricardo Due\u00f1as<\/strong>, CEO de\u00a0<strong>OMA Aeropuertos<\/strong>, que se encarga de la operaci\u00f3n de la terminal a\u00e9rea de Acapulco, inform\u00f3 esta ma\u00f1ana que el primer grupo de pasajeros varados ya sali\u00f3 del puerto guerrerense y se mantendr\u00e1n las operaciones de rescate mediante el puente a\u00e9reo<\/p>\n","protected":false},"excerpt":{"rendered":"<p>Por Redacci\u00f3n QP El gobierno del presidente\u00a0Andr\u00e9s Manuel L\u00f3pez Obrador\u00a0inform\u00f3 este viernes sobre la implementaci\u00f3n&#8230;<\/p>\n","protected":false},"author":2,"featured_media":106001,"comment_status":"open","ping_status":"open","sticky":false,"template":"","format":"standard","meta":{"_monsterinsights_skip_tracking":false,"_monsterinsights_sitenote_active":false,"_monsterinsights_sitenote_note":"","_monsterinsights_sitenote_category":0,"footnotes":""},"categories":[2],"tags":[],"class_list":["post-106000","post","type-post","status-publish","format-standard","has-post-thumbnail","hentry","category-noticias"],"yoast_head":"<!-- This site is optimized with the Yoast SEO plugin v27.3 - https:\/\/yoast.com\/product\/yoast-seo-wordpress\/ -->\n<title>El puente a\u00e9reo\u00a0en el puerto de\u00a0Acapulco, en Guerrero, que encabezan las\u00a0Fuerzas Armadas -<\/title>\n<meta name=\"robots\" content=\"index, follow, max-snippet:-1, max-image-preview:large, max-video-preview:-1\" \/>\n<link rel=\"canonical\" href=\"https:\/\/quehacerpolitico.mx\/?p=106000\" \/>\n<meta property=\"og:locale\" content=\"es_MX\" \/>\n<meta property=\"og:type\" content=\"article\" \/>\n<meta property=\"og:title\" content=\"El puente a\u00e9reo\u00a0en el puerto de\u00a0Acapulco, en Guerrero, que encabezan las\u00a0Fuerzas Armadas -\" \/>\n<meta property=\"og:description\" content=\"Por Redacci\u00f3n QP El gobierno del presidente\u00a0Andr\u00e9s Manuel L\u00f3pez Obrador\u00a0inform\u00f3 este viernes sobre la implementaci\u00f3n...\" \/>\n<meta property=\"og:url\" content=\"https:\/\/quehacerpolitico.mx\/?p=106000\" \/>\n<meta property=\"article:published_time\" content=\"2023-10-27T18:01:35+00:00\" \/>\n<meta property=\"article:modified_time\" content=\"2023-10-27T18:01:40+00:00\" \/>\n<meta property=\"og:image\" content=\"https:\/\/quehacerpolitico.mx\/wp-content\/uploads\/2023\/10\/IMG_1673.jpeg\" \/>\n\t<meta property=\"og:image:width\" content=\"1192\" \/>\n\t<meta property=\"og:image:height\" content=\"734\" \/>\n\t<meta property=\"og:image:type\" content=\"image\/jpeg\" \/>\n<meta name=\"author\" content=\"Redacci\u00f3n QP\" \/>\n<meta name=\"twitter:card\" content=\"summary_large_image\" \/>\n<meta name=\"twitter:label1\" content=\"Escrito por\" \/>\n\t<meta name=\"twitter:data1\" content=\"Redacci\u00f3n QP\" \/>\n\t<meta name=\"twitter:label2\" content=\"Tiempo de lectura\" \/>\n\t<meta name=\"twitter:data2\" content=\"2 minutos\" \/>\n<script type=\"application\/ld+json\" class=\"yoast-schema-graph\">{\"@context\":\"https:\\\/\\\/schema.org\",\"@graph\":[{\"@type\":\"Article\",\"@id\":\"https:\\\/\\\/quehacerpolitico.mx\\\/?p=106000#article\",\"isPartOf\":{\"@id\":\"https:\\\/\\\/quehacerpolitico.mx\\\/?p=106000\"},\"author\":{\"name\":\"Redacci\u00f3n QP\",\"@id\":\"https:\\\/\\\/quehacerpolitico.mx\\\/#\\\/schema\\\/person\\\/496d8ad2d1d3f8036101dca7ee39e585\"},\"headline\":\"El puente a\u00e9reo\u00a0en el puerto de\u00a0Acapulco, en Guerrero, que encabezan las\u00a0Fuerzas Armadas\",\"datePublished\":\"2023-10-27T18:01:35+00:00\",\"dateModified\":\"2023-10-27T18:01:40+00:00\",\"mainEntityOfPage\":{\"@id\":\"https:\\\/\\\/quehacerpolitico.mx\\\/?p=106000\"},\"wordCount\":325,\"commentCount\":0,\"image\":{\"@id\":\"https:\\\/\\\/quehacerpolitico.mx\\\/?p=106000#primaryimage\"},\"thumbnailUrl\":\"https:\\\/\\\/quehacerpolitico.mx\\\/wp-content\\\/uploads\\\/2023\\\/10\\\/IMG_1673.jpeg\",\"articleSection\":[\"Noticias\"],\"inLanguage\":\"es\",\"potentialAction\":[{\"@type\":\"CommentAction\",\"name\":\"Comment\",\"target\":[\"https:\\\/\\\/quehacerpolitico.mx\\\/?p=106000#respond\"]}]},{\"@type\":\"WebPage\",\"@id\":\"https:\\\/\\\/quehacerpolitico.mx\\\/?p=106000\",\"url\":\"https:\\\/\\\/quehacerpolitico.mx\\\/?p=106000\",\"name\":\"El puente a\u00e9reo\u00a0en el puerto de\u00a0Acapulco, en Guerrero, que encabezan las\u00a0Fuerzas Armadas -\",\"isPartOf\":{\"@id\":\"https:\\\/\\\/quehacerpolitico.mx\\\/#website\"},\"primaryImageOfPage\":{\"@id\":\"https:\\\/\\\/quehacerpolitico.mx\\\/?p=106000#primaryimage\"},\"image\":{\"@id\":\"https:\\\/\\\/quehacerpolitico.mx\\\/?p=106000#primaryimage\"},\"thumbnailUrl\":\"https:\\\/\\\/quehacerpolitico.mx\\\/wp-content\\\/uploads\\\/2023\\\/10\\\/IMG_1673.jpeg\",\"datePublished\":\"2023-10-27T18:01:35+00:00\",\"dateModified\":\"2023-10-27T18:01:40+00:00\",\"author\":{\"@id\":\"https:\\\/\\\/quehacerpolitico.mx\\\/#\\\/schema\\\/person\\\/496d8ad2d1d3f8036101dca7ee39e585\"},\"breadcrumb\":{\"@id\":\"https:\\\/\\\/quehacerpolitico.mx\\\/?p=106000#breadcrumb\"},\"inLanguage\":\"es\",\"potentialAction\":[{\"@type\":\"ReadAction\",\"target\":[\"https:\\\/\\\/quehacerpolitico.mx\\\/?p=106000\"]}]},{\"@type\":\"ImageObject\",\"inLanguage\":\"es\",\"@id\":\"https:\\\/\\\/quehacerpolitico.mx\\\/?p=106000#primaryimage\",\"url\":\"https:\\\/\\\/quehacerpolitico.mx\\\/wp-content\\\/uploads\\\/2023\\\/10\\\/IMG_1673.jpeg\",\"contentUrl\":\"https:\\\/\\\/quehacerpolitico.mx\\\/wp-content\\\/uploads\\\/2023\\\/10\\\/IMG_1673.jpeg\",\"width\":1192,\"height\":734},{\"@type\":\"BreadcrumbList\",\"@id\":\"https:\\\/\\\/quehacerpolitico.mx\\\/?p=106000#breadcrumb\",\"itemListElement\":[{\"@type\":\"ListItem\",\"position\":1,\"name\":\"Inicio\",\"item\":\"https:\\\/\\\/quehacerpolitico.mx\\\/\"},{\"@type\":\"ListItem\",\"position\":2,\"name\":\"El puente a\u00e9reo\u00a0en el puerto de\u00a0Acapulco, en Guerrero, que encabezan las\u00a0Fuerzas Armadas\"}]},{\"@type\":\"WebSite\",\"@id\":\"https:\\\/\\\/quehacerpolitico.mx\\\/#website\",\"url\":\"https:\\\/\\\/quehacerpolitico.mx\\\/\",\"name\":\"\",\"description\":\"\",\"potentialAction\":[{\"@type\":\"SearchAction\",\"target\":{\"@type\":\"EntryPoint\",\"urlTemplate\":\"https:\\\/\\\/quehacerpolitico.mx\\\/?s={search_term_string}\"},\"query-input\":{\"@type\":\"PropertyValueSpecification\",\"valueRequired\":true,\"valueName\":\"search_term_string\"}}],\"inLanguage\":\"es\"},{\"@type\":\"Person\",\"@id\":\"https:\\\/\\\/quehacerpolitico.mx\\\/#\\\/schema\\\/person\\\/496d8ad2d1d3f8036101dca7ee39e585\",\"name\":\"Redacci\u00f3n QP\",\"image\":{\"@type\":\"ImageObject\",\"inLanguage\":\"es\",\"@id\":\"https:\\\/\\\/secure.gravatar.com\\\/avatar\\\/c7164ed6fdec453195284ad24a5ae5b6e1eed2b848477fa2a4787ba9adf39a41?s=96&d=mm&r=g\",\"url\":\"https:\\\/\\\/secure.gravatar.com\\\/avatar\\\/c7164ed6fdec453195284ad24a5ae5b6e1eed2b848477fa2a4787ba9adf39a41?s=96&d=mm&r=g\",\"contentUrl\":\"https:\\\/\\\/secure.gravatar.com\\\/avatar\\\/c7164ed6fdec453195284ad24a5ae5b6e1eed2b848477fa2a4787ba9adf39a41?s=96&d=mm&r=g\",\"caption\":\"Redacci\u00f3n QP\"},\"url\":\"https:\\\/\\\/quehacerpolitico.mx\\\/?author=2\"}]}<\/script>\n<!-- \/ Yoast SEO plugin. -->","yoast_head_json":{"title":"El puente a\u00e9reo\u00a0en el puerto de\u00a0Acapulco, en Guerrero, que encabezan las\u00a0Fuerzas Armadas -","robots":{"index":"index","follow":"follow","max-snippet":"max-snippet:-1","max-image-preview":"max-image-preview:large","max-video-preview":"max-video-preview:-1"},"canonical":"https:\/\/quehacerpolitico.mx\/?p=106000","og_locale":"es_MX","og_type":"article","og_title":"El puente a\u00e9reo\u00a0en el puerto de\u00a0Acapulco, en Guerrero, que encabezan las\u00a0Fuerzas Armadas -","og_description":"Por Redacci\u00f3n QP El gobierno del presidente\u00a0Andr\u00e9s Manuel L\u00f3pez Obrador\u00a0inform\u00f3 este viernes sobre la implementaci\u00f3n...","og_url":"https:\/\/quehacerpolitico.mx\/?p=106000","article_published_time":"2023-10-27T18:01:35+00:00","article_modified_time":"2023-10-27T18:01:40+00:00","og_image":[{"width":1192,"height":734,"url":"https:\/\/quehacerpolitico.mx\/wp-content\/uploads\/2023\/10\/IMG_1673.jpeg","type":"image\/jpeg"}],"author":"Redacci\u00f3n QP","twitter_card":"summary_large_image","twitter_misc":{"Escrito por":"Redacci\u00f3n QP","Tiempo de lectura":"2 minutos"},"schema":{"@context":"https:\/\/schema.org","@graph":[{"@type":"Article","@id":"https:\/\/quehacerpolitico.mx\/?p=106000#article","isPartOf":{"@id":"https:\/\/quehacerpolitico.mx\/?p=106000"},"author":{"name":"Redacci\u00f3n QP","@id":"https:\/\/quehacerpolitico.mx\/#\/schema\/person\/496d8ad2d1d3f8036101dca7ee39e585"},"headline":"El puente a\u00e9reo\u00a0en el puerto de\u00a0Acapulco, en Guerrero, que encabezan las\u00a0Fuerzas Armadas","datePublished":"2023-10-27T18:01:35+00:00","dateModified":"2023-10-27T18:01:40+00:00","mainEntityOfPage":{"@id":"https:\/\/quehacerpolitico.mx\/?p=106000"},"wordCount":325,"commentCount":0,"image":{"@id":"https:\/\/quehacerpolitico.mx\/?p=106000#primaryimage"},"thumbnailUrl":"https:\/\/quehacerpolitico.mx\/wp-content\/uploads\/2023\/10\/IMG_1673.jpeg","articleSection":["Noticias"],"inLanguage":"es","potentialAction":[{"@type":"CommentAction","name":"Comment","target":["https:\/\/quehacerpolitico.mx\/?p=106000#respond"]}]},{"@type":"WebPage","@id":"https:\/\/quehacerpolitico.mx\/?p=106000","url":"https:\/\/quehacerpolitico.mx\/?p=106000","name":"El puente a\u00e9reo\u00a0en el puerto de\u00a0Acapulco, en Guerrero, que encabezan las\u00a0Fuerzas Armadas -","isPartOf":{"@id":"https:\/\/quehacerpolitico.mx\/#website"},"primaryImageOfPage":{"@id":"https:\/\/quehacerpolitico.mx\/?p=106000#primaryimage"},"image":{"@id":"https:\/\/quehacerpolitico.mx\/?p=106000#primaryimage"},"thumbnailUrl":"https:\/\/quehacerpolitico.mx\/wp-content\/uploads\/2023\/10\/IMG_1673.jpeg","datePublished":"2023-10-27T18:01:35+00:00","dateModified":"2023-10-27T18:01:40+00:00","author":{"@id":"https:\/\/quehacerpolitico.mx\/#\/schema\/person\/496d8ad2d1d3f8036101dca7ee39e585"},"breadcrumb":{"@id":"https:\/\/quehacerpolitico.mx\/?p=106000#breadcrumb"},"inLanguage":"es","potentialAction":[{"@type":"ReadAction","target":["https:\/\/quehacerpolitico.mx\/?p=106000"]}]},{"@type":"ImageObject","inLanguage":"es","@id":"https:\/\/quehacerpolitico.mx\/?p=106000#primaryimage","url":"https:\/\/quehacerpolitico.mx\/wp-content\/uploads\/2023\/10\/IMG_1673.jpeg","contentUrl":"https:\/\/quehacerpolitico.mx\/wp-content\/uploads\/2023\/10\/IMG_1673.jpeg","width":1192,"height":734},{"@type":"BreadcrumbList","@id":"https:\/\/quehacerpolitico.mx\/?p=106000#breadcrumb","itemListElement":[{"@type":"ListItem","position":1,"name":"Inicio","item":"https:\/\/quehacerpolitico.mx\/"},{"@type":"ListItem","position":2,"name":"El puente a\u00e9reo\u00a0en el puerto de\u00a0Acapulco, en Guerrero, que encabezan las\u00a0Fuerzas Armadas"}]},{"@type":"WebSite","@id":"https:\/\/quehacerpolitico.mx\/#website","url":"https:\/\/quehacerpolitico.mx\/","name":"","description":"","potentialAction":[{"@type":"SearchAction","target":{"@type":"EntryPoint","urlTemplate":"https:\/\/quehacerpolitico.mx\/?s={search_term_string}"},"query-input":{"@type":"PropertyValueSpecification","valueRequired":true,"valueName":"search_term_string"}}],"inLanguage":"es"},{"@type":"Person","@id":"https:\/\/quehacerpolitico.mx\/#\/schema\/person\/496d8ad2d1d3f8036101dca7ee39e585","name":"Redacci\u00f3n QP","image":{"@type":"ImageObject","inLanguage":"es","@id":"https:\/\/secure.gravatar.com\/avatar\/c7164ed6fdec453195284ad24a5ae5b6e1eed2b848477fa2a4787ba9adf39a41?s=96&d=mm&r=g","url":"https:\/\/secure.gravatar.com\/avatar\/c7164ed6fdec453195284ad24a5ae5b6e1eed2b848477fa2a4787ba9adf39a41?s=96&d=mm&r=g","contentUrl":"https:\/\/secure.gravatar.com\/avatar\/c7164ed6fdec453195284ad24a5ae5b6e1eed2b848477fa2a4787ba9adf39a41?s=96&d=mm&r=g","caption":"Redacci\u00f3n QP"},"url":"https:\/\/quehacerpolitico.mx\/?author=2"}]}},"featured_image_urls":{"full":["https:\/\/quehacerpolitico.mx\/wp-content\/uploads\/2023\/10\/IMG_1673.jpeg",1192,734,false],"thumbnail":["https:\/\/quehacerpolitico.mx\/wp-content\/uploads\/2023\/10\/IMG_1673-150x150.jpeg",150,150,true],"medium":["https:\/\/quehacerpolitico.mx\/wp-content\/uploads\/2023\/10\/IMG_1673-300x185.jpeg",300,185,true],"medium_large":["https:\/\/quehacerpolitico.mx\/wp-content\/uploads\/2023\/10\/IMG_1673-768x473.jpeg",640,394,true],"large":["https:\/\/quehacerpolitico.mx\/wp-content\/uploads\/2023\/10\/IMG_1673-1024x631.jpeg",640,394,true],"1536x1536":["https:\/\/quehacerpolitico.mx\/wp-content\/uploads\/2023\/10\/IMG_1673.jpeg",1192,734,false],"2048x2048":["https:\/\/quehacerpolitico.mx\/wp-content\/uploads\/2023\/10\/IMG_1673.jpeg",1192,734,false],"covernews-featured":["https:\/\/quehacerpolitico.mx\/wp-content\/uploads\/2023\/10\/IMG_1673.jpeg",1024,631,false],"covernews-medium":["https:\/\/quehacerpolitico.mx\/wp-content\/uploads\/2023\/10\/IMG_1673.jpeg",540,333,false]},"author_info":{"display_name":"Redacci\u00f3n QP","author_link":"https:\/\/quehacerpolitico.mx\/?author=2"},"category_info":"<a href=\"https:\/\/quehacerpolitico.mx\/?cat=2\" rel=\"category\">Noticias<\/a>","tag_info":"Noticias","comment_count":"0","_links":{"self":[{"href":"https:\/\/quehacerpolitico.mx\/index.php?rest_route=\/wp\/v2\/posts\/106000","targetHints":{"allow":["GET"]}}],"collection":[{"href":"https:\/\/quehacerpolitico.mx\/index.php?rest_route=\/wp\/v2\/posts"}],"about":[{"href":"https:\/\/quehacerpolitico.mx\/index.php?rest_route=\/wp\/v2\/types\/post"}],"author":[{"embeddable":true,"href":"https:\/\/quehacerpolitico.mx\/index.php?rest_route=\/wp\/v2\/users\/2"}],"replies":[{"embeddable":true,"href":"https:\/\/quehacerpolitico.mx\/index.php?rest_route=%2Fwp%2Fv2%2Fcomments&post=106000"}],"version-history":[{"count":1,"href":"https:\/\/quehacerpolitico.mx\/index.php?rest_route=\/wp\/v2\/posts\/106000\/revisions"}],"predecessor-version":[{"id":106002,"href":"https:\/\/quehacerpolitico.mx\/index.php?rest_route=\/wp\/v2\/posts\/106000\/revisions\/106002"}],"wp:featuredmedia":[{"embeddable":true,"href":"https:\/\/quehacerpolitico.mx\/index.php?rest_route=\/wp\/v2\/media\/106001"}],"wp:attachment":[{"href":"https:\/\/quehacerpolitico.mx\/index.php?rest_route=%2Fwp%2Fv2%2Fmedia&parent=106000"}],"wp:term":[{"taxonomy":"category","embeddable":true,"href":"https:\/\/quehacerpolitico.mx\/index.php?rest_route=%2Fwp%2Fv2%2Fcategories&post=106000"},{"taxonomy":"post_tag","embeddable":true,"href":"https:\/\/quehacerpolitico.mx\/index.php?rest_route=%2Fwp%2Fv2%2Ftags&post=106000"}],"curies":[{"name":"wp","href":"https:\/\/api.w.org\/{rel}","templated":true}]}}