{"id":105981,"date":"2023-10-26T19:28:03","date_gmt":"2023-10-26T19:28:03","guid":{"rendered":"https:\/\/quehacerpolitico.mx\/?p=105981"},"modified":"2023-10-26T19:28:06","modified_gmt":"2023-10-26T19:28:06","slug":"el-clavadista-osmar-olvera-afirmo-que-no-le-esta-pidiendo-nada-que-no-merezca-a-la-conade-pues-sus-resultados-deportivos-lo-avalan","status":"publish","type":"post","link":"https:\/\/quehacerpolitico.mx\/?p=105981","title":{"rendered":"El clavadista Osmar Olvera afirm\u00f3 que no le est\u00e1 pidiendo nada que no merezca a la Conade, pues sus resultados deportivos lo avalan"},"content":{"rendered":"\n<p>Por Redacci\u00f3n QP<\/p>\n\n\n\n<p>El clavadista&nbsp;<strong>Osmar Olvera<\/strong>&nbsp;conquist\u00f3<strong>&nbsp;tres medallas de oro en los Juegos Panamericanos Santiago 2023<\/strong>: Gan\u00f3 las pruebas individuales en&nbsp;<strong>un metro y tres metro<\/strong>s, adem\u00e1s de&nbsp;<strong>sincronizados varonil en trampol\u00edn de tres metros<\/strong>&nbsp;al lado de&nbsp;<strong>Rodrigo Diego<\/strong>.<\/p>\n\n\n\n<p>Es considerado, a sus&nbsp;<strong>19 a\u00f1os,<\/strong>&nbsp;<strong>el mejor clavadista mexicano del momento<\/strong>&nbsp;y firme esperanza de presea en los Juegos Ol\u00edmpicos de Par\u00eds 2024 a los que ya est\u00e1 clasificado, pues adem\u00e1s en el reciente mundial de Fukuoka, Jap\u00f3n, consigui\u00f3&nbsp;<strong>dos platas<\/strong>&nbsp;evitando el 1-2 de los chinos, en uno y tres metros.<\/p>\n\n\n\n<p>Pese a sus logros deportivos,\u00a0<strong>Olvera es uno de los atletas mexicanos afectados por la Comisi\u00f3n Nacional del Deporte (Conade) y su directora Ana Guevara<\/strong>, que decidi\u00f3 desde enero pasado retirarles becas y apoyos a los deportistas de disciplinas acu\u00e1ticas.<\/p>\n\n\n\n<figure class=\"wp-block-image size-full\"><img loading=\"lazy\" decoding=\"async\" width=\"1005\" height=\"766\" src=\"https:\/\/quehacerpolitico.mx\/wp-content\/uploads\/2023\/10\/image-82.jpeg\" alt=\"\" class=\"wp-image-105982\" srcset=\"https:\/\/quehacerpolitico.mx\/wp-content\/uploads\/2023\/10\/image-82.jpeg 1005w, https:\/\/quehacerpolitico.mx\/wp-content\/uploads\/2023\/10\/image-82-300x229.jpeg 300w, https:\/\/quehacerpolitico.mx\/wp-content\/uploads\/2023\/10\/image-82-768x585.jpeg 768w, https:\/\/quehacerpolitico.mx\/wp-content\/uploads\/2023\/10\/image-82-192x146.jpeg 192w, https:\/\/quehacerpolitico.mx\/wp-content\/uploads\/2023\/10\/image-82-50x38.jpeg 50w, https:\/\/quehacerpolitico.mx\/wp-content\/uploads\/2023\/10\/image-82-98x75.jpeg 98w\" sizes=\"auto, (max-width: 1005px) 100vw, 1005px\" \/><\/figure>\n\n\n\n<p>De acuerdo con los tabuladores de la Conade,&nbsp;<strong>el clavadista es acreedor a una beca de 30 mil pesos mensuales,<\/strong>&nbsp;misma que reclam\u00f3 luego de sus m\u00e9ritos deportivos.<\/p>\n\n\n\n<p>\u201cSon tres oros, as\u00ed lo visualic\u00e9 para estos Panamericanos. Me siento muy contento, termino con un buen sabor de boca, la verdad es que regreso m\u00e1s que motivado para lo que viene.<\/p>\n\n\n\n<p>\u201cNosotros ya hicimos todos lo que tenemos que hacer, nosotros cumplimos, hemos trabajado, no nos hemos enfocado en otra cosa que no sea demostrar nuestra calidad en la alberca, as\u00ed que solo estamos pidiendo lo que nos merecemos (los recursos federales), por lo que luchamos, lo que nos merecemos, \u00bfno?\u201d, declar\u00f3 Olvera a distintos medios tras su participaci\u00f3n en Santiago 2023.<\/p>\n\n\n\n<p>Su compa\u00f1ero Rodrigo Diego, con quien gan\u00f3 la medalla dorada en&nbsp;<strong>sincronizados varonil en trampol\u00edn de tres metros<\/strong>, se manifest\u00f3 por el mismo tenor.<\/p>\n\n\n\n<p><strong>\u201cSabemos que la cosa no est\u00e1 f\u00e1cil, solamente queremos que nos den lo que merecemos, hablamos en la alberca:&nbsp;somos los mejores y queremos que se nos corresponda como tal<\/strong>\u201d, puntualiz\u00f3.<\/p>\n","protected":false},"excerpt":{"rendered":"<p>Por Redacci\u00f3n QP El clavadista&nbsp;Osmar Olvera&nbsp;conquist\u00f3&nbsp;tres medallas de oro en los Juegos Panamericanos Santiago 2023:&#8230;<\/p>\n","protected":false},"author":2,"featured_media":105983,"comment_status":"open","ping_status":"open","sticky":false,"template":"","format":"standard","meta":{"_monsterinsights_skip_tracking":false,"_monsterinsights_sitenote_active":false,"_monsterinsights_sitenote_note":"","_monsterinsights_sitenote_category":0,"footnotes":""},"categories":[54],"tags":[],"class_list":["post-105981","post","type-post","status-publish","format-standard","has-post-thumbnail","hentry","category-deportes"],"yoast_head":"<!-- This site is optimized with the Yoast SEO plugin v27.3 - https:\/\/yoast.com\/product\/yoast-seo-wordpress\/ -->\n<title>El clavadista Osmar Olvera afirm\u00f3 que no le est\u00e1 pidiendo nada que no merezca a la Conade, pues sus resultados deportivos lo avalan -<\/title>\n<meta name=\"robots\" content=\"index, follow, max-snippet:-1, max-image-preview:large, max-video-preview:-1\" \/>\n<link rel=\"canonical\" href=\"https:\/\/quehacerpolitico.mx\/?p=105981\" \/>\n<meta property=\"og:locale\" content=\"es_MX\" \/>\n<meta property=\"og:type\" content=\"article\" \/>\n<meta property=\"og:title\" content=\"El clavadista Osmar Olvera afirm\u00f3 que no le est\u00e1 pidiendo nada que no merezca a la Conade, pues sus resultados deportivos lo avalan -\" \/>\n<meta property=\"og:description\" content=\"Por Redacci\u00f3n QP El clavadista&nbsp;Osmar Olvera&nbsp;conquist\u00f3&nbsp;tres medallas de oro en los Juegos Panamericanos Santiago 2023:...\" \/>\n<meta property=\"og:url\" content=\"https:\/\/quehacerpolitico.mx\/?p=105981\" \/>\n<meta property=\"article:published_time\" content=\"2023-10-26T19:28:03+00:00\" \/>\n<meta property=\"article:modified_time\" content=\"2023-10-26T19:28:06+00:00\" \/>\n<meta property=\"og:image\" content=\"https:\/\/quehacerpolitico.mx\/wp-content\/uploads\/2023\/10\/IMG_1642.jpeg\" \/>\n\t<meta property=\"og:image:width\" content=\"1077\" \/>\n\t<meta property=\"og:image:height\" content=\"694\" \/>\n\t<meta property=\"og:image:type\" content=\"image\/jpeg\" \/>\n<meta name=\"author\" content=\"Redacci\u00f3n QP\" \/>\n<meta name=\"twitter:card\" content=\"summary_large_image\" \/>\n<meta name=\"twitter:label1\" content=\"Escrito por\" \/>\n\t<meta name=\"twitter:data1\" content=\"Redacci\u00f3n QP\" \/>\n\t<meta name=\"twitter:label2\" content=\"Tiempo de lectura\" \/>\n\t<meta name=\"twitter:data2\" content=\"2 minutos\" \/>\n<script type=\"application\/ld+json\" class=\"yoast-schema-graph\">{\"@context\":\"https:\\\/\\\/schema.org\",\"@graph\":[{\"@type\":\"Article\",\"@id\":\"https:\\\/\\\/quehacerpolitico.mx\\\/?p=105981#article\",\"isPartOf\":{\"@id\":\"https:\\\/\\\/quehacerpolitico.mx\\\/?p=105981\"},\"author\":{\"name\":\"Redacci\u00f3n QP\",\"@id\":\"https:\\\/\\\/quehacerpolitico.mx\\\/#\\\/schema\\\/person\\\/496d8ad2d1d3f8036101dca7ee39e585\"},\"headline\":\"El clavadista Osmar Olvera afirm\u00f3 que no le est\u00e1 pidiendo nada que no merezca a la Conade, pues sus resultados deportivos lo avalan\",\"datePublished\":\"2023-10-26T19:28:03+00:00\",\"dateModified\":\"2023-10-26T19:28:06+00:00\",\"mainEntityOfPage\":{\"@id\":\"https:\\\/\\\/quehacerpolitico.mx\\\/?p=105981\"},\"wordCount\":361,\"commentCount\":0,\"image\":{\"@id\":\"https:\\\/\\\/quehacerpolitico.mx\\\/?p=105981#primaryimage\"},\"thumbnailUrl\":\"https:\\\/\\\/quehacerpolitico.mx\\\/wp-content\\\/uploads\\\/2023\\\/10\\\/IMG_1642.jpeg\",\"articleSection\":[\"Deportes\"],\"inLanguage\":\"es\",\"potentialAction\":[{\"@type\":\"CommentAction\",\"name\":\"Comment\",\"target\":[\"https:\\\/\\\/quehacerpolitico.mx\\\/?p=105981#respond\"]}]},{\"@type\":\"WebPage\",\"@id\":\"https:\\\/\\\/quehacerpolitico.mx\\\/?p=105981\",\"url\":\"https:\\\/\\\/quehacerpolitico.mx\\\/?p=105981\",\"name\":\"El clavadista Osmar Olvera afirm\u00f3 que no le est\u00e1 pidiendo nada que no merezca a la Conade, pues sus resultados deportivos lo avalan -\",\"isPartOf\":{\"@id\":\"https:\\\/\\\/quehacerpolitico.mx\\\/#website\"},\"primaryImageOfPage\":{\"@id\":\"https:\\\/\\\/quehacerpolitico.mx\\\/?p=105981#primaryimage\"},\"image\":{\"@id\":\"https:\\\/\\\/quehacerpolitico.mx\\\/?p=105981#primaryimage\"},\"thumbnailUrl\":\"https:\\\/\\\/quehacerpolitico.mx\\\/wp-content\\\/uploads\\\/2023\\\/10\\\/IMG_1642.jpeg\",\"datePublished\":\"2023-10-26T19:28:03+00:00\",\"dateModified\":\"2023-10-26T19:28:06+00:00\",\"author\":{\"@id\":\"https:\\\/\\\/quehacerpolitico.mx\\\/#\\\/schema\\\/person\\\/496d8ad2d1d3f8036101dca7ee39e585\"},\"breadcrumb\":{\"@id\":\"https:\\\/\\\/quehacerpolitico.mx\\\/?p=105981#breadcrumb\"},\"inLanguage\":\"es\",\"potentialAction\":[{\"@type\":\"ReadAction\",\"target\":[\"https:\\\/\\\/quehacerpolitico.mx\\\/?p=105981\"]}]},{\"@type\":\"ImageObject\",\"inLanguage\":\"es\",\"@id\":\"https:\\\/\\\/quehacerpolitico.mx\\\/?p=105981#primaryimage\",\"url\":\"https:\\\/\\\/quehacerpolitico.mx\\\/wp-content\\\/uploads\\\/2023\\\/10\\\/IMG_1642.jpeg\",\"contentUrl\":\"https:\\\/\\\/quehacerpolitico.mx\\\/wp-content\\\/uploads\\\/2023\\\/10\\\/IMG_1642.jpeg\",\"width\":1077,\"height\":694},{\"@type\":\"BreadcrumbList\",\"@id\":\"https:\\\/\\\/quehacerpolitico.mx\\\/?p=105981#breadcrumb\",\"itemListElement\":[{\"@type\":\"ListItem\",\"position\":1,\"name\":\"Inicio\",\"item\":\"https:\\\/\\\/quehacerpolitico.mx\\\/\"},{\"@type\":\"ListItem\",\"position\":2,\"name\":\"El clavadista Osmar Olvera afirm\u00f3 que no le est\u00e1 pidiendo nada que no merezca a la Conade, pues sus resultados deportivos lo avalan\"}]},{\"@type\":\"WebSite\",\"@id\":\"https:\\\/\\\/quehacerpolitico.mx\\\/#website\",\"url\":\"https:\\\/\\\/quehacerpolitico.mx\\\/\",\"name\":\"\",\"description\":\"\",\"potentialAction\":[{\"@type\":\"SearchAction\",\"target\":{\"@type\":\"EntryPoint\",\"urlTemplate\":\"https:\\\/\\\/quehacerpolitico.mx\\\/?s={search_term_string}\"},\"query-input\":{\"@type\":\"PropertyValueSpecification\",\"valueRequired\":true,\"valueName\":\"search_term_string\"}}],\"inLanguage\":\"es\"},{\"@type\":\"Person\",\"@id\":\"https:\\\/\\\/quehacerpolitico.mx\\\/#\\\/schema\\\/person\\\/496d8ad2d1d3f8036101dca7ee39e585\",\"name\":\"Redacci\u00f3n QP\",\"image\":{\"@type\":\"ImageObject\",\"inLanguage\":\"es\",\"@id\":\"https:\\\/\\\/secure.gravatar.com\\\/avatar\\\/c7164ed6fdec453195284ad24a5ae5b6e1eed2b848477fa2a4787ba9adf39a41?s=96&d=mm&r=g\",\"url\":\"https:\\\/\\\/secure.gravatar.com\\\/avatar\\\/c7164ed6fdec453195284ad24a5ae5b6e1eed2b848477fa2a4787ba9adf39a41?s=96&d=mm&r=g\",\"contentUrl\":\"https:\\\/\\\/secure.gravatar.com\\\/avatar\\\/c7164ed6fdec453195284ad24a5ae5b6e1eed2b848477fa2a4787ba9adf39a41?s=96&d=mm&r=g\",\"caption\":\"Redacci\u00f3n QP\"},\"url\":\"https:\\\/\\\/quehacerpolitico.mx\\\/?author=2\"}]}<\/script>\n<!-- \/ Yoast SEO plugin. -->","yoast_head_json":{"title":"El clavadista Osmar Olvera afirm\u00f3 que no le est\u00e1 pidiendo nada que no merezca a la Conade, pues sus resultados deportivos lo avalan -","robots":{"index":"index","follow":"follow","max-snippet":"max-snippet:-1","max-image-preview":"max-image-preview:large","max-video-preview":"max-video-preview:-1"},"canonical":"https:\/\/quehacerpolitico.mx\/?p=105981","og_locale":"es_MX","og_type":"article","og_title":"El clavadista Osmar Olvera afirm\u00f3 que no le est\u00e1 pidiendo nada que no merezca a la Conade, pues sus resultados deportivos lo avalan -","og_description":"Por Redacci\u00f3n QP El clavadista&nbsp;Osmar Olvera&nbsp;conquist\u00f3&nbsp;tres medallas de oro en los Juegos Panamericanos Santiago 2023:...","og_url":"https:\/\/quehacerpolitico.mx\/?p=105981","article_published_time":"2023-10-26T19:28:03+00:00","article_modified_time":"2023-10-26T19:28:06+00:00","og_image":[{"width":1077,"height":694,"url":"https:\/\/quehacerpolitico.mx\/wp-content\/uploads\/2023\/10\/IMG_1642.jpeg","type":"image\/jpeg"}],"author":"Redacci\u00f3n QP","twitter_card":"summary_large_image","twitter_misc":{"Escrito por":"Redacci\u00f3n QP","Tiempo de lectura":"2 minutos"},"schema":{"@context":"https:\/\/schema.org","@graph":[{"@type":"Article","@id":"https:\/\/quehacerpolitico.mx\/?p=105981#article","isPartOf":{"@id":"https:\/\/quehacerpolitico.mx\/?p=105981"},"author":{"name":"Redacci\u00f3n QP","@id":"https:\/\/quehacerpolitico.mx\/#\/schema\/person\/496d8ad2d1d3f8036101dca7ee39e585"},"headline":"El clavadista Osmar Olvera afirm\u00f3 que no le est\u00e1 pidiendo nada que no merezca a la Conade, pues sus resultados deportivos lo avalan","datePublished":"2023-10-26T19:28:03+00:00","dateModified":"2023-10-26T19:28:06+00:00","mainEntityOfPage":{"@id":"https:\/\/quehacerpolitico.mx\/?p=105981"},"wordCount":361,"commentCount":0,"image":{"@id":"https:\/\/quehacerpolitico.mx\/?p=105981#primaryimage"},"thumbnailUrl":"https:\/\/quehacerpolitico.mx\/wp-content\/uploads\/2023\/10\/IMG_1642.jpeg","articleSection":["Deportes"],"inLanguage":"es","potentialAction":[{"@type":"CommentAction","name":"Comment","target":["https:\/\/quehacerpolitico.mx\/?p=105981#respond"]}]},{"@type":"WebPage","@id":"https:\/\/quehacerpolitico.mx\/?p=105981","url":"https:\/\/quehacerpolitico.mx\/?p=105981","name":"El clavadista Osmar Olvera afirm\u00f3 que no le est\u00e1 pidiendo nada que no merezca a la Conade, pues sus resultados deportivos lo avalan -","isPartOf":{"@id":"https:\/\/quehacerpolitico.mx\/#website"},"primaryImageOfPage":{"@id":"https:\/\/quehacerpolitico.mx\/?p=105981#primaryimage"},"image":{"@id":"https:\/\/quehacerpolitico.mx\/?p=105981#primaryimage"},"thumbnailUrl":"https:\/\/quehacerpolitico.mx\/wp-content\/uploads\/2023\/10\/IMG_1642.jpeg","datePublished":"2023-10-26T19:28:03+00:00","dateModified":"2023-10-26T19:28:06+00:00","author":{"@id":"https:\/\/quehacerpolitico.mx\/#\/schema\/person\/496d8ad2d1d3f8036101dca7ee39e585"},"breadcrumb":{"@id":"https:\/\/quehacerpolitico.mx\/?p=105981#breadcrumb"},"inLanguage":"es","potentialAction":[{"@type":"ReadAction","target":["https:\/\/quehacerpolitico.mx\/?p=105981"]}]},{"@type":"ImageObject","inLanguage":"es","@id":"https:\/\/quehacerpolitico.mx\/?p=105981#primaryimage","url":"https:\/\/quehacerpolitico.mx\/wp-content\/uploads\/2023\/10\/IMG_1642.jpeg","contentUrl":"https:\/\/quehacerpolitico.mx\/wp-content\/uploads\/2023\/10\/IMG_1642.jpeg","width":1077,"height":694},{"@type":"BreadcrumbList","@id":"https:\/\/quehacerpolitico.mx\/?p=105981#breadcrumb","itemListElement":[{"@type":"ListItem","position":1,"name":"Inicio","item":"https:\/\/quehacerpolitico.mx\/"},{"@type":"ListItem","position":2,"name":"El clavadista Osmar Olvera afirm\u00f3 que no le est\u00e1 pidiendo nada que no merezca a la Conade, pues sus resultados deportivos lo avalan"}]},{"@type":"WebSite","@id":"https:\/\/quehacerpolitico.mx\/#website","url":"https:\/\/quehacerpolitico.mx\/","name":"","description":"","potentialAction":[{"@type":"SearchAction","target":{"@type":"EntryPoint","urlTemplate":"https:\/\/quehacerpolitico.mx\/?s={search_term_string}"},"query-input":{"@type":"PropertyValueSpecification","valueRequired":true,"valueName":"search_term_string"}}],"inLanguage":"es"},{"@type":"Person","@id":"https:\/\/quehacerpolitico.mx\/#\/schema\/person\/496d8ad2d1d3f8036101dca7ee39e585","name":"Redacci\u00f3n QP","image":{"@type":"ImageObject","inLanguage":"es","@id":"https:\/\/secure.gravatar.com\/avatar\/c7164ed6fdec453195284ad24a5ae5b6e1eed2b848477fa2a4787ba9adf39a41?s=96&d=mm&r=g","url":"https:\/\/secure.gravatar.com\/avatar\/c7164ed6fdec453195284ad24a5ae5b6e1eed2b848477fa2a4787ba9adf39a41?s=96&d=mm&r=g","contentUrl":"https:\/\/secure.gravatar.com\/avatar\/c7164ed6fdec453195284ad24a5ae5b6e1eed2b848477fa2a4787ba9adf39a41?s=96&d=mm&r=g","caption":"Redacci\u00f3n QP"},"url":"https:\/\/quehacerpolitico.mx\/?author=2"}]}},"featured_image_urls":{"full":["https:\/\/quehacerpolitico.mx\/wp-content\/uploads\/2023\/10\/IMG_1642.jpeg",1077,694,false],"thumbnail":["https:\/\/quehacerpolitico.mx\/wp-content\/uploads\/2023\/10\/IMG_1642-150x150.jpeg",150,150,true],"medium":["https:\/\/quehacerpolitico.mx\/wp-content\/uploads\/2023\/10\/IMG_1642-300x193.jpeg",300,193,true],"medium_large":["https:\/\/quehacerpolitico.mx\/wp-content\/uploads\/2023\/10\/IMG_1642-768x495.jpeg",640,413,true],"large":["https:\/\/quehacerpolitico.mx\/wp-content\/uploads\/2023\/10\/IMG_1642-1024x660.jpeg",640,413,true],"1536x1536":["https:\/\/quehacerpolitico.mx\/wp-content\/uploads\/2023\/10\/IMG_1642.jpeg",1077,694,false],"2048x2048":["https:\/\/quehacerpolitico.mx\/wp-content\/uploads\/2023\/10\/IMG_1642.jpeg",1077,694,false],"covernews-featured":["https:\/\/quehacerpolitico.mx\/wp-content\/uploads\/2023\/10\/IMG_1642.jpeg",1024,660,false],"covernews-medium":["https:\/\/quehacerpolitico.mx\/wp-content\/uploads\/2023\/10\/IMG_1642.jpeg",528,340,false]},"author_info":{"display_name":"Redacci\u00f3n QP","author_link":"https:\/\/quehacerpolitico.mx\/?author=2"},"category_info":"<a href=\"https:\/\/quehacerpolitico.mx\/?cat=54\" rel=\"category\">Deportes<\/a>","tag_info":"Deportes","comment_count":"0","_links":{"self":[{"href":"https:\/\/quehacerpolitico.mx\/index.php?rest_route=\/wp\/v2\/posts\/105981","targetHints":{"allow":["GET"]}}],"collection":[{"href":"https:\/\/quehacerpolitico.mx\/index.php?rest_route=\/wp\/v2\/posts"}],"about":[{"href":"https:\/\/quehacerpolitico.mx\/index.php?rest_route=\/wp\/v2\/types\/post"}],"author":[{"embeddable":true,"href":"https:\/\/quehacerpolitico.mx\/index.php?rest_route=\/wp\/v2\/users\/2"}],"replies":[{"embeddable":true,"href":"https:\/\/quehacerpolitico.mx\/index.php?rest_route=%2Fwp%2Fv2%2Fcomments&post=105981"}],"version-history":[{"count":1,"href":"https:\/\/quehacerpolitico.mx\/index.php?rest_route=\/wp\/v2\/posts\/105981\/revisions"}],"predecessor-version":[{"id":105984,"href":"https:\/\/quehacerpolitico.mx\/index.php?rest_route=\/wp\/v2\/posts\/105981\/revisions\/105984"}],"wp:featuredmedia":[{"embeddable":true,"href":"https:\/\/quehacerpolitico.mx\/index.php?rest_route=\/wp\/v2\/media\/105983"}],"wp:attachment":[{"href":"https:\/\/quehacerpolitico.mx\/index.php?rest_route=%2Fwp%2Fv2%2Fmedia&parent=105981"}],"wp:term":[{"taxonomy":"category","embeddable":true,"href":"https:\/\/quehacerpolitico.mx\/index.php?rest_route=%2Fwp%2Fv2%2Fcategories&post=105981"},{"taxonomy":"post_tag","embeddable":true,"href":"https:\/\/quehacerpolitico.mx\/index.php?rest_route=%2Fwp%2Fv2%2Ftags&post=105981"}],"curies":[{"name":"wp","href":"https:\/\/api.w.org\/{rel}","templated":true}]}}