{"id":105977,"date":"2023-10-26T19:17:47","date_gmt":"2023-10-26T19:17:47","guid":{"rendered":"https:\/\/quehacerpolitico.mx\/?p=105977"},"modified":"2023-10-26T19:17:50","modified_gmt":"2023-10-26T19:17:50","slug":"detienen-a-diego-nalumno-del-ipn-que-modificaba-fotos-de-sus-companeras-con-una-ia-y-las-vendia-como-intimas","status":"publish","type":"post","link":"https:\/\/quehacerpolitico.mx\/?p=105977","title":{"rendered":"Detienen a Diego \u201cN\u201dalumno del IPN que modificaba fotos de sus compa\u00f1eras con una IA y las vend\u00eda como \u00edntimas"},"content":{"rendered":"\n<p>Por Redacci\u00f3n QP<\/p>\n\n\n\n<p>La\u00a0<strong>Fiscal\u00eda General de Justicia\u00a0<\/strong>(FGJ) de la Ciudad de M\u00e9xico inform\u00f3 este jueves la detenci\u00f3n de\u00a0<strong>Diego<\/strong>\u00a0<strong>\u201cN\u201d<\/strong>, alumno del\u00a0<strong>Instituto Polit\u00e9cnico Nacional\u00a0<\/strong>(IPN) acusado de editar fotograf\u00edas de sus compa\u00f1eras mediante inteligencia artificial, para hacerlas parecer desnudas, y venderlas<\/p>\n\n\n\n<p>En un mensaje en la red social X, el jefe de Gobierno de la Ciudad de M\u00e9xico,\u00a0<strong>Mart\u00ed Batres<\/strong>, precis\u00f3 que en la reuni\u00f3n del gabinete de seguridad y gobierno, la fiscal\u00eda le comunic\u00f3 sobre la detenci\u00f3n del alumno de la Escuela Superior de Comercio y Administraci\u00f3n (<strong>ESCA<\/strong>), plantel Santo Tom\u00e1s.<\/p>\n\n\n\n<p>\u201cLa fiscal\u00eda inform\u00f3 de la detenci\u00f3n de\u00a0<strong>Diego \u201cN\u201d<\/strong>, relacionado con diversas carpetas de investigaci\u00f3n por editar, con inteligencia artificial, fotos de sus compa\u00f1eras\u201d, escribi\u00f3 Batres Guadarrama.<\/p>\n\n\n\n<figure class=\"wp-block-image size-large\"><img loading=\"lazy\" decoding=\"async\" width=\"1024\" height=\"910\" src=\"https:\/\/quehacerpolitico.mx\/wp-content\/uploads\/2023\/10\/image-81-1024x910.jpeg\" alt=\"\" class=\"wp-image-105979\" srcset=\"https:\/\/quehacerpolitico.mx\/wp-content\/uploads\/2023\/10\/image-81-1024x910.jpeg 1024w, https:\/\/quehacerpolitico.mx\/wp-content\/uploads\/2023\/10\/image-81-300x267.jpeg 300w, https:\/\/quehacerpolitico.mx\/wp-content\/uploads\/2023\/10\/image-81-768x682.jpeg 768w, https:\/\/quehacerpolitico.mx\/wp-content\/uploads\/2023\/10\/image-81-164x146.jpeg 164w, https:\/\/quehacerpolitico.mx\/wp-content\/uploads\/2023\/10\/image-81-50x44.jpeg 50w, https:\/\/quehacerpolitico.mx\/wp-content\/uploads\/2023\/10\/image-81-84x75.jpeg 84w, https:\/\/quehacerpolitico.mx\/wp-content\/uploads\/2023\/10\/image-81.jpeg 1284w\" sizes=\"auto, (max-width: 1024px) 100vw, 1024px\" \/><\/figure>\n\n\n\n<p>Mientras que la&nbsp;<strong>FGJ<\/strong>&nbsp;precis\u00f3 que el estudiante fue detenido en un cateo en la alcald\u00eda&nbsp;<strong>\u00c1lvaro Obreg\u00f3n<\/strong>, realizado por parte de la Polic\u00eda de Investigaci\u00f3n.<\/p>\n\n\n\n<p>El pasado 16 de octubre, el&nbsp;<strong>IPN<\/strong>&nbsp;inform\u00f3 que dio de&nbsp;<strong>baja&nbsp;<\/strong>definitiva a&nbsp;<strong>Diego \u201cN\u201d,&nbsp;<\/strong>y precis\u00f3 que esta decisi\u00f3n se tom\u00f3 cuando se puso en marcha el protocolo para la prevenci\u00f3n, detecci\u00f3n, atenci\u00f3n y sanci\u00f3n de la violencia de g\u00e9nero.&nbsp;<\/p>\n\n\n\n<p>\u201cEn el\u00a0<strong>IPN\u00a0<\/strong>no hay tolerancia ante este tipo de actos; la instituci\u00f3n mantiene la pol\u00edtica de combatir la violencia de g\u00e9nero, el abuso y el acoso en contra de nuestro alumnado\u201d, asegur\u00f3 la instituci\u00f3n despu\u00e9s de que alumnas de la\u00a0<strong>ESCA<\/strong>se\u00a0<strong>manifestaran<\/strong>\u00a0para exigir justicia.<\/p>\n\n\n\n<p>El 13 de octubre por medio de la cuenta de Instagram \u201cJusticia Violencia Digital IPN\u201d, alumnas de la<strong>&nbsp;ESCA<\/strong>&nbsp;denunciaron que el 6 de octubre encontraron en el iPad de Diego \u201cN\u201d, estudiante de Mercadotecnia Digital, al menos 50 mil fotos.&nbsp;<\/p>\n\n\n\n<p>\u201cConten\u00eda la compilaci\u00f3n, manipulaci\u00f3n, venta y difusi\u00f3n de&nbsp;<strong>fotograf\u00edas<\/strong>&nbsp;\u00edntimas reales y manipuladas con inteligencia artificial de al menos 1000 mujeres (\u2026) hasta 50 mil fotos manipuladas con fines de&nbsp;<strong>explotaci\u00f3n<\/strong>&nbsp;sexual digital, conversaciones de grupos privados donde se ofertaban las fotograf\u00edas, adem\u00e1s de la compilaci\u00f3n de&nbsp;<strong>im\u00e1genes<\/strong>&nbsp;alteradas de mujeres sin su consentimiento\u201d, refiere la publicaci\u00f3n.<\/p>\n\n\n\n<p>Tambi\u00e9n indicaron que hay ocho\u00a0<strong>denuncias<\/strong>formales ante la fiscal\u00eda de la Ciudad de M\u00e9xico. Por su parte, a trav\u00e9s de un\u00a0<strong>comunicado<\/strong>, la FGJ dio a conocer que brinda atenci\u00f3n a las v\u00edctimas para dar seguimiento a las denuncias relacionadas con la\u00a0<strong>Ley Olimpia<\/strong><\/p>\n","protected":false},"excerpt":{"rendered":"<p>Por Redacci\u00f3n QP La\u00a0Fiscal\u00eda General de Justicia\u00a0(FGJ) de la Ciudad de M\u00e9xico inform\u00f3 este jueves&#8230;<\/p>\n","protected":false},"author":2,"featured_media":105978,"comment_status":"open","ping_status":"open","sticky":false,"template":"","format":"standard","meta":{"_monsterinsights_skip_tracking":false,"_monsterinsights_sitenote_active":false,"_monsterinsights_sitenote_note":"","_monsterinsights_sitenote_category":0,"footnotes":""},"categories":[55],"tags":[],"class_list":["post-105977","post","type-post","status-publish","format-standard","has-post-thumbnail","hentry","category-cdmx"],"yoast_head":"<!-- This site is optimized with the Yoast SEO plugin v27.3 - https:\/\/yoast.com\/product\/yoast-seo-wordpress\/ -->\n<title>Detienen a Diego \u201cN\u201dalumno del IPN que modificaba fotos de sus compa\u00f1eras con una IA y las vend\u00eda como \u00edntimas -<\/title>\n<meta name=\"robots\" content=\"index, follow, max-snippet:-1, max-image-preview:large, max-video-preview:-1\" \/>\n<link rel=\"canonical\" href=\"https:\/\/quehacerpolitico.mx\/?p=105977\" \/>\n<meta property=\"og:locale\" content=\"es_MX\" \/>\n<meta property=\"og:type\" content=\"article\" \/>\n<meta property=\"og:title\" content=\"Detienen a Diego \u201cN\u201dalumno del IPN que modificaba fotos de sus compa\u00f1eras con una IA y las vend\u00eda como \u00edntimas -\" \/>\n<meta property=\"og:description\" content=\"Por Redacci\u00f3n QP La\u00a0Fiscal\u00eda General de Justicia\u00a0(FGJ) de la Ciudad de M\u00e9xico inform\u00f3 este jueves...\" \/>\n<meta property=\"og:url\" content=\"https:\/\/quehacerpolitico.mx\/?p=105977\" \/>\n<meta property=\"article:published_time\" content=\"2023-10-26T19:17:47+00:00\" \/>\n<meta property=\"article:modified_time\" content=\"2023-10-26T19:17:50+00:00\" \/>\n<meta property=\"og:image\" content=\"https:\/\/quehacerpolitico.mx\/wp-content\/uploads\/2023\/10\/IMG_1640.jpeg\" \/>\n\t<meta property=\"og:image:width\" content=\"1200\" \/>\n\t<meta property=\"og:image:height\" content=\"620\" \/>\n\t<meta property=\"og:image:type\" content=\"image\/jpeg\" \/>\n<meta name=\"author\" content=\"Redacci\u00f3n QP\" \/>\n<meta name=\"twitter:card\" content=\"summary_large_image\" \/>\n<meta name=\"twitter:label1\" content=\"Escrito por\" \/>\n\t<meta name=\"twitter:data1\" content=\"Redacci\u00f3n QP\" \/>\n\t<meta name=\"twitter:label2\" content=\"Tiempo de lectura\" \/>\n\t<meta name=\"twitter:data2\" content=\"2 minutos\" \/>\n<script type=\"application\/ld+json\" class=\"yoast-schema-graph\">{\"@context\":\"https:\\\/\\\/schema.org\",\"@graph\":[{\"@type\":\"Article\",\"@id\":\"https:\\\/\\\/quehacerpolitico.mx\\\/?p=105977#article\",\"isPartOf\":{\"@id\":\"https:\\\/\\\/quehacerpolitico.mx\\\/?p=105977\"},\"author\":{\"name\":\"Redacci\u00f3n QP\",\"@id\":\"https:\\\/\\\/quehacerpolitico.mx\\\/#\\\/schema\\\/person\\\/496d8ad2d1d3f8036101dca7ee39e585\"},\"headline\":\"Detienen a Diego \u201cN\u201dalumno del IPN que modificaba fotos de sus compa\u00f1eras con una IA y las vend\u00eda como \u00edntimas\",\"datePublished\":\"2023-10-26T19:17:47+00:00\",\"dateModified\":\"2023-10-26T19:17:50+00:00\",\"mainEntityOfPage\":{\"@id\":\"https:\\\/\\\/quehacerpolitico.mx\\\/?p=105977\"},\"wordCount\":462,\"commentCount\":0,\"image\":{\"@id\":\"https:\\\/\\\/quehacerpolitico.mx\\\/?p=105977#primaryimage\"},\"thumbnailUrl\":\"https:\\\/\\\/quehacerpolitico.mx\\\/wp-content\\\/uploads\\\/2023\\\/10\\\/IMG_1640.jpeg\",\"articleSection\":[\"CDMX\"],\"inLanguage\":\"es\",\"potentialAction\":[{\"@type\":\"CommentAction\",\"name\":\"Comment\",\"target\":[\"https:\\\/\\\/quehacerpolitico.mx\\\/?p=105977#respond\"]}]},{\"@type\":\"WebPage\",\"@id\":\"https:\\\/\\\/quehacerpolitico.mx\\\/?p=105977\",\"url\":\"https:\\\/\\\/quehacerpolitico.mx\\\/?p=105977\",\"name\":\"Detienen a Diego \u201cN\u201dalumno del IPN que modificaba fotos de sus compa\u00f1eras con una IA y las vend\u00eda como \u00edntimas -\",\"isPartOf\":{\"@id\":\"https:\\\/\\\/quehacerpolitico.mx\\\/#website\"},\"primaryImageOfPage\":{\"@id\":\"https:\\\/\\\/quehacerpolitico.mx\\\/?p=105977#primaryimage\"},\"image\":{\"@id\":\"https:\\\/\\\/quehacerpolitico.mx\\\/?p=105977#primaryimage\"},\"thumbnailUrl\":\"https:\\\/\\\/quehacerpolitico.mx\\\/wp-content\\\/uploads\\\/2023\\\/10\\\/IMG_1640.jpeg\",\"datePublished\":\"2023-10-26T19:17:47+00:00\",\"dateModified\":\"2023-10-26T19:17:50+00:00\",\"author\":{\"@id\":\"https:\\\/\\\/quehacerpolitico.mx\\\/#\\\/schema\\\/person\\\/496d8ad2d1d3f8036101dca7ee39e585\"},\"breadcrumb\":{\"@id\":\"https:\\\/\\\/quehacerpolitico.mx\\\/?p=105977#breadcrumb\"},\"inLanguage\":\"es\",\"potentialAction\":[{\"@type\":\"ReadAction\",\"target\":[\"https:\\\/\\\/quehacerpolitico.mx\\\/?p=105977\"]}]},{\"@type\":\"ImageObject\",\"inLanguage\":\"es\",\"@id\":\"https:\\\/\\\/quehacerpolitico.mx\\\/?p=105977#primaryimage\",\"url\":\"https:\\\/\\\/quehacerpolitico.mx\\\/wp-content\\\/uploads\\\/2023\\\/10\\\/IMG_1640.jpeg\",\"contentUrl\":\"https:\\\/\\\/quehacerpolitico.mx\\\/wp-content\\\/uploads\\\/2023\\\/10\\\/IMG_1640.jpeg\",\"width\":1200,\"height\":620},{\"@type\":\"BreadcrumbList\",\"@id\":\"https:\\\/\\\/quehacerpolitico.mx\\\/?p=105977#breadcrumb\",\"itemListElement\":[{\"@type\":\"ListItem\",\"position\":1,\"name\":\"Inicio\",\"item\":\"https:\\\/\\\/quehacerpolitico.mx\\\/\"},{\"@type\":\"ListItem\",\"position\":2,\"name\":\"Detienen a Diego \u201cN\u201dalumno del IPN que modificaba fotos de sus compa\u00f1eras con una IA y las vend\u00eda como \u00edntimas\"}]},{\"@type\":\"WebSite\",\"@id\":\"https:\\\/\\\/quehacerpolitico.mx\\\/#website\",\"url\":\"https:\\\/\\\/quehacerpolitico.mx\\\/\",\"name\":\"\",\"description\":\"\",\"potentialAction\":[{\"@type\":\"SearchAction\",\"target\":{\"@type\":\"EntryPoint\",\"urlTemplate\":\"https:\\\/\\\/quehacerpolitico.mx\\\/?s={search_term_string}\"},\"query-input\":{\"@type\":\"PropertyValueSpecification\",\"valueRequired\":true,\"valueName\":\"search_term_string\"}}],\"inLanguage\":\"es\"},{\"@type\":\"Person\",\"@id\":\"https:\\\/\\\/quehacerpolitico.mx\\\/#\\\/schema\\\/person\\\/496d8ad2d1d3f8036101dca7ee39e585\",\"name\":\"Redacci\u00f3n QP\",\"image\":{\"@type\":\"ImageObject\",\"inLanguage\":\"es\",\"@id\":\"https:\\\/\\\/secure.gravatar.com\\\/avatar\\\/c7164ed6fdec453195284ad24a5ae5b6e1eed2b848477fa2a4787ba9adf39a41?s=96&d=mm&r=g\",\"url\":\"https:\\\/\\\/secure.gravatar.com\\\/avatar\\\/c7164ed6fdec453195284ad24a5ae5b6e1eed2b848477fa2a4787ba9adf39a41?s=96&d=mm&r=g\",\"contentUrl\":\"https:\\\/\\\/secure.gravatar.com\\\/avatar\\\/c7164ed6fdec453195284ad24a5ae5b6e1eed2b848477fa2a4787ba9adf39a41?s=96&d=mm&r=g\",\"caption\":\"Redacci\u00f3n QP\"},\"url\":\"https:\\\/\\\/quehacerpolitico.mx\\\/?author=2\"}]}<\/script>\n<!-- \/ Yoast SEO plugin. -->","yoast_head_json":{"title":"Detienen a Diego \u201cN\u201dalumno del IPN que modificaba fotos de sus compa\u00f1eras con una IA y las vend\u00eda como \u00edntimas -","robots":{"index":"index","follow":"follow","max-snippet":"max-snippet:-1","max-image-preview":"max-image-preview:large","max-video-preview":"max-video-preview:-1"},"canonical":"https:\/\/quehacerpolitico.mx\/?p=105977","og_locale":"es_MX","og_type":"article","og_title":"Detienen a Diego \u201cN\u201dalumno del IPN que modificaba fotos de sus compa\u00f1eras con una IA y las vend\u00eda como \u00edntimas -","og_description":"Por Redacci\u00f3n QP La\u00a0Fiscal\u00eda General de Justicia\u00a0(FGJ) de la Ciudad de M\u00e9xico inform\u00f3 este jueves...","og_url":"https:\/\/quehacerpolitico.mx\/?p=105977","article_published_time":"2023-10-26T19:17:47+00:00","article_modified_time":"2023-10-26T19:17:50+00:00","og_image":[{"width":1200,"height":620,"url":"https:\/\/quehacerpolitico.mx\/wp-content\/uploads\/2023\/10\/IMG_1640.jpeg","type":"image\/jpeg"}],"author":"Redacci\u00f3n QP","twitter_card":"summary_large_image","twitter_misc":{"Escrito por":"Redacci\u00f3n QP","Tiempo de lectura":"2 minutos"},"schema":{"@context":"https:\/\/schema.org","@graph":[{"@type":"Article","@id":"https:\/\/quehacerpolitico.mx\/?p=105977#article","isPartOf":{"@id":"https:\/\/quehacerpolitico.mx\/?p=105977"},"author":{"name":"Redacci\u00f3n QP","@id":"https:\/\/quehacerpolitico.mx\/#\/schema\/person\/496d8ad2d1d3f8036101dca7ee39e585"},"headline":"Detienen a Diego \u201cN\u201dalumno del IPN que modificaba fotos de sus compa\u00f1eras con una IA y las vend\u00eda como \u00edntimas","datePublished":"2023-10-26T19:17:47+00:00","dateModified":"2023-10-26T19:17:50+00:00","mainEntityOfPage":{"@id":"https:\/\/quehacerpolitico.mx\/?p=105977"},"wordCount":462,"commentCount":0,"image":{"@id":"https:\/\/quehacerpolitico.mx\/?p=105977#primaryimage"},"thumbnailUrl":"https:\/\/quehacerpolitico.mx\/wp-content\/uploads\/2023\/10\/IMG_1640.jpeg","articleSection":["CDMX"],"inLanguage":"es","potentialAction":[{"@type":"CommentAction","name":"Comment","target":["https:\/\/quehacerpolitico.mx\/?p=105977#respond"]}]},{"@type":"WebPage","@id":"https:\/\/quehacerpolitico.mx\/?p=105977","url":"https:\/\/quehacerpolitico.mx\/?p=105977","name":"Detienen a Diego \u201cN\u201dalumno del IPN que modificaba fotos de sus compa\u00f1eras con una IA y las vend\u00eda como \u00edntimas -","isPartOf":{"@id":"https:\/\/quehacerpolitico.mx\/#website"},"primaryImageOfPage":{"@id":"https:\/\/quehacerpolitico.mx\/?p=105977#primaryimage"},"image":{"@id":"https:\/\/quehacerpolitico.mx\/?p=105977#primaryimage"},"thumbnailUrl":"https:\/\/quehacerpolitico.mx\/wp-content\/uploads\/2023\/10\/IMG_1640.jpeg","datePublished":"2023-10-26T19:17:47+00:00","dateModified":"2023-10-26T19:17:50+00:00","author":{"@id":"https:\/\/quehacerpolitico.mx\/#\/schema\/person\/496d8ad2d1d3f8036101dca7ee39e585"},"breadcrumb":{"@id":"https:\/\/quehacerpolitico.mx\/?p=105977#breadcrumb"},"inLanguage":"es","potentialAction":[{"@type":"ReadAction","target":["https:\/\/quehacerpolitico.mx\/?p=105977"]}]},{"@type":"ImageObject","inLanguage":"es","@id":"https:\/\/quehacerpolitico.mx\/?p=105977#primaryimage","url":"https:\/\/quehacerpolitico.mx\/wp-content\/uploads\/2023\/10\/IMG_1640.jpeg","contentUrl":"https:\/\/quehacerpolitico.mx\/wp-content\/uploads\/2023\/10\/IMG_1640.jpeg","width":1200,"height":620},{"@type":"BreadcrumbList","@id":"https:\/\/quehacerpolitico.mx\/?p=105977#breadcrumb","itemListElement":[{"@type":"ListItem","position":1,"name":"Inicio","item":"https:\/\/quehacerpolitico.mx\/"},{"@type":"ListItem","position":2,"name":"Detienen a Diego \u201cN\u201dalumno del IPN que modificaba fotos de sus compa\u00f1eras con una IA y las vend\u00eda como \u00edntimas"}]},{"@type":"WebSite","@id":"https:\/\/quehacerpolitico.mx\/#website","url":"https:\/\/quehacerpolitico.mx\/","name":"","description":"","potentialAction":[{"@type":"SearchAction","target":{"@type":"EntryPoint","urlTemplate":"https:\/\/quehacerpolitico.mx\/?s={search_term_string}"},"query-input":{"@type":"PropertyValueSpecification","valueRequired":true,"valueName":"search_term_string"}}],"inLanguage":"es"},{"@type":"Person","@id":"https:\/\/quehacerpolitico.mx\/#\/schema\/person\/496d8ad2d1d3f8036101dca7ee39e585","name":"Redacci\u00f3n QP","image":{"@type":"ImageObject","inLanguage":"es","@id":"https:\/\/secure.gravatar.com\/avatar\/c7164ed6fdec453195284ad24a5ae5b6e1eed2b848477fa2a4787ba9adf39a41?s=96&d=mm&r=g","url":"https:\/\/secure.gravatar.com\/avatar\/c7164ed6fdec453195284ad24a5ae5b6e1eed2b848477fa2a4787ba9adf39a41?s=96&d=mm&r=g","contentUrl":"https:\/\/secure.gravatar.com\/avatar\/c7164ed6fdec453195284ad24a5ae5b6e1eed2b848477fa2a4787ba9adf39a41?s=96&d=mm&r=g","caption":"Redacci\u00f3n QP"},"url":"https:\/\/quehacerpolitico.mx\/?author=2"}]}},"featured_image_urls":{"full":["https:\/\/quehacerpolitico.mx\/wp-content\/uploads\/2023\/10\/IMG_1640.jpeg",1200,620,false],"thumbnail":["https:\/\/quehacerpolitico.mx\/wp-content\/uploads\/2023\/10\/IMG_1640-150x150.jpeg",150,150,true],"medium":["https:\/\/quehacerpolitico.mx\/wp-content\/uploads\/2023\/10\/IMG_1640-300x155.jpeg",300,155,true],"medium_large":["https:\/\/quehacerpolitico.mx\/wp-content\/uploads\/2023\/10\/IMG_1640-768x397.jpeg",640,331,true],"large":["https:\/\/quehacerpolitico.mx\/wp-content\/uploads\/2023\/10\/IMG_1640-1024x529.jpeg",640,331,true],"1536x1536":["https:\/\/quehacerpolitico.mx\/wp-content\/uploads\/2023\/10\/IMG_1640.jpeg",1200,620,false],"2048x2048":["https:\/\/quehacerpolitico.mx\/wp-content\/uploads\/2023\/10\/IMG_1640.jpeg",1200,620,false],"covernews-featured":["https:\/\/quehacerpolitico.mx\/wp-content\/uploads\/2023\/10\/IMG_1640.jpeg",1024,529,false],"covernews-medium":["https:\/\/quehacerpolitico.mx\/wp-content\/uploads\/2023\/10\/IMG_1640.jpeg",540,279,false]},"author_info":{"display_name":"Redacci\u00f3n QP","author_link":"https:\/\/quehacerpolitico.mx\/?author=2"},"category_info":"<a href=\"https:\/\/quehacerpolitico.mx\/?cat=55\" rel=\"category\">CDMX<\/a>","tag_info":"CDMX","comment_count":"0","_links":{"self":[{"href":"https:\/\/quehacerpolitico.mx\/index.php?rest_route=\/wp\/v2\/posts\/105977","targetHints":{"allow":["GET"]}}],"collection":[{"href":"https:\/\/quehacerpolitico.mx\/index.php?rest_route=\/wp\/v2\/posts"}],"about":[{"href":"https:\/\/quehacerpolitico.mx\/index.php?rest_route=\/wp\/v2\/types\/post"}],"author":[{"embeddable":true,"href":"https:\/\/quehacerpolitico.mx\/index.php?rest_route=\/wp\/v2\/users\/2"}],"replies":[{"embeddable":true,"href":"https:\/\/quehacerpolitico.mx\/index.php?rest_route=%2Fwp%2Fv2%2Fcomments&post=105977"}],"version-history":[{"count":1,"href":"https:\/\/quehacerpolitico.mx\/index.php?rest_route=\/wp\/v2\/posts\/105977\/revisions"}],"predecessor-version":[{"id":105980,"href":"https:\/\/quehacerpolitico.mx\/index.php?rest_route=\/wp\/v2\/posts\/105977\/revisions\/105980"}],"wp:featuredmedia":[{"embeddable":true,"href":"https:\/\/quehacerpolitico.mx\/index.php?rest_route=\/wp\/v2\/media\/105978"}],"wp:attachment":[{"href":"https:\/\/quehacerpolitico.mx\/index.php?rest_route=%2Fwp%2Fv2%2Fmedia&parent=105977"}],"wp:term":[{"taxonomy":"category","embeddable":true,"href":"https:\/\/quehacerpolitico.mx\/index.php?rest_route=%2Fwp%2Fv2%2Fcategories&post=105977"},{"taxonomy":"post_tag","embeddable":true,"href":"https:\/\/quehacerpolitico.mx\/index.php?rest_route=%2Fwp%2Fv2%2Ftags&post=105977"}],"curies":[{"name":"wp","href":"https:\/\/api.w.org\/{rel}","templated":true}]}}