{"id":105974,"date":"2023-10-26T18:56:02","date_gmt":"2023-10-26T18:56:02","guid":{"rendered":"https:\/\/quehacerpolitico.mx\/?p=105974"},"modified":"2023-10-26T18:56:06","modified_gmt":"2023-10-26T18:56:06","slug":"ine-implementara-el-protocolo-para-reimpresion-de-credenciales-para-votar-en-caso-de-desastres-por-otis","status":"publish","type":"post","link":"https:\/\/quehacerpolitico.mx\/?p=105974","title":{"rendered":"INE implementar\u00e1 el protocolo para reimpresi\u00f3n de\u00a0credenciales para votar\u00a0en caso de desastres por Otis"},"content":{"rendered":"\n<p>Por Redacci\u00f3n QP<\/p>\n\n\n\n<p>La reimpresi\u00f3n de credenciales fue anunciada por la consejera presidenta del INE, Guadalupe Taddei, al inicio de la Sesi\u00f3n Ordinaria de hoy<\/p>\n\n\n\n<p>El\u00a0Instituto Nacional Electoral\u00a0(<strong>INE<\/strong>) implementar\u00e1 el protocolo para reimpresi\u00f3n de<strong>\u00a0credenciales para votar<\/strong>\u00a0en caso de desastres, esto en apoyo a los ciudadanos de\u00a0<strong>Guerrero<\/strong>\u00a0que perdieron dicho documento oficial tras la\u00a0<strong>devastaci\u00f3n<\/strong> ocasionada por el<strong>\u00a0hurac\u00e1n Otis<\/strong>.<\/p>\n\n\n\n<p>La reimpresi\u00f3n de credenciales fue anunciada esta ma\u00f1ana por la consejera presidenta del INE,\u00a0<strong>Guadalupe Taddei<\/strong>, al inicio de la Sesi\u00f3n Ordinaria General de este jueves.<\/p>\n\n\n\n<p>He solicitado al titular de la Direcci\u00f3n Ejecutiva del Registro Federal de Electores que implementen el protocolo de acciones para la reimpresi\u00f3n de la credencial para votar en caso de emergencias y\/o desastres\u201d, dijo.<\/p>\n\n\n\n<p>\u201cEste acuerdo aprobado por la Comisi\u00f3n Nacional de Vigilancia del Registro Federal de Electores, el 11 de octubre de 2018, facilita la recuperaci\u00f3n inmediata de la Credencial para Votar con Fotograf\u00eda, excepcionalmente con la huella digital\u201d, puntualiz\u00f3.<\/p>\n\n\n\n<p>Taddei Zavala envi\u00f3 un menaje de solidaridad a todos los afectados por el cicl\u00f3n Otis en Guerrero.<\/p>\n\n\n\n<p>\u201cA todas las personas envueltas en esta situaci\u00f3n les enviamos desde este pleno un c\u00e1lido mensaje de solidaridad y de empat\u00eda\u201d, subray\u00f3.<\/p>\n\n\n\n<p>\u201cEstas emergencias a las que todos estamos expuestos por nuestra condici\u00f3n humana, nos ponen a prueba en lo individual, como sociedad y en nuestro caso, tambi\u00e9n se ponen a prueba las capacidades institucionales que tengamos para hacerles frente; es importante que nuestro personal garantice su integridad personal de forma previa a continuar con las tareas que paralelamente se encuentran programadas y en desarrollo en todo el pa\u00eds\u201d, manifest\u00f3.<\/p>\n\n\n\n<figure class=\"wp-block-embed is-type-video is-provider-youtube wp-block-embed-youtube wp-embed-aspect-16-9 wp-has-aspect-ratio\"><div class=\"wp-block-embed__wrapper\">\n<iframe loading=\"lazy\" title=\"Sesi\u00f3n Ordinaria del Consejo General del Instituto Nacional Electoral\" width=\"640\" height=\"360\" src=\"https:\/\/www.youtube.com\/embed\/tREdo4TeT4M?feature=oembed\" frameborder=\"0\" allow=\"accelerometer; autoplay; clipboard-write; encrypted-media; gyroscope; picture-in-picture; web-share\" referrerpolicy=\"strict-origin-when-cross-origin\" allowfullscreen><\/iframe>\n<\/div><\/figure>\n\n\n\n<p>El Gobierno mexicano report\u00f3 este jueves al menos 27 muertos y cuatro desaparecidos por el hurac\u00e1n Otis, que toc\u00f3 tierra el mi\u00e9rcoles como categor\u00eda 5 en el estado de Guerrero, por lo que es uno de los ciclones m\u00e1s potentes en la historia del Pac\u00edfico.<\/p>\n\n\n\n<p>Este es el primer reporte de v\u00edctimas despu\u00e9s de que la zona afectada por el hurac\u00e1n, la Costa Sur de Guerrero, quedara incomunicada por cerca de 24 horas tras el impacto de Otis, que en menos de 24 horas pas\u00f3 de ser tormenta tropical a hurac\u00e1n categor\u00eda 5, una intensificaci\u00f3n hist\u00f3rica.<\/p>\n","protected":false},"excerpt":{"rendered":"<p>Por Redacci\u00f3n QP La reimpresi\u00f3n de credenciales fue anunciada por la consejera presidenta del INE,&#8230;<\/p>\n","protected":false},"author":2,"featured_media":105975,"comment_status":"open","ping_status":"open","sticky":false,"template":"","format":"standard","meta":{"_monsterinsights_skip_tracking":false,"_monsterinsights_sitenote_active":false,"_monsterinsights_sitenote_note":"","_monsterinsights_sitenote_category":0,"footnotes":""},"categories":[2],"tags":[],"class_list":["post-105974","post","type-post","status-publish","format-standard","has-post-thumbnail","hentry","category-noticias"],"yoast_head":"<!-- This site is optimized with the Yoast SEO plugin v27.3 - https:\/\/yoast.com\/product\/yoast-seo-wordpress\/ -->\n<title>INE implementar\u00e1 el protocolo para reimpresi\u00f3n de\u00a0credenciales para votar\u00a0en caso de desastres por Otis -<\/title>\n<meta name=\"robots\" content=\"index, follow, max-snippet:-1, max-image-preview:large, max-video-preview:-1\" \/>\n<link rel=\"canonical\" href=\"https:\/\/quehacerpolitico.mx\/?p=105974\" \/>\n<meta property=\"og:locale\" content=\"es_MX\" \/>\n<meta property=\"og:type\" content=\"article\" \/>\n<meta property=\"og:title\" content=\"INE implementar\u00e1 el protocolo para reimpresi\u00f3n de\u00a0credenciales para votar\u00a0en caso de desastres por Otis -\" \/>\n<meta property=\"og:description\" content=\"Por Redacci\u00f3n QP La reimpresi\u00f3n de credenciales fue anunciada por la consejera presidenta del INE,...\" \/>\n<meta property=\"og:url\" content=\"https:\/\/quehacerpolitico.mx\/?p=105974\" \/>\n<meta property=\"article:published_time\" content=\"2023-10-26T18:56:02+00:00\" \/>\n<meta property=\"article:modified_time\" content=\"2023-10-26T18:56:06+00:00\" \/>\n<meta property=\"og:image\" content=\"https:\/\/quehacerpolitico.mx\/wp-content\/uploads\/2023\/10\/IMG_1639.jpeg\" \/>\n\t<meta property=\"og:image:width\" content=\"500\" \/>\n\t<meta property=\"og:image:height\" content=\"281\" \/>\n\t<meta property=\"og:image:type\" content=\"image\/jpeg\" \/>\n<meta name=\"author\" content=\"Redacci\u00f3n QP\" \/>\n<meta name=\"twitter:card\" content=\"summary_large_image\" \/>\n<meta name=\"twitter:label1\" content=\"Escrito por\" \/>\n\t<meta name=\"twitter:data1\" content=\"Redacci\u00f3n QP\" \/>\n\t<meta name=\"twitter:label2\" content=\"Tiempo de lectura\" \/>\n\t<meta name=\"twitter:data2\" content=\"2 minutos\" \/>\n<script type=\"application\/ld+json\" class=\"yoast-schema-graph\">{\"@context\":\"https:\\\/\\\/schema.org\",\"@graph\":[{\"@type\":\"Article\",\"@id\":\"https:\\\/\\\/quehacerpolitico.mx\\\/?p=105974#article\",\"isPartOf\":{\"@id\":\"https:\\\/\\\/quehacerpolitico.mx\\\/?p=105974\"},\"author\":{\"name\":\"Redacci\u00f3n QP\",\"@id\":\"https:\\\/\\\/quehacerpolitico.mx\\\/#\\\/schema\\\/person\\\/496d8ad2d1d3f8036101dca7ee39e585\"},\"headline\":\"INE implementar\u00e1 el protocolo para reimpresi\u00f3n de\u00a0credenciales para votar\u00a0en caso de desastres por Otis\",\"datePublished\":\"2023-10-26T18:56:02+00:00\",\"dateModified\":\"2023-10-26T18:56:06+00:00\",\"mainEntityOfPage\":{\"@id\":\"https:\\\/\\\/quehacerpolitico.mx\\\/?p=105974\"},\"wordCount\":421,\"commentCount\":0,\"image\":{\"@id\":\"https:\\\/\\\/quehacerpolitico.mx\\\/?p=105974#primaryimage\"},\"thumbnailUrl\":\"https:\\\/\\\/quehacerpolitico.mx\\\/wp-content\\\/uploads\\\/2023\\\/10\\\/IMG_1639.jpeg\",\"articleSection\":[\"Noticias\"],\"inLanguage\":\"es\",\"potentialAction\":[{\"@type\":\"CommentAction\",\"name\":\"Comment\",\"target\":[\"https:\\\/\\\/quehacerpolitico.mx\\\/?p=105974#respond\"]}]},{\"@type\":\"WebPage\",\"@id\":\"https:\\\/\\\/quehacerpolitico.mx\\\/?p=105974\",\"url\":\"https:\\\/\\\/quehacerpolitico.mx\\\/?p=105974\",\"name\":\"INE implementar\u00e1 el protocolo para reimpresi\u00f3n de\u00a0credenciales para votar\u00a0en caso de desastres por Otis -\",\"isPartOf\":{\"@id\":\"https:\\\/\\\/quehacerpolitico.mx\\\/#website\"},\"primaryImageOfPage\":{\"@id\":\"https:\\\/\\\/quehacerpolitico.mx\\\/?p=105974#primaryimage\"},\"image\":{\"@id\":\"https:\\\/\\\/quehacerpolitico.mx\\\/?p=105974#primaryimage\"},\"thumbnailUrl\":\"https:\\\/\\\/quehacerpolitico.mx\\\/wp-content\\\/uploads\\\/2023\\\/10\\\/IMG_1639.jpeg\",\"datePublished\":\"2023-10-26T18:56:02+00:00\",\"dateModified\":\"2023-10-26T18:56:06+00:00\",\"author\":{\"@id\":\"https:\\\/\\\/quehacerpolitico.mx\\\/#\\\/schema\\\/person\\\/496d8ad2d1d3f8036101dca7ee39e585\"},\"breadcrumb\":{\"@id\":\"https:\\\/\\\/quehacerpolitico.mx\\\/?p=105974#breadcrumb\"},\"inLanguage\":\"es\",\"potentialAction\":[{\"@type\":\"ReadAction\",\"target\":[\"https:\\\/\\\/quehacerpolitico.mx\\\/?p=105974\"]}]},{\"@type\":\"ImageObject\",\"inLanguage\":\"es\",\"@id\":\"https:\\\/\\\/quehacerpolitico.mx\\\/?p=105974#primaryimage\",\"url\":\"https:\\\/\\\/quehacerpolitico.mx\\\/wp-content\\\/uploads\\\/2023\\\/10\\\/IMG_1639.jpeg\",\"contentUrl\":\"https:\\\/\\\/quehacerpolitico.mx\\\/wp-content\\\/uploads\\\/2023\\\/10\\\/IMG_1639.jpeg\",\"width\":500,\"height\":281},{\"@type\":\"BreadcrumbList\",\"@id\":\"https:\\\/\\\/quehacerpolitico.mx\\\/?p=105974#breadcrumb\",\"itemListElement\":[{\"@type\":\"ListItem\",\"position\":1,\"name\":\"Inicio\",\"item\":\"https:\\\/\\\/quehacerpolitico.mx\\\/\"},{\"@type\":\"ListItem\",\"position\":2,\"name\":\"INE implementar\u00e1 el protocolo para reimpresi\u00f3n de\u00a0credenciales para votar\u00a0en caso de desastres por Otis\"}]},{\"@type\":\"WebSite\",\"@id\":\"https:\\\/\\\/quehacerpolitico.mx\\\/#website\",\"url\":\"https:\\\/\\\/quehacerpolitico.mx\\\/\",\"name\":\"\",\"description\":\"\",\"potentialAction\":[{\"@type\":\"SearchAction\",\"target\":{\"@type\":\"EntryPoint\",\"urlTemplate\":\"https:\\\/\\\/quehacerpolitico.mx\\\/?s={search_term_string}\"},\"query-input\":{\"@type\":\"PropertyValueSpecification\",\"valueRequired\":true,\"valueName\":\"search_term_string\"}}],\"inLanguage\":\"es\"},{\"@type\":\"Person\",\"@id\":\"https:\\\/\\\/quehacerpolitico.mx\\\/#\\\/schema\\\/person\\\/496d8ad2d1d3f8036101dca7ee39e585\",\"name\":\"Redacci\u00f3n QP\",\"image\":{\"@type\":\"ImageObject\",\"inLanguage\":\"es\",\"@id\":\"https:\\\/\\\/secure.gravatar.com\\\/avatar\\\/c7164ed6fdec453195284ad24a5ae5b6e1eed2b848477fa2a4787ba9adf39a41?s=96&d=mm&r=g\",\"url\":\"https:\\\/\\\/secure.gravatar.com\\\/avatar\\\/c7164ed6fdec453195284ad24a5ae5b6e1eed2b848477fa2a4787ba9adf39a41?s=96&d=mm&r=g\",\"contentUrl\":\"https:\\\/\\\/secure.gravatar.com\\\/avatar\\\/c7164ed6fdec453195284ad24a5ae5b6e1eed2b848477fa2a4787ba9adf39a41?s=96&d=mm&r=g\",\"caption\":\"Redacci\u00f3n QP\"},\"url\":\"https:\\\/\\\/quehacerpolitico.mx\\\/?author=2\"}]}<\/script>\n<!-- \/ Yoast SEO plugin. -->","yoast_head_json":{"title":"INE implementar\u00e1 el protocolo para reimpresi\u00f3n de\u00a0credenciales para votar\u00a0en caso de desastres por Otis -","robots":{"index":"index","follow":"follow","max-snippet":"max-snippet:-1","max-image-preview":"max-image-preview:large","max-video-preview":"max-video-preview:-1"},"canonical":"https:\/\/quehacerpolitico.mx\/?p=105974","og_locale":"es_MX","og_type":"article","og_title":"INE implementar\u00e1 el protocolo para reimpresi\u00f3n de\u00a0credenciales para votar\u00a0en caso de desastres por Otis -","og_description":"Por Redacci\u00f3n QP La reimpresi\u00f3n de credenciales fue anunciada por la consejera presidenta del INE,...","og_url":"https:\/\/quehacerpolitico.mx\/?p=105974","article_published_time":"2023-10-26T18:56:02+00:00","article_modified_time":"2023-10-26T18:56:06+00:00","og_image":[{"width":500,"height":281,"url":"https:\/\/quehacerpolitico.mx\/wp-content\/uploads\/2023\/10\/IMG_1639.jpeg","type":"image\/jpeg"}],"author":"Redacci\u00f3n QP","twitter_card":"summary_large_image","twitter_misc":{"Escrito por":"Redacci\u00f3n QP","Tiempo de lectura":"2 minutos"},"schema":{"@context":"https:\/\/schema.org","@graph":[{"@type":"Article","@id":"https:\/\/quehacerpolitico.mx\/?p=105974#article","isPartOf":{"@id":"https:\/\/quehacerpolitico.mx\/?p=105974"},"author":{"name":"Redacci\u00f3n QP","@id":"https:\/\/quehacerpolitico.mx\/#\/schema\/person\/496d8ad2d1d3f8036101dca7ee39e585"},"headline":"INE implementar\u00e1 el protocolo para reimpresi\u00f3n de\u00a0credenciales para votar\u00a0en caso de desastres por Otis","datePublished":"2023-10-26T18:56:02+00:00","dateModified":"2023-10-26T18:56:06+00:00","mainEntityOfPage":{"@id":"https:\/\/quehacerpolitico.mx\/?p=105974"},"wordCount":421,"commentCount":0,"image":{"@id":"https:\/\/quehacerpolitico.mx\/?p=105974#primaryimage"},"thumbnailUrl":"https:\/\/quehacerpolitico.mx\/wp-content\/uploads\/2023\/10\/IMG_1639.jpeg","articleSection":["Noticias"],"inLanguage":"es","potentialAction":[{"@type":"CommentAction","name":"Comment","target":["https:\/\/quehacerpolitico.mx\/?p=105974#respond"]}]},{"@type":"WebPage","@id":"https:\/\/quehacerpolitico.mx\/?p=105974","url":"https:\/\/quehacerpolitico.mx\/?p=105974","name":"INE implementar\u00e1 el protocolo para reimpresi\u00f3n de\u00a0credenciales para votar\u00a0en caso de desastres por Otis -","isPartOf":{"@id":"https:\/\/quehacerpolitico.mx\/#website"},"primaryImageOfPage":{"@id":"https:\/\/quehacerpolitico.mx\/?p=105974#primaryimage"},"image":{"@id":"https:\/\/quehacerpolitico.mx\/?p=105974#primaryimage"},"thumbnailUrl":"https:\/\/quehacerpolitico.mx\/wp-content\/uploads\/2023\/10\/IMG_1639.jpeg","datePublished":"2023-10-26T18:56:02+00:00","dateModified":"2023-10-26T18:56:06+00:00","author":{"@id":"https:\/\/quehacerpolitico.mx\/#\/schema\/person\/496d8ad2d1d3f8036101dca7ee39e585"},"breadcrumb":{"@id":"https:\/\/quehacerpolitico.mx\/?p=105974#breadcrumb"},"inLanguage":"es","potentialAction":[{"@type":"ReadAction","target":["https:\/\/quehacerpolitico.mx\/?p=105974"]}]},{"@type":"ImageObject","inLanguage":"es","@id":"https:\/\/quehacerpolitico.mx\/?p=105974#primaryimage","url":"https:\/\/quehacerpolitico.mx\/wp-content\/uploads\/2023\/10\/IMG_1639.jpeg","contentUrl":"https:\/\/quehacerpolitico.mx\/wp-content\/uploads\/2023\/10\/IMG_1639.jpeg","width":500,"height":281},{"@type":"BreadcrumbList","@id":"https:\/\/quehacerpolitico.mx\/?p=105974#breadcrumb","itemListElement":[{"@type":"ListItem","position":1,"name":"Inicio","item":"https:\/\/quehacerpolitico.mx\/"},{"@type":"ListItem","position":2,"name":"INE implementar\u00e1 el protocolo para reimpresi\u00f3n de\u00a0credenciales para votar\u00a0en caso de desastres por Otis"}]},{"@type":"WebSite","@id":"https:\/\/quehacerpolitico.mx\/#website","url":"https:\/\/quehacerpolitico.mx\/","name":"","description":"","potentialAction":[{"@type":"SearchAction","target":{"@type":"EntryPoint","urlTemplate":"https:\/\/quehacerpolitico.mx\/?s={search_term_string}"},"query-input":{"@type":"PropertyValueSpecification","valueRequired":true,"valueName":"search_term_string"}}],"inLanguage":"es"},{"@type":"Person","@id":"https:\/\/quehacerpolitico.mx\/#\/schema\/person\/496d8ad2d1d3f8036101dca7ee39e585","name":"Redacci\u00f3n QP","image":{"@type":"ImageObject","inLanguage":"es","@id":"https:\/\/secure.gravatar.com\/avatar\/c7164ed6fdec453195284ad24a5ae5b6e1eed2b848477fa2a4787ba9adf39a41?s=96&d=mm&r=g","url":"https:\/\/secure.gravatar.com\/avatar\/c7164ed6fdec453195284ad24a5ae5b6e1eed2b848477fa2a4787ba9adf39a41?s=96&d=mm&r=g","contentUrl":"https:\/\/secure.gravatar.com\/avatar\/c7164ed6fdec453195284ad24a5ae5b6e1eed2b848477fa2a4787ba9adf39a41?s=96&d=mm&r=g","caption":"Redacci\u00f3n QP"},"url":"https:\/\/quehacerpolitico.mx\/?author=2"}]}},"featured_image_urls":{"full":["https:\/\/quehacerpolitico.mx\/wp-content\/uploads\/2023\/10\/IMG_1639.jpeg",500,281,false],"thumbnail":["https:\/\/quehacerpolitico.mx\/wp-content\/uploads\/2023\/10\/IMG_1639-150x150.jpeg",150,150,true],"medium":["https:\/\/quehacerpolitico.mx\/wp-content\/uploads\/2023\/10\/IMG_1639-300x169.jpeg",300,169,true],"medium_large":["https:\/\/quehacerpolitico.mx\/wp-content\/uploads\/2023\/10\/IMG_1639.jpeg",500,281,false],"large":["https:\/\/quehacerpolitico.mx\/wp-content\/uploads\/2023\/10\/IMG_1639.jpeg",500,281,false],"1536x1536":["https:\/\/quehacerpolitico.mx\/wp-content\/uploads\/2023\/10\/IMG_1639.jpeg",500,281,false],"2048x2048":["https:\/\/quehacerpolitico.mx\/wp-content\/uploads\/2023\/10\/IMG_1639.jpeg",500,281,false],"covernews-featured":["https:\/\/quehacerpolitico.mx\/wp-content\/uploads\/2023\/10\/IMG_1639.jpeg",500,281,false],"covernews-medium":["https:\/\/quehacerpolitico.mx\/wp-content\/uploads\/2023\/10\/IMG_1639.jpeg",500,281,false]},"author_info":{"display_name":"Redacci\u00f3n QP","author_link":"https:\/\/quehacerpolitico.mx\/?author=2"},"category_info":"<a href=\"https:\/\/quehacerpolitico.mx\/?cat=2\" rel=\"category\">Noticias<\/a>","tag_info":"Noticias","comment_count":"0","_links":{"self":[{"href":"https:\/\/quehacerpolitico.mx\/index.php?rest_route=\/wp\/v2\/posts\/105974","targetHints":{"allow":["GET"]}}],"collection":[{"href":"https:\/\/quehacerpolitico.mx\/index.php?rest_route=\/wp\/v2\/posts"}],"about":[{"href":"https:\/\/quehacerpolitico.mx\/index.php?rest_route=\/wp\/v2\/types\/post"}],"author":[{"embeddable":true,"href":"https:\/\/quehacerpolitico.mx\/index.php?rest_route=\/wp\/v2\/users\/2"}],"replies":[{"embeddable":true,"href":"https:\/\/quehacerpolitico.mx\/index.php?rest_route=%2Fwp%2Fv2%2Fcomments&post=105974"}],"version-history":[{"count":1,"href":"https:\/\/quehacerpolitico.mx\/index.php?rest_route=\/wp\/v2\/posts\/105974\/revisions"}],"predecessor-version":[{"id":105976,"href":"https:\/\/quehacerpolitico.mx\/index.php?rest_route=\/wp\/v2\/posts\/105974\/revisions\/105976"}],"wp:featuredmedia":[{"embeddable":true,"href":"https:\/\/quehacerpolitico.mx\/index.php?rest_route=\/wp\/v2\/media\/105975"}],"wp:attachment":[{"href":"https:\/\/quehacerpolitico.mx\/index.php?rest_route=%2Fwp%2Fv2%2Fmedia&parent=105974"}],"wp:term":[{"taxonomy":"category","embeddable":true,"href":"https:\/\/quehacerpolitico.mx\/index.php?rest_route=%2Fwp%2Fv2%2Fcategories&post=105974"},{"taxonomy":"post_tag","embeddable":true,"href":"https:\/\/quehacerpolitico.mx\/index.php?rest_route=%2Fwp%2Fv2%2Ftags&post=105974"}],"curies":[{"name":"wp","href":"https:\/\/api.w.org\/{rel}","templated":true}]}}